{"id":6029,"date":"2014-04-03T00:00:01","date_gmt":"2014-04-03T00:00:01","guid":{"rendered":"https:\/\/proagrolab.com.ar\/los-tamberos-se-reuniran-con-de-la-sota\/"},"modified":"2020-07-02T12:31:07","modified_gmt":"2020-07-02T12:31:07","slug":"los-tamberos-se-reuniran-con-de-la-sota","status":"publish","type":"post","link":"https:\/\/proagrolab.com.ar\/en\/los-tamberos-se-reuniran-con-de-la-sota\/","title":{"rendered":"Los tamberos se reunir\u00e1n con De la Sota."},"content":{"rendered":"<p class=\"qtranxs-available-languages-message qtranxs-available-languages-message-en\"> <\/p><p>Encuentro. Los tamberos agrupados en la Mesa Nacional de Productores de Leche ser\u00e1n recibidos hoy por el gobernador de C\u00f3rdoba, Jos\u00e9 Manuel de la Sota . <\/p>\n<p>Hace unas semanas, los productores, que reclaman una recomposici\u00f3n de precios para su materia prima porque denuncian que no cubren los costos que implica la producci\u00f3n de un litro de leche, definieron en un encuentro pedirles audiencia a los gobernadores de las principales provincias lecheras. Entre ellas se encuentran C\u00f3rdoba, Santa Fe, Buenos Aires y Entre R\u00edos. &#8220;Le vamos a presentar nuestra situaci\u00f3n. De la Sota es el primero en responder a nuestro pedido&#8221;, se\u00f1al\u00f3 Carlos Brave, coordinador de la Mesa Nacional de Productores de Leche. <\/p>\n<p>Por otra parte, a las 20, en la localidad cordobesa de Villa Mar\u00eda, habr\u00e1 una asamblea de productores para abordar los problemas que enfrenta por estos d\u00edas el sector.<\/p>\n<p>Fuente: La Naci\u00f3n, 3 de abril.<br \/><\/p>","protected":false},"excerpt":{"rendered":"<p>Encuentro. Los tamberos agrupados en la Mesa Nacional de Productores de Leche ser\u00e1n recibidos hoy por el gobernador de C\u00f3rdoba, Jos\u00e9 Manuel de la Sota . Hace unas semanas, los productores, que reclaman una recomposici\u00f3n de precios para su materia prima porque denuncian que no cubren los costos que implica la producci\u00f3n de un litro de leche, definieron en un encuentro pedirles audiencia a los gobernadores de las principales provincias lecheras. Entre ellas se encuentran C\u00f3rdoba, Santa Fe, Buenos Aires y Entre R\u00edos. &#8220;Le vamos a presentar nuestra situaci\u00f3n. De la Sota es el primero en responder a nuestro pedido&#8221;, se\u00f1al\u00f3 Carlos Brave, coordinador de la Mesa Nacional de Productores de Leche. Por otra parte, a las 20, en la localidad cordobesa de Villa Mar\u00eda, habr\u00e1 una asamblea de productores para abordar los problemas que enfrenta por estos d\u00edas el sector. Fuente: La Naci\u00f3n, 3 de abril.<\/p>\n","protected":false},"author":2,"featured_media":2516,"comment_status":"closed","ping_status":"open","sticky":false,"template":"","format":"standard","meta":{"_acf_changed":false,"footnotes":""},"categories":[56],"tags":[],"class_list":["post-6029","post","type-post","status-publish","format-standard","has-post-thumbnail","hentry","category-infoganadero"],"acf":[],"yoast_head":"<!-- This site is optimized with the Yoast SEO plugin v27.4 - https:\/\/yoast.com\/product\/yoast-seo-wordpress\/ -->\n<title>Los tamberos se reunir\u00e1n con De la Sota. | Proagro<\/title>\n<meta name=\"robots\" content=\"index, follow, max-snippet:-1, max-image-preview:large, max-video-preview:-1\" \/>\n<link rel=\"canonical\" href=\"https:\/\/proagrolab.com.ar\/en\/los-tamberos-se-reuniran-con-de-la-sota\/\" \/>\n<meta property=\"og:locale\" content=\"en_US\" \/>\n<meta property=\"og:type\" content=\"article\" \/>\n<meta property=\"og:title\" content=\"Los tamberos se reunir\u00e1n con De la Sota. | Proagro\" \/>\n<meta property=\"og:description\" content=\"Encuentro. Los tamberos agrupados en la Mesa Nacional de Productores de Leche ser\u00e1n recibidos hoy por el gobernador de C\u00f3rdoba, Jos\u00e9 Manuel de la Sota . Hace unas semanas, los productores, que reclaman una recomposici\u00f3n de precios para su materia prima porque denuncian que no cubren los costos que implica la producci\u00f3n de un litro de leche, definieron en un encuentro pedirles audiencia a los gobernadores de las principales provincias lecheras. Entre ellas se encuentran C\u00f3rdoba, Santa Fe, Buenos Aires y Entre R\u00edos. &#8220;Le vamos a presentar nuestra situaci\u00f3n. De la Sota es el primero en responder a nuestro pedido&#8221;, se\u00f1al\u00f3 Carlos Brave, coordinador de la Mesa Nacional de Productores de Leche. Por otra parte, a las 20, en la localidad cordobesa de Villa Mar\u00eda, habr\u00e1 una asamblea de productores para abordar los problemas que enfrenta por estos d\u00edas el sector. Fuente: La Naci\u00f3n, 3 de abril.\" \/>\n<meta property=\"og:url\" content=\"https:\/\/proagrolab.com.ar\/los-tamberos-se-reuniran-con-de-la-sota\/\" \/>\n<meta property=\"og:site_name\" content=\"Proagro\" \/>\n<meta property=\"article:publisher\" content=\"http:\/\/www.facebook.com\/proagrolab\" \/>\n<meta property=\"article:published_time\" content=\"2014-04-03T00:00:01+00:00\" \/>\n<meta property=\"article:modified_time\" content=\"2020-07-02T12:31:07+00:00\" \/>\n<meta property=\"og:image\" content=\"https:\/\/proagrolab.com.ar\/wp-content\/uploads\/2015\/01\/g_vwtzu33hb__Lecheras-8.jpg\" \/>\n\t<meta property=\"og:image:width\" content=\"450\" \/>\n\t<meta property=\"og:image:height\" content=\"208\" \/>\n\t<meta property=\"og:image:type\" content=\"image\/jpeg\" \/>\n<meta name=\"author\" content=\"proagrolab\" \/>\n<meta name=\"twitter:card\" content=\"summary_large_image\" \/>\n<meta name=\"twitter:label1\" content=\"Written by\" \/>\n\t<meta name=\"twitter:data1\" content=\"proagrolab\" \/>\n\t<meta name=\"twitter:label2\" content=\"Est. reading time\" \/>\n\t<meta name=\"twitter:data2\" content=\"1 minute\" \/>\n<script type=\"application\/ld+json\" class=\"yoast-schema-graph\">{\"@context\":\"https:\\\/\\\/schema.org\",\"@graph\":[{\"@type\":\"Article\",\"@id\":\"https:\\\/\\\/proagrolab.com.ar\\\/los-tamberos-se-reuniran-con-de-la-sota\\\/#article\",\"isPartOf\":{\"@id\":\"https:\\\/\\\/proagrolab.com.ar\\\/los-tamberos-se-reuniran-con-de-la-sota\\\/\"},\"author\":{\"name\":\"proagrolab\",\"@id\":\"https:\\\/\\\/proagrolab.com.ar\\\/#\\\/schema\\\/person\\\/38003ff90bf80381f71c7d922d207444\"},\"headline\":\"Los tamberos se reunir\u00e1n con De la Sota.\",\"datePublished\":\"2014-04-03T00:00:01+00:00\",\"dateModified\":\"2020-07-02T12:31:07+00:00\",\"mainEntityOfPage\":{\"@id\":\"https:\\\/\\\/proagrolab.com.ar\\\/los-tamberos-se-reuniran-con-de-la-sota\\\/\"},\"wordCount\":164,\"publisher\":{\"@id\":\"https:\\\/\\\/proagrolab.com.ar\\\/#organization\"},\"image\":{\"@id\":\"https:\\\/\\\/proagrolab.com.ar\\\/los-tamberos-se-reuniran-con-de-la-sota\\\/#primaryimage\"},\"thumbnailUrl\":\"https:\\\/\\\/proagrolab.com.ar\\\/wp-content\\\/uploads\\\/2015\\\/01\\\/g_vwtzu33hb__Lecheras-8.jpg\",\"articleSection\":[\"News\"],\"inLanguage\":\"en-US\"},{\"@type\":\"WebPage\",\"@id\":\"https:\\\/\\\/proagrolab.com.ar\\\/los-tamberos-se-reuniran-con-de-la-sota\\\/\",\"url\":\"https:\\\/\\\/proagrolab.com.ar\\\/los-tamberos-se-reuniran-con-de-la-sota\\\/\",\"name\":\"Los tamberos se reunir\u00e1n con De la Sota. | Proagro\",\"isPartOf\":{\"@id\":\"https:\\\/\\\/proagrolab.com.ar\\\/#website\"},\"primaryImageOfPage\":{\"@id\":\"https:\\\/\\\/proagrolab.com.ar\\\/los-tamberos-se-reuniran-con-de-la-sota\\\/#primaryimage\"},\"image\":{\"@id\":\"https:\\\/\\\/proagrolab.com.ar\\\/los-tamberos-se-reuniran-con-de-la-sota\\\/#primaryimage\"},\"thumbnailUrl\":\"https:\\\/\\\/proagrolab.com.ar\\\/wp-content\\\/uploads\\\/2015\\\/01\\\/g_vwtzu33hb__Lecheras-8.jpg\",\"datePublished\":\"2014-04-03T00:00:01+00:00\",\"dateModified\":\"2020-07-02T12:31:07+00:00\",\"breadcrumb\":{\"@id\":\"https:\\\/\\\/proagrolab.com.ar\\\/los-tamberos-se-reuniran-con-de-la-sota\\\/#breadcrumb\"},\"inLanguage\":\"en-US\",\"potentialAction\":[{\"@type\":\"ReadAction\",\"target\":[\"https:\\\/\\\/proagrolab.com.ar\\\/los-tamberos-se-reuniran-con-de-la-sota\\\/\"]}]},{\"@type\":\"ImageObject\",\"inLanguage\":\"en-US\",\"@id\":\"https:\\\/\\\/proagrolab.com.ar\\\/los-tamberos-se-reuniran-con-de-la-sota\\\/#primaryimage\",\"url\":\"https:\\\/\\\/proagrolab.com.ar\\\/wp-content\\\/uploads\\\/2015\\\/01\\\/g_vwtzu33hb__Lecheras-8.jpg\",\"contentUrl\":\"https:\\\/\\\/proagrolab.com.ar\\\/wp-content\\\/uploads\\\/2015\\\/01\\\/g_vwtzu33hb__Lecheras-8.jpg\",\"width\":450,\"height\":208},{\"@type\":\"BreadcrumbList\",\"@id\":\"https:\\\/\\\/proagrolab.com.ar\\\/los-tamberos-se-reuniran-con-de-la-sota\\\/#breadcrumb\",\"itemListElement\":[{\"@type\":\"ListItem\",\"position\":1,\"name\":\"Portada\",\"item\":\"https:\\\/\\\/proagrolab.com.ar\\\/\"},{\"@type\":\"ListItem\",\"position\":2,\"name\":\"Los tamberos se reunir\u00e1n con De la Sota.\"}]},{\"@type\":\"WebSite\",\"@id\":\"https:\\\/\\\/proagrolab.com.ar\\\/#website\",\"url\":\"https:\\\/\\\/proagrolab.com.ar\\\/\",\"name\":\"Proagro Laboratorio Veterinario\",\"description\":\"Veterinary laboratory\",\"publisher\":{\"@id\":\"https:\\\/\\\/proagrolab.com.ar\\\/#organization\"},\"potentialAction\":[{\"@type\":\"SearchAction\",\"target\":{\"@type\":\"EntryPoint\",\"urlTemplate\":\"https:\\\/\\\/proagrolab.com.ar\\\/?s={search_term_string}\"},\"query-input\":{\"@type\":\"PropertyValueSpecification\",\"valueRequired\":true,\"valueName\":\"search_term_string\"}}],\"inLanguage\":\"en-US\"},{\"@type\":\"Organization\",\"@id\":\"https:\\\/\\\/proagrolab.com.ar\\\/#organization\",\"name\":\"Proagro\",\"url\":\"https:\\\/\\\/proagrolab.com.ar\\\/\",\"logo\":{\"@type\":\"ImageObject\",\"inLanguage\":\"en-US\",\"@id\":\"https:\\\/\\\/proagrolab.com.ar\\\/#\\\/schema\\\/logo\\\/image\\\/\",\"url\":\"https:\\\/\\\/proagrolab.com.ar\\\/wp-content\\\/uploads\\\/2020\\\/04\\\/logo-retina.png\",\"contentUrl\":\"https:\\\/\\\/proagrolab.com.ar\\\/wp-content\\\/uploads\\\/2020\\\/04\\\/logo-retina.png\",\"width\":478,\"height\":120,\"caption\":\"Proagro\"},\"image\":{\"@id\":\"https:\\\/\\\/proagrolab.com.ar\\\/#\\\/schema\\\/logo\\\/image\\\/\"},\"sameAs\":[\"http:\\\/\\\/www.facebook.com\\\/proagrolab\",\"https:\\\/\\\/www.instagram.com\\\/proagrolab\\\/\",\"https:\\\/\\\/www.linkedin.com\\\/company\\\/laboratorio-proagro-s-a\\\/\"]},{\"@type\":\"Person\",\"@id\":\"https:\\\/\\\/proagrolab.com.ar\\\/#\\\/schema\\\/person\\\/38003ff90bf80381f71c7d922d207444\",\"name\":\"proagrolab\"}]}<\/script>\n<!-- \/ Yoast SEO plugin. -->","yoast_head_json":{"title":"Los tamberos se reunir\u00e1n con De la Sota. | Proagro","robots":{"index":"index","follow":"follow","max-snippet":"max-snippet:-1","max-image-preview":"max-image-preview:large","max-video-preview":"max-video-preview:-1"},"canonical":"https:\/\/proagrolab.com.ar\/en\/los-tamberos-se-reuniran-con-de-la-sota\/","og_locale":"en_US","og_type":"article","og_title":"Los tamberos se reunir\u00e1n con De la Sota. | Proagro","og_description":"Encuentro. Los tamberos agrupados en la Mesa Nacional de Productores de Leche ser\u00e1n recibidos hoy por el gobernador de C\u00f3rdoba, Jos\u00e9 Manuel de la Sota . Hace unas semanas, los productores, que reclaman una recomposici\u00f3n de precios para su materia prima porque denuncian que no cubren los costos que implica la producci\u00f3n de un litro de leche, definieron en un encuentro pedirles audiencia a los gobernadores de las principales provincias lecheras. Entre ellas se encuentran C\u00f3rdoba, Santa Fe, Buenos Aires y Entre R\u00edos. &#8220;Le vamos a presentar nuestra situaci\u00f3n. De la Sota es el primero en responder a nuestro pedido&#8221;, se\u00f1al\u00f3 Carlos Brave, coordinador de la Mesa Nacional de Productores de Leche. Por otra parte, a las 20, en la localidad cordobesa de Villa Mar\u00eda, habr\u00e1 una asamblea de productores para abordar los problemas que enfrenta por estos d\u00edas el sector. Fuente: La Naci\u00f3n, 3 de abril.","og_url":"https:\/\/proagrolab.com.ar\/los-tamberos-se-reuniran-con-de-la-sota\/","og_site_name":"Proagro","article_publisher":"http:\/\/www.facebook.com\/proagrolab","article_published_time":"2014-04-03T00:00:01+00:00","article_modified_time":"2020-07-02T12:31:07+00:00","og_image":[{"width":450,"height":208,"url":"https:\/\/proagrolab.com.ar\/wp-content\/uploads\/2015\/01\/g_vwtzu33hb__Lecheras-8.jpg","type":"image\/jpeg"}],"author":"proagrolab","twitter_card":"summary_large_image","twitter_misc":{"Written by":"proagrolab","Est. reading time":"1 minute"},"schema":{"@context":"https:\/\/schema.org","@graph":[{"@type":"Article","@id":"https:\/\/proagrolab.com.ar\/los-tamberos-se-reuniran-con-de-la-sota\/#article","isPartOf":{"@id":"https:\/\/proagrolab.com.ar\/los-tamberos-se-reuniran-con-de-la-sota\/"},"author":{"name":"proagrolab","@id":"https:\/\/proagrolab.com.ar\/#\/schema\/person\/38003ff90bf80381f71c7d922d207444"},"headline":"Los tamberos se reunir\u00e1n con De la Sota.","datePublished":"2014-04-03T00:00:01+00:00","dateModified":"2020-07-02T12:31:07+00:00","mainEntityOfPage":{"@id":"https:\/\/proagrolab.com.ar\/los-tamberos-se-reuniran-con-de-la-sota\/"},"wordCount":164,"publisher":{"@id":"https:\/\/proagrolab.com.ar\/#organization"},"image":{"@id":"https:\/\/proagrolab.com.ar\/los-tamberos-se-reuniran-con-de-la-sota\/#primaryimage"},"thumbnailUrl":"https:\/\/proagrolab.com.ar\/wp-content\/uploads\/2015\/01\/g_vwtzu33hb__Lecheras-8.jpg","articleSection":["News"],"inLanguage":"en-US"},{"@type":"WebPage","@id":"https:\/\/proagrolab.com.ar\/los-tamberos-se-reuniran-con-de-la-sota\/","url":"https:\/\/proagrolab.com.ar\/los-tamberos-se-reuniran-con-de-la-sota\/","name":"Los tamberos se reunir\u00e1n con De la Sota. | Proagro","isPartOf":{"@id":"https:\/\/proagrolab.com.ar\/#website"},"primaryImageOfPage":{"@id":"https:\/\/proagrolab.com.ar\/los-tamberos-se-reuniran-con-de-la-sota\/#primaryimage"},"image":{"@id":"https:\/\/proagrolab.com.ar\/los-tamberos-se-reuniran-con-de-la-sota\/#primaryimage"},"thumbnailUrl":"https:\/\/proagrolab.com.ar\/wp-content\/uploads\/2015\/01\/g_vwtzu33hb__Lecheras-8.jpg","datePublished":"2014-04-03T00:00:01+00:00","dateModified":"2020-07-02T12:31:07+00:00","breadcrumb":{"@id":"https:\/\/proagrolab.com.ar\/los-tamberos-se-reuniran-con-de-la-sota\/#breadcrumb"},"inLanguage":"en-US","potentialAction":[{"@type":"ReadAction","target":["https:\/\/proagrolab.com.ar\/los-tamberos-se-reuniran-con-de-la-sota\/"]}]},{"@type":"ImageObject","inLanguage":"en-US","@id":"https:\/\/proagrolab.com.ar\/los-tamberos-se-reuniran-con-de-la-sota\/#primaryimage","url":"https:\/\/proagrolab.com.ar\/wp-content\/uploads\/2015\/01\/g_vwtzu33hb__Lecheras-8.jpg","contentUrl":"https:\/\/proagrolab.com.ar\/wp-content\/uploads\/2015\/01\/g_vwtzu33hb__Lecheras-8.jpg","width":450,"height":208},{"@type":"BreadcrumbList","@id":"https:\/\/proagrolab.com.ar\/los-tamberos-se-reuniran-con-de-la-sota\/#breadcrumb","itemListElement":[{"@type":"ListItem","position":1,"name":"Portada","item":"https:\/\/proagrolab.com.ar\/"},{"@type":"ListItem","position":2,"name":"Los tamberos se reunir\u00e1n con De la Sota."}]},{"@type":"WebSite","@id":"https:\/\/proagrolab.com.ar\/#website","url":"https:\/\/proagrolab.com.ar\/","name":"Proagro Laboratorio Veterinario","description":"Veterinary laboratory","publisher":{"@id":"https:\/\/proagrolab.com.ar\/#organization"},"potentialAction":[{"@type":"SearchAction","target":{"@type":"EntryPoint","urlTemplate":"https:\/\/proagrolab.com.ar\/?s={search_term_string}"},"query-input":{"@type":"PropertyValueSpecification","valueRequired":true,"valueName":"search_term_string"}}],"inLanguage":"en-US"},{"@type":"Organization","@id":"https:\/\/proagrolab.com.ar\/#organization","name":"Proagro","url":"https:\/\/proagrolab.com.ar\/","logo":{"@type":"ImageObject","inLanguage":"en-US","@id":"https:\/\/proagrolab.com.ar\/#\/schema\/logo\/image\/","url":"https:\/\/proagrolab.com.ar\/wp-content\/uploads\/2020\/04\/logo-retina.png","contentUrl":"https:\/\/proagrolab.com.ar\/wp-content\/uploads\/2020\/04\/logo-retina.png","width":478,"height":120,"caption":"Proagro"},"image":{"@id":"https:\/\/proagrolab.com.ar\/#\/schema\/logo\/image\/"},"sameAs":["http:\/\/www.facebook.com\/proagrolab","https:\/\/www.instagram.com\/proagrolab\/","https:\/\/www.linkedin.com\/company\/laboratorio-proagro-s-a\/"]},{"@type":"Person","@id":"https:\/\/proagrolab.com.ar\/#\/schema\/person\/38003ff90bf80381f71c7d922d207444","name":"proagrolab"}]}},"_links":{"self":[{"href":"https:\/\/proagrolab.com.ar\/en\/wp-json\/wp\/v2\/posts\/6029","targetHints":{"allow":["GET"]}}],"collection":[{"href":"https:\/\/proagrolab.com.ar\/en\/wp-json\/wp\/v2\/posts"}],"about":[{"href":"https:\/\/proagrolab.com.ar\/en\/wp-json\/wp\/v2\/types\/post"}],"author":[{"embeddable":true,"href":"https:\/\/proagrolab.com.ar\/en\/wp-json\/wp\/v2\/users\/2"}],"replies":[{"embeddable":true,"href":"https:\/\/proagrolab.com.ar\/en\/wp-json\/wp\/v2\/comments?post=6029"}],"version-history":[{"count":1,"href":"https:\/\/proagrolab.com.ar\/en\/wp-json\/wp\/v2\/posts\/6029\/revisions"}],"predecessor-version":[{"id":14580,"href":"https:\/\/proagrolab.com.ar\/en\/wp-json\/wp\/v2\/posts\/6029\/revisions\/14580"}],"wp:featuredmedia":[{"embeddable":true,"href":"https:\/\/proagrolab.com.ar\/en\/wp-json\/wp\/v2\/media\/2516"}],"wp:attachment":[{"href":"https:\/\/proagrolab.com.ar\/en\/wp-json\/wp\/v2\/media?parent=6029"}],"wp:term":[{"taxonomy":"category","embeddable":true,"href":"https:\/\/proagrolab.com.ar\/en\/wp-json\/wp\/v2\/categories?post=6029"},{"taxonomy":"post_tag","embeddable":true,"href":"https:\/\/proagrolab.com.ar\/en\/wp-json\/wp\/v2\/tags?post=6029"}],"curies":[{"name":"wp","href":"https:\/\/api.w.org\/{rel}","templated":true}]}}