{"id":6026,"date":"2014-03-28T00:00:01","date_gmt":"2014-03-28T00:00:01","guid":{"rendered":"https:\/\/proagrolab.com.ar\/la-hacienda-podria-moderar-su-caida\/"},"modified":"2020-07-02T12:48:57","modified_gmt":"2020-07-02T12:48:57","slug":"la-hacienda-podria-moderar-su-caida","status":"publish","type":"post","link":"https:\/\/proagrolab.com.ar\/en\/la-hacienda-podria-moderar-su-caida\/","title":{"rendered":"La hacienda podr\u00eda moderar su ca\u00edda."},"content":{"rendered":"<p class=\"qtranxs-available-languages-message qtranxs-available-languages-message-en\"> <\/p><p>Por Ignacio Iriarte.<br \/>Los aumentos salariales y un progresivo ajuste del tipo de cambio ayudar\u00edan a disimular la baja en el valor del kilo vivo. La exportaci\u00f3n contribuir\u00eda en esa direcci\u00f3n, si el Gobierno cumple con su promesa de embarcar 20% de la producci\u00f3n.<br \/>En cinco de los \u00faltimos seis a\u00f1os el precio de la hacienda, luego de tocar los m\u00e1ximos anuales en marzo-abril, ha tendido a estancarse luego en t\u00e9rminos reales o incluso retroceder en los meses posteriores.<\/p>\n<p>A partir de julio-agosto comienza a aparecer toda la hacienda encerrada por los corrales en los meses de febrero y marzo y una oferta de gordo liviano abundante mantiene calmo el mercado.<\/p>\n<p>Podr\u00eda decirse, entonces, que lo mejor en materia de precios (reales) ya se dio, y que para los pr\u00f3ximos meses, de acuerdo con la experiencia hist\u00f3rica reciente, deber\u00eda esperarse una erosi\u00f3n inflacionaria de precios estancados en t\u00e9rminos nominales.<\/p>\n<p>Para los pr\u00f3ximos meses, se espera una inflaci\u00f3n relativamente alta, reflejo de los aumentos salariales que est\u00e1n por venir, del ajuste tarifario y de los aumentos de combustibles y energ\u00eda que se descuenta se dar\u00e1n de ac\u00e1 a mediados de a\u00f1o.<\/p>\n<p>Pero a favor debe decirse, tambi\u00e9n, que cuando el grueso de los asalariados cobren los aumentos de sueldos que hoy se est\u00e1n negociando (25-30 por ciento), eso se sentir\u00e1 positivamente en la demanda interna por carne vacuna.<\/p>\n<p>Si como muchos economistas piensan que, para mediados de a\u00f1o, se habr\u00e1 neutralizado por la inflaci\u00f3n gran parte de la mejora lograda en el tipo de cambio real por la devaluaci\u00f3n de enero, esto podr\u00eda obligar al Gobierno a nuevas devaluaciones. Esta medida reforzar\u00eda la demanda por el lado de las exportaciones de carne, por el valor del cuero y en menor medida por las achuras.<\/p>\n<p>O sea, primero el cobro efectivo de los aumentos salariales (abril-junio) y luego los \u0093deslizamientos\u0094 cambiarios podr\u00edan moderar o evitar la ca\u00edda de los precios reales de la hacienda, en un a\u00f1o que apunta a registrar una inflaci\u00f3n no menor al 30-35 por ciento.<\/p>\n<p>A partir de un nivel de precios reales razonables como los actuales, primero los aumentos salariales y luego una eventual nueva devaluaci\u00f3n podr\u00edan moderar la ca\u00edda de precios que casi siempre se da a partir de mediados de a\u00f1o.<\/p>\n<p>Desde el Ministerio de Agricultura se ha planteado hace s\u00f3lo unas semanas exportar el 20 por ciento de la producci\u00f3n y consumir el 80 restante.<\/p>\n<p>Esta medida, con una producci\u00f3n de carne de 2,90 millones de toneladas supondr\u00eda, vender al exterior unas 560 mil toneladas, contra las 160-170 mil que aparecen hoy como tendencia anual si se proyecta lo que hemos exportado en los primeros dos meses del a\u00f1o.<\/p>\n<p>Si bien el mercado internacional de la carne vacuna crece a\u00f1o a a\u00f1o (un mill\u00f3n de toneladas entre 2012 y 2014), no parecer\u00eda que en el corto plazo (o sea de ac\u00e1 a cuatro o seis meses) se vaya a resolver el problema del atraso cambiario ni el problema del faltante agudo de novillos pesados.<\/p>\n<p>En cuanto al consumo, y de acuerdo con los objetivos del Ministerio de Agricultura, habr\u00eda que reducirlo en unos 10 kilos per c\u00e1pita para generar un \u0093saldo exportable\u0094 de 400 mil toneladas adicionales con respecto al nivel actual.<\/p>\n<p>Se tratar\u00eda de pasar la ingesta per c\u00e1pita de 64 a 65 kilos, a unos 54 a 55 kilos por habitante.<\/p>\n<p>Para compensar esta reducci\u00f3n, hoy la Argentina dispone \u0096como nunca en la historia\u0096 de una oferta muy abundante de sustitutos: unos 40 kilos de pollo y entre 11 y 13 kilos de cerdo.<\/p>\n<p>Con respecto a diez a\u00f1os atr\u00e1s, la oferta de sustitutos (cerdo m\u00e1s pollo) ha crecido unos 23 kilos por habitante, logr\u00e1ndose una oferta alternativa de \u0093prote\u00ednas\u0094 muy alta; esto si se toma la decisi\u00f3n de alentar la exportaci\u00f3n de carne vacuna. <\/p>\n<p>Fuente: La Voz del Interior, 28 de marzo.<br \/><\/p>","protected":false},"excerpt":{"rendered":"<p>Por Ignacio Iriarte.Los aumentos salariales y un progresivo ajuste del tipo de cambio ayudar\u00edan a disimular la baja en el valor del kilo vivo. La exportaci\u00f3n contribuir\u00eda en esa direcci\u00f3n, si el Gobierno cumple con su promesa de embarcar 20% de la producci\u00f3n.En cinco de los \u00faltimos seis a\u00f1os el precio de la hacienda, luego de tocar los m\u00e1ximos anuales en marzo-abril, ha tendido a estancarse luego en t\u00e9rminos reales o incluso retroceder en los meses posteriores. A partir de julio-agosto comienza a aparecer toda la hacienda encerrada por los corrales en los meses de febrero y marzo y una oferta de gordo liviano abundante mantiene calmo el mercado. Podr\u00eda decirse, entonces, que lo mejor en materia de precios (reales) ya se dio, y que para los pr\u00f3ximos meses, de acuerdo con la experiencia hist\u00f3rica reciente, deber\u00eda esperarse una erosi\u00f3n inflacionaria de precios estancados en t\u00e9rminos nominales. Para los pr\u00f3ximos meses, se espera una inflaci\u00f3n relativamente alta, reflejo de los aumentos salariales que est\u00e1n por venir, del ajuste tarifario y de los aumentos de combustibles y energ\u00eda que se descuenta se dar\u00e1n de ac\u00e1 a mediados de a\u00f1o. Pero a favor debe decirse, tambi\u00e9n, que cuando el grueso de los [&hellip;]<\/p>\n","protected":false},"author":2,"featured_media":2513,"comment_status":"closed","ping_status":"open","sticky":false,"template":"","format":"standard","meta":{"_acf_changed":false,"footnotes":""},"categories":[56],"tags":[],"class_list":["post-6026","post","type-post","status-publish","format-standard","has-post-thumbnail","hentry","category-infoganadero"],"acf":[],"yoast_head":"<!-- This site is optimized with the Yoast SEO plugin v27.4 - https:\/\/yoast.com\/product\/yoast-seo-wordpress\/ -->\n<title>La hacienda podr\u00eda moderar su ca\u00edda. | Proagro<\/title>\n<meta name=\"robots\" content=\"index, follow, max-snippet:-1, max-image-preview:large, max-video-preview:-1\" \/>\n<link rel=\"canonical\" href=\"https:\/\/proagrolab.com.ar\/en\/la-hacienda-podria-moderar-su-caida\/\" \/>\n<meta property=\"og:locale\" content=\"en_US\" \/>\n<meta property=\"og:type\" content=\"article\" \/>\n<meta property=\"og:title\" content=\"La hacienda podr\u00eda moderar su ca\u00edda. | Proagro\" \/>\n<meta property=\"og:description\" content=\"Por Ignacio Iriarte.Los aumentos salariales y un progresivo ajuste del tipo de cambio ayudar\u00edan a disimular la baja en el valor del kilo vivo. La exportaci\u00f3n contribuir\u00eda en esa direcci\u00f3n, si el Gobierno cumple con su promesa de embarcar 20% de la producci\u00f3n.En cinco de los \u00faltimos seis a\u00f1os el precio de la hacienda, luego de tocar los m\u00e1ximos anuales en marzo-abril, ha tendido a estancarse luego en t\u00e9rminos reales o incluso retroceder en los meses posteriores. A partir de julio-agosto comienza a aparecer toda la hacienda encerrada por los corrales en los meses de febrero y marzo y una oferta de gordo liviano abundante mantiene calmo el mercado. Podr\u00eda decirse, entonces, que lo mejor en materia de precios (reales) ya se dio, y que para los pr\u00f3ximos meses, de acuerdo con la experiencia hist\u00f3rica reciente, deber\u00eda esperarse una erosi\u00f3n inflacionaria de precios estancados en t\u00e9rminos nominales. Para los pr\u00f3ximos meses, se espera una inflaci\u00f3n relativamente alta, reflejo de los aumentos salariales que est\u00e1n por venir, del ajuste tarifario y de los aumentos de combustibles y energ\u00eda que se descuenta se dar\u00e1n de ac\u00e1 a mediados de a\u00f1o. Pero a favor debe decirse, tambi\u00e9n, que cuando el grueso de los [&hellip;]\" \/>\n<meta property=\"og:url\" content=\"https:\/\/proagrolab.com.ar\/la-hacienda-podria-moderar-su-caida\/\" \/>\n<meta property=\"og:site_name\" content=\"Proagro\" \/>\n<meta property=\"article:publisher\" content=\"http:\/\/www.facebook.com\/proagrolab\" \/>\n<meta property=\"article:published_time\" content=\"2014-03-28T00:00:01+00:00\" \/>\n<meta property=\"article:modified_time\" content=\"2020-07-02T12:48:57+00:00\" \/>\n<meta property=\"og:image\" content=\"https:\/\/proagrolab.com.ar\/wp-content\/uploads\/2015\/01\/g_3zkt9t1di__Brangus-colorado.jpg\" \/>\n\t<meta property=\"og:image:width\" content=\"450\" \/>\n\t<meta property=\"og:image:height\" content=\"208\" \/>\n\t<meta property=\"og:image:type\" content=\"image\/jpeg\" \/>\n<meta name=\"author\" content=\"proagrolab\" \/>\n<meta name=\"twitter:card\" content=\"summary_large_image\" \/>\n<meta name=\"twitter:label1\" content=\"Written by\" \/>\n\t<meta name=\"twitter:data1\" content=\"proagrolab\" \/>\n\t<meta name=\"twitter:label2\" content=\"Est. reading time\" \/>\n\t<meta name=\"twitter:data2\" content=\"3 minutes\" \/>\n<script type=\"application\/ld+json\" class=\"yoast-schema-graph\">{\"@context\":\"https:\\\/\\\/schema.org\",\"@graph\":[{\"@type\":\"Article\",\"@id\":\"https:\\\/\\\/proagrolab.com.ar\\\/la-hacienda-podria-moderar-su-caida\\\/#article\",\"isPartOf\":{\"@id\":\"https:\\\/\\\/proagrolab.com.ar\\\/la-hacienda-podria-moderar-su-caida\\\/\"},\"author\":{\"name\":\"proagrolab\",\"@id\":\"https:\\\/\\\/proagrolab.com.ar\\\/#\\\/schema\\\/person\\\/38003ff90bf80381f71c7d922d207444\"},\"headline\":\"La hacienda podr\u00eda moderar su ca\u00edda.\",\"datePublished\":\"2014-03-28T00:00:01+00:00\",\"dateModified\":\"2020-07-02T12:48:57+00:00\",\"mainEntityOfPage\":{\"@id\":\"https:\\\/\\\/proagrolab.com.ar\\\/la-hacienda-podria-moderar-su-caida\\\/\"},\"wordCount\":687,\"publisher\":{\"@id\":\"https:\\\/\\\/proagrolab.com.ar\\\/#organization\"},\"image\":{\"@id\":\"https:\\\/\\\/proagrolab.com.ar\\\/la-hacienda-podria-moderar-su-caida\\\/#primaryimage\"},\"thumbnailUrl\":\"https:\\\/\\\/proagrolab.com.ar\\\/wp-content\\\/uploads\\\/2015\\\/01\\\/g_3zkt9t1di__Brangus-colorado.jpg\",\"articleSection\":[\"News\"],\"inLanguage\":\"en-US\"},{\"@type\":\"WebPage\",\"@id\":\"https:\\\/\\\/proagrolab.com.ar\\\/la-hacienda-podria-moderar-su-caida\\\/\",\"url\":\"https:\\\/\\\/proagrolab.com.ar\\\/la-hacienda-podria-moderar-su-caida\\\/\",\"name\":\"La hacienda podr\u00eda moderar su ca\u00edda. | Proagro\",\"isPartOf\":{\"@id\":\"https:\\\/\\\/proagrolab.com.ar\\\/#website\"},\"primaryImageOfPage\":{\"@id\":\"https:\\\/\\\/proagrolab.com.ar\\\/la-hacienda-podria-moderar-su-caida\\\/#primaryimage\"},\"image\":{\"@id\":\"https:\\\/\\\/proagrolab.com.ar\\\/la-hacienda-podria-moderar-su-caida\\\/#primaryimage\"},\"thumbnailUrl\":\"https:\\\/\\\/proagrolab.com.ar\\\/wp-content\\\/uploads\\\/2015\\\/01\\\/g_3zkt9t1di__Brangus-colorado.jpg\",\"datePublished\":\"2014-03-28T00:00:01+00:00\",\"dateModified\":\"2020-07-02T12:48:57+00:00\",\"breadcrumb\":{\"@id\":\"https:\\\/\\\/proagrolab.com.ar\\\/la-hacienda-podria-moderar-su-caida\\\/#breadcrumb\"},\"inLanguage\":\"en-US\",\"potentialAction\":[{\"@type\":\"ReadAction\",\"target\":[\"https:\\\/\\\/proagrolab.com.ar\\\/la-hacienda-podria-moderar-su-caida\\\/\"]}]},{\"@type\":\"ImageObject\",\"inLanguage\":\"en-US\",\"@id\":\"https:\\\/\\\/proagrolab.com.ar\\\/la-hacienda-podria-moderar-su-caida\\\/#primaryimage\",\"url\":\"https:\\\/\\\/proagrolab.com.ar\\\/wp-content\\\/uploads\\\/2015\\\/01\\\/g_3zkt9t1di__Brangus-colorado.jpg\",\"contentUrl\":\"https:\\\/\\\/proagrolab.com.ar\\\/wp-content\\\/uploads\\\/2015\\\/01\\\/g_3zkt9t1di__Brangus-colorado.jpg\",\"width\":450,\"height\":208},{\"@type\":\"BreadcrumbList\",\"@id\":\"https:\\\/\\\/proagrolab.com.ar\\\/la-hacienda-podria-moderar-su-caida\\\/#breadcrumb\",\"itemListElement\":[{\"@type\":\"ListItem\",\"position\":1,\"name\":\"Portada\",\"item\":\"https:\\\/\\\/proagrolab.com.ar\\\/\"},{\"@type\":\"ListItem\",\"position\":2,\"name\":\"La hacienda podr\u00eda moderar su ca\u00edda.\"}]},{\"@type\":\"WebSite\",\"@id\":\"https:\\\/\\\/proagrolab.com.ar\\\/#website\",\"url\":\"https:\\\/\\\/proagrolab.com.ar\\\/\",\"name\":\"Proagro Laboratorio Veterinario\",\"description\":\"Veterinary laboratory\",\"publisher\":{\"@id\":\"https:\\\/\\\/proagrolab.com.ar\\\/#organization\"},\"potentialAction\":[{\"@type\":\"SearchAction\",\"target\":{\"@type\":\"EntryPoint\",\"urlTemplate\":\"https:\\\/\\\/proagrolab.com.ar\\\/?s={search_term_string}\"},\"query-input\":{\"@type\":\"PropertyValueSpecification\",\"valueRequired\":true,\"valueName\":\"search_term_string\"}}],\"inLanguage\":\"en-US\"},{\"@type\":\"Organization\",\"@id\":\"https:\\\/\\\/proagrolab.com.ar\\\/#organization\",\"name\":\"Proagro\",\"url\":\"https:\\\/\\\/proagrolab.com.ar\\\/\",\"logo\":{\"@type\":\"ImageObject\",\"inLanguage\":\"en-US\",\"@id\":\"https:\\\/\\\/proagrolab.com.ar\\\/#\\\/schema\\\/logo\\\/image\\\/\",\"url\":\"https:\\\/\\\/proagrolab.com.ar\\\/wp-content\\\/uploads\\\/2020\\\/04\\\/logo-retina.png\",\"contentUrl\":\"https:\\\/\\\/proagrolab.com.ar\\\/wp-content\\\/uploads\\\/2020\\\/04\\\/logo-retina.png\",\"width\":478,\"height\":120,\"caption\":\"Proagro\"},\"image\":{\"@id\":\"https:\\\/\\\/proagrolab.com.ar\\\/#\\\/schema\\\/logo\\\/image\\\/\"},\"sameAs\":[\"http:\\\/\\\/www.facebook.com\\\/proagrolab\",\"https:\\\/\\\/www.instagram.com\\\/proagrolab\\\/\",\"https:\\\/\\\/www.linkedin.com\\\/company\\\/laboratorio-proagro-s-a\\\/\"]},{\"@type\":\"Person\",\"@id\":\"https:\\\/\\\/proagrolab.com.ar\\\/#\\\/schema\\\/person\\\/38003ff90bf80381f71c7d922d207444\",\"name\":\"proagrolab\"}]}<\/script>\n<!-- \/ Yoast SEO plugin. -->","yoast_head_json":{"title":"La hacienda podr\u00eda moderar su ca\u00edda. | Proagro","robots":{"index":"index","follow":"follow","max-snippet":"max-snippet:-1","max-image-preview":"max-image-preview:large","max-video-preview":"max-video-preview:-1"},"canonical":"https:\/\/proagrolab.com.ar\/en\/la-hacienda-podria-moderar-su-caida\/","og_locale":"en_US","og_type":"article","og_title":"La hacienda podr\u00eda moderar su ca\u00edda. | Proagro","og_description":"Por Ignacio Iriarte.Los aumentos salariales y un progresivo ajuste del tipo de cambio ayudar\u00edan a disimular la baja en el valor del kilo vivo. La exportaci\u00f3n contribuir\u00eda en esa direcci\u00f3n, si el Gobierno cumple con su promesa de embarcar 20% de la producci\u00f3n.En cinco de los \u00faltimos seis a\u00f1os el precio de la hacienda, luego de tocar los m\u00e1ximos anuales en marzo-abril, ha tendido a estancarse luego en t\u00e9rminos reales o incluso retroceder en los meses posteriores. A partir de julio-agosto comienza a aparecer toda la hacienda encerrada por los corrales en los meses de febrero y marzo y una oferta de gordo liviano abundante mantiene calmo el mercado. Podr\u00eda decirse, entonces, que lo mejor en materia de precios (reales) ya se dio, y que para los pr\u00f3ximos meses, de acuerdo con la experiencia hist\u00f3rica reciente, deber\u00eda esperarse una erosi\u00f3n inflacionaria de precios estancados en t\u00e9rminos nominales. Para los pr\u00f3ximos meses, se espera una inflaci\u00f3n relativamente alta, reflejo de los aumentos salariales que est\u00e1n por venir, del ajuste tarifario y de los aumentos de combustibles y energ\u00eda que se descuenta se dar\u00e1n de ac\u00e1 a mediados de a\u00f1o. Pero a favor debe decirse, tambi\u00e9n, que cuando el grueso de los [&hellip;]","og_url":"https:\/\/proagrolab.com.ar\/la-hacienda-podria-moderar-su-caida\/","og_site_name":"Proagro","article_publisher":"http:\/\/www.facebook.com\/proagrolab","article_published_time":"2014-03-28T00:00:01+00:00","article_modified_time":"2020-07-02T12:48:57+00:00","og_image":[{"width":450,"height":208,"url":"https:\/\/proagrolab.com.ar\/wp-content\/uploads\/2015\/01\/g_3zkt9t1di__Brangus-colorado.jpg","type":"image\/jpeg"}],"author":"proagrolab","twitter_card":"summary_large_image","twitter_misc":{"Written by":"proagrolab","Est. reading time":"3 minutes"},"schema":{"@context":"https:\/\/schema.org","@graph":[{"@type":"Article","@id":"https:\/\/proagrolab.com.ar\/la-hacienda-podria-moderar-su-caida\/#article","isPartOf":{"@id":"https:\/\/proagrolab.com.ar\/la-hacienda-podria-moderar-su-caida\/"},"author":{"name":"proagrolab","@id":"https:\/\/proagrolab.com.ar\/#\/schema\/person\/38003ff90bf80381f71c7d922d207444"},"headline":"La hacienda podr\u00eda moderar su ca\u00edda.","datePublished":"2014-03-28T00:00:01+00:00","dateModified":"2020-07-02T12:48:57+00:00","mainEntityOfPage":{"@id":"https:\/\/proagrolab.com.ar\/la-hacienda-podria-moderar-su-caida\/"},"wordCount":687,"publisher":{"@id":"https:\/\/proagrolab.com.ar\/#organization"},"image":{"@id":"https:\/\/proagrolab.com.ar\/la-hacienda-podria-moderar-su-caida\/#primaryimage"},"thumbnailUrl":"https:\/\/proagrolab.com.ar\/wp-content\/uploads\/2015\/01\/g_3zkt9t1di__Brangus-colorado.jpg","articleSection":["News"],"inLanguage":"en-US"},{"@type":"WebPage","@id":"https:\/\/proagrolab.com.ar\/la-hacienda-podria-moderar-su-caida\/","url":"https:\/\/proagrolab.com.ar\/la-hacienda-podria-moderar-su-caida\/","name":"La hacienda podr\u00eda moderar su ca\u00edda. | Proagro","isPartOf":{"@id":"https:\/\/proagrolab.com.ar\/#website"},"primaryImageOfPage":{"@id":"https:\/\/proagrolab.com.ar\/la-hacienda-podria-moderar-su-caida\/#primaryimage"},"image":{"@id":"https:\/\/proagrolab.com.ar\/la-hacienda-podria-moderar-su-caida\/#primaryimage"},"thumbnailUrl":"https:\/\/proagrolab.com.ar\/wp-content\/uploads\/2015\/01\/g_3zkt9t1di__Brangus-colorado.jpg","datePublished":"2014-03-28T00:00:01+00:00","dateModified":"2020-07-02T12:48:57+00:00","breadcrumb":{"@id":"https:\/\/proagrolab.com.ar\/la-hacienda-podria-moderar-su-caida\/#breadcrumb"},"inLanguage":"en-US","potentialAction":[{"@type":"ReadAction","target":["https:\/\/proagrolab.com.ar\/la-hacienda-podria-moderar-su-caida\/"]}]},{"@type":"ImageObject","inLanguage":"en-US","@id":"https:\/\/proagrolab.com.ar\/la-hacienda-podria-moderar-su-caida\/#primaryimage","url":"https:\/\/proagrolab.com.ar\/wp-content\/uploads\/2015\/01\/g_3zkt9t1di__Brangus-colorado.jpg","contentUrl":"https:\/\/proagrolab.com.ar\/wp-content\/uploads\/2015\/01\/g_3zkt9t1di__Brangus-colorado.jpg","width":450,"height":208},{"@type":"BreadcrumbList","@id":"https:\/\/proagrolab.com.ar\/la-hacienda-podria-moderar-su-caida\/#breadcrumb","itemListElement":[{"@type":"ListItem","position":1,"name":"Portada","item":"https:\/\/proagrolab.com.ar\/"},{"@type":"ListItem","position":2,"name":"La hacienda podr\u00eda moderar su ca\u00edda."}]},{"@type":"WebSite","@id":"https:\/\/proagrolab.com.ar\/#website","url":"https:\/\/proagrolab.com.ar\/","name":"Proagro Laboratorio Veterinario","description":"Veterinary laboratory","publisher":{"@id":"https:\/\/proagrolab.com.ar\/#organization"},"potentialAction":[{"@type":"SearchAction","target":{"@type":"EntryPoint","urlTemplate":"https:\/\/proagrolab.com.ar\/?s={search_term_string}"},"query-input":{"@type":"PropertyValueSpecification","valueRequired":true,"valueName":"search_term_string"}}],"inLanguage":"en-US"},{"@type":"Organization","@id":"https:\/\/proagrolab.com.ar\/#organization","name":"Proagro","url":"https:\/\/proagrolab.com.ar\/","logo":{"@type":"ImageObject","inLanguage":"en-US","@id":"https:\/\/proagrolab.com.ar\/#\/schema\/logo\/image\/","url":"https:\/\/proagrolab.com.ar\/wp-content\/uploads\/2020\/04\/logo-retina.png","contentUrl":"https:\/\/proagrolab.com.ar\/wp-content\/uploads\/2020\/04\/logo-retina.png","width":478,"height":120,"caption":"Proagro"},"image":{"@id":"https:\/\/proagrolab.com.ar\/#\/schema\/logo\/image\/"},"sameAs":["http:\/\/www.facebook.com\/proagrolab","https:\/\/www.instagram.com\/proagrolab\/","https:\/\/www.linkedin.com\/company\/laboratorio-proagro-s-a\/"]},{"@type":"Person","@id":"https:\/\/proagrolab.com.ar\/#\/schema\/person\/38003ff90bf80381f71c7d922d207444","name":"proagrolab"}]}},"_links":{"self":[{"href":"https:\/\/proagrolab.com.ar\/en\/wp-json\/wp\/v2\/posts\/6026","targetHints":{"allow":["GET"]}}],"collection":[{"href":"https:\/\/proagrolab.com.ar\/en\/wp-json\/wp\/v2\/posts"}],"about":[{"href":"https:\/\/proagrolab.com.ar\/en\/wp-json\/wp\/v2\/types\/post"}],"author":[{"embeddable":true,"href":"https:\/\/proagrolab.com.ar\/en\/wp-json\/wp\/v2\/users\/2"}],"replies":[{"embeddable":true,"href":"https:\/\/proagrolab.com.ar\/en\/wp-json\/wp\/v2\/comments?post=6026"}],"version-history":[{"count":1,"href":"https:\/\/proagrolab.com.ar\/en\/wp-json\/wp\/v2\/posts\/6026\/revisions"}],"predecessor-version":[{"id":14610,"href":"https:\/\/proagrolab.com.ar\/en\/wp-json\/wp\/v2\/posts\/6026\/revisions\/14610"}],"wp:featuredmedia":[{"embeddable":true,"href":"https:\/\/proagrolab.com.ar\/en\/wp-json\/wp\/v2\/media\/2513"}],"wp:attachment":[{"href":"https:\/\/proagrolab.com.ar\/en\/wp-json\/wp\/v2\/media?parent=6026"}],"wp:term":[{"taxonomy":"category","embeddable":true,"href":"https:\/\/proagrolab.com.ar\/en\/wp-json\/wp\/v2\/categories?post=6026"},{"taxonomy":"post_tag","embeddable":true,"href":"https:\/\/proagrolab.com.ar\/en\/wp-json\/wp\/v2\/tags?post=6026"}],"curies":[{"name":"wp","href":"https:\/\/api.w.org\/{rel}","templated":true}]}}