{"id":6025,"date":"2014-03-28T00:00:01","date_gmt":"2014-03-28T00:00:01","guid":{"rendered":"https:\/\/proagrolab.com.ar\/se-trataron-en-la-coprosa-los-casos-de-rabia-paresiante\/"},"modified":"2020-07-02T12:48:58","modified_gmt":"2020-07-02T12:48:58","slug":"se-trataron-en-la-coprosa-los-casos-de-rabia-paresiante","status":"publish","type":"post","link":"https:\/\/proagrolab.com.ar\/en\/se-trataron-en-la-coprosa-los-casos-de-rabia-paresiante\/","title":{"rendered":"Se trataron en la Coprosa los casos de rabia paresiante."},"content":{"rendered":"<p class=\"qtranxs-available-languages-message qtranxs-available-languages-message-en\"> <\/p><p>La Comisi\u00f3n de Sanidad Animal (Coprosa) de C\u00f3rdoba realiz\u00f3 su primera reuni\u00f3n del a\u00f1o en la Sala de Situaci\u00f3n del Centro C\u00edvico y entre los temas que se trataron, se destaca el de los focos de rabia paresiante en zonas del norte provincial.<\/p>\n<p>Al respecto, se inform\u00f3 que se est\u00e1n llevando adelante todas las acciones necesarias para controlar el problema, en un trabajo conjunto de organismos como el Senasa (ente nacional que es autoridad de aplicaci\u00f3n en este tipo de problem\u00e1ticas), los productores pecuarios, entidades como la Sociedad Rural de Jes\u00fas Mar\u00eda y la propia cartera agropecuaria.<\/p>\n<p>Desde que se conoci\u00f3 el primero de los casos, se llevan vacunadas m\u00e1s de 12 mil cabezas de ganado, y se calcula llegar a un total de 28 mil cabezas. El esquema de trabajo incluye la vacunaci\u00f3n y el control de los movimientos de rodeos en anillos de diez kil\u00f3metros alrededor de cada uno de los focos registrados.<\/p>\n<p>Vacunaci\u00f3n antiaftosa. En otro de los puntos, se comunic\u00f3 que comenz\u00f3 la primera campa\u00f1a anual de vacunaci\u00f3n antiaftosa en la provincia, y se estima una cantidad de 4.500.000 cabezas, cifra similar a la anterior campa\u00f1a. Dadas las condiciones clim\u00e1ticas, en zonas puntuales las vacunaciones llevan un grado de retraso, pero se espera que en dos meses est\u00e9 terminada la totalidad de las tareas.<\/p>\n<p>Finalmente, en los pr\u00f3ximos d\u00edas se convocar\u00e1 a la subcomisi\u00f3n t\u00e9cnica de la Coprosa con el objetivo de avanzar en el Plan de Control de la Tuberculosis.<\/p>\n<p>La Coprosa es coordinada por la Secretar\u00eda de Ganader\u00eda, y se re\u00fane peri\u00f3dicamente para tratar temas sanitarios de las distintas especies que componen la producci\u00f3n pecuaria cordobesa. Adem\u00e1s del Ministerio de Agricultura, Ganader\u00eda y Alimentos, la integran el INTA, el Senasa, las distintas entidades ruralistas y organizaciones que nuclean a los profesionales del sector.<\/p>\n<p>Fuente: Agrositio, 27 de marzo.<br \/><\/p>","protected":false},"excerpt":{"rendered":"<p>La Comisi\u00f3n de Sanidad Animal (Coprosa) de C\u00f3rdoba realiz\u00f3 su primera reuni\u00f3n del a\u00f1o en la Sala de Situaci\u00f3n del Centro C\u00edvico y entre los temas que se trataron, se destaca el de los focos de rabia paresiante en zonas del norte provincial. Al respecto, se inform\u00f3 que se est\u00e1n llevando adelante todas las acciones necesarias para controlar el problema, en un trabajo conjunto de organismos como el Senasa (ente nacional que es autoridad de aplicaci\u00f3n en este tipo de problem\u00e1ticas), los productores pecuarios, entidades como la Sociedad Rural de Jes\u00fas Mar\u00eda y la propia cartera agropecuaria. Desde que se conoci\u00f3 el primero de los casos, se llevan vacunadas m\u00e1s de 12 mil cabezas de ganado, y se calcula llegar a un total de 28 mil cabezas. El esquema de trabajo incluye la vacunaci\u00f3n y el control de los movimientos de rodeos en anillos de diez kil\u00f3metros alrededor de cada uno de los focos registrados. Vacunaci\u00f3n antiaftosa. En otro de los puntos, se comunic\u00f3 que comenz\u00f3 la primera campa\u00f1a anual de vacunaci\u00f3n antiaftosa en la provincia, y se estima una cantidad de 4.500.000 cabezas, cifra similar a la anterior campa\u00f1a. Dadas las condiciones clim\u00e1ticas, en zonas puntuales las vacunaciones llevan [&hellip;]<\/p>\n","protected":false},"author":2,"featured_media":2512,"comment_status":"closed","ping_status":"open","sticky":false,"template":"","format":"standard","meta":{"_acf_changed":false,"footnotes":""},"categories":[56],"tags":[],"class_list":["post-6025","post","type-post","status-publish","format-standard","has-post-thumbnail","hentry","category-infoganadero"],"acf":[],"yoast_head":"<!-- This site is optimized with the Yoast SEO plugin v27.4 - https:\/\/yoast.com\/product\/yoast-seo-wordpress\/ -->\n<title>Se trataron en la Coprosa los casos de rabia paresiante. | Proagro<\/title>\n<meta name=\"robots\" content=\"index, follow, max-snippet:-1, max-image-preview:large, max-video-preview:-1\" \/>\n<link rel=\"canonical\" href=\"https:\/\/proagrolab.com.ar\/en\/se-trataron-en-la-coprosa-los-casos-de-rabia-paresiante\/\" \/>\n<meta property=\"og:locale\" content=\"en_US\" \/>\n<meta property=\"og:type\" content=\"article\" \/>\n<meta property=\"og:title\" content=\"Se trataron en la Coprosa los casos de rabia paresiante. | Proagro\" \/>\n<meta property=\"og:description\" content=\"La Comisi\u00f3n de Sanidad Animal (Coprosa) de C\u00f3rdoba realiz\u00f3 su primera reuni\u00f3n del a\u00f1o en la Sala de Situaci\u00f3n del Centro C\u00edvico y entre los temas que se trataron, se destaca el de los focos de rabia paresiante en zonas del norte provincial. Al respecto, se inform\u00f3 que se est\u00e1n llevando adelante todas las acciones necesarias para controlar el problema, en un trabajo conjunto de organismos como el Senasa (ente nacional que es autoridad de aplicaci\u00f3n en este tipo de problem\u00e1ticas), los productores pecuarios, entidades como la Sociedad Rural de Jes\u00fas Mar\u00eda y la propia cartera agropecuaria. Desde que se conoci\u00f3 el primero de los casos, se llevan vacunadas m\u00e1s de 12 mil cabezas de ganado, y se calcula llegar a un total de 28 mil cabezas. El esquema de trabajo incluye la vacunaci\u00f3n y el control de los movimientos de rodeos en anillos de diez kil\u00f3metros alrededor de cada uno de los focos registrados. Vacunaci\u00f3n antiaftosa. En otro de los puntos, se comunic\u00f3 que comenz\u00f3 la primera campa\u00f1a anual de vacunaci\u00f3n antiaftosa en la provincia, y se estima una cantidad de 4.500.000 cabezas, cifra similar a la anterior campa\u00f1a. Dadas las condiciones clim\u00e1ticas, en zonas puntuales las vacunaciones llevan [&hellip;]\" \/>\n<meta property=\"og:url\" content=\"https:\/\/proagrolab.com.ar\/se-trataron-en-la-coprosa-los-casos-de-rabia-paresiante\/\" \/>\n<meta property=\"og:site_name\" content=\"Proagro\" \/>\n<meta property=\"article:publisher\" content=\"http:\/\/www.facebook.com\/proagrolab\" \/>\n<meta property=\"article:published_time\" content=\"2014-03-28T00:00:01+00:00\" \/>\n<meta property=\"article:modified_time\" content=\"2020-07-02T12:48:58+00:00\" \/>\n<meta property=\"og:image\" content=\"https:\/\/proagrolab.com.ar\/wp-content\/uploads\/2015\/01\/g_kwwvifxnu__Vacas-2.jpg\" \/>\n\t<meta property=\"og:image:width\" content=\"450\" \/>\n\t<meta property=\"og:image:height\" content=\"208\" \/>\n\t<meta property=\"og:image:type\" content=\"image\/jpeg\" \/>\n<meta name=\"author\" content=\"proagrolab\" \/>\n<meta name=\"twitter:card\" content=\"summary_large_image\" \/>\n<meta name=\"twitter:label1\" content=\"Written by\" \/>\n\t<meta name=\"twitter:data1\" content=\"proagrolab\" \/>\n\t<meta name=\"twitter:label2\" content=\"Est. reading time\" \/>\n\t<meta name=\"twitter:data2\" content=\"2 minutes\" \/>\n<script type=\"application\/ld+json\" class=\"yoast-schema-graph\">{\"@context\":\"https:\\\/\\\/schema.org\",\"@graph\":[{\"@type\":\"Article\",\"@id\":\"https:\\\/\\\/proagrolab.com.ar\\\/se-trataron-en-la-coprosa-los-casos-de-rabia-paresiante\\\/#article\",\"isPartOf\":{\"@id\":\"https:\\\/\\\/proagrolab.com.ar\\\/se-trataron-en-la-coprosa-los-casos-de-rabia-paresiante\\\/\"},\"author\":{\"name\":\"proagrolab\",\"@id\":\"https:\\\/\\\/proagrolab.com.ar\\\/#\\\/schema\\\/person\\\/38003ff90bf80381f71c7d922d207444\"},\"headline\":\"Se trataron en la Coprosa los casos de rabia paresiante.\",\"datePublished\":\"2014-03-28T00:00:01+00:00\",\"dateModified\":\"2020-07-02T12:48:58+00:00\",\"mainEntityOfPage\":{\"@id\":\"https:\\\/\\\/proagrolab.com.ar\\\/se-trataron-en-la-coprosa-los-casos-de-rabia-paresiante\\\/\"},\"wordCount\":340,\"publisher\":{\"@id\":\"https:\\\/\\\/proagrolab.com.ar\\\/#organization\"},\"image\":{\"@id\":\"https:\\\/\\\/proagrolab.com.ar\\\/se-trataron-en-la-coprosa-los-casos-de-rabia-paresiante\\\/#primaryimage\"},\"thumbnailUrl\":\"https:\\\/\\\/proagrolab.com.ar\\\/wp-content\\\/uploads\\\/2015\\\/01\\\/g_kwwvifxnu__Vacas-2.jpg\",\"articleSection\":[\"News\"],\"inLanguage\":\"en-US\"},{\"@type\":\"WebPage\",\"@id\":\"https:\\\/\\\/proagrolab.com.ar\\\/se-trataron-en-la-coprosa-los-casos-de-rabia-paresiante\\\/\",\"url\":\"https:\\\/\\\/proagrolab.com.ar\\\/se-trataron-en-la-coprosa-los-casos-de-rabia-paresiante\\\/\",\"name\":\"Se trataron en la Coprosa los casos de rabia paresiante. | Proagro\",\"isPartOf\":{\"@id\":\"https:\\\/\\\/proagrolab.com.ar\\\/#website\"},\"primaryImageOfPage\":{\"@id\":\"https:\\\/\\\/proagrolab.com.ar\\\/se-trataron-en-la-coprosa-los-casos-de-rabia-paresiante\\\/#primaryimage\"},\"image\":{\"@id\":\"https:\\\/\\\/proagrolab.com.ar\\\/se-trataron-en-la-coprosa-los-casos-de-rabia-paresiante\\\/#primaryimage\"},\"thumbnailUrl\":\"https:\\\/\\\/proagrolab.com.ar\\\/wp-content\\\/uploads\\\/2015\\\/01\\\/g_kwwvifxnu__Vacas-2.jpg\",\"datePublished\":\"2014-03-28T00:00:01+00:00\",\"dateModified\":\"2020-07-02T12:48:58+00:00\",\"breadcrumb\":{\"@id\":\"https:\\\/\\\/proagrolab.com.ar\\\/se-trataron-en-la-coprosa-los-casos-de-rabia-paresiante\\\/#breadcrumb\"},\"inLanguage\":\"en-US\",\"potentialAction\":[{\"@type\":\"ReadAction\",\"target\":[\"https:\\\/\\\/proagrolab.com.ar\\\/se-trataron-en-la-coprosa-los-casos-de-rabia-paresiante\\\/\"]}]},{\"@type\":\"ImageObject\",\"inLanguage\":\"en-US\",\"@id\":\"https:\\\/\\\/proagrolab.com.ar\\\/se-trataron-en-la-coprosa-los-casos-de-rabia-paresiante\\\/#primaryimage\",\"url\":\"https:\\\/\\\/proagrolab.com.ar\\\/wp-content\\\/uploads\\\/2015\\\/01\\\/g_kwwvifxnu__Vacas-2.jpg\",\"contentUrl\":\"https:\\\/\\\/proagrolab.com.ar\\\/wp-content\\\/uploads\\\/2015\\\/01\\\/g_kwwvifxnu__Vacas-2.jpg\",\"width\":450,\"height\":208},{\"@type\":\"BreadcrumbList\",\"@id\":\"https:\\\/\\\/proagrolab.com.ar\\\/se-trataron-en-la-coprosa-los-casos-de-rabia-paresiante\\\/#breadcrumb\",\"itemListElement\":[{\"@type\":\"ListItem\",\"position\":1,\"name\":\"Portada\",\"item\":\"https:\\\/\\\/proagrolab.com.ar\\\/\"},{\"@type\":\"ListItem\",\"position\":2,\"name\":\"Se trataron en la Coprosa los casos de rabia paresiante.\"}]},{\"@type\":\"WebSite\",\"@id\":\"https:\\\/\\\/proagrolab.com.ar\\\/#website\",\"url\":\"https:\\\/\\\/proagrolab.com.ar\\\/\",\"name\":\"Proagro Laboratorio Veterinario\",\"description\":\"Veterinary laboratory\",\"publisher\":{\"@id\":\"https:\\\/\\\/proagrolab.com.ar\\\/#organization\"},\"potentialAction\":[{\"@type\":\"SearchAction\",\"target\":{\"@type\":\"EntryPoint\",\"urlTemplate\":\"https:\\\/\\\/proagrolab.com.ar\\\/?s={search_term_string}\"},\"query-input\":{\"@type\":\"PropertyValueSpecification\",\"valueRequired\":true,\"valueName\":\"search_term_string\"}}],\"inLanguage\":\"en-US\"},{\"@type\":\"Organization\",\"@id\":\"https:\\\/\\\/proagrolab.com.ar\\\/#organization\",\"name\":\"Proagro\",\"url\":\"https:\\\/\\\/proagrolab.com.ar\\\/\",\"logo\":{\"@type\":\"ImageObject\",\"inLanguage\":\"en-US\",\"@id\":\"https:\\\/\\\/proagrolab.com.ar\\\/#\\\/schema\\\/logo\\\/image\\\/\",\"url\":\"https:\\\/\\\/proagrolab.com.ar\\\/wp-content\\\/uploads\\\/2020\\\/04\\\/logo-retina.png\",\"contentUrl\":\"https:\\\/\\\/proagrolab.com.ar\\\/wp-content\\\/uploads\\\/2020\\\/04\\\/logo-retina.png\",\"width\":478,\"height\":120,\"caption\":\"Proagro\"},\"image\":{\"@id\":\"https:\\\/\\\/proagrolab.com.ar\\\/#\\\/schema\\\/logo\\\/image\\\/\"},\"sameAs\":[\"http:\\\/\\\/www.facebook.com\\\/proagrolab\",\"https:\\\/\\\/www.instagram.com\\\/proagrolab\\\/\",\"https:\\\/\\\/www.linkedin.com\\\/company\\\/laboratorio-proagro-s-a\\\/\"]},{\"@type\":\"Person\",\"@id\":\"https:\\\/\\\/proagrolab.com.ar\\\/#\\\/schema\\\/person\\\/38003ff90bf80381f71c7d922d207444\",\"name\":\"proagrolab\"}]}<\/script>\n<!-- \/ Yoast SEO plugin. -->","yoast_head_json":{"title":"Se trataron en la Coprosa los casos de rabia paresiante. | Proagro","robots":{"index":"index","follow":"follow","max-snippet":"max-snippet:-1","max-image-preview":"max-image-preview:large","max-video-preview":"max-video-preview:-1"},"canonical":"https:\/\/proagrolab.com.ar\/en\/se-trataron-en-la-coprosa-los-casos-de-rabia-paresiante\/","og_locale":"en_US","og_type":"article","og_title":"Se trataron en la Coprosa los casos de rabia paresiante. | Proagro","og_description":"La Comisi\u00f3n de Sanidad Animal (Coprosa) de C\u00f3rdoba realiz\u00f3 su primera reuni\u00f3n del a\u00f1o en la Sala de Situaci\u00f3n del Centro C\u00edvico y entre los temas que se trataron, se destaca el de los focos de rabia paresiante en zonas del norte provincial. Al respecto, se inform\u00f3 que se est\u00e1n llevando adelante todas las acciones necesarias para controlar el problema, en un trabajo conjunto de organismos como el Senasa (ente nacional que es autoridad de aplicaci\u00f3n en este tipo de problem\u00e1ticas), los productores pecuarios, entidades como la Sociedad Rural de Jes\u00fas Mar\u00eda y la propia cartera agropecuaria. Desde que se conoci\u00f3 el primero de los casos, se llevan vacunadas m\u00e1s de 12 mil cabezas de ganado, y se calcula llegar a un total de 28 mil cabezas. El esquema de trabajo incluye la vacunaci\u00f3n y el control de los movimientos de rodeos en anillos de diez kil\u00f3metros alrededor de cada uno de los focos registrados. Vacunaci\u00f3n antiaftosa. En otro de los puntos, se comunic\u00f3 que comenz\u00f3 la primera campa\u00f1a anual de vacunaci\u00f3n antiaftosa en la provincia, y se estima una cantidad de 4.500.000 cabezas, cifra similar a la anterior campa\u00f1a. Dadas las condiciones clim\u00e1ticas, en zonas puntuales las vacunaciones llevan [&hellip;]","og_url":"https:\/\/proagrolab.com.ar\/se-trataron-en-la-coprosa-los-casos-de-rabia-paresiante\/","og_site_name":"Proagro","article_publisher":"http:\/\/www.facebook.com\/proagrolab","article_published_time":"2014-03-28T00:00:01+00:00","article_modified_time":"2020-07-02T12:48:58+00:00","og_image":[{"width":450,"height":208,"url":"https:\/\/proagrolab.com.ar\/wp-content\/uploads\/2015\/01\/g_kwwvifxnu__Vacas-2.jpg","type":"image\/jpeg"}],"author":"proagrolab","twitter_card":"summary_large_image","twitter_misc":{"Written by":"proagrolab","Est. reading time":"2 minutes"},"schema":{"@context":"https:\/\/schema.org","@graph":[{"@type":"Article","@id":"https:\/\/proagrolab.com.ar\/se-trataron-en-la-coprosa-los-casos-de-rabia-paresiante\/#article","isPartOf":{"@id":"https:\/\/proagrolab.com.ar\/se-trataron-en-la-coprosa-los-casos-de-rabia-paresiante\/"},"author":{"name":"proagrolab","@id":"https:\/\/proagrolab.com.ar\/#\/schema\/person\/38003ff90bf80381f71c7d922d207444"},"headline":"Se trataron en la Coprosa los casos de rabia paresiante.","datePublished":"2014-03-28T00:00:01+00:00","dateModified":"2020-07-02T12:48:58+00:00","mainEntityOfPage":{"@id":"https:\/\/proagrolab.com.ar\/se-trataron-en-la-coprosa-los-casos-de-rabia-paresiante\/"},"wordCount":340,"publisher":{"@id":"https:\/\/proagrolab.com.ar\/#organization"},"image":{"@id":"https:\/\/proagrolab.com.ar\/se-trataron-en-la-coprosa-los-casos-de-rabia-paresiante\/#primaryimage"},"thumbnailUrl":"https:\/\/proagrolab.com.ar\/wp-content\/uploads\/2015\/01\/g_kwwvifxnu__Vacas-2.jpg","articleSection":["News"],"inLanguage":"en-US"},{"@type":"WebPage","@id":"https:\/\/proagrolab.com.ar\/se-trataron-en-la-coprosa-los-casos-de-rabia-paresiante\/","url":"https:\/\/proagrolab.com.ar\/se-trataron-en-la-coprosa-los-casos-de-rabia-paresiante\/","name":"Se trataron en la Coprosa los casos de rabia paresiante. | Proagro","isPartOf":{"@id":"https:\/\/proagrolab.com.ar\/#website"},"primaryImageOfPage":{"@id":"https:\/\/proagrolab.com.ar\/se-trataron-en-la-coprosa-los-casos-de-rabia-paresiante\/#primaryimage"},"image":{"@id":"https:\/\/proagrolab.com.ar\/se-trataron-en-la-coprosa-los-casos-de-rabia-paresiante\/#primaryimage"},"thumbnailUrl":"https:\/\/proagrolab.com.ar\/wp-content\/uploads\/2015\/01\/g_kwwvifxnu__Vacas-2.jpg","datePublished":"2014-03-28T00:00:01+00:00","dateModified":"2020-07-02T12:48:58+00:00","breadcrumb":{"@id":"https:\/\/proagrolab.com.ar\/se-trataron-en-la-coprosa-los-casos-de-rabia-paresiante\/#breadcrumb"},"inLanguage":"en-US","potentialAction":[{"@type":"ReadAction","target":["https:\/\/proagrolab.com.ar\/se-trataron-en-la-coprosa-los-casos-de-rabia-paresiante\/"]}]},{"@type":"ImageObject","inLanguage":"en-US","@id":"https:\/\/proagrolab.com.ar\/se-trataron-en-la-coprosa-los-casos-de-rabia-paresiante\/#primaryimage","url":"https:\/\/proagrolab.com.ar\/wp-content\/uploads\/2015\/01\/g_kwwvifxnu__Vacas-2.jpg","contentUrl":"https:\/\/proagrolab.com.ar\/wp-content\/uploads\/2015\/01\/g_kwwvifxnu__Vacas-2.jpg","width":450,"height":208},{"@type":"BreadcrumbList","@id":"https:\/\/proagrolab.com.ar\/se-trataron-en-la-coprosa-los-casos-de-rabia-paresiante\/#breadcrumb","itemListElement":[{"@type":"ListItem","position":1,"name":"Portada","item":"https:\/\/proagrolab.com.ar\/"},{"@type":"ListItem","position":2,"name":"Se trataron en la Coprosa los casos de rabia paresiante."}]},{"@type":"WebSite","@id":"https:\/\/proagrolab.com.ar\/#website","url":"https:\/\/proagrolab.com.ar\/","name":"Proagro Laboratorio Veterinario","description":"Veterinary laboratory","publisher":{"@id":"https:\/\/proagrolab.com.ar\/#organization"},"potentialAction":[{"@type":"SearchAction","target":{"@type":"EntryPoint","urlTemplate":"https:\/\/proagrolab.com.ar\/?s={search_term_string}"},"query-input":{"@type":"PropertyValueSpecification","valueRequired":true,"valueName":"search_term_string"}}],"inLanguage":"en-US"},{"@type":"Organization","@id":"https:\/\/proagrolab.com.ar\/#organization","name":"Proagro","url":"https:\/\/proagrolab.com.ar\/","logo":{"@type":"ImageObject","inLanguage":"en-US","@id":"https:\/\/proagrolab.com.ar\/#\/schema\/logo\/image\/","url":"https:\/\/proagrolab.com.ar\/wp-content\/uploads\/2020\/04\/logo-retina.png","contentUrl":"https:\/\/proagrolab.com.ar\/wp-content\/uploads\/2020\/04\/logo-retina.png","width":478,"height":120,"caption":"Proagro"},"image":{"@id":"https:\/\/proagrolab.com.ar\/#\/schema\/logo\/image\/"},"sameAs":["http:\/\/www.facebook.com\/proagrolab","https:\/\/www.instagram.com\/proagrolab\/","https:\/\/www.linkedin.com\/company\/laboratorio-proagro-s-a\/"]},{"@type":"Person","@id":"https:\/\/proagrolab.com.ar\/#\/schema\/person\/38003ff90bf80381f71c7d922d207444","name":"proagrolab"}]}},"_links":{"self":[{"href":"https:\/\/proagrolab.com.ar\/en\/wp-json\/wp\/v2\/posts\/6025","targetHints":{"allow":["GET"]}}],"collection":[{"href":"https:\/\/proagrolab.com.ar\/en\/wp-json\/wp\/v2\/posts"}],"about":[{"href":"https:\/\/proagrolab.com.ar\/en\/wp-json\/wp\/v2\/types\/post"}],"author":[{"embeddable":true,"href":"https:\/\/proagrolab.com.ar\/en\/wp-json\/wp\/v2\/users\/2"}],"replies":[{"embeddable":true,"href":"https:\/\/proagrolab.com.ar\/en\/wp-json\/wp\/v2\/comments?post=6025"}],"version-history":[{"count":1,"href":"https:\/\/proagrolab.com.ar\/en\/wp-json\/wp\/v2\/posts\/6025\/revisions"}],"predecessor-version":[{"id":14613,"href":"https:\/\/proagrolab.com.ar\/en\/wp-json\/wp\/v2\/posts\/6025\/revisions\/14613"}],"wp:featuredmedia":[{"embeddable":true,"href":"https:\/\/proagrolab.com.ar\/en\/wp-json\/wp\/v2\/media\/2512"}],"wp:attachment":[{"href":"https:\/\/proagrolab.com.ar\/en\/wp-json\/wp\/v2\/media?parent=6025"}],"wp:term":[{"taxonomy":"category","embeddable":true,"href":"https:\/\/proagrolab.com.ar\/en\/wp-json\/wp\/v2\/categories?post=6025"},{"taxonomy":"post_tag","embeddable":true,"href":"https:\/\/proagrolab.com.ar\/en\/wp-json\/wp\/v2\/tags?post=6025"}],"curies":[{"name":"wp","href":"https:\/\/api.w.org\/{rel}","templated":true}]}}