{"id":6024,"date":"2014-03-28T00:00:01","date_gmt":"2014-03-28T00:00:01","guid":{"rendered":"https:\/\/proagrolab.com.ar\/cordoba-firmaron-convenios-para-avanzar-en-la-registracion-de-tambos\/"},"modified":"2020-07-02T12:48:57","modified_gmt":"2020-07-02T12:48:57","slug":"cordoba-firmaron-convenios-para-avanzar-en-la-registracion-de-tambos","status":"publish","type":"post","link":"https:\/\/proagrolab.com.ar\/en\/cordoba-firmaron-convenios-para-avanzar-en-la-registracion-de-tambos\/","title":{"rendered":"C\u00f3rdoba: Firmaron convenios para avanzar en la registraci\u00f3n de tambos."},"content":{"rendered":"<p class=\"qtranxs-available-languages-message qtranxs-available-languages-message-en\"> <\/p><p>Esta ma\u00f1ana se llev\u00f3 a cabo la primera reuni\u00f3n del a\u00f1o de la Comisi\u00f3n Provincial de Sanidad Animal (Coprosa) en la Sala de Situaci\u00f3n del Centro C\u00edvico, convocada y coordinada por la Secretar\u00eda de Ganader\u00eda. En ese marco, el ministro de Agricultura, Ganader\u00eda y Alimentos, Juli\u00e1n L\u00f3pez, rubric\u00f3 convenios con los entes que se encargan de realizar los planes de vacunaci\u00f3n antiaftosa para que los mismos lleven adelante el cargado de una planilla con datos de todos los establecimientos lecheros de C\u00f3rdoba.<\/p>\n<p>Los profesionales y t\u00e9cnicos nucleados en estos entes regionales de vacunaci\u00f3n (56 en toda la provincia), al tiempo que desarrollen sus tareas en los rodeos deber\u00e1n llenar el mencionado documento, que ser\u00e1 suministrado por la cartera agropecuaria. Con los datos recogidos en las planillas (cantidad de cabezas, ubicaci\u00f3n y otros 70 \u00edtems que cubren aspectos t\u00e9cnicos de cada establecimiento) desde el \u00e1rea de Ganader\u00eda se elaborar\u00e1 un registro con la totalidad de los tambos existentes en el territorio cordob\u00e9s <\/p>\n<p>La serie de datos servir\u00e1, entre otras cuestiones, para definir de mejor manera las pol\u00edticas provinciales y acciones destinadas al apoyo y promoci\u00f3n del sector, al contar con informaci\u00f3n m\u00e1s precisa de la situaci\u00f3n a nivel general y particular. Actualmente, en la cartera agropecuaria provincial hay datos de unos 2.500 tambos, cuando se estima que la cifra se eleva a un total de 3.500 en todas las cuencas lecheras de C\u00f3rdoba.<\/p>\n<p>Acompa\u00f1ado por el secretario de Ganader\u00eda, Daniel Carignano, y con la presencia del director de Senasa Regional C\u00f3rdoba, Aldo Combessies, el ministro L\u00f3pez manifest\u00f3 que con esta registraci\u00f3n \u0093se resalta la importancia de los entes no s\u00f3lo por su tarea en la campa\u00f1a de vacunaci\u00f3n. Adem\u00e1s, con esta iniciativa se tendr\u00e1n m\u00e1s certezas al momento de dise\u00f1ar las pol\u00edticas del sector\u0094.<\/p>\n<p>L\u00f3pez agreg\u00f3 que esto \u0093no tiene costo alguno para el productor tambero, y es el ministerio el que contribuir\u00e1 econ\u00f3micamente al proceso retribuyendo a los t\u00e9cnicos que confeccionar\u00e1n las planillas. Los datos suministrados gozan del secreto estad\u00edstico\u0094. <br \/>Por su parte, el secretario de Ganader\u00eda, Daniel Carignano, expres\u00f3 que \u0093con esto se cumple lo que establece la ley 5799 de la industria l\u00e1ctea y tambi\u00e9n con el C\u00f3digo Alimentario, donde se establece que la leche comercializada debe ser de un establecimiento registrado\u0094.<\/p>\n<p>A la reuni\u00f3n de la Coprosa asistieron, adem\u00e1s de sus integrantes habituales (ministerio, Senasa, INTA, entidades rurales) la mayor\u00eda de los responsables de los entes de vacunaci\u00f3n que se encargar\u00e1n del llenado de las planillas, quienes rubricaron junto al titular de la cartera agropecuaria los convenios que le dan marco legal a la iniciativa.<\/p>\n<p>Con este acto, que fue el primer punto del d\u00eda de otros que se trataron a nivel sanitario, se espera que el registro est\u00e9 listo al t\u00e9rmino del primer semestre del presente a\u00f1o.<\/p>\n<p>Fuente: Agrositio, 27 de marzo.<br \/><\/p>","protected":false},"excerpt":{"rendered":"<p>Esta ma\u00f1ana se llev\u00f3 a cabo la primera reuni\u00f3n del a\u00f1o de la Comisi\u00f3n Provincial de Sanidad Animal (Coprosa) en la Sala de Situaci\u00f3n del Centro C\u00edvico, convocada y coordinada por la Secretar\u00eda de Ganader\u00eda. En ese marco, el ministro de Agricultura, Ganader\u00eda y Alimentos, Juli\u00e1n L\u00f3pez, rubric\u00f3 convenios con los entes que se encargan de realizar los planes de vacunaci\u00f3n antiaftosa para que los mismos lleven adelante el cargado de una planilla con datos de todos los establecimientos lecheros de C\u00f3rdoba. Los profesionales y t\u00e9cnicos nucleados en estos entes regionales de vacunaci\u00f3n (56 en toda la provincia), al tiempo que desarrollen sus tareas en los rodeos deber\u00e1n llenar el mencionado documento, que ser\u00e1 suministrado por la cartera agropecuaria. Con los datos recogidos en las planillas (cantidad de cabezas, ubicaci\u00f3n y otros 70 \u00edtems que cubren aspectos t\u00e9cnicos de cada establecimiento) desde el \u00e1rea de Ganader\u00eda se elaborar\u00e1 un registro con la totalidad de los tambos existentes en el territorio cordob\u00e9s La serie de datos servir\u00e1, entre otras cuestiones, para definir de mejor manera las pol\u00edticas provinciales y acciones destinadas al apoyo y promoci\u00f3n del sector, al contar con informaci\u00f3n m\u00e1s precisa de la situaci\u00f3n a nivel general y particular. [&hellip;]<\/p>\n","protected":false},"author":2,"featured_media":2511,"comment_status":"closed","ping_status":"open","sticky":false,"template":"","format":"standard","meta":{"_acf_changed":false,"footnotes":""},"categories":[56],"tags":[],"class_list":["post-6024","post","type-post","status-publish","format-standard","has-post-thumbnail","hentry","category-infoganadero"],"acf":[],"yoast_head":"<!-- This site is optimized with the Yoast SEO plugin v27.4 - https:\/\/yoast.com\/product\/yoast-seo-wordpress\/ -->\n<title>C\u00f3rdoba: Firmaron convenios para avanzar en la registraci\u00f3n de tambos. | Proagro<\/title>\n<meta name=\"robots\" content=\"index, follow, max-snippet:-1, max-image-preview:large, max-video-preview:-1\" \/>\n<link rel=\"canonical\" href=\"https:\/\/proagrolab.com.ar\/en\/cordoba-firmaron-convenios-para-avanzar-en-la-registracion-de-tambos\/\" \/>\n<meta property=\"og:locale\" content=\"en_US\" \/>\n<meta property=\"og:type\" content=\"article\" \/>\n<meta property=\"og:title\" content=\"C\u00f3rdoba: Firmaron convenios para avanzar en la registraci\u00f3n de tambos. | Proagro\" \/>\n<meta property=\"og:description\" content=\"Esta ma\u00f1ana se llev\u00f3 a cabo la primera reuni\u00f3n del a\u00f1o de la Comisi\u00f3n Provincial de Sanidad Animal (Coprosa) en la Sala de Situaci\u00f3n del Centro C\u00edvico, convocada y coordinada por la Secretar\u00eda de Ganader\u00eda. En ese marco, el ministro de Agricultura, Ganader\u00eda y Alimentos, Juli\u00e1n L\u00f3pez, rubric\u00f3 convenios con los entes que se encargan de realizar los planes de vacunaci\u00f3n antiaftosa para que los mismos lleven adelante el cargado de una planilla con datos de todos los establecimientos lecheros de C\u00f3rdoba. Los profesionales y t\u00e9cnicos nucleados en estos entes regionales de vacunaci\u00f3n (56 en toda la provincia), al tiempo que desarrollen sus tareas en los rodeos deber\u00e1n llenar el mencionado documento, que ser\u00e1 suministrado por la cartera agropecuaria. Con los datos recogidos en las planillas (cantidad de cabezas, ubicaci\u00f3n y otros 70 \u00edtems que cubren aspectos t\u00e9cnicos de cada establecimiento) desde el \u00e1rea de Ganader\u00eda se elaborar\u00e1 un registro con la totalidad de los tambos existentes en el territorio cordob\u00e9s La serie de datos servir\u00e1, entre otras cuestiones, para definir de mejor manera las pol\u00edticas provinciales y acciones destinadas al apoyo y promoci\u00f3n del sector, al contar con informaci\u00f3n m\u00e1s precisa de la situaci\u00f3n a nivel general y particular. [&hellip;]\" \/>\n<meta property=\"og:url\" content=\"https:\/\/proagrolab.com.ar\/cordoba-firmaron-convenios-para-avanzar-en-la-registracion-de-tambos\/\" \/>\n<meta property=\"og:site_name\" content=\"Proagro\" \/>\n<meta property=\"article:publisher\" content=\"http:\/\/www.facebook.com\/proagrolab\" \/>\n<meta property=\"article:published_time\" content=\"2014-03-28T00:00:01+00:00\" \/>\n<meta property=\"article:modified_time\" content=\"2020-07-02T12:48:57+00:00\" \/>\n<meta property=\"og:image\" content=\"https:\/\/proagrolab.com.ar\/wp-content\/uploads\/2015\/01\/g_v1wu4wj9f__Lecheras-12.jpg\" \/>\n\t<meta property=\"og:image:width\" content=\"450\" \/>\n\t<meta property=\"og:image:height\" content=\"208\" \/>\n\t<meta property=\"og:image:type\" content=\"image\/jpeg\" \/>\n<meta name=\"author\" content=\"proagrolab\" \/>\n<meta name=\"twitter:card\" content=\"summary_large_image\" \/>\n<meta name=\"twitter:label1\" content=\"Written by\" \/>\n\t<meta name=\"twitter:data1\" content=\"proagrolab\" \/>\n\t<meta name=\"twitter:label2\" content=\"Est. reading time\" \/>\n\t<meta name=\"twitter:data2\" content=\"3 minutes\" \/>\n<script type=\"application\/ld+json\" class=\"yoast-schema-graph\">{\"@context\":\"https:\\\/\\\/schema.org\",\"@graph\":[{\"@type\":\"Article\",\"@id\":\"https:\\\/\\\/proagrolab.com.ar\\\/cordoba-firmaron-convenios-para-avanzar-en-la-registracion-de-tambos\\\/#article\",\"isPartOf\":{\"@id\":\"https:\\\/\\\/proagrolab.com.ar\\\/cordoba-firmaron-convenios-para-avanzar-en-la-registracion-de-tambos\\\/\"},\"author\":{\"name\":\"proagrolab\",\"@id\":\"https:\\\/\\\/proagrolab.com.ar\\\/#\\\/schema\\\/person\\\/38003ff90bf80381f71c7d922d207444\"},\"headline\":\"C\u00f3rdoba: Firmaron convenios para avanzar en la registraci\u00f3n de tambos.\",\"datePublished\":\"2014-03-28T00:00:01+00:00\",\"dateModified\":\"2020-07-02T12:48:57+00:00\",\"mainEntityOfPage\":{\"@id\":\"https:\\\/\\\/proagrolab.com.ar\\\/cordoba-firmaron-convenios-para-avanzar-en-la-registracion-de-tambos\\\/\"},\"wordCount\":528,\"publisher\":{\"@id\":\"https:\\\/\\\/proagrolab.com.ar\\\/#organization\"},\"image\":{\"@id\":\"https:\\\/\\\/proagrolab.com.ar\\\/cordoba-firmaron-convenios-para-avanzar-en-la-registracion-de-tambos\\\/#primaryimage\"},\"thumbnailUrl\":\"https:\\\/\\\/proagrolab.com.ar\\\/wp-content\\\/uploads\\\/2015\\\/01\\\/g_v1wu4wj9f__Lecheras-12.jpg\",\"articleSection\":[\"News\"],\"inLanguage\":\"en-US\"},{\"@type\":\"WebPage\",\"@id\":\"https:\\\/\\\/proagrolab.com.ar\\\/cordoba-firmaron-convenios-para-avanzar-en-la-registracion-de-tambos\\\/\",\"url\":\"https:\\\/\\\/proagrolab.com.ar\\\/cordoba-firmaron-convenios-para-avanzar-en-la-registracion-de-tambos\\\/\",\"name\":\"C\u00f3rdoba: Firmaron convenios para avanzar en la registraci\u00f3n de tambos. | Proagro\",\"isPartOf\":{\"@id\":\"https:\\\/\\\/proagrolab.com.ar\\\/#website\"},\"primaryImageOfPage\":{\"@id\":\"https:\\\/\\\/proagrolab.com.ar\\\/cordoba-firmaron-convenios-para-avanzar-en-la-registracion-de-tambos\\\/#primaryimage\"},\"image\":{\"@id\":\"https:\\\/\\\/proagrolab.com.ar\\\/cordoba-firmaron-convenios-para-avanzar-en-la-registracion-de-tambos\\\/#primaryimage\"},\"thumbnailUrl\":\"https:\\\/\\\/proagrolab.com.ar\\\/wp-content\\\/uploads\\\/2015\\\/01\\\/g_v1wu4wj9f__Lecheras-12.jpg\",\"datePublished\":\"2014-03-28T00:00:01+00:00\",\"dateModified\":\"2020-07-02T12:48:57+00:00\",\"breadcrumb\":{\"@id\":\"https:\\\/\\\/proagrolab.com.ar\\\/cordoba-firmaron-convenios-para-avanzar-en-la-registracion-de-tambos\\\/#breadcrumb\"},\"inLanguage\":\"en-US\",\"potentialAction\":[{\"@type\":\"ReadAction\",\"target\":[\"https:\\\/\\\/proagrolab.com.ar\\\/cordoba-firmaron-convenios-para-avanzar-en-la-registracion-de-tambos\\\/\"]}]},{\"@type\":\"ImageObject\",\"inLanguage\":\"en-US\",\"@id\":\"https:\\\/\\\/proagrolab.com.ar\\\/cordoba-firmaron-convenios-para-avanzar-en-la-registracion-de-tambos\\\/#primaryimage\",\"url\":\"https:\\\/\\\/proagrolab.com.ar\\\/wp-content\\\/uploads\\\/2015\\\/01\\\/g_v1wu4wj9f__Lecheras-12.jpg\",\"contentUrl\":\"https:\\\/\\\/proagrolab.com.ar\\\/wp-content\\\/uploads\\\/2015\\\/01\\\/g_v1wu4wj9f__Lecheras-12.jpg\",\"width\":450,\"height\":208},{\"@type\":\"BreadcrumbList\",\"@id\":\"https:\\\/\\\/proagrolab.com.ar\\\/cordoba-firmaron-convenios-para-avanzar-en-la-registracion-de-tambos\\\/#breadcrumb\",\"itemListElement\":[{\"@type\":\"ListItem\",\"position\":1,\"name\":\"Portada\",\"item\":\"https:\\\/\\\/proagrolab.com.ar\\\/\"},{\"@type\":\"ListItem\",\"position\":2,\"name\":\"C\u00f3rdoba: Firmaron convenios para avanzar en la registraci\u00f3n de tambos.\"}]},{\"@type\":\"WebSite\",\"@id\":\"https:\\\/\\\/proagrolab.com.ar\\\/#website\",\"url\":\"https:\\\/\\\/proagrolab.com.ar\\\/\",\"name\":\"Proagro Laboratorio Veterinario\",\"description\":\"Veterinary laboratory\",\"publisher\":{\"@id\":\"https:\\\/\\\/proagrolab.com.ar\\\/#organization\"},\"potentialAction\":[{\"@type\":\"SearchAction\",\"target\":{\"@type\":\"EntryPoint\",\"urlTemplate\":\"https:\\\/\\\/proagrolab.com.ar\\\/?s={search_term_string}\"},\"query-input\":{\"@type\":\"PropertyValueSpecification\",\"valueRequired\":true,\"valueName\":\"search_term_string\"}}],\"inLanguage\":\"en-US\"},{\"@type\":\"Organization\",\"@id\":\"https:\\\/\\\/proagrolab.com.ar\\\/#organization\",\"name\":\"Proagro\",\"url\":\"https:\\\/\\\/proagrolab.com.ar\\\/\",\"logo\":{\"@type\":\"ImageObject\",\"inLanguage\":\"en-US\",\"@id\":\"https:\\\/\\\/proagrolab.com.ar\\\/#\\\/schema\\\/logo\\\/image\\\/\",\"url\":\"https:\\\/\\\/proagrolab.com.ar\\\/wp-content\\\/uploads\\\/2020\\\/04\\\/logo-retina.png\",\"contentUrl\":\"https:\\\/\\\/proagrolab.com.ar\\\/wp-content\\\/uploads\\\/2020\\\/04\\\/logo-retina.png\",\"width\":478,\"height\":120,\"caption\":\"Proagro\"},\"image\":{\"@id\":\"https:\\\/\\\/proagrolab.com.ar\\\/#\\\/schema\\\/logo\\\/image\\\/\"},\"sameAs\":[\"http:\\\/\\\/www.facebook.com\\\/proagrolab\",\"https:\\\/\\\/www.instagram.com\\\/proagrolab\\\/\",\"https:\\\/\\\/www.linkedin.com\\\/company\\\/laboratorio-proagro-s-a\\\/\"]},{\"@type\":\"Person\",\"@id\":\"https:\\\/\\\/proagrolab.com.ar\\\/#\\\/schema\\\/person\\\/38003ff90bf80381f71c7d922d207444\",\"name\":\"proagrolab\"}]}<\/script>\n<!-- \/ Yoast SEO plugin. -->","yoast_head_json":{"title":"C\u00f3rdoba: Firmaron convenios para avanzar en la registraci\u00f3n de tambos. | Proagro","robots":{"index":"index","follow":"follow","max-snippet":"max-snippet:-1","max-image-preview":"max-image-preview:large","max-video-preview":"max-video-preview:-1"},"canonical":"https:\/\/proagrolab.com.ar\/en\/cordoba-firmaron-convenios-para-avanzar-en-la-registracion-de-tambos\/","og_locale":"en_US","og_type":"article","og_title":"C\u00f3rdoba: Firmaron convenios para avanzar en la registraci\u00f3n de tambos. | Proagro","og_description":"Esta ma\u00f1ana se llev\u00f3 a cabo la primera reuni\u00f3n del a\u00f1o de la Comisi\u00f3n Provincial de Sanidad Animal (Coprosa) en la Sala de Situaci\u00f3n del Centro C\u00edvico, convocada y coordinada por la Secretar\u00eda de Ganader\u00eda. En ese marco, el ministro de Agricultura, Ganader\u00eda y Alimentos, Juli\u00e1n L\u00f3pez, rubric\u00f3 convenios con los entes que se encargan de realizar los planes de vacunaci\u00f3n antiaftosa para que los mismos lleven adelante el cargado de una planilla con datos de todos los establecimientos lecheros de C\u00f3rdoba. Los profesionales y t\u00e9cnicos nucleados en estos entes regionales de vacunaci\u00f3n (56 en toda la provincia), al tiempo que desarrollen sus tareas en los rodeos deber\u00e1n llenar el mencionado documento, que ser\u00e1 suministrado por la cartera agropecuaria. Con los datos recogidos en las planillas (cantidad de cabezas, ubicaci\u00f3n y otros 70 \u00edtems que cubren aspectos t\u00e9cnicos de cada establecimiento) desde el \u00e1rea de Ganader\u00eda se elaborar\u00e1 un registro con la totalidad de los tambos existentes en el territorio cordob\u00e9s La serie de datos servir\u00e1, entre otras cuestiones, para definir de mejor manera las pol\u00edticas provinciales y acciones destinadas al apoyo y promoci\u00f3n del sector, al contar con informaci\u00f3n m\u00e1s precisa de la situaci\u00f3n a nivel general y particular. [&hellip;]","og_url":"https:\/\/proagrolab.com.ar\/cordoba-firmaron-convenios-para-avanzar-en-la-registracion-de-tambos\/","og_site_name":"Proagro","article_publisher":"http:\/\/www.facebook.com\/proagrolab","article_published_time":"2014-03-28T00:00:01+00:00","article_modified_time":"2020-07-02T12:48:57+00:00","og_image":[{"width":450,"height":208,"url":"https:\/\/proagrolab.com.ar\/wp-content\/uploads\/2015\/01\/g_v1wu4wj9f__Lecheras-12.jpg","type":"image\/jpeg"}],"author":"proagrolab","twitter_card":"summary_large_image","twitter_misc":{"Written by":"proagrolab","Est. reading time":"3 minutes"},"schema":{"@context":"https:\/\/schema.org","@graph":[{"@type":"Article","@id":"https:\/\/proagrolab.com.ar\/cordoba-firmaron-convenios-para-avanzar-en-la-registracion-de-tambos\/#article","isPartOf":{"@id":"https:\/\/proagrolab.com.ar\/cordoba-firmaron-convenios-para-avanzar-en-la-registracion-de-tambos\/"},"author":{"name":"proagrolab","@id":"https:\/\/proagrolab.com.ar\/#\/schema\/person\/38003ff90bf80381f71c7d922d207444"},"headline":"C\u00f3rdoba: Firmaron convenios para avanzar en la registraci\u00f3n de tambos.","datePublished":"2014-03-28T00:00:01+00:00","dateModified":"2020-07-02T12:48:57+00:00","mainEntityOfPage":{"@id":"https:\/\/proagrolab.com.ar\/cordoba-firmaron-convenios-para-avanzar-en-la-registracion-de-tambos\/"},"wordCount":528,"publisher":{"@id":"https:\/\/proagrolab.com.ar\/#organization"},"image":{"@id":"https:\/\/proagrolab.com.ar\/cordoba-firmaron-convenios-para-avanzar-en-la-registracion-de-tambos\/#primaryimage"},"thumbnailUrl":"https:\/\/proagrolab.com.ar\/wp-content\/uploads\/2015\/01\/g_v1wu4wj9f__Lecheras-12.jpg","articleSection":["News"],"inLanguage":"en-US"},{"@type":"WebPage","@id":"https:\/\/proagrolab.com.ar\/cordoba-firmaron-convenios-para-avanzar-en-la-registracion-de-tambos\/","url":"https:\/\/proagrolab.com.ar\/cordoba-firmaron-convenios-para-avanzar-en-la-registracion-de-tambos\/","name":"C\u00f3rdoba: Firmaron convenios para avanzar en la registraci\u00f3n de tambos. | Proagro","isPartOf":{"@id":"https:\/\/proagrolab.com.ar\/#website"},"primaryImageOfPage":{"@id":"https:\/\/proagrolab.com.ar\/cordoba-firmaron-convenios-para-avanzar-en-la-registracion-de-tambos\/#primaryimage"},"image":{"@id":"https:\/\/proagrolab.com.ar\/cordoba-firmaron-convenios-para-avanzar-en-la-registracion-de-tambos\/#primaryimage"},"thumbnailUrl":"https:\/\/proagrolab.com.ar\/wp-content\/uploads\/2015\/01\/g_v1wu4wj9f__Lecheras-12.jpg","datePublished":"2014-03-28T00:00:01+00:00","dateModified":"2020-07-02T12:48:57+00:00","breadcrumb":{"@id":"https:\/\/proagrolab.com.ar\/cordoba-firmaron-convenios-para-avanzar-en-la-registracion-de-tambos\/#breadcrumb"},"inLanguage":"en-US","potentialAction":[{"@type":"ReadAction","target":["https:\/\/proagrolab.com.ar\/cordoba-firmaron-convenios-para-avanzar-en-la-registracion-de-tambos\/"]}]},{"@type":"ImageObject","inLanguage":"en-US","@id":"https:\/\/proagrolab.com.ar\/cordoba-firmaron-convenios-para-avanzar-en-la-registracion-de-tambos\/#primaryimage","url":"https:\/\/proagrolab.com.ar\/wp-content\/uploads\/2015\/01\/g_v1wu4wj9f__Lecheras-12.jpg","contentUrl":"https:\/\/proagrolab.com.ar\/wp-content\/uploads\/2015\/01\/g_v1wu4wj9f__Lecheras-12.jpg","width":450,"height":208},{"@type":"BreadcrumbList","@id":"https:\/\/proagrolab.com.ar\/cordoba-firmaron-convenios-para-avanzar-en-la-registracion-de-tambos\/#breadcrumb","itemListElement":[{"@type":"ListItem","position":1,"name":"Portada","item":"https:\/\/proagrolab.com.ar\/"},{"@type":"ListItem","position":2,"name":"C\u00f3rdoba: Firmaron convenios para avanzar en la registraci\u00f3n de tambos."}]},{"@type":"WebSite","@id":"https:\/\/proagrolab.com.ar\/#website","url":"https:\/\/proagrolab.com.ar\/","name":"Proagro Laboratorio Veterinario","description":"Veterinary laboratory","publisher":{"@id":"https:\/\/proagrolab.com.ar\/#organization"},"potentialAction":[{"@type":"SearchAction","target":{"@type":"EntryPoint","urlTemplate":"https:\/\/proagrolab.com.ar\/?s={search_term_string}"},"query-input":{"@type":"PropertyValueSpecification","valueRequired":true,"valueName":"search_term_string"}}],"inLanguage":"en-US"},{"@type":"Organization","@id":"https:\/\/proagrolab.com.ar\/#organization","name":"Proagro","url":"https:\/\/proagrolab.com.ar\/","logo":{"@type":"ImageObject","inLanguage":"en-US","@id":"https:\/\/proagrolab.com.ar\/#\/schema\/logo\/image\/","url":"https:\/\/proagrolab.com.ar\/wp-content\/uploads\/2020\/04\/logo-retina.png","contentUrl":"https:\/\/proagrolab.com.ar\/wp-content\/uploads\/2020\/04\/logo-retina.png","width":478,"height":120,"caption":"Proagro"},"image":{"@id":"https:\/\/proagrolab.com.ar\/#\/schema\/logo\/image\/"},"sameAs":["http:\/\/www.facebook.com\/proagrolab","https:\/\/www.instagram.com\/proagrolab\/","https:\/\/www.linkedin.com\/company\/laboratorio-proagro-s-a\/"]},{"@type":"Person","@id":"https:\/\/proagrolab.com.ar\/#\/schema\/person\/38003ff90bf80381f71c7d922d207444","name":"proagrolab"}]}},"_links":{"self":[{"href":"https:\/\/proagrolab.com.ar\/en\/wp-json\/wp\/v2\/posts\/6024","targetHints":{"allow":["GET"]}}],"collection":[{"href":"https:\/\/proagrolab.com.ar\/en\/wp-json\/wp\/v2\/posts"}],"about":[{"href":"https:\/\/proagrolab.com.ar\/en\/wp-json\/wp\/v2\/types\/post"}],"author":[{"embeddable":true,"href":"https:\/\/proagrolab.com.ar\/en\/wp-json\/wp\/v2\/users\/2"}],"replies":[{"embeddable":true,"href":"https:\/\/proagrolab.com.ar\/en\/wp-json\/wp\/v2\/comments?post=6024"}],"version-history":[{"count":1,"href":"https:\/\/proagrolab.com.ar\/en\/wp-json\/wp\/v2\/posts\/6024\/revisions"}],"predecessor-version":[{"id":14612,"href":"https:\/\/proagrolab.com.ar\/en\/wp-json\/wp\/v2\/posts\/6024\/revisions\/14612"}],"wp:featuredmedia":[{"embeddable":true,"href":"https:\/\/proagrolab.com.ar\/en\/wp-json\/wp\/v2\/media\/2511"}],"wp:attachment":[{"href":"https:\/\/proagrolab.com.ar\/en\/wp-json\/wp\/v2\/media?parent=6024"}],"wp:term":[{"taxonomy":"category","embeddable":true,"href":"https:\/\/proagrolab.com.ar\/en\/wp-json\/wp\/v2\/categories?post=6024"},{"taxonomy":"post_tag","embeddable":true,"href":"https:\/\/proagrolab.com.ar\/en\/wp-json\/wp\/v2\/tags?post=6024"}],"curies":[{"name":"wp","href":"https:\/\/api.w.org\/{rel}","templated":true}]}}