{"id":6023,"date":"2014-03-28T00:00:01","date_gmt":"2014-03-28T00:00:01","guid":{"rendered":"https:\/\/proagrolab.com.ar\/paraguay-preve-elevar-para-el-2018-a-600-mil-toneladas-la-exportacion-de-carne\/"},"modified":"2020-07-02T12:48:57","modified_gmt":"2020-07-02T12:48:57","slug":"paraguay-preve-elevar-para-el-2018-a-600-mil-toneladas-la-exportacion-de-carne","status":"publish","type":"post","link":"https:\/\/proagrolab.com.ar\/en\/paraguay-preve-elevar-para-el-2018-a-600-mil-toneladas-la-exportacion-de-carne\/","title":{"rendered":"Paraguay prev\u00e9 elevar para el 2018 a 600 mil toneladas la exportaci\u00f3n de carne."},"content":{"rendered":"<p class=\"qtranxs-available-languages-message qtranxs-available-languages-message-en\"> <\/p><p>Un nuevo plan del sector pecuario en Paraguay apunta a elevar para el 2018 a 600 mil toneladas las exportaciones de productos y subproductos pecuarios, que actualmente llegan a 325 mil toneladas por a\u00f1o, seg\u00fan registros del Departamento de Agricultura de los Estados Unidos (USDA, siglas en ingl\u00e9s). Asimismo se\u00f1al\u00f3 el titular de la Asociaci\u00f3n Rural del Paraguay (ARP), Germ\u00e1n Ruiz.<\/p>\n<p>La campa\u00f1a de vacunaci\u00f3n antiaftosa, cerrada el d\u00eda 14 de marzo, registr\u00f3 14.225.828 animales bovinos pertenecientes a 145.567 propietarios, un crecimiento de casi 6,5% ante los datos anteriores, seg\u00fan se inform\u00f3 recientemente en el Servicio Nacional de Calidad y Salud Animal (Senacsa).<\/p>\n<p>As\u00ed el presidente de la Asociaci\u00f3n Rural del Paraguay (ARP), Dr. Germ\u00e1n Ruiz, anunci\u00f3 que est\u00e1n trabajando un plan para impulsar un crecimiento m\u00e1s acelerado del hato ganadero.<\/p>\n<p>Idoyaga anunci\u00f3 adem\u00e1s que para este a\u00f1o tienen programadas dos campa\u00f1as m\u00e1s de vacunaci\u00f3n, la pr\u00f3xima a partir del 31 de este mes hasta el 30 de abril, para terneros y desmamantes, que podr\u00e1n ser registradas hasta el 30 de mayo.<\/p>\n<p>La siguiente ser\u00e1 para hacienda general y ser\u00e1 del 30 de junio al 15 de agosto, con registro hasta el 31 de agosto.<\/p>\n<p>Fuente: Carnetec, 24 de marzo.<br \/><\/p>","protected":false},"excerpt":{"rendered":"<p>Un nuevo plan del sector pecuario en Paraguay apunta a elevar para el 2018 a 600 mil toneladas las exportaciones de productos y subproductos pecuarios, que actualmente llegan a 325 mil toneladas por a\u00f1o, seg\u00fan registros del Departamento de Agricultura de los Estados Unidos (USDA, siglas en ingl\u00e9s). Asimismo se\u00f1al\u00f3 el titular de la Asociaci\u00f3n Rural del Paraguay (ARP), Germ\u00e1n Ruiz. La campa\u00f1a de vacunaci\u00f3n antiaftosa, cerrada el d\u00eda 14 de marzo, registr\u00f3 14.225.828 animales bovinos pertenecientes a 145.567 propietarios, un crecimiento de casi 6,5% ante los datos anteriores, seg\u00fan se inform\u00f3 recientemente en el Servicio Nacional de Calidad y Salud Animal (Senacsa). As\u00ed el presidente de la Asociaci\u00f3n Rural del Paraguay (ARP), Dr. Germ\u00e1n Ruiz, anunci\u00f3 que est\u00e1n trabajando un plan para impulsar un crecimiento m\u00e1s acelerado del hato ganadero. Idoyaga anunci\u00f3 adem\u00e1s que para este a\u00f1o tienen programadas dos campa\u00f1as m\u00e1s de vacunaci\u00f3n, la pr\u00f3xima a partir del 31 de este mes hasta el 30 de abril, para terneros y desmamantes, que podr\u00e1n ser registradas hasta el 30 de mayo. La siguiente ser\u00e1 para hacienda general y ser\u00e1 del 30 de junio al 15 de agosto, con registro hasta el 31 de agosto. Fuente: Carnetec, 24 de marzo.<\/p>\n","protected":false},"author":2,"featured_media":2510,"comment_status":"closed","ping_status":"open","sticky":false,"template":"","format":"standard","meta":{"_acf_changed":false,"footnotes":""},"categories":[56],"tags":[],"class_list":["post-6023","post","type-post","status-publish","format-standard","has-post-thumbnail","hentry","category-infoganadero"],"acf":[],"yoast_head":"<!-- This site is optimized with the Yoast SEO plugin v27.4 - https:\/\/yoast.com\/product\/yoast-seo-wordpress\/ -->\n<title>Paraguay prev\u00e9 elevar para el 2018 a 600 mil toneladas la exportaci\u00f3n de carne. | Proagro<\/title>\n<meta name=\"robots\" content=\"index, follow, max-snippet:-1, max-image-preview:large, max-video-preview:-1\" \/>\n<link rel=\"canonical\" href=\"https:\/\/proagrolab.com.ar\/en\/paraguay-preve-elevar-para-el-2018-a-600-mil-toneladas-la-exportacion-de-carne\/\" \/>\n<meta property=\"og:locale\" content=\"en_US\" \/>\n<meta property=\"og:type\" content=\"article\" \/>\n<meta property=\"og:title\" content=\"Paraguay prev\u00e9 elevar para el 2018 a 600 mil toneladas la exportaci\u00f3n de carne. | Proagro\" \/>\n<meta property=\"og:description\" content=\"Un nuevo plan del sector pecuario en Paraguay apunta a elevar para el 2018 a 600 mil toneladas las exportaciones de productos y subproductos pecuarios, que actualmente llegan a 325 mil toneladas por a\u00f1o, seg\u00fan registros del Departamento de Agricultura de los Estados Unidos (USDA, siglas en ingl\u00e9s). Asimismo se\u00f1al\u00f3 el titular de la Asociaci\u00f3n Rural del Paraguay (ARP), Germ\u00e1n Ruiz. La campa\u00f1a de vacunaci\u00f3n antiaftosa, cerrada el d\u00eda 14 de marzo, registr\u00f3 14.225.828 animales bovinos pertenecientes a 145.567 propietarios, un crecimiento de casi 6,5% ante los datos anteriores, seg\u00fan se inform\u00f3 recientemente en el Servicio Nacional de Calidad y Salud Animal (Senacsa). As\u00ed el presidente de la Asociaci\u00f3n Rural del Paraguay (ARP), Dr. Germ\u00e1n Ruiz, anunci\u00f3 que est\u00e1n trabajando un plan para impulsar un crecimiento m\u00e1s acelerado del hato ganadero. Idoyaga anunci\u00f3 adem\u00e1s que para este a\u00f1o tienen programadas dos campa\u00f1as m\u00e1s de vacunaci\u00f3n, la pr\u00f3xima a partir del 31 de este mes hasta el 30 de abril, para terneros y desmamantes, que podr\u00e1n ser registradas hasta el 30 de mayo. La siguiente ser\u00e1 para hacienda general y ser\u00e1 del 30 de junio al 15 de agosto, con registro hasta el 31 de agosto. Fuente: Carnetec, 24 de marzo.\" \/>\n<meta property=\"og:url\" content=\"https:\/\/proagrolab.com.ar\/paraguay-preve-elevar-para-el-2018-a-600-mil-toneladas-la-exportacion-de-carne\/\" \/>\n<meta property=\"og:site_name\" content=\"Proagro\" \/>\n<meta property=\"article:publisher\" content=\"http:\/\/www.facebook.com\/proagrolab\" \/>\n<meta property=\"article:published_time\" content=\"2014-03-28T00:00:01+00:00\" \/>\n<meta property=\"article:modified_time\" content=\"2020-07-02T12:48:57+00:00\" \/>\n<meta property=\"og:image\" content=\"https:\/\/proagrolab.com.ar\/wp-content\/uploads\/2015\/01\/g_ln7x5tdmo__Frigorifico-4.jpg\" \/>\n\t<meta property=\"og:image:width\" content=\"450\" \/>\n\t<meta property=\"og:image:height\" content=\"208\" \/>\n\t<meta property=\"og:image:type\" content=\"image\/jpeg\" \/>\n<meta name=\"author\" content=\"proagrolab\" \/>\n<meta name=\"twitter:card\" content=\"summary_large_image\" \/>\n<meta name=\"twitter:label1\" content=\"Written by\" \/>\n\t<meta name=\"twitter:data1\" content=\"proagrolab\" \/>\n\t<meta name=\"twitter:label2\" content=\"Est. reading time\" \/>\n\t<meta name=\"twitter:data2\" content=\"1 minute\" \/>\n<script type=\"application\/ld+json\" class=\"yoast-schema-graph\">{\"@context\":\"https:\\\/\\\/schema.org\",\"@graph\":[{\"@type\":\"Article\",\"@id\":\"https:\\\/\\\/proagrolab.com.ar\\\/paraguay-preve-elevar-para-el-2018-a-600-mil-toneladas-la-exportacion-de-carne\\\/#article\",\"isPartOf\":{\"@id\":\"https:\\\/\\\/proagrolab.com.ar\\\/paraguay-preve-elevar-para-el-2018-a-600-mil-toneladas-la-exportacion-de-carne\\\/\"},\"author\":{\"name\":\"proagrolab\",\"@id\":\"https:\\\/\\\/proagrolab.com.ar\\\/#\\\/schema\\\/person\\\/38003ff90bf80381f71c7d922d207444\"},\"headline\":\"Paraguay prev\u00e9 elevar para el 2018 a 600 mil toneladas la exportaci\u00f3n de carne.\",\"datePublished\":\"2014-03-28T00:00:01+00:00\",\"dateModified\":\"2020-07-02T12:48:57+00:00\",\"mainEntityOfPage\":{\"@id\":\"https:\\\/\\\/proagrolab.com.ar\\\/paraguay-preve-elevar-para-el-2018-a-600-mil-toneladas-la-exportacion-de-carne\\\/\"},\"wordCount\":220,\"publisher\":{\"@id\":\"https:\\\/\\\/proagrolab.com.ar\\\/#organization\"},\"image\":{\"@id\":\"https:\\\/\\\/proagrolab.com.ar\\\/paraguay-preve-elevar-para-el-2018-a-600-mil-toneladas-la-exportacion-de-carne\\\/#primaryimage\"},\"thumbnailUrl\":\"https:\\\/\\\/proagrolab.com.ar\\\/wp-content\\\/uploads\\\/2015\\\/01\\\/g_ln7x5tdmo__Frigorifico-4.jpg\",\"articleSection\":[\"News\"],\"inLanguage\":\"en-US\"},{\"@type\":\"WebPage\",\"@id\":\"https:\\\/\\\/proagrolab.com.ar\\\/paraguay-preve-elevar-para-el-2018-a-600-mil-toneladas-la-exportacion-de-carne\\\/\",\"url\":\"https:\\\/\\\/proagrolab.com.ar\\\/paraguay-preve-elevar-para-el-2018-a-600-mil-toneladas-la-exportacion-de-carne\\\/\",\"name\":\"Paraguay prev\u00e9 elevar para el 2018 a 600 mil toneladas la exportaci\u00f3n de carne. | Proagro\",\"isPartOf\":{\"@id\":\"https:\\\/\\\/proagrolab.com.ar\\\/#website\"},\"primaryImageOfPage\":{\"@id\":\"https:\\\/\\\/proagrolab.com.ar\\\/paraguay-preve-elevar-para-el-2018-a-600-mil-toneladas-la-exportacion-de-carne\\\/#primaryimage\"},\"image\":{\"@id\":\"https:\\\/\\\/proagrolab.com.ar\\\/paraguay-preve-elevar-para-el-2018-a-600-mil-toneladas-la-exportacion-de-carne\\\/#primaryimage\"},\"thumbnailUrl\":\"https:\\\/\\\/proagrolab.com.ar\\\/wp-content\\\/uploads\\\/2015\\\/01\\\/g_ln7x5tdmo__Frigorifico-4.jpg\",\"datePublished\":\"2014-03-28T00:00:01+00:00\",\"dateModified\":\"2020-07-02T12:48:57+00:00\",\"breadcrumb\":{\"@id\":\"https:\\\/\\\/proagrolab.com.ar\\\/paraguay-preve-elevar-para-el-2018-a-600-mil-toneladas-la-exportacion-de-carne\\\/#breadcrumb\"},\"inLanguage\":\"en-US\",\"potentialAction\":[{\"@type\":\"ReadAction\",\"target\":[\"https:\\\/\\\/proagrolab.com.ar\\\/paraguay-preve-elevar-para-el-2018-a-600-mil-toneladas-la-exportacion-de-carne\\\/\"]}]},{\"@type\":\"ImageObject\",\"inLanguage\":\"en-US\",\"@id\":\"https:\\\/\\\/proagrolab.com.ar\\\/paraguay-preve-elevar-para-el-2018-a-600-mil-toneladas-la-exportacion-de-carne\\\/#primaryimage\",\"url\":\"https:\\\/\\\/proagrolab.com.ar\\\/wp-content\\\/uploads\\\/2015\\\/01\\\/g_ln7x5tdmo__Frigorifico-4.jpg\",\"contentUrl\":\"https:\\\/\\\/proagrolab.com.ar\\\/wp-content\\\/uploads\\\/2015\\\/01\\\/g_ln7x5tdmo__Frigorifico-4.jpg\",\"width\":450,\"height\":208},{\"@type\":\"BreadcrumbList\",\"@id\":\"https:\\\/\\\/proagrolab.com.ar\\\/paraguay-preve-elevar-para-el-2018-a-600-mil-toneladas-la-exportacion-de-carne\\\/#breadcrumb\",\"itemListElement\":[{\"@type\":\"ListItem\",\"position\":1,\"name\":\"Portada\",\"item\":\"https:\\\/\\\/proagrolab.com.ar\\\/\"},{\"@type\":\"ListItem\",\"position\":2,\"name\":\"Paraguay prev\u00e9 elevar para el 2018 a 600 mil toneladas la exportaci\u00f3n de carne.\"}]},{\"@type\":\"WebSite\",\"@id\":\"https:\\\/\\\/proagrolab.com.ar\\\/#website\",\"url\":\"https:\\\/\\\/proagrolab.com.ar\\\/\",\"name\":\"Proagro Laboratorio Veterinario\",\"description\":\"Veterinary laboratory\",\"publisher\":{\"@id\":\"https:\\\/\\\/proagrolab.com.ar\\\/#organization\"},\"potentialAction\":[{\"@type\":\"SearchAction\",\"target\":{\"@type\":\"EntryPoint\",\"urlTemplate\":\"https:\\\/\\\/proagrolab.com.ar\\\/?s={search_term_string}\"},\"query-input\":{\"@type\":\"PropertyValueSpecification\",\"valueRequired\":true,\"valueName\":\"search_term_string\"}}],\"inLanguage\":\"en-US\"},{\"@type\":\"Organization\",\"@id\":\"https:\\\/\\\/proagrolab.com.ar\\\/#organization\",\"name\":\"Proagro\",\"url\":\"https:\\\/\\\/proagrolab.com.ar\\\/\",\"logo\":{\"@type\":\"ImageObject\",\"inLanguage\":\"en-US\",\"@id\":\"https:\\\/\\\/proagrolab.com.ar\\\/#\\\/schema\\\/logo\\\/image\\\/\",\"url\":\"https:\\\/\\\/proagrolab.com.ar\\\/wp-content\\\/uploads\\\/2020\\\/04\\\/logo-retina.png\",\"contentUrl\":\"https:\\\/\\\/proagrolab.com.ar\\\/wp-content\\\/uploads\\\/2020\\\/04\\\/logo-retina.png\",\"width\":478,\"height\":120,\"caption\":\"Proagro\"},\"image\":{\"@id\":\"https:\\\/\\\/proagrolab.com.ar\\\/#\\\/schema\\\/logo\\\/image\\\/\"},\"sameAs\":[\"http:\\\/\\\/www.facebook.com\\\/proagrolab\",\"https:\\\/\\\/www.instagram.com\\\/proagrolab\\\/\",\"https:\\\/\\\/www.linkedin.com\\\/company\\\/laboratorio-proagro-s-a\\\/\"]},{\"@type\":\"Person\",\"@id\":\"https:\\\/\\\/proagrolab.com.ar\\\/#\\\/schema\\\/person\\\/38003ff90bf80381f71c7d922d207444\",\"name\":\"proagrolab\"}]}<\/script>\n<!-- \/ Yoast SEO plugin. -->","yoast_head_json":{"title":"Paraguay prev\u00e9 elevar para el 2018 a 600 mil toneladas la exportaci\u00f3n de carne. | Proagro","robots":{"index":"index","follow":"follow","max-snippet":"max-snippet:-1","max-image-preview":"max-image-preview:large","max-video-preview":"max-video-preview:-1"},"canonical":"https:\/\/proagrolab.com.ar\/en\/paraguay-preve-elevar-para-el-2018-a-600-mil-toneladas-la-exportacion-de-carne\/","og_locale":"en_US","og_type":"article","og_title":"Paraguay prev\u00e9 elevar para el 2018 a 600 mil toneladas la exportaci\u00f3n de carne. | Proagro","og_description":"Un nuevo plan del sector pecuario en Paraguay apunta a elevar para el 2018 a 600 mil toneladas las exportaciones de productos y subproductos pecuarios, que actualmente llegan a 325 mil toneladas por a\u00f1o, seg\u00fan registros del Departamento de Agricultura de los Estados Unidos (USDA, siglas en ingl\u00e9s). Asimismo se\u00f1al\u00f3 el titular de la Asociaci\u00f3n Rural del Paraguay (ARP), Germ\u00e1n Ruiz. La campa\u00f1a de vacunaci\u00f3n antiaftosa, cerrada el d\u00eda 14 de marzo, registr\u00f3 14.225.828 animales bovinos pertenecientes a 145.567 propietarios, un crecimiento de casi 6,5% ante los datos anteriores, seg\u00fan se inform\u00f3 recientemente en el Servicio Nacional de Calidad y Salud Animal (Senacsa). As\u00ed el presidente de la Asociaci\u00f3n Rural del Paraguay (ARP), Dr. Germ\u00e1n Ruiz, anunci\u00f3 que est\u00e1n trabajando un plan para impulsar un crecimiento m\u00e1s acelerado del hato ganadero. Idoyaga anunci\u00f3 adem\u00e1s que para este a\u00f1o tienen programadas dos campa\u00f1as m\u00e1s de vacunaci\u00f3n, la pr\u00f3xima a partir del 31 de este mes hasta el 30 de abril, para terneros y desmamantes, que podr\u00e1n ser registradas hasta el 30 de mayo. La siguiente ser\u00e1 para hacienda general y ser\u00e1 del 30 de junio al 15 de agosto, con registro hasta el 31 de agosto. Fuente: Carnetec, 24 de marzo.","og_url":"https:\/\/proagrolab.com.ar\/paraguay-preve-elevar-para-el-2018-a-600-mil-toneladas-la-exportacion-de-carne\/","og_site_name":"Proagro","article_publisher":"http:\/\/www.facebook.com\/proagrolab","article_published_time":"2014-03-28T00:00:01+00:00","article_modified_time":"2020-07-02T12:48:57+00:00","og_image":[{"width":450,"height":208,"url":"https:\/\/proagrolab.com.ar\/wp-content\/uploads\/2015\/01\/g_ln7x5tdmo__Frigorifico-4.jpg","type":"image\/jpeg"}],"author":"proagrolab","twitter_card":"summary_large_image","twitter_misc":{"Written by":"proagrolab","Est. reading time":"1 minute"},"schema":{"@context":"https:\/\/schema.org","@graph":[{"@type":"Article","@id":"https:\/\/proagrolab.com.ar\/paraguay-preve-elevar-para-el-2018-a-600-mil-toneladas-la-exportacion-de-carne\/#article","isPartOf":{"@id":"https:\/\/proagrolab.com.ar\/paraguay-preve-elevar-para-el-2018-a-600-mil-toneladas-la-exportacion-de-carne\/"},"author":{"name":"proagrolab","@id":"https:\/\/proagrolab.com.ar\/#\/schema\/person\/38003ff90bf80381f71c7d922d207444"},"headline":"Paraguay prev\u00e9 elevar para el 2018 a 600 mil toneladas la exportaci\u00f3n de carne.","datePublished":"2014-03-28T00:00:01+00:00","dateModified":"2020-07-02T12:48:57+00:00","mainEntityOfPage":{"@id":"https:\/\/proagrolab.com.ar\/paraguay-preve-elevar-para-el-2018-a-600-mil-toneladas-la-exportacion-de-carne\/"},"wordCount":220,"publisher":{"@id":"https:\/\/proagrolab.com.ar\/#organization"},"image":{"@id":"https:\/\/proagrolab.com.ar\/paraguay-preve-elevar-para-el-2018-a-600-mil-toneladas-la-exportacion-de-carne\/#primaryimage"},"thumbnailUrl":"https:\/\/proagrolab.com.ar\/wp-content\/uploads\/2015\/01\/g_ln7x5tdmo__Frigorifico-4.jpg","articleSection":["News"],"inLanguage":"en-US"},{"@type":"WebPage","@id":"https:\/\/proagrolab.com.ar\/paraguay-preve-elevar-para-el-2018-a-600-mil-toneladas-la-exportacion-de-carne\/","url":"https:\/\/proagrolab.com.ar\/paraguay-preve-elevar-para-el-2018-a-600-mil-toneladas-la-exportacion-de-carne\/","name":"Paraguay prev\u00e9 elevar para el 2018 a 600 mil toneladas la exportaci\u00f3n de carne. | Proagro","isPartOf":{"@id":"https:\/\/proagrolab.com.ar\/#website"},"primaryImageOfPage":{"@id":"https:\/\/proagrolab.com.ar\/paraguay-preve-elevar-para-el-2018-a-600-mil-toneladas-la-exportacion-de-carne\/#primaryimage"},"image":{"@id":"https:\/\/proagrolab.com.ar\/paraguay-preve-elevar-para-el-2018-a-600-mil-toneladas-la-exportacion-de-carne\/#primaryimage"},"thumbnailUrl":"https:\/\/proagrolab.com.ar\/wp-content\/uploads\/2015\/01\/g_ln7x5tdmo__Frigorifico-4.jpg","datePublished":"2014-03-28T00:00:01+00:00","dateModified":"2020-07-02T12:48:57+00:00","breadcrumb":{"@id":"https:\/\/proagrolab.com.ar\/paraguay-preve-elevar-para-el-2018-a-600-mil-toneladas-la-exportacion-de-carne\/#breadcrumb"},"inLanguage":"en-US","potentialAction":[{"@type":"ReadAction","target":["https:\/\/proagrolab.com.ar\/paraguay-preve-elevar-para-el-2018-a-600-mil-toneladas-la-exportacion-de-carne\/"]}]},{"@type":"ImageObject","inLanguage":"en-US","@id":"https:\/\/proagrolab.com.ar\/paraguay-preve-elevar-para-el-2018-a-600-mil-toneladas-la-exportacion-de-carne\/#primaryimage","url":"https:\/\/proagrolab.com.ar\/wp-content\/uploads\/2015\/01\/g_ln7x5tdmo__Frigorifico-4.jpg","contentUrl":"https:\/\/proagrolab.com.ar\/wp-content\/uploads\/2015\/01\/g_ln7x5tdmo__Frigorifico-4.jpg","width":450,"height":208},{"@type":"BreadcrumbList","@id":"https:\/\/proagrolab.com.ar\/paraguay-preve-elevar-para-el-2018-a-600-mil-toneladas-la-exportacion-de-carne\/#breadcrumb","itemListElement":[{"@type":"ListItem","position":1,"name":"Portada","item":"https:\/\/proagrolab.com.ar\/"},{"@type":"ListItem","position":2,"name":"Paraguay prev\u00e9 elevar para el 2018 a 600 mil toneladas la exportaci\u00f3n de carne."}]},{"@type":"WebSite","@id":"https:\/\/proagrolab.com.ar\/#website","url":"https:\/\/proagrolab.com.ar\/","name":"Proagro Laboratorio Veterinario","description":"Veterinary laboratory","publisher":{"@id":"https:\/\/proagrolab.com.ar\/#organization"},"potentialAction":[{"@type":"SearchAction","target":{"@type":"EntryPoint","urlTemplate":"https:\/\/proagrolab.com.ar\/?s={search_term_string}"},"query-input":{"@type":"PropertyValueSpecification","valueRequired":true,"valueName":"search_term_string"}}],"inLanguage":"en-US"},{"@type":"Organization","@id":"https:\/\/proagrolab.com.ar\/#organization","name":"Proagro","url":"https:\/\/proagrolab.com.ar\/","logo":{"@type":"ImageObject","inLanguage":"en-US","@id":"https:\/\/proagrolab.com.ar\/#\/schema\/logo\/image\/","url":"https:\/\/proagrolab.com.ar\/wp-content\/uploads\/2020\/04\/logo-retina.png","contentUrl":"https:\/\/proagrolab.com.ar\/wp-content\/uploads\/2020\/04\/logo-retina.png","width":478,"height":120,"caption":"Proagro"},"image":{"@id":"https:\/\/proagrolab.com.ar\/#\/schema\/logo\/image\/"},"sameAs":["http:\/\/www.facebook.com\/proagrolab","https:\/\/www.instagram.com\/proagrolab\/","https:\/\/www.linkedin.com\/company\/laboratorio-proagro-s-a\/"]},{"@type":"Person","@id":"https:\/\/proagrolab.com.ar\/#\/schema\/person\/38003ff90bf80381f71c7d922d207444","name":"proagrolab"}]}},"_links":{"self":[{"href":"https:\/\/proagrolab.com.ar\/en\/wp-json\/wp\/v2\/posts\/6023","targetHints":{"allow":["GET"]}}],"collection":[{"href":"https:\/\/proagrolab.com.ar\/en\/wp-json\/wp\/v2\/posts"}],"about":[{"href":"https:\/\/proagrolab.com.ar\/en\/wp-json\/wp\/v2\/types\/post"}],"author":[{"embeddable":true,"href":"https:\/\/proagrolab.com.ar\/en\/wp-json\/wp\/v2\/users\/2"}],"replies":[{"embeddable":true,"href":"https:\/\/proagrolab.com.ar\/en\/wp-json\/wp\/v2\/comments?post=6023"}],"version-history":[{"count":1,"href":"https:\/\/proagrolab.com.ar\/en\/wp-json\/wp\/v2\/posts\/6023\/revisions"}],"predecessor-version":[{"id":14611,"href":"https:\/\/proagrolab.com.ar\/en\/wp-json\/wp\/v2\/posts\/6023\/revisions\/14611"}],"wp:featuredmedia":[{"embeddable":true,"href":"https:\/\/proagrolab.com.ar\/en\/wp-json\/wp\/v2\/media\/2510"}],"wp:attachment":[{"href":"https:\/\/proagrolab.com.ar\/en\/wp-json\/wp\/v2\/media?parent=6023"}],"wp:term":[{"taxonomy":"category","embeddable":true,"href":"https:\/\/proagrolab.com.ar\/en\/wp-json\/wp\/v2\/categories?post=6023"},{"taxonomy":"post_tag","embeddable":true,"href":"https:\/\/proagrolab.com.ar\/en\/wp-json\/wp\/v2\/tags?post=6023"}],"curies":[{"name":"wp","href":"https:\/\/api.w.org\/{rel}","templated":true}]}}