{"id":6021,"date":"2014-03-27T00:00:01","date_gmt":"2014-03-27T00:00:01","guid":{"rendered":"https:\/\/proagrolab.com.ar\/uruguay-coloca-el-primer-embarque-de-carne-ovina-en-estados-unidos\/"},"modified":"2020-07-02T12:48:58","modified_gmt":"2020-07-02T12:48:58","slug":"uruguay-coloca-el-primer-embarque-de-carne-ovina-en-estados-unidos","status":"publish","type":"post","link":"https:\/\/proagrolab.com.ar\/en\/uruguay-coloca-el-primer-embarque-de-carne-ovina-en-estados-unidos\/","title":{"rendered":"Uruguay coloca el primer embarque de carne ovina en Estados Unidos."},"content":{"rendered":"<p class=\"qtranxs-available-languages-message qtranxs-available-languages-message-en\"> <\/p><p>La apertura del mercado de EE.UU. para el ingreso de carne ovina uruguaya resulta una &#8220;cuesti\u00f3n estrat\u00e9gica&#8221; por los &#8220;exigentes est\u00e1ndares de consumo y las elevadas condiciones de competencia&#8221;.<\/p>\n<p>Las autoridades del Instituto Nacional de Carnes (INAC) adem\u00e1s resaltan las &#8220;excelentes perspectivas que tiene Norteam\u00e9rica para la colocaci\u00f3n de otro tipo de cortes en el futuro, generando nuevas oportunidades de ampliaci\u00f3n de las exportaciones nacionales hacia ese destino&#8221;.<\/p>\n<p>Las autoridades uruguayas participaron de un almuerzo en la ciudad de Filadelfia, un acto organizado por la embajada uruguaya en ese pa\u00eds y el Instituto Nacional de Carnes.<\/p>\n<p>La delegaci\u00f3n uruguaya estuvo integrada por el canciller, Luis Almagro, el subsecretario de Ganader\u00eda, Agricultura y Pesca, Enzo Benech, el embajador en Washington, Carlos Pita, el vicepresidente del INAC, Fernando P\u00e9rez Abella, y el vicepresidente del Frigor\u00edfico San Jacinto NIREA, Gast\u00f3n Scayola.<\/p>\n<p>Por parte de Estados Unidos participaron, el viceministro para Marketing y Programas Regulatorios del Departamento de Agricultura, Edward \u00c1valos, y autoridades del Servicio de Inspecci\u00f3n de Salubridad Animal y Vegetal del Departamento de Agricultura de Estados Unidos (APHIS\/USDA), del puerto y de la ciudad de Filadelfia.<\/p>\n<p>Las autoridades uruguayas manifestaron su benepl\u00e1cito por el ingreso del primer embarque de 11 toneladas de cortes sin hueso de cordero nacional a Estados Unidos.<\/p>\n<p>Aseguran que ello constituye un &#8220;hito que evidencia el nuevo dinamismo de la relaci\u00f3n comercial entre ambos pa\u00edses&#8221;.<\/p>\n<p>Seg\u00fan se expres\u00f3 desde INAC, la presencia de funcionarios de primer nivel de ambos pa\u00edses &#8220;marca la consolidaci\u00f3n de una corriente comercial en incremento , el reconocimiento del estatus sanitario, la calidad de los productos uruguayos y la confiabilidad de los servicios t\u00e9cnicos de inspecci\u00f3n de ambos pa\u00edses&#8221;. <\/p>\n<p>Fuente: Carnetec, 24 de marzo.<br \/><\/p>","protected":false},"excerpt":{"rendered":"<p>La apertura del mercado de EE.UU. para el ingreso de carne ovina uruguaya resulta una &#8220;cuesti\u00f3n estrat\u00e9gica&#8221; por los &#8220;exigentes est\u00e1ndares de consumo y las elevadas condiciones de competencia&#8221;. Las autoridades del Instituto Nacional de Carnes (INAC) adem\u00e1s resaltan las &#8220;excelentes perspectivas que tiene Norteam\u00e9rica para la colocaci\u00f3n de otro tipo de cortes en el futuro, generando nuevas oportunidades de ampliaci\u00f3n de las exportaciones nacionales hacia ese destino&#8221;. Las autoridades uruguayas participaron de un almuerzo en la ciudad de Filadelfia, un acto organizado por la embajada uruguaya en ese pa\u00eds y el Instituto Nacional de Carnes. La delegaci\u00f3n uruguaya estuvo integrada por el canciller, Luis Almagro, el subsecretario de Ganader\u00eda, Agricultura y Pesca, Enzo Benech, el embajador en Washington, Carlos Pita, el vicepresidente del INAC, Fernando P\u00e9rez Abella, y el vicepresidente del Frigor\u00edfico San Jacinto NIREA, Gast\u00f3n Scayola. Por parte de Estados Unidos participaron, el viceministro para Marketing y Programas Regulatorios del Departamento de Agricultura, Edward \u00c1valos, y autoridades del Servicio de Inspecci\u00f3n de Salubridad Animal y Vegetal del Departamento de Agricultura de Estados Unidos (APHIS\/USDA), del puerto y de la ciudad de Filadelfia. Las autoridades uruguayas manifestaron su benepl\u00e1cito por el ingreso del primer embarque de 11 toneladas de [&hellip;]<\/p>\n","protected":false},"author":2,"featured_media":2508,"comment_status":"closed","ping_status":"open","sticky":false,"template":"","format":"standard","meta":{"_acf_changed":false,"footnotes":""},"categories":[56],"tags":[],"class_list":["post-6021","post","type-post","status-publish","format-standard","has-post-thumbnail","hentry","category-infoganadero"],"acf":[],"yoast_head":"<!-- This site is optimized with the Yoast SEO plugin v27.4 - https:\/\/yoast.com\/product\/yoast-seo-wordpress\/ -->\n<title>Uruguay coloca el primer embarque de carne ovina en Estados Unidos. | Proagro<\/title>\n<meta name=\"robots\" content=\"index, follow, max-snippet:-1, max-image-preview:large, max-video-preview:-1\" \/>\n<link rel=\"canonical\" href=\"https:\/\/proagrolab.com.ar\/en\/uruguay-coloca-el-primer-embarque-de-carne-ovina-en-estados-unidos\/\" \/>\n<meta property=\"og:locale\" content=\"en_US\" \/>\n<meta property=\"og:type\" content=\"article\" \/>\n<meta property=\"og:title\" content=\"Uruguay coloca el primer embarque de carne ovina en Estados Unidos. | Proagro\" \/>\n<meta property=\"og:description\" content=\"La apertura del mercado de EE.UU. para el ingreso de carne ovina uruguaya resulta una &#8220;cuesti\u00f3n estrat\u00e9gica&#8221; por los &#8220;exigentes est\u00e1ndares de consumo y las elevadas condiciones de competencia&#8221;. Las autoridades del Instituto Nacional de Carnes (INAC) adem\u00e1s resaltan las &#8220;excelentes perspectivas que tiene Norteam\u00e9rica para la colocaci\u00f3n de otro tipo de cortes en el futuro, generando nuevas oportunidades de ampliaci\u00f3n de las exportaciones nacionales hacia ese destino&#8221;. Las autoridades uruguayas participaron de un almuerzo en la ciudad de Filadelfia, un acto organizado por la embajada uruguaya en ese pa\u00eds y el Instituto Nacional de Carnes. La delegaci\u00f3n uruguaya estuvo integrada por el canciller, Luis Almagro, el subsecretario de Ganader\u00eda, Agricultura y Pesca, Enzo Benech, el embajador en Washington, Carlos Pita, el vicepresidente del INAC, Fernando P\u00e9rez Abella, y el vicepresidente del Frigor\u00edfico San Jacinto NIREA, Gast\u00f3n Scayola. Por parte de Estados Unidos participaron, el viceministro para Marketing y Programas Regulatorios del Departamento de Agricultura, Edward \u00c1valos, y autoridades del Servicio de Inspecci\u00f3n de Salubridad Animal y Vegetal del Departamento de Agricultura de Estados Unidos (APHIS\/USDA), del puerto y de la ciudad de Filadelfia. Las autoridades uruguayas manifestaron su benepl\u00e1cito por el ingreso del primer embarque de 11 toneladas de [&hellip;]\" \/>\n<meta property=\"og:url\" content=\"https:\/\/proagrolab.com.ar\/uruguay-coloca-el-primer-embarque-de-carne-ovina-en-estados-unidos\/\" \/>\n<meta property=\"og:site_name\" content=\"Proagro\" \/>\n<meta property=\"article:publisher\" content=\"http:\/\/www.facebook.com\/proagrolab\" \/>\n<meta property=\"article:published_time\" content=\"2014-03-27T00:00:01+00:00\" \/>\n<meta property=\"article:modified_time\" content=\"2020-07-02T12:48:58+00:00\" \/>\n<meta property=\"og:image\" content=\"https:\/\/proagrolab.com.ar\/wp-content\/uploads\/2015\/01\/g_cdyvosi5l__Ovejas-3.jpg\" \/>\n\t<meta property=\"og:image:width\" content=\"450\" \/>\n\t<meta property=\"og:image:height\" content=\"208\" \/>\n\t<meta property=\"og:image:type\" content=\"image\/jpeg\" \/>\n<meta name=\"author\" content=\"proagrolab\" \/>\n<meta name=\"twitter:card\" content=\"summary_large_image\" \/>\n<meta name=\"twitter:label1\" content=\"Written by\" \/>\n\t<meta name=\"twitter:data1\" content=\"proagrolab\" \/>\n\t<meta name=\"twitter:label2\" content=\"Est. reading time\" \/>\n\t<meta name=\"twitter:data2\" content=\"2 minutes\" \/>\n<script type=\"application\/ld+json\" class=\"yoast-schema-graph\">{\"@context\":\"https:\\\/\\\/schema.org\",\"@graph\":[{\"@type\":\"Article\",\"@id\":\"https:\\\/\\\/proagrolab.com.ar\\\/uruguay-coloca-el-primer-embarque-de-carne-ovina-en-estados-unidos\\\/#article\",\"isPartOf\":{\"@id\":\"https:\\\/\\\/proagrolab.com.ar\\\/uruguay-coloca-el-primer-embarque-de-carne-ovina-en-estados-unidos\\\/\"},\"author\":{\"name\":\"proagrolab\",\"@id\":\"https:\\\/\\\/proagrolab.com.ar\\\/#\\\/schema\\\/person\\\/38003ff90bf80381f71c7d922d207444\"},\"headline\":\"Uruguay coloca el primer embarque de carne ovina en Estados Unidos.\",\"datePublished\":\"2014-03-27T00:00:01+00:00\",\"dateModified\":\"2020-07-02T12:48:58+00:00\",\"mainEntityOfPage\":{\"@id\":\"https:\\\/\\\/proagrolab.com.ar\\\/uruguay-coloca-el-primer-embarque-de-carne-ovina-en-estados-unidos\\\/\"},\"wordCount\":313,\"publisher\":{\"@id\":\"https:\\\/\\\/proagrolab.com.ar\\\/#organization\"},\"image\":{\"@id\":\"https:\\\/\\\/proagrolab.com.ar\\\/uruguay-coloca-el-primer-embarque-de-carne-ovina-en-estados-unidos\\\/#primaryimage\"},\"thumbnailUrl\":\"https:\\\/\\\/proagrolab.com.ar\\\/wp-content\\\/uploads\\\/2015\\\/01\\\/g_cdyvosi5l__Ovejas-3.jpg\",\"articleSection\":[\"News\"],\"inLanguage\":\"en-US\"},{\"@type\":\"WebPage\",\"@id\":\"https:\\\/\\\/proagrolab.com.ar\\\/uruguay-coloca-el-primer-embarque-de-carne-ovina-en-estados-unidos\\\/\",\"url\":\"https:\\\/\\\/proagrolab.com.ar\\\/uruguay-coloca-el-primer-embarque-de-carne-ovina-en-estados-unidos\\\/\",\"name\":\"Uruguay coloca el primer embarque de carne ovina en Estados Unidos. | Proagro\",\"isPartOf\":{\"@id\":\"https:\\\/\\\/proagrolab.com.ar\\\/#website\"},\"primaryImageOfPage\":{\"@id\":\"https:\\\/\\\/proagrolab.com.ar\\\/uruguay-coloca-el-primer-embarque-de-carne-ovina-en-estados-unidos\\\/#primaryimage\"},\"image\":{\"@id\":\"https:\\\/\\\/proagrolab.com.ar\\\/uruguay-coloca-el-primer-embarque-de-carne-ovina-en-estados-unidos\\\/#primaryimage\"},\"thumbnailUrl\":\"https:\\\/\\\/proagrolab.com.ar\\\/wp-content\\\/uploads\\\/2015\\\/01\\\/g_cdyvosi5l__Ovejas-3.jpg\",\"datePublished\":\"2014-03-27T00:00:01+00:00\",\"dateModified\":\"2020-07-02T12:48:58+00:00\",\"breadcrumb\":{\"@id\":\"https:\\\/\\\/proagrolab.com.ar\\\/uruguay-coloca-el-primer-embarque-de-carne-ovina-en-estados-unidos\\\/#breadcrumb\"},\"inLanguage\":\"en-US\",\"potentialAction\":[{\"@type\":\"ReadAction\",\"target\":[\"https:\\\/\\\/proagrolab.com.ar\\\/uruguay-coloca-el-primer-embarque-de-carne-ovina-en-estados-unidos\\\/\"]}]},{\"@type\":\"ImageObject\",\"inLanguage\":\"en-US\",\"@id\":\"https:\\\/\\\/proagrolab.com.ar\\\/uruguay-coloca-el-primer-embarque-de-carne-ovina-en-estados-unidos\\\/#primaryimage\",\"url\":\"https:\\\/\\\/proagrolab.com.ar\\\/wp-content\\\/uploads\\\/2015\\\/01\\\/g_cdyvosi5l__Ovejas-3.jpg\",\"contentUrl\":\"https:\\\/\\\/proagrolab.com.ar\\\/wp-content\\\/uploads\\\/2015\\\/01\\\/g_cdyvosi5l__Ovejas-3.jpg\",\"width\":450,\"height\":208},{\"@type\":\"BreadcrumbList\",\"@id\":\"https:\\\/\\\/proagrolab.com.ar\\\/uruguay-coloca-el-primer-embarque-de-carne-ovina-en-estados-unidos\\\/#breadcrumb\",\"itemListElement\":[{\"@type\":\"ListItem\",\"position\":1,\"name\":\"Portada\",\"item\":\"https:\\\/\\\/proagrolab.com.ar\\\/\"},{\"@type\":\"ListItem\",\"position\":2,\"name\":\"Uruguay coloca el primer embarque de carne ovina en Estados Unidos.\"}]},{\"@type\":\"WebSite\",\"@id\":\"https:\\\/\\\/proagrolab.com.ar\\\/#website\",\"url\":\"https:\\\/\\\/proagrolab.com.ar\\\/\",\"name\":\"Proagro Laboratorio Veterinario\",\"description\":\"Veterinary laboratory\",\"publisher\":{\"@id\":\"https:\\\/\\\/proagrolab.com.ar\\\/#organization\"},\"potentialAction\":[{\"@type\":\"SearchAction\",\"target\":{\"@type\":\"EntryPoint\",\"urlTemplate\":\"https:\\\/\\\/proagrolab.com.ar\\\/?s={search_term_string}\"},\"query-input\":{\"@type\":\"PropertyValueSpecification\",\"valueRequired\":true,\"valueName\":\"search_term_string\"}}],\"inLanguage\":\"en-US\"},{\"@type\":\"Organization\",\"@id\":\"https:\\\/\\\/proagrolab.com.ar\\\/#organization\",\"name\":\"Proagro\",\"url\":\"https:\\\/\\\/proagrolab.com.ar\\\/\",\"logo\":{\"@type\":\"ImageObject\",\"inLanguage\":\"en-US\",\"@id\":\"https:\\\/\\\/proagrolab.com.ar\\\/#\\\/schema\\\/logo\\\/image\\\/\",\"url\":\"https:\\\/\\\/proagrolab.com.ar\\\/wp-content\\\/uploads\\\/2020\\\/04\\\/logo-retina.png\",\"contentUrl\":\"https:\\\/\\\/proagrolab.com.ar\\\/wp-content\\\/uploads\\\/2020\\\/04\\\/logo-retina.png\",\"width\":478,\"height\":120,\"caption\":\"Proagro\"},\"image\":{\"@id\":\"https:\\\/\\\/proagrolab.com.ar\\\/#\\\/schema\\\/logo\\\/image\\\/\"},\"sameAs\":[\"http:\\\/\\\/www.facebook.com\\\/proagrolab\",\"https:\\\/\\\/www.instagram.com\\\/proagrolab\\\/\",\"https:\\\/\\\/www.linkedin.com\\\/company\\\/laboratorio-proagro-s-a\\\/\"]},{\"@type\":\"Person\",\"@id\":\"https:\\\/\\\/proagrolab.com.ar\\\/#\\\/schema\\\/person\\\/38003ff90bf80381f71c7d922d207444\",\"name\":\"proagrolab\"}]}<\/script>\n<!-- \/ Yoast SEO plugin. -->","yoast_head_json":{"title":"Uruguay coloca el primer embarque de carne ovina en Estados Unidos. | Proagro","robots":{"index":"index","follow":"follow","max-snippet":"max-snippet:-1","max-image-preview":"max-image-preview:large","max-video-preview":"max-video-preview:-1"},"canonical":"https:\/\/proagrolab.com.ar\/en\/uruguay-coloca-el-primer-embarque-de-carne-ovina-en-estados-unidos\/","og_locale":"en_US","og_type":"article","og_title":"Uruguay coloca el primer embarque de carne ovina en Estados Unidos. | Proagro","og_description":"La apertura del mercado de EE.UU. para el ingreso de carne ovina uruguaya resulta una &#8220;cuesti\u00f3n estrat\u00e9gica&#8221; por los &#8220;exigentes est\u00e1ndares de consumo y las elevadas condiciones de competencia&#8221;. Las autoridades del Instituto Nacional de Carnes (INAC) adem\u00e1s resaltan las &#8220;excelentes perspectivas que tiene Norteam\u00e9rica para la colocaci\u00f3n de otro tipo de cortes en el futuro, generando nuevas oportunidades de ampliaci\u00f3n de las exportaciones nacionales hacia ese destino&#8221;. Las autoridades uruguayas participaron de un almuerzo en la ciudad de Filadelfia, un acto organizado por la embajada uruguaya en ese pa\u00eds y el Instituto Nacional de Carnes. La delegaci\u00f3n uruguaya estuvo integrada por el canciller, Luis Almagro, el subsecretario de Ganader\u00eda, Agricultura y Pesca, Enzo Benech, el embajador en Washington, Carlos Pita, el vicepresidente del INAC, Fernando P\u00e9rez Abella, y el vicepresidente del Frigor\u00edfico San Jacinto NIREA, Gast\u00f3n Scayola. Por parte de Estados Unidos participaron, el viceministro para Marketing y Programas Regulatorios del Departamento de Agricultura, Edward \u00c1valos, y autoridades del Servicio de Inspecci\u00f3n de Salubridad Animal y Vegetal del Departamento de Agricultura de Estados Unidos (APHIS\/USDA), del puerto y de la ciudad de Filadelfia. Las autoridades uruguayas manifestaron su benepl\u00e1cito por el ingreso del primer embarque de 11 toneladas de [&hellip;]","og_url":"https:\/\/proagrolab.com.ar\/uruguay-coloca-el-primer-embarque-de-carne-ovina-en-estados-unidos\/","og_site_name":"Proagro","article_publisher":"http:\/\/www.facebook.com\/proagrolab","article_published_time":"2014-03-27T00:00:01+00:00","article_modified_time":"2020-07-02T12:48:58+00:00","og_image":[{"width":450,"height":208,"url":"https:\/\/proagrolab.com.ar\/wp-content\/uploads\/2015\/01\/g_cdyvosi5l__Ovejas-3.jpg","type":"image\/jpeg"}],"author":"proagrolab","twitter_card":"summary_large_image","twitter_misc":{"Written by":"proagrolab","Est. reading time":"2 minutes"},"schema":{"@context":"https:\/\/schema.org","@graph":[{"@type":"Article","@id":"https:\/\/proagrolab.com.ar\/uruguay-coloca-el-primer-embarque-de-carne-ovina-en-estados-unidos\/#article","isPartOf":{"@id":"https:\/\/proagrolab.com.ar\/uruguay-coloca-el-primer-embarque-de-carne-ovina-en-estados-unidos\/"},"author":{"name":"proagrolab","@id":"https:\/\/proagrolab.com.ar\/#\/schema\/person\/38003ff90bf80381f71c7d922d207444"},"headline":"Uruguay coloca el primer embarque de carne ovina en Estados Unidos.","datePublished":"2014-03-27T00:00:01+00:00","dateModified":"2020-07-02T12:48:58+00:00","mainEntityOfPage":{"@id":"https:\/\/proagrolab.com.ar\/uruguay-coloca-el-primer-embarque-de-carne-ovina-en-estados-unidos\/"},"wordCount":313,"publisher":{"@id":"https:\/\/proagrolab.com.ar\/#organization"},"image":{"@id":"https:\/\/proagrolab.com.ar\/uruguay-coloca-el-primer-embarque-de-carne-ovina-en-estados-unidos\/#primaryimage"},"thumbnailUrl":"https:\/\/proagrolab.com.ar\/wp-content\/uploads\/2015\/01\/g_cdyvosi5l__Ovejas-3.jpg","articleSection":["News"],"inLanguage":"en-US"},{"@type":"WebPage","@id":"https:\/\/proagrolab.com.ar\/uruguay-coloca-el-primer-embarque-de-carne-ovina-en-estados-unidos\/","url":"https:\/\/proagrolab.com.ar\/uruguay-coloca-el-primer-embarque-de-carne-ovina-en-estados-unidos\/","name":"Uruguay coloca el primer embarque de carne ovina en Estados Unidos. | Proagro","isPartOf":{"@id":"https:\/\/proagrolab.com.ar\/#website"},"primaryImageOfPage":{"@id":"https:\/\/proagrolab.com.ar\/uruguay-coloca-el-primer-embarque-de-carne-ovina-en-estados-unidos\/#primaryimage"},"image":{"@id":"https:\/\/proagrolab.com.ar\/uruguay-coloca-el-primer-embarque-de-carne-ovina-en-estados-unidos\/#primaryimage"},"thumbnailUrl":"https:\/\/proagrolab.com.ar\/wp-content\/uploads\/2015\/01\/g_cdyvosi5l__Ovejas-3.jpg","datePublished":"2014-03-27T00:00:01+00:00","dateModified":"2020-07-02T12:48:58+00:00","breadcrumb":{"@id":"https:\/\/proagrolab.com.ar\/uruguay-coloca-el-primer-embarque-de-carne-ovina-en-estados-unidos\/#breadcrumb"},"inLanguage":"en-US","potentialAction":[{"@type":"ReadAction","target":["https:\/\/proagrolab.com.ar\/uruguay-coloca-el-primer-embarque-de-carne-ovina-en-estados-unidos\/"]}]},{"@type":"ImageObject","inLanguage":"en-US","@id":"https:\/\/proagrolab.com.ar\/uruguay-coloca-el-primer-embarque-de-carne-ovina-en-estados-unidos\/#primaryimage","url":"https:\/\/proagrolab.com.ar\/wp-content\/uploads\/2015\/01\/g_cdyvosi5l__Ovejas-3.jpg","contentUrl":"https:\/\/proagrolab.com.ar\/wp-content\/uploads\/2015\/01\/g_cdyvosi5l__Ovejas-3.jpg","width":450,"height":208},{"@type":"BreadcrumbList","@id":"https:\/\/proagrolab.com.ar\/uruguay-coloca-el-primer-embarque-de-carne-ovina-en-estados-unidos\/#breadcrumb","itemListElement":[{"@type":"ListItem","position":1,"name":"Portada","item":"https:\/\/proagrolab.com.ar\/"},{"@type":"ListItem","position":2,"name":"Uruguay coloca el primer embarque de carne ovina en Estados Unidos."}]},{"@type":"WebSite","@id":"https:\/\/proagrolab.com.ar\/#website","url":"https:\/\/proagrolab.com.ar\/","name":"Proagro Laboratorio Veterinario","description":"Veterinary laboratory","publisher":{"@id":"https:\/\/proagrolab.com.ar\/#organization"},"potentialAction":[{"@type":"SearchAction","target":{"@type":"EntryPoint","urlTemplate":"https:\/\/proagrolab.com.ar\/?s={search_term_string}"},"query-input":{"@type":"PropertyValueSpecification","valueRequired":true,"valueName":"search_term_string"}}],"inLanguage":"en-US"},{"@type":"Organization","@id":"https:\/\/proagrolab.com.ar\/#organization","name":"Proagro","url":"https:\/\/proagrolab.com.ar\/","logo":{"@type":"ImageObject","inLanguage":"en-US","@id":"https:\/\/proagrolab.com.ar\/#\/schema\/logo\/image\/","url":"https:\/\/proagrolab.com.ar\/wp-content\/uploads\/2020\/04\/logo-retina.png","contentUrl":"https:\/\/proagrolab.com.ar\/wp-content\/uploads\/2020\/04\/logo-retina.png","width":478,"height":120,"caption":"Proagro"},"image":{"@id":"https:\/\/proagrolab.com.ar\/#\/schema\/logo\/image\/"},"sameAs":["http:\/\/www.facebook.com\/proagrolab","https:\/\/www.instagram.com\/proagrolab\/","https:\/\/www.linkedin.com\/company\/laboratorio-proagro-s-a\/"]},{"@type":"Person","@id":"https:\/\/proagrolab.com.ar\/#\/schema\/person\/38003ff90bf80381f71c7d922d207444","name":"proagrolab"}]}},"_links":{"self":[{"href":"https:\/\/proagrolab.com.ar\/en\/wp-json\/wp\/v2\/posts\/6021","targetHints":{"allow":["GET"]}}],"collection":[{"href":"https:\/\/proagrolab.com.ar\/en\/wp-json\/wp\/v2\/posts"}],"about":[{"href":"https:\/\/proagrolab.com.ar\/en\/wp-json\/wp\/v2\/types\/post"}],"author":[{"embeddable":true,"href":"https:\/\/proagrolab.com.ar\/en\/wp-json\/wp\/v2\/users\/2"}],"replies":[{"embeddable":true,"href":"https:\/\/proagrolab.com.ar\/en\/wp-json\/wp\/v2\/comments?post=6021"}],"version-history":[{"count":1,"href":"https:\/\/proagrolab.com.ar\/en\/wp-json\/wp\/v2\/posts\/6021\/revisions"}],"predecessor-version":[{"id":14614,"href":"https:\/\/proagrolab.com.ar\/en\/wp-json\/wp\/v2\/posts\/6021\/revisions\/14614"}],"wp:featuredmedia":[{"embeddable":true,"href":"https:\/\/proagrolab.com.ar\/en\/wp-json\/wp\/v2\/media\/2508"}],"wp:attachment":[{"href":"https:\/\/proagrolab.com.ar\/en\/wp-json\/wp\/v2\/media?parent=6021"}],"wp:term":[{"taxonomy":"category","embeddable":true,"href":"https:\/\/proagrolab.com.ar\/en\/wp-json\/wp\/v2\/categories?post=6021"},{"taxonomy":"post_tag","embeddable":true,"href":"https:\/\/proagrolab.com.ar\/en\/wp-json\/wp\/v2\/tags?post=6021"}],"curies":[{"name":"wp","href":"https:\/\/api.w.org\/{rel}","templated":true}]}}