{"id":6020,"date":"2014-03-25T00:00:01","date_gmt":"2014-03-25T00:00:01","guid":{"rendered":"https:\/\/proagrolab.com.ar\/sin-politicas-de-estado-no-hay-desarrollo-lechero\/"},"modified":"2020-07-02T12:48:59","modified_gmt":"2020-07-02T12:48:59","slug":"sin-politicas-de-estado-no-hay-desarrollo-lechero","status":"publish","type":"post","link":"https:\/\/proagrolab.com.ar\/en\/sin-politicas-de-estado-no-hay-desarrollo-lechero\/","title":{"rendered":"Sin pol\u00edticas de Estado no hay desarrollo lechero."},"content":{"rendered":"<p class=\"qtranxs-available-languages-message qtranxs-available-languages-message-en\"> <\/p><p>La lecher\u00eda cuenta desde hace un a\u00f1o con una herramienta concreta para generar un plan estrat\u00e9gico y, por lo tanto, tener un rumbo. Esta herramienta es la Fundaci\u00f3n para la Promoci\u00f3n y el Desarrollo de la Cadena L\u00e1ctea (Funpel) responsable del primer Outlook Lechero. &#8220;Estas jornadas han sido un importante paso adelante. El pensamiento colectivo y la reflexi\u00f3n creciente que provoca el acceso a la informaci\u00f3n cierta nos aleja de los dogmatismos y las posiciones tomadas con anterioridad que son enemigos de la construcci\u00f3n de un plan para la lecher\u00eda&#8221;, afirm\u00f3 Jock A. Campbell, presidente del Funpel.<\/p>\n<p>Durante las jornadas qued\u00f3 claro que la Argentina necesita una definici\u00f3n sobre su inserci\u00f3n exportadora en la lecher\u00eda global. Esto dispar\u00f3 como un gran interrogante el papel y la interacci\u00f3n entre Estado, sociedad y mercado. En el sector no hay dudas de que los espacios que se est\u00e1n desaprovechando, al limitar las exportaciones y con ello agregar a\u00fan m\u00e1s pruebas sobre la poca confiabilidad de nuestro pa\u00eds, ser\u00e1n ocupados por nuestros competidores. Se hace necesario no s\u00f3lo un Estado que brinde reglas claras y previsibles y est\u00edmulos, sino un fuerte apoyo para obtener acuerdos que promocionen el comercio de l\u00e1cteos. En definitiva, lograr condiciones de acceso a los mercados similares al de los pa\u00edses competidores.<\/p>\n<p>Para la investigadora Edith Guiguet, las pol\u00edticas lecheras de los pa\u00edses desarrollados dejan ense\u00f1anzas que deber\u00edan ser aprovechadas como la capacidad organizativa y de control tanto en funciones que no puede delegar el Estado como en la coordinaci\u00f3n institucional p\u00fablicoprivada.<\/p>\n<p>&#8220;Se puede observar un alto nivel de compromiso con el sector. Por ejemplo, en los pa\u00edses de Ocean\u00eda, la pol\u00edtica lechera ha sido abordada como pol\u00edtica central del Estado, con alto apoyo financiero, institucional y de pol\u00edticas econ\u00f3micas orientadas a generar ventajas competitivas&#8221; agrega Guiguet.<\/p>\n<p>Adem\u00e1s vale mencionar en cuanto al rol que juega el Estado en los pa\u00edses desarrollados, la fuerte participaci\u00f3n en las mejoras de la infraestructura log\u00edstica, tecnol\u00f3gica y de servicios para el sector.<\/p>\n<p>La experiencia indica que la evoluci\u00f3n de los principales pa\u00edses productores de leche se logr\u00f3 gracias a que tuvieron el respaldo permanente de pol\u00edticas de Estado de alta calidad institucional.<\/p>\n<p>Para Juan Jos\u00e9 Linari, secretario del Funpel. &#8220;los temas aqu\u00ed tratados constituyen un aporte al dise\u00f1o de las pol\u00edticas con miras al largo plazo y que orienten la toma de decisiones tanto de los empresarios como de los pol\u00edticos&#8221;.<\/p>\n<p>Fuente: La Naci\u00f3n, suple campo, 22 de marzo.<br \/><\/p>","protected":false},"excerpt":{"rendered":"<p>La lecher\u00eda cuenta desde hace un a\u00f1o con una herramienta concreta para generar un plan estrat\u00e9gico y, por lo tanto, tener un rumbo. Esta herramienta es la Fundaci\u00f3n para la Promoci\u00f3n y el Desarrollo de la Cadena L\u00e1ctea (Funpel) responsable del primer Outlook Lechero. &#8220;Estas jornadas han sido un importante paso adelante. El pensamiento colectivo y la reflexi\u00f3n creciente que provoca el acceso a la informaci\u00f3n cierta nos aleja de los dogmatismos y las posiciones tomadas con anterioridad que son enemigos de la construcci\u00f3n de un plan para la lecher\u00eda&#8221;, afirm\u00f3 Jock A. Campbell, presidente del Funpel. Durante las jornadas qued\u00f3 claro que la Argentina necesita una definici\u00f3n sobre su inserci\u00f3n exportadora en la lecher\u00eda global. Esto dispar\u00f3 como un gran interrogante el papel y la interacci\u00f3n entre Estado, sociedad y mercado. En el sector no hay dudas de que los espacios que se est\u00e1n desaprovechando, al limitar las exportaciones y con ello agregar a\u00fan m\u00e1s pruebas sobre la poca confiabilidad de nuestro pa\u00eds, ser\u00e1n ocupados por nuestros competidores. Se hace necesario no s\u00f3lo un Estado que brinde reglas claras y previsibles y est\u00edmulos, sino un fuerte apoyo para obtener acuerdos que promocionen el comercio de l\u00e1cteos. En definitiva, lograr [&hellip;]<\/p>\n","protected":false},"author":2,"featured_media":2507,"comment_status":"closed","ping_status":"open","sticky":false,"template":"","format":"standard","meta":{"_acf_changed":false,"footnotes":""},"categories":[56],"tags":[],"class_list":["post-6020","post","type-post","status-publish","format-standard","has-post-thumbnail","hentry","category-infoganadero"],"acf":[],"yoast_head":"<!-- This site is optimized with the Yoast SEO plugin v27.4 - https:\/\/yoast.com\/product\/yoast-seo-wordpress\/ -->\n<title>Sin pol\u00edticas de Estado no hay desarrollo lechero. | Proagro<\/title>\n<meta name=\"robots\" content=\"index, follow, max-snippet:-1, max-image-preview:large, max-video-preview:-1\" \/>\n<link rel=\"canonical\" href=\"https:\/\/proagrolab.com.ar\/en\/sin-politicas-de-estado-no-hay-desarrollo-lechero\/\" \/>\n<meta property=\"og:locale\" content=\"en_US\" \/>\n<meta property=\"og:type\" content=\"article\" \/>\n<meta property=\"og:title\" content=\"Sin pol\u00edticas de Estado no hay desarrollo lechero. | Proagro\" \/>\n<meta property=\"og:description\" content=\"La lecher\u00eda cuenta desde hace un a\u00f1o con una herramienta concreta para generar un plan estrat\u00e9gico y, por lo tanto, tener un rumbo. Esta herramienta es la Fundaci\u00f3n para la Promoci\u00f3n y el Desarrollo de la Cadena L\u00e1ctea (Funpel) responsable del primer Outlook Lechero. &#8220;Estas jornadas han sido un importante paso adelante. El pensamiento colectivo y la reflexi\u00f3n creciente que provoca el acceso a la informaci\u00f3n cierta nos aleja de los dogmatismos y las posiciones tomadas con anterioridad que son enemigos de la construcci\u00f3n de un plan para la lecher\u00eda&#8221;, afirm\u00f3 Jock A. Campbell, presidente del Funpel. Durante las jornadas qued\u00f3 claro que la Argentina necesita una definici\u00f3n sobre su inserci\u00f3n exportadora en la lecher\u00eda global. Esto dispar\u00f3 como un gran interrogante el papel y la interacci\u00f3n entre Estado, sociedad y mercado. En el sector no hay dudas de que los espacios que se est\u00e1n desaprovechando, al limitar las exportaciones y con ello agregar a\u00fan m\u00e1s pruebas sobre la poca confiabilidad de nuestro pa\u00eds, ser\u00e1n ocupados por nuestros competidores. Se hace necesario no s\u00f3lo un Estado que brinde reglas claras y previsibles y est\u00edmulos, sino un fuerte apoyo para obtener acuerdos que promocionen el comercio de l\u00e1cteos. En definitiva, lograr [&hellip;]\" \/>\n<meta property=\"og:url\" content=\"https:\/\/proagrolab.com.ar\/sin-politicas-de-estado-no-hay-desarrollo-lechero\/\" \/>\n<meta property=\"og:site_name\" content=\"Proagro\" \/>\n<meta property=\"article:publisher\" content=\"http:\/\/www.facebook.com\/proagrolab\" \/>\n<meta property=\"article:published_time\" content=\"2014-03-25T00:00:01+00:00\" \/>\n<meta property=\"article:modified_time\" content=\"2020-07-02T12:48:59+00:00\" \/>\n<meta property=\"og:image\" content=\"https:\/\/proagrolab.com.ar\/wp-content\/uploads\/2015\/01\/g_m6ughbira__Lecheras-28.jpg\" \/>\n\t<meta property=\"og:image:width\" content=\"450\" \/>\n\t<meta property=\"og:image:height\" content=\"208\" \/>\n\t<meta property=\"og:image:type\" content=\"image\/jpeg\" \/>\n<meta name=\"author\" content=\"proagrolab\" \/>\n<meta name=\"twitter:card\" content=\"summary_large_image\" \/>\n<meta name=\"twitter:label1\" content=\"Written by\" \/>\n\t<meta name=\"twitter:data1\" content=\"proagrolab\" \/>\n\t<meta name=\"twitter:label2\" content=\"Est. reading time\" \/>\n\t<meta name=\"twitter:data2\" content=\"2 minutes\" \/>\n<script type=\"application\/ld+json\" class=\"yoast-schema-graph\">{\"@context\":\"https:\\\/\\\/schema.org\",\"@graph\":[{\"@type\":\"Article\",\"@id\":\"https:\\\/\\\/proagrolab.com.ar\\\/sin-politicas-de-estado-no-hay-desarrollo-lechero\\\/#article\",\"isPartOf\":{\"@id\":\"https:\\\/\\\/proagrolab.com.ar\\\/sin-politicas-de-estado-no-hay-desarrollo-lechero\\\/\"},\"author\":{\"name\":\"proagrolab\",\"@id\":\"https:\\\/\\\/proagrolab.com.ar\\\/#\\\/schema\\\/person\\\/38003ff90bf80381f71c7d922d207444\"},\"headline\":\"Sin pol\u00edticas de Estado no hay desarrollo lechero.\",\"datePublished\":\"2014-03-25T00:00:01+00:00\",\"dateModified\":\"2020-07-02T12:48:59+00:00\",\"mainEntityOfPage\":{\"@id\":\"https:\\\/\\\/proagrolab.com.ar\\\/sin-politicas-de-estado-no-hay-desarrollo-lechero\\\/\"},\"wordCount\":461,\"publisher\":{\"@id\":\"https:\\\/\\\/proagrolab.com.ar\\\/#organization\"},\"image\":{\"@id\":\"https:\\\/\\\/proagrolab.com.ar\\\/sin-politicas-de-estado-no-hay-desarrollo-lechero\\\/#primaryimage\"},\"thumbnailUrl\":\"https:\\\/\\\/proagrolab.com.ar\\\/wp-content\\\/uploads\\\/2015\\\/01\\\/g_m6ughbira__Lecheras-28.jpg\",\"articleSection\":[\"News\"],\"inLanguage\":\"en-US\"},{\"@type\":\"WebPage\",\"@id\":\"https:\\\/\\\/proagrolab.com.ar\\\/sin-politicas-de-estado-no-hay-desarrollo-lechero\\\/\",\"url\":\"https:\\\/\\\/proagrolab.com.ar\\\/sin-politicas-de-estado-no-hay-desarrollo-lechero\\\/\",\"name\":\"Sin pol\u00edticas de Estado no hay desarrollo lechero. | Proagro\",\"isPartOf\":{\"@id\":\"https:\\\/\\\/proagrolab.com.ar\\\/#website\"},\"primaryImageOfPage\":{\"@id\":\"https:\\\/\\\/proagrolab.com.ar\\\/sin-politicas-de-estado-no-hay-desarrollo-lechero\\\/#primaryimage\"},\"image\":{\"@id\":\"https:\\\/\\\/proagrolab.com.ar\\\/sin-politicas-de-estado-no-hay-desarrollo-lechero\\\/#primaryimage\"},\"thumbnailUrl\":\"https:\\\/\\\/proagrolab.com.ar\\\/wp-content\\\/uploads\\\/2015\\\/01\\\/g_m6ughbira__Lecheras-28.jpg\",\"datePublished\":\"2014-03-25T00:00:01+00:00\",\"dateModified\":\"2020-07-02T12:48:59+00:00\",\"breadcrumb\":{\"@id\":\"https:\\\/\\\/proagrolab.com.ar\\\/sin-politicas-de-estado-no-hay-desarrollo-lechero\\\/#breadcrumb\"},\"inLanguage\":\"en-US\",\"potentialAction\":[{\"@type\":\"ReadAction\",\"target\":[\"https:\\\/\\\/proagrolab.com.ar\\\/sin-politicas-de-estado-no-hay-desarrollo-lechero\\\/\"]}]},{\"@type\":\"ImageObject\",\"inLanguage\":\"en-US\",\"@id\":\"https:\\\/\\\/proagrolab.com.ar\\\/sin-politicas-de-estado-no-hay-desarrollo-lechero\\\/#primaryimage\",\"url\":\"https:\\\/\\\/proagrolab.com.ar\\\/wp-content\\\/uploads\\\/2015\\\/01\\\/g_m6ughbira__Lecheras-28.jpg\",\"contentUrl\":\"https:\\\/\\\/proagrolab.com.ar\\\/wp-content\\\/uploads\\\/2015\\\/01\\\/g_m6ughbira__Lecheras-28.jpg\",\"width\":450,\"height\":208},{\"@type\":\"BreadcrumbList\",\"@id\":\"https:\\\/\\\/proagrolab.com.ar\\\/sin-politicas-de-estado-no-hay-desarrollo-lechero\\\/#breadcrumb\",\"itemListElement\":[{\"@type\":\"ListItem\",\"position\":1,\"name\":\"Portada\",\"item\":\"https:\\\/\\\/proagrolab.com.ar\\\/\"},{\"@type\":\"ListItem\",\"position\":2,\"name\":\"Sin pol\u00edticas de Estado no hay desarrollo lechero.\"}]},{\"@type\":\"WebSite\",\"@id\":\"https:\\\/\\\/proagrolab.com.ar\\\/#website\",\"url\":\"https:\\\/\\\/proagrolab.com.ar\\\/\",\"name\":\"Proagro Laboratorio Veterinario\",\"description\":\"Veterinary laboratory\",\"publisher\":{\"@id\":\"https:\\\/\\\/proagrolab.com.ar\\\/#organization\"},\"potentialAction\":[{\"@type\":\"SearchAction\",\"target\":{\"@type\":\"EntryPoint\",\"urlTemplate\":\"https:\\\/\\\/proagrolab.com.ar\\\/?s={search_term_string}\"},\"query-input\":{\"@type\":\"PropertyValueSpecification\",\"valueRequired\":true,\"valueName\":\"search_term_string\"}}],\"inLanguage\":\"en-US\"},{\"@type\":\"Organization\",\"@id\":\"https:\\\/\\\/proagrolab.com.ar\\\/#organization\",\"name\":\"Proagro\",\"url\":\"https:\\\/\\\/proagrolab.com.ar\\\/\",\"logo\":{\"@type\":\"ImageObject\",\"inLanguage\":\"en-US\",\"@id\":\"https:\\\/\\\/proagrolab.com.ar\\\/#\\\/schema\\\/logo\\\/image\\\/\",\"url\":\"https:\\\/\\\/proagrolab.com.ar\\\/wp-content\\\/uploads\\\/2020\\\/04\\\/logo-retina.png\",\"contentUrl\":\"https:\\\/\\\/proagrolab.com.ar\\\/wp-content\\\/uploads\\\/2020\\\/04\\\/logo-retina.png\",\"width\":478,\"height\":120,\"caption\":\"Proagro\"},\"image\":{\"@id\":\"https:\\\/\\\/proagrolab.com.ar\\\/#\\\/schema\\\/logo\\\/image\\\/\"},\"sameAs\":[\"http:\\\/\\\/www.facebook.com\\\/proagrolab\",\"https:\\\/\\\/www.instagram.com\\\/proagrolab\\\/\",\"https:\\\/\\\/www.linkedin.com\\\/company\\\/laboratorio-proagro-s-a\\\/\"]},{\"@type\":\"Person\",\"@id\":\"https:\\\/\\\/proagrolab.com.ar\\\/#\\\/schema\\\/person\\\/38003ff90bf80381f71c7d922d207444\",\"name\":\"proagrolab\"}]}<\/script>\n<!-- \/ Yoast SEO plugin. -->","yoast_head_json":{"title":"Sin pol\u00edticas de Estado no hay desarrollo lechero. | Proagro","robots":{"index":"index","follow":"follow","max-snippet":"max-snippet:-1","max-image-preview":"max-image-preview:large","max-video-preview":"max-video-preview:-1"},"canonical":"https:\/\/proagrolab.com.ar\/en\/sin-politicas-de-estado-no-hay-desarrollo-lechero\/","og_locale":"en_US","og_type":"article","og_title":"Sin pol\u00edticas de Estado no hay desarrollo lechero. | Proagro","og_description":"La lecher\u00eda cuenta desde hace un a\u00f1o con una herramienta concreta para generar un plan estrat\u00e9gico y, por lo tanto, tener un rumbo. Esta herramienta es la Fundaci\u00f3n para la Promoci\u00f3n y el Desarrollo de la Cadena L\u00e1ctea (Funpel) responsable del primer Outlook Lechero. &#8220;Estas jornadas han sido un importante paso adelante. El pensamiento colectivo y la reflexi\u00f3n creciente que provoca el acceso a la informaci\u00f3n cierta nos aleja de los dogmatismos y las posiciones tomadas con anterioridad que son enemigos de la construcci\u00f3n de un plan para la lecher\u00eda&#8221;, afirm\u00f3 Jock A. Campbell, presidente del Funpel. Durante las jornadas qued\u00f3 claro que la Argentina necesita una definici\u00f3n sobre su inserci\u00f3n exportadora en la lecher\u00eda global. Esto dispar\u00f3 como un gran interrogante el papel y la interacci\u00f3n entre Estado, sociedad y mercado. En el sector no hay dudas de que los espacios que se est\u00e1n desaprovechando, al limitar las exportaciones y con ello agregar a\u00fan m\u00e1s pruebas sobre la poca confiabilidad de nuestro pa\u00eds, ser\u00e1n ocupados por nuestros competidores. Se hace necesario no s\u00f3lo un Estado que brinde reglas claras y previsibles y est\u00edmulos, sino un fuerte apoyo para obtener acuerdos que promocionen el comercio de l\u00e1cteos. En definitiva, lograr [&hellip;]","og_url":"https:\/\/proagrolab.com.ar\/sin-politicas-de-estado-no-hay-desarrollo-lechero\/","og_site_name":"Proagro","article_publisher":"http:\/\/www.facebook.com\/proagrolab","article_published_time":"2014-03-25T00:00:01+00:00","article_modified_time":"2020-07-02T12:48:59+00:00","og_image":[{"width":450,"height":208,"url":"https:\/\/proagrolab.com.ar\/wp-content\/uploads\/2015\/01\/g_m6ughbira__Lecheras-28.jpg","type":"image\/jpeg"}],"author":"proagrolab","twitter_card":"summary_large_image","twitter_misc":{"Written by":"proagrolab","Est. reading time":"2 minutes"},"schema":{"@context":"https:\/\/schema.org","@graph":[{"@type":"Article","@id":"https:\/\/proagrolab.com.ar\/sin-politicas-de-estado-no-hay-desarrollo-lechero\/#article","isPartOf":{"@id":"https:\/\/proagrolab.com.ar\/sin-politicas-de-estado-no-hay-desarrollo-lechero\/"},"author":{"name":"proagrolab","@id":"https:\/\/proagrolab.com.ar\/#\/schema\/person\/38003ff90bf80381f71c7d922d207444"},"headline":"Sin pol\u00edticas de Estado no hay desarrollo lechero.","datePublished":"2014-03-25T00:00:01+00:00","dateModified":"2020-07-02T12:48:59+00:00","mainEntityOfPage":{"@id":"https:\/\/proagrolab.com.ar\/sin-politicas-de-estado-no-hay-desarrollo-lechero\/"},"wordCount":461,"publisher":{"@id":"https:\/\/proagrolab.com.ar\/#organization"},"image":{"@id":"https:\/\/proagrolab.com.ar\/sin-politicas-de-estado-no-hay-desarrollo-lechero\/#primaryimage"},"thumbnailUrl":"https:\/\/proagrolab.com.ar\/wp-content\/uploads\/2015\/01\/g_m6ughbira__Lecheras-28.jpg","articleSection":["News"],"inLanguage":"en-US"},{"@type":"WebPage","@id":"https:\/\/proagrolab.com.ar\/sin-politicas-de-estado-no-hay-desarrollo-lechero\/","url":"https:\/\/proagrolab.com.ar\/sin-politicas-de-estado-no-hay-desarrollo-lechero\/","name":"Sin pol\u00edticas de Estado no hay desarrollo lechero. | Proagro","isPartOf":{"@id":"https:\/\/proagrolab.com.ar\/#website"},"primaryImageOfPage":{"@id":"https:\/\/proagrolab.com.ar\/sin-politicas-de-estado-no-hay-desarrollo-lechero\/#primaryimage"},"image":{"@id":"https:\/\/proagrolab.com.ar\/sin-politicas-de-estado-no-hay-desarrollo-lechero\/#primaryimage"},"thumbnailUrl":"https:\/\/proagrolab.com.ar\/wp-content\/uploads\/2015\/01\/g_m6ughbira__Lecheras-28.jpg","datePublished":"2014-03-25T00:00:01+00:00","dateModified":"2020-07-02T12:48:59+00:00","breadcrumb":{"@id":"https:\/\/proagrolab.com.ar\/sin-politicas-de-estado-no-hay-desarrollo-lechero\/#breadcrumb"},"inLanguage":"en-US","potentialAction":[{"@type":"ReadAction","target":["https:\/\/proagrolab.com.ar\/sin-politicas-de-estado-no-hay-desarrollo-lechero\/"]}]},{"@type":"ImageObject","inLanguage":"en-US","@id":"https:\/\/proagrolab.com.ar\/sin-politicas-de-estado-no-hay-desarrollo-lechero\/#primaryimage","url":"https:\/\/proagrolab.com.ar\/wp-content\/uploads\/2015\/01\/g_m6ughbira__Lecheras-28.jpg","contentUrl":"https:\/\/proagrolab.com.ar\/wp-content\/uploads\/2015\/01\/g_m6ughbira__Lecheras-28.jpg","width":450,"height":208},{"@type":"BreadcrumbList","@id":"https:\/\/proagrolab.com.ar\/sin-politicas-de-estado-no-hay-desarrollo-lechero\/#breadcrumb","itemListElement":[{"@type":"ListItem","position":1,"name":"Portada","item":"https:\/\/proagrolab.com.ar\/"},{"@type":"ListItem","position":2,"name":"Sin pol\u00edticas de Estado no hay desarrollo lechero."}]},{"@type":"WebSite","@id":"https:\/\/proagrolab.com.ar\/#website","url":"https:\/\/proagrolab.com.ar\/","name":"Proagro Laboratorio Veterinario","description":"Veterinary laboratory","publisher":{"@id":"https:\/\/proagrolab.com.ar\/#organization"},"potentialAction":[{"@type":"SearchAction","target":{"@type":"EntryPoint","urlTemplate":"https:\/\/proagrolab.com.ar\/?s={search_term_string}"},"query-input":{"@type":"PropertyValueSpecification","valueRequired":true,"valueName":"search_term_string"}}],"inLanguage":"en-US"},{"@type":"Organization","@id":"https:\/\/proagrolab.com.ar\/#organization","name":"Proagro","url":"https:\/\/proagrolab.com.ar\/","logo":{"@type":"ImageObject","inLanguage":"en-US","@id":"https:\/\/proagrolab.com.ar\/#\/schema\/logo\/image\/","url":"https:\/\/proagrolab.com.ar\/wp-content\/uploads\/2020\/04\/logo-retina.png","contentUrl":"https:\/\/proagrolab.com.ar\/wp-content\/uploads\/2020\/04\/logo-retina.png","width":478,"height":120,"caption":"Proagro"},"image":{"@id":"https:\/\/proagrolab.com.ar\/#\/schema\/logo\/image\/"},"sameAs":["http:\/\/www.facebook.com\/proagrolab","https:\/\/www.instagram.com\/proagrolab\/","https:\/\/www.linkedin.com\/company\/laboratorio-proagro-s-a\/"]},{"@type":"Person","@id":"https:\/\/proagrolab.com.ar\/#\/schema\/person\/38003ff90bf80381f71c7d922d207444","name":"proagrolab"}]}},"_links":{"self":[{"href":"https:\/\/proagrolab.com.ar\/en\/wp-json\/wp\/v2\/posts\/6020","targetHints":{"allow":["GET"]}}],"collection":[{"href":"https:\/\/proagrolab.com.ar\/en\/wp-json\/wp\/v2\/posts"}],"about":[{"href":"https:\/\/proagrolab.com.ar\/en\/wp-json\/wp\/v2\/types\/post"}],"author":[{"embeddable":true,"href":"https:\/\/proagrolab.com.ar\/en\/wp-json\/wp\/v2\/users\/2"}],"replies":[{"embeddable":true,"href":"https:\/\/proagrolab.com.ar\/en\/wp-json\/wp\/v2\/comments?post=6020"}],"version-history":[{"count":1,"href":"https:\/\/proagrolab.com.ar\/en\/wp-json\/wp\/v2\/posts\/6020\/revisions"}],"predecessor-version":[{"id":14617,"href":"https:\/\/proagrolab.com.ar\/en\/wp-json\/wp\/v2\/posts\/6020\/revisions\/14617"}],"wp:featuredmedia":[{"embeddable":true,"href":"https:\/\/proagrolab.com.ar\/en\/wp-json\/wp\/v2\/media\/2507"}],"wp:attachment":[{"href":"https:\/\/proagrolab.com.ar\/en\/wp-json\/wp\/v2\/media?parent=6020"}],"wp:term":[{"taxonomy":"category","embeddable":true,"href":"https:\/\/proagrolab.com.ar\/en\/wp-json\/wp\/v2\/categories?post=6020"},{"taxonomy":"post_tag","embeddable":true,"href":"https:\/\/proagrolab.com.ar\/en\/wp-json\/wp\/v2\/tags?post=6020"}],"curies":[{"name":"wp","href":"https:\/\/api.w.org\/{rel}","templated":true}]}}