{"id":6019,"date":"2014-03-25T00:00:01","date_gmt":"2014-03-25T00:00:01","guid":{"rendered":"https:\/\/proagrolab.com.ar\/la-calesita-lechera-el-sector-da-vueltas-sobre-sus-problemas-y-pierde-oportunidades\/"},"modified":"2020-07-02T12:48:59","modified_gmt":"2020-07-02T12:48:59","slug":"la-calesita-lechera-el-sector-da-vueltas-sobre-sus-problemas-y-pierde-oportunidades","status":"publish","type":"post","link":"https:\/\/proagrolab.com.ar\/en\/la-calesita-lechera-el-sector-da-vueltas-sobre-sus-problemas-y-pierde-oportunidades\/","title":{"rendered":"La calesita lechera: el sector da vueltas sobre sus problemas y pierde oportunidades."},"content":{"rendered":"<p class=\"qtranxs-available-languages-message qtranxs-available-languages-message-en\"> <\/p><p>Por F\u00e9lix Sammartino.<\/p>\n<p>&#8220;No dejes que el \u00e1rbol te impida ver el bosque&#8221;, es un consejo que en el caso de la lecher\u00eda parece casi imposible de aplicar.<\/p>\n<p>El corto plazo, muy complicado para los productores despu\u00e9s de la devaluaci\u00f3n con suba de los costos y precios planchados para el litro de leche, parece dominarlo todo. Hace pocos d\u00edas, los tamberos realizaron una asamblea en Trenque Lauquen en la que declararon que la situaci\u00f3n es insostenible &#8220;por el fuerte desgaste financiero, econ\u00f3mico y hasta personal&#8221;.<\/p>\n<p>Sin embargo, y aunque en las actuales condiciones parezca un acto temerario, conviene sacar la cabeza de la trinchera para mirar el largo plazo. Despu\u00e9s de todo el negocio lechero as\u00ed lo exige por la necesidad de proyectar inversiones en el tiempo, el desarrollo tecnol\u00f3gico y el dise\u00f1o de pol\u00edticas.<\/p>\n<p>Esta semana se realiz\u00f3 el primer Outlook lechero promovido por la Fundaci\u00f3n para la Promoci\u00f3n y el Desarrollo de la Cadena L\u00e1ctea Argentina (Fundaci\u00f3n PEL) con el objetivo de pensar la lecher\u00eda nacional en t\u00e9rminos estrat\u00e9gicos, con elementos que puedan orientar la toma de decisiones a nivel empresarial y pol\u00edtico.<\/p>\n<p>Con un equipo de analistas de mercado de primer nivel y los resultados de un modelo de simulaci\u00f3n del comercio mundial se intent\u00f3 dar una respuesta al interrogante sobre el escenario que transitar\u00e1 la lecher\u00eda en los pr\u00f3ximos diez a\u00f1os.<\/p>\n<p>El norteamericano Tim Hunt, reconocido analista de los mercados l\u00e1cteos del Rabobank, dio a conocer un fen\u00f3meno que no distingue a los pa\u00edses: en el mundo producir leche sale cada vez m\u00e1s caro. Con respecto a los pa\u00edses deficitarios de leche, Hunt afirm\u00f3 que enfrentan fuertes limitaciones para lograr el autoabastecimiento a pesar de que se han lanzado con entusiasmo a mejorar su producci\u00f3n de leche. En general no pueden superar la falta de una cultura lechera, disminuir los altos costos de alimentaci\u00f3n y cambiar la percepci\u00f3n negativa de sus propios consumidores por la falta de garant\u00edas en la calidad de la materia prima producida.<\/p>\n<p>Pero, el especialista norteamericano tambi\u00e9n advirti\u00f3 que en los tradicionales pa\u00edses exportadores tampoco hay s\u00edntomas de alcanzar altas tasas de crecimiento en sus producciones lecheras. Como ejemplo de esto, mencion\u00f3 lo que esta ocurriendo en Nueva Zelanda, el l\u00edder mundial l\u00e1cteo, donde se termin\u00f3 el per\u00edodo de oro del crecimiento de los vol\u00famenes de leche por la falta de tierras, el alto costo de los granos disponibles y un clima que ya no le juega tan a favor.<\/p>\n<p>&#8220;En los pr\u00f3ximos meses, la producci\u00f3n mundial crecer\u00e1 gracias a los excelentes precios pero hasta cierto punto. Los costos de producci\u00f3n han aumentado incluso en los pa\u00edses m\u00e1s competitivos&#8221;, afirm\u00f3 Hunt.<\/p>\n<p>As\u00ed, el analista explic\u00f3 que mientras en los \u00faltimos a\u00f1os, un precio promedio de 3500 d\u00f3lares la tonelada de leche en polvo fue suficiente para que la producci\u00f3n global creciera, para los pr\u00f3ximos a\u00f1os se requerir\u00e1, estima, un precio cercano a los 4000 d\u00f3lares la tonelada como m\u00ednimo.<\/p>\n<p>La creciente demanda lechera de las regiones deficitarias, incapaces de reducir la brecha de su d\u00e9ficit productivo, permitir\u00e1 brindar para los pr\u00f3ximos cinco a\u00f1os la friolera de 25.000 millones de litros adicionales a los 61.500 millones que se comercializan anualmente a nivel mundial sin contar el intercambio dentro de la Uni\u00f3n Europea.<\/p>\n<p>M\u00e1s de uno de los que escucharon semejante estimaci\u00f3n se debe haber refregado las manos de satisfacci\u00f3n. Poco les dur\u00f3.<\/p>\n<p>Tim Hunt ahog\u00f3 cualquier sonrisa del p\u00fablico argentino cuando apenas adjudic\u00f3 a la Argentina 1500 millones de los 25.000 millones que se comercializar\u00e1n adicionalmente. La causa: la Argentina sigue siendo un pa\u00eds prometedor pero poco confiable.<\/p>\n<p>Sobre este tema se refiri\u00f3 extensamente la investigadora de la Universidad Nacional del Litoral, Edith Guiguet, que plante\u00f3 el cambio de paradigma que vivi\u00f3 en los \u00faltimos a\u00f1os la lecher\u00eda mundial. &#8220;Se produjo un cambio de escenario, de uno donde predominaba la oferta incentivada por las pol\u00edticas distorsivas hacia el actual dominado por una demanda sensible a las se\u00f1ales del mercado y los deseos de los consumidores&#8221;, afirm\u00f3 Guiguet.<\/p>\n<p>La investigadora cree que estos cambios no permiten mayores dilaciones por parte del rol que va a jugar la Argentina. &#8220;El pa\u00eds necesita una clara definici\u00f3n de lo que se espera de su inserci\u00f3n exportadora en la lecher\u00eda global. El desaf\u00edo es una Argentina lechera exportadora consistente. Esto implica el reconocimiento de las tendencias internacionales mencionadas y los cambios que, en respuesta a las mismas, est\u00e1n haciendo nuestros competidores. Debemos contemplar la posibilidad de que otros, incluyendo nuevos actores, ocupen en un mediano plazo los espacios que desaprovechamos&#8221;, sostuvo.<\/p>\n<p>Para Guiguet las pol\u00edticas globales de la lecher\u00eda est\u00e1n inspiradas en una mayor orientaci\u00f3n al mercado. &#8220;Por la r\u00edgida intervenci\u00f3n gubernamental, con las actuales condiciones del mercado, no se percibe como una alternativa ganadora y tiene efectos no deseados&#8221;, dijo.<\/p>\n<p><i>Un sistema competitivo<\/i><br \/>Para proyectar el futuro de la producci\u00f3n primaria, Santiago Fari\u00f1a, coordinador t\u00e9cnico de Aacrea, enumer\u00f3 algunos aspectos clave sobre los cuales los tambos deber\u00e1n mejorar si se pretende crecer en la producci\u00f3n de leche. Seg\u00fan Fari\u00f1a maximizar la producci\u00f3n forrajera y una mayor eficiencia en la cosecha de la misma son la base para que con mayor carga animal se pueden elevar los niveles de productividad por hect\u00e1rea. No olvid\u00f3 de mencionar el estancamiento e inclusive una reducci\u00f3n del rodeo lechero nacional como producto esencialmente de los niveles de mortandad en todas las categor\u00edas y de la alta tasa de descarte de vacas en producci\u00f3n.<\/p>\n<p>Del lado industrial, Enrique Cartier, investigador del Iapuco, describi\u00f3 la estructura de las empresas elaboradoras marcando la alta participaci\u00f3n de las peque\u00f1as empresas monoproducto, que elaboran s\u00f3lo quesos, en el total elaborado a nivel nacional. &#8220;Cuando se analiza que diez empresas diversificadas elaboran el 55% de la producci\u00f3n y 664 peque\u00f1as o miniempresas monoproducto manejan el resto es como tener dos mundos diferentes en un mismo pa\u00eds.&#8221; agreg\u00f3 Cartier.<\/p>\n<p>As\u00ed, el investigador y especialista en costos se\u00f1al\u00f3 que mientras las l\u00e1cteas m\u00e1s grandes vienen trabajando en la continuidad de los cambios tecnol\u00f3gicos, en el aprovechamiento de las econom\u00edas de escala y en la colocaci\u00f3n de productos en nuevos mercados, existe en el caso del resto de las l\u00e1cteas la necesidad de plantear una opci\u00f3n a su realidad a trav\u00e9s de esquemas asociativos y un mejor aprovechamiento industrial de los s\u00f3lidos l\u00e1cteos.<\/p>\n<p>Como conclusiones qued\u00f3 la certeza que la creciente demanda mundial de l\u00e1cteos a nivel mundial no esperar\u00e1 a que la Argentina resuelva sus indefiniciones sobre su rol exportador.<\/p>\n<p>Otros jugadores m\u00e1s din\u00e1micos ocupar\u00e1n su lugar.<\/p>\n<p><i>Para jugar? en primera<\/i><br \/>El sector es muy competitivo por su costo de producci\u00f3n<\/p>\n<p><b>Alfredo Curiotti<\/b><br \/>Presidente de Williner<br \/>&#8220;La lecher\u00eda argentina tiene un futuro inmejorable, pero necesita reglas claras&#8221;<\/p>\n<p><b>Santiago Fari\u00f1a<\/b><br \/>Coordinador de Aacrea<br \/>&#8220;Somos competitivos por tener un sistema pastoril suplementado con granos&#8221;<\/p>\n<p><b>Tim Hunt<\/b><br \/>Analista mercados l\u00e1cteos<br \/>&#8220;Los costos de producci\u00f3n han aumentado a\u00fan en los pa\u00edses m\u00e1s competitivos&#8221;<\/p>\n<p><b>Jos\u00e9 Quintana<\/b><br \/>Analista de mercados l\u00e1cteos<br \/>&#8220;En los noventa crecimos al 6% anual, esto no ocurri\u00f3 en la \u00faltima d\u00e9cada&#8221;.<\/p>\n<p>Fuente: La Naci\u00f3n, suple campo, 22 de marzo.<br \/><\/p>","protected":false},"excerpt":{"rendered":"<p>Por F\u00e9lix Sammartino. &#8220;No dejes que el \u00e1rbol te impida ver el bosque&#8221;, es un consejo que en el caso de la lecher\u00eda parece casi imposible de aplicar. El corto plazo, muy complicado para los productores despu\u00e9s de la devaluaci\u00f3n con suba de los costos y precios planchados para el litro de leche, parece dominarlo todo. Hace pocos d\u00edas, los tamberos realizaron una asamblea en Trenque Lauquen en la que declararon que la situaci\u00f3n es insostenible &#8220;por el fuerte desgaste financiero, econ\u00f3mico y hasta personal&#8221;. Sin embargo, y aunque en las actuales condiciones parezca un acto temerario, conviene sacar la cabeza de la trinchera para mirar el largo plazo. Despu\u00e9s de todo el negocio lechero as\u00ed lo exige por la necesidad de proyectar inversiones en el tiempo, el desarrollo tecnol\u00f3gico y el dise\u00f1o de pol\u00edticas. Esta semana se realiz\u00f3 el primer Outlook lechero promovido por la Fundaci\u00f3n para la Promoci\u00f3n y el Desarrollo de la Cadena L\u00e1ctea Argentina (Fundaci\u00f3n PEL) con el objetivo de pensar la lecher\u00eda nacional en t\u00e9rminos estrat\u00e9gicos, con elementos que puedan orientar la toma de decisiones a nivel empresarial y pol\u00edtico. Con un equipo de analistas de mercado de primer nivel y los resultados de un [&hellip;]<\/p>\n","protected":false},"author":2,"featured_media":2506,"comment_status":"closed","ping_status":"open","sticky":false,"template":"","format":"standard","meta":{"_acf_changed":false,"footnotes":""},"categories":[56],"tags":[],"class_list":["post-6019","post","type-post","status-publish","format-standard","has-post-thumbnail","hentry","category-infoganadero"],"acf":[],"yoast_head":"<!-- This site is optimized with the Yoast SEO plugin v27.4 - https:\/\/yoast.com\/product\/yoast-seo-wordpress\/ -->\n<title>La calesita lechera: el sector da vueltas sobre sus problemas y pierde oportunidades. | Proagro<\/title>\n<meta name=\"robots\" content=\"index, follow, max-snippet:-1, max-image-preview:large, max-video-preview:-1\" \/>\n<link rel=\"canonical\" href=\"https:\/\/proagrolab.com.ar\/en\/la-calesita-lechera-el-sector-da-vueltas-sobre-sus-problemas-y-pierde-oportunidades\/\" \/>\n<meta property=\"og:locale\" content=\"en_US\" \/>\n<meta property=\"og:type\" content=\"article\" \/>\n<meta property=\"og:title\" content=\"La calesita lechera: el sector da vueltas sobre sus problemas y pierde oportunidades. | Proagro\" \/>\n<meta property=\"og:description\" content=\"Por F\u00e9lix Sammartino. &#8220;No dejes que el \u00e1rbol te impida ver el bosque&#8221;, es un consejo que en el caso de la lecher\u00eda parece casi imposible de aplicar. El corto plazo, muy complicado para los productores despu\u00e9s de la devaluaci\u00f3n con suba de los costos y precios planchados para el litro de leche, parece dominarlo todo. Hace pocos d\u00edas, los tamberos realizaron una asamblea en Trenque Lauquen en la que declararon que la situaci\u00f3n es insostenible &#8220;por el fuerte desgaste financiero, econ\u00f3mico y hasta personal&#8221;. Sin embargo, y aunque en las actuales condiciones parezca un acto temerario, conviene sacar la cabeza de la trinchera para mirar el largo plazo. Despu\u00e9s de todo el negocio lechero as\u00ed lo exige por la necesidad de proyectar inversiones en el tiempo, el desarrollo tecnol\u00f3gico y el dise\u00f1o de pol\u00edticas. Esta semana se realiz\u00f3 el primer Outlook lechero promovido por la Fundaci\u00f3n para la Promoci\u00f3n y el Desarrollo de la Cadena L\u00e1ctea Argentina (Fundaci\u00f3n PEL) con el objetivo de pensar la lecher\u00eda nacional en t\u00e9rminos estrat\u00e9gicos, con elementos que puedan orientar la toma de decisiones a nivel empresarial y pol\u00edtico. Con un equipo de analistas de mercado de primer nivel y los resultados de un [&hellip;]\" \/>\n<meta property=\"og:url\" content=\"https:\/\/proagrolab.com.ar\/la-calesita-lechera-el-sector-da-vueltas-sobre-sus-problemas-y-pierde-oportunidades\/\" \/>\n<meta property=\"og:site_name\" content=\"Proagro\" \/>\n<meta property=\"article:publisher\" content=\"http:\/\/www.facebook.com\/proagrolab\" \/>\n<meta property=\"article:published_time\" content=\"2014-03-25T00:00:01+00:00\" \/>\n<meta property=\"article:modified_time\" content=\"2020-07-02T12:48:59+00:00\" \/>\n<meta property=\"og:image\" content=\"https:\/\/proagrolab.com.ar\/wp-content\/uploads\/2015\/01\/g_ry6finuwm__Lecheras-17.jpg\" \/>\n\t<meta property=\"og:image:width\" content=\"450\" \/>\n\t<meta property=\"og:image:height\" content=\"208\" \/>\n\t<meta property=\"og:image:type\" content=\"image\/jpeg\" \/>\n<meta name=\"author\" content=\"proagrolab\" \/>\n<meta name=\"twitter:card\" content=\"summary_large_image\" \/>\n<meta name=\"twitter:label1\" content=\"Written by\" \/>\n\t<meta name=\"twitter:data1\" content=\"proagrolab\" \/>\n\t<meta name=\"twitter:label2\" content=\"Est. reading time\" \/>\n\t<meta name=\"twitter:data2\" content=\"6 minutes\" \/>\n<script type=\"application\/ld+json\" class=\"yoast-schema-graph\">{\"@context\":\"https:\\\/\\\/schema.org\",\"@graph\":[{\"@type\":\"Article\",\"@id\":\"https:\\\/\\\/proagrolab.com.ar\\\/la-calesita-lechera-el-sector-da-vueltas-sobre-sus-problemas-y-pierde-oportunidades\\\/#article\",\"isPartOf\":{\"@id\":\"https:\\\/\\\/proagrolab.com.ar\\\/la-calesita-lechera-el-sector-da-vueltas-sobre-sus-problemas-y-pierde-oportunidades\\\/\"},\"author\":{\"name\":\"proagrolab\",\"@id\":\"https:\\\/\\\/proagrolab.com.ar\\\/#\\\/schema\\\/person\\\/38003ff90bf80381f71c7d922d207444\"},\"headline\":\"La calesita lechera: el sector da vueltas sobre sus problemas y pierde oportunidades.\",\"datePublished\":\"2014-03-25T00:00:01+00:00\",\"dateModified\":\"2020-07-02T12:48:59+00:00\",\"mainEntityOfPage\":{\"@id\":\"https:\\\/\\\/proagrolab.com.ar\\\/la-calesita-lechera-el-sector-da-vueltas-sobre-sus-problemas-y-pierde-oportunidades\\\/\"},\"wordCount\":1291,\"publisher\":{\"@id\":\"https:\\\/\\\/proagrolab.com.ar\\\/#organization\"},\"image\":{\"@id\":\"https:\\\/\\\/proagrolab.com.ar\\\/la-calesita-lechera-el-sector-da-vueltas-sobre-sus-problemas-y-pierde-oportunidades\\\/#primaryimage\"},\"thumbnailUrl\":\"https:\\\/\\\/proagrolab.com.ar\\\/wp-content\\\/uploads\\\/2015\\\/01\\\/g_ry6finuwm__Lecheras-17.jpg\",\"articleSection\":[\"News\"],\"inLanguage\":\"en-US\"},{\"@type\":\"WebPage\",\"@id\":\"https:\\\/\\\/proagrolab.com.ar\\\/la-calesita-lechera-el-sector-da-vueltas-sobre-sus-problemas-y-pierde-oportunidades\\\/\",\"url\":\"https:\\\/\\\/proagrolab.com.ar\\\/la-calesita-lechera-el-sector-da-vueltas-sobre-sus-problemas-y-pierde-oportunidades\\\/\",\"name\":\"La calesita lechera: el sector da vueltas sobre sus problemas y pierde oportunidades. | Proagro\",\"isPartOf\":{\"@id\":\"https:\\\/\\\/proagrolab.com.ar\\\/#website\"},\"primaryImageOfPage\":{\"@id\":\"https:\\\/\\\/proagrolab.com.ar\\\/la-calesita-lechera-el-sector-da-vueltas-sobre-sus-problemas-y-pierde-oportunidades\\\/#primaryimage\"},\"image\":{\"@id\":\"https:\\\/\\\/proagrolab.com.ar\\\/la-calesita-lechera-el-sector-da-vueltas-sobre-sus-problemas-y-pierde-oportunidades\\\/#primaryimage\"},\"thumbnailUrl\":\"https:\\\/\\\/proagrolab.com.ar\\\/wp-content\\\/uploads\\\/2015\\\/01\\\/g_ry6finuwm__Lecheras-17.jpg\",\"datePublished\":\"2014-03-25T00:00:01+00:00\",\"dateModified\":\"2020-07-02T12:48:59+00:00\",\"breadcrumb\":{\"@id\":\"https:\\\/\\\/proagrolab.com.ar\\\/la-calesita-lechera-el-sector-da-vueltas-sobre-sus-problemas-y-pierde-oportunidades\\\/#breadcrumb\"},\"inLanguage\":\"en-US\",\"potentialAction\":[{\"@type\":\"ReadAction\",\"target\":[\"https:\\\/\\\/proagrolab.com.ar\\\/la-calesita-lechera-el-sector-da-vueltas-sobre-sus-problemas-y-pierde-oportunidades\\\/\"]}]},{\"@type\":\"ImageObject\",\"inLanguage\":\"en-US\",\"@id\":\"https:\\\/\\\/proagrolab.com.ar\\\/la-calesita-lechera-el-sector-da-vueltas-sobre-sus-problemas-y-pierde-oportunidades\\\/#primaryimage\",\"url\":\"https:\\\/\\\/proagrolab.com.ar\\\/wp-content\\\/uploads\\\/2015\\\/01\\\/g_ry6finuwm__Lecheras-17.jpg\",\"contentUrl\":\"https:\\\/\\\/proagrolab.com.ar\\\/wp-content\\\/uploads\\\/2015\\\/01\\\/g_ry6finuwm__Lecheras-17.jpg\",\"width\":450,\"height\":208},{\"@type\":\"BreadcrumbList\",\"@id\":\"https:\\\/\\\/proagrolab.com.ar\\\/la-calesita-lechera-el-sector-da-vueltas-sobre-sus-problemas-y-pierde-oportunidades\\\/#breadcrumb\",\"itemListElement\":[{\"@type\":\"ListItem\",\"position\":1,\"name\":\"Portada\",\"item\":\"https:\\\/\\\/proagrolab.com.ar\\\/\"},{\"@type\":\"ListItem\",\"position\":2,\"name\":\"La calesita lechera: el sector da vueltas sobre sus problemas y pierde oportunidades.\"}]},{\"@type\":\"WebSite\",\"@id\":\"https:\\\/\\\/proagrolab.com.ar\\\/#website\",\"url\":\"https:\\\/\\\/proagrolab.com.ar\\\/\",\"name\":\"Proagro Laboratorio Veterinario\",\"description\":\"Veterinary laboratory\",\"publisher\":{\"@id\":\"https:\\\/\\\/proagrolab.com.ar\\\/#organization\"},\"potentialAction\":[{\"@type\":\"SearchAction\",\"target\":{\"@type\":\"EntryPoint\",\"urlTemplate\":\"https:\\\/\\\/proagrolab.com.ar\\\/?s={search_term_string}\"},\"query-input\":{\"@type\":\"PropertyValueSpecification\",\"valueRequired\":true,\"valueName\":\"search_term_string\"}}],\"inLanguage\":\"en-US\"},{\"@type\":\"Organization\",\"@id\":\"https:\\\/\\\/proagrolab.com.ar\\\/#organization\",\"name\":\"Proagro\",\"url\":\"https:\\\/\\\/proagrolab.com.ar\\\/\",\"logo\":{\"@type\":\"ImageObject\",\"inLanguage\":\"en-US\",\"@id\":\"https:\\\/\\\/proagrolab.com.ar\\\/#\\\/schema\\\/logo\\\/image\\\/\",\"url\":\"https:\\\/\\\/proagrolab.com.ar\\\/wp-content\\\/uploads\\\/2020\\\/04\\\/logo-retina.png\",\"contentUrl\":\"https:\\\/\\\/proagrolab.com.ar\\\/wp-content\\\/uploads\\\/2020\\\/04\\\/logo-retina.png\",\"width\":478,\"height\":120,\"caption\":\"Proagro\"},\"image\":{\"@id\":\"https:\\\/\\\/proagrolab.com.ar\\\/#\\\/schema\\\/logo\\\/image\\\/\"},\"sameAs\":[\"http:\\\/\\\/www.facebook.com\\\/proagrolab\",\"https:\\\/\\\/www.instagram.com\\\/proagrolab\\\/\",\"https:\\\/\\\/www.linkedin.com\\\/company\\\/laboratorio-proagro-s-a\\\/\"]},{\"@type\":\"Person\",\"@id\":\"https:\\\/\\\/proagrolab.com.ar\\\/#\\\/schema\\\/person\\\/38003ff90bf80381f71c7d922d207444\",\"name\":\"proagrolab\"}]}<\/script>\n<!-- \/ Yoast SEO plugin. -->","yoast_head_json":{"title":"La calesita lechera: el sector da vueltas sobre sus problemas y pierde oportunidades. | Proagro","robots":{"index":"index","follow":"follow","max-snippet":"max-snippet:-1","max-image-preview":"max-image-preview:large","max-video-preview":"max-video-preview:-1"},"canonical":"https:\/\/proagrolab.com.ar\/en\/la-calesita-lechera-el-sector-da-vueltas-sobre-sus-problemas-y-pierde-oportunidades\/","og_locale":"en_US","og_type":"article","og_title":"La calesita lechera: el sector da vueltas sobre sus problemas y pierde oportunidades. | Proagro","og_description":"Por F\u00e9lix Sammartino. &#8220;No dejes que el \u00e1rbol te impida ver el bosque&#8221;, es un consejo que en el caso de la lecher\u00eda parece casi imposible de aplicar. El corto plazo, muy complicado para los productores despu\u00e9s de la devaluaci\u00f3n con suba de los costos y precios planchados para el litro de leche, parece dominarlo todo. Hace pocos d\u00edas, los tamberos realizaron una asamblea en Trenque Lauquen en la que declararon que la situaci\u00f3n es insostenible &#8220;por el fuerte desgaste financiero, econ\u00f3mico y hasta personal&#8221;. Sin embargo, y aunque en las actuales condiciones parezca un acto temerario, conviene sacar la cabeza de la trinchera para mirar el largo plazo. Despu\u00e9s de todo el negocio lechero as\u00ed lo exige por la necesidad de proyectar inversiones en el tiempo, el desarrollo tecnol\u00f3gico y el dise\u00f1o de pol\u00edticas. Esta semana se realiz\u00f3 el primer Outlook lechero promovido por la Fundaci\u00f3n para la Promoci\u00f3n y el Desarrollo de la Cadena L\u00e1ctea Argentina (Fundaci\u00f3n PEL) con el objetivo de pensar la lecher\u00eda nacional en t\u00e9rminos estrat\u00e9gicos, con elementos que puedan orientar la toma de decisiones a nivel empresarial y pol\u00edtico. Con un equipo de analistas de mercado de primer nivel y los resultados de un [&hellip;]","og_url":"https:\/\/proagrolab.com.ar\/la-calesita-lechera-el-sector-da-vueltas-sobre-sus-problemas-y-pierde-oportunidades\/","og_site_name":"Proagro","article_publisher":"http:\/\/www.facebook.com\/proagrolab","article_published_time":"2014-03-25T00:00:01+00:00","article_modified_time":"2020-07-02T12:48:59+00:00","og_image":[{"width":450,"height":208,"url":"https:\/\/proagrolab.com.ar\/wp-content\/uploads\/2015\/01\/g_ry6finuwm__Lecheras-17.jpg","type":"image\/jpeg"}],"author":"proagrolab","twitter_card":"summary_large_image","twitter_misc":{"Written by":"proagrolab","Est. reading time":"6 minutes"},"schema":{"@context":"https:\/\/schema.org","@graph":[{"@type":"Article","@id":"https:\/\/proagrolab.com.ar\/la-calesita-lechera-el-sector-da-vueltas-sobre-sus-problemas-y-pierde-oportunidades\/#article","isPartOf":{"@id":"https:\/\/proagrolab.com.ar\/la-calesita-lechera-el-sector-da-vueltas-sobre-sus-problemas-y-pierde-oportunidades\/"},"author":{"name":"proagrolab","@id":"https:\/\/proagrolab.com.ar\/#\/schema\/person\/38003ff90bf80381f71c7d922d207444"},"headline":"La calesita lechera: el sector da vueltas sobre sus problemas y pierde oportunidades.","datePublished":"2014-03-25T00:00:01+00:00","dateModified":"2020-07-02T12:48:59+00:00","mainEntityOfPage":{"@id":"https:\/\/proagrolab.com.ar\/la-calesita-lechera-el-sector-da-vueltas-sobre-sus-problemas-y-pierde-oportunidades\/"},"wordCount":1291,"publisher":{"@id":"https:\/\/proagrolab.com.ar\/#organization"},"image":{"@id":"https:\/\/proagrolab.com.ar\/la-calesita-lechera-el-sector-da-vueltas-sobre-sus-problemas-y-pierde-oportunidades\/#primaryimage"},"thumbnailUrl":"https:\/\/proagrolab.com.ar\/wp-content\/uploads\/2015\/01\/g_ry6finuwm__Lecheras-17.jpg","articleSection":["News"],"inLanguage":"en-US"},{"@type":"WebPage","@id":"https:\/\/proagrolab.com.ar\/la-calesita-lechera-el-sector-da-vueltas-sobre-sus-problemas-y-pierde-oportunidades\/","url":"https:\/\/proagrolab.com.ar\/la-calesita-lechera-el-sector-da-vueltas-sobre-sus-problemas-y-pierde-oportunidades\/","name":"La calesita lechera: el sector da vueltas sobre sus problemas y pierde oportunidades. | Proagro","isPartOf":{"@id":"https:\/\/proagrolab.com.ar\/#website"},"primaryImageOfPage":{"@id":"https:\/\/proagrolab.com.ar\/la-calesita-lechera-el-sector-da-vueltas-sobre-sus-problemas-y-pierde-oportunidades\/#primaryimage"},"image":{"@id":"https:\/\/proagrolab.com.ar\/la-calesita-lechera-el-sector-da-vueltas-sobre-sus-problemas-y-pierde-oportunidades\/#primaryimage"},"thumbnailUrl":"https:\/\/proagrolab.com.ar\/wp-content\/uploads\/2015\/01\/g_ry6finuwm__Lecheras-17.jpg","datePublished":"2014-03-25T00:00:01+00:00","dateModified":"2020-07-02T12:48:59+00:00","breadcrumb":{"@id":"https:\/\/proagrolab.com.ar\/la-calesita-lechera-el-sector-da-vueltas-sobre-sus-problemas-y-pierde-oportunidades\/#breadcrumb"},"inLanguage":"en-US","potentialAction":[{"@type":"ReadAction","target":["https:\/\/proagrolab.com.ar\/la-calesita-lechera-el-sector-da-vueltas-sobre-sus-problemas-y-pierde-oportunidades\/"]}]},{"@type":"ImageObject","inLanguage":"en-US","@id":"https:\/\/proagrolab.com.ar\/la-calesita-lechera-el-sector-da-vueltas-sobre-sus-problemas-y-pierde-oportunidades\/#primaryimage","url":"https:\/\/proagrolab.com.ar\/wp-content\/uploads\/2015\/01\/g_ry6finuwm__Lecheras-17.jpg","contentUrl":"https:\/\/proagrolab.com.ar\/wp-content\/uploads\/2015\/01\/g_ry6finuwm__Lecheras-17.jpg","width":450,"height":208},{"@type":"BreadcrumbList","@id":"https:\/\/proagrolab.com.ar\/la-calesita-lechera-el-sector-da-vueltas-sobre-sus-problemas-y-pierde-oportunidades\/#breadcrumb","itemListElement":[{"@type":"ListItem","position":1,"name":"Portada","item":"https:\/\/proagrolab.com.ar\/"},{"@type":"ListItem","position":2,"name":"La calesita lechera: el sector da vueltas sobre sus problemas y pierde oportunidades."}]},{"@type":"WebSite","@id":"https:\/\/proagrolab.com.ar\/#website","url":"https:\/\/proagrolab.com.ar\/","name":"Proagro Laboratorio Veterinario","description":"Veterinary laboratory","publisher":{"@id":"https:\/\/proagrolab.com.ar\/#organization"},"potentialAction":[{"@type":"SearchAction","target":{"@type":"EntryPoint","urlTemplate":"https:\/\/proagrolab.com.ar\/?s={search_term_string}"},"query-input":{"@type":"PropertyValueSpecification","valueRequired":true,"valueName":"search_term_string"}}],"inLanguage":"en-US"},{"@type":"Organization","@id":"https:\/\/proagrolab.com.ar\/#organization","name":"Proagro","url":"https:\/\/proagrolab.com.ar\/","logo":{"@type":"ImageObject","inLanguage":"en-US","@id":"https:\/\/proagrolab.com.ar\/#\/schema\/logo\/image\/","url":"https:\/\/proagrolab.com.ar\/wp-content\/uploads\/2020\/04\/logo-retina.png","contentUrl":"https:\/\/proagrolab.com.ar\/wp-content\/uploads\/2020\/04\/logo-retina.png","width":478,"height":120,"caption":"Proagro"},"image":{"@id":"https:\/\/proagrolab.com.ar\/#\/schema\/logo\/image\/"},"sameAs":["http:\/\/www.facebook.com\/proagrolab","https:\/\/www.instagram.com\/proagrolab\/","https:\/\/www.linkedin.com\/company\/laboratorio-proagro-s-a\/"]},{"@type":"Person","@id":"https:\/\/proagrolab.com.ar\/#\/schema\/person\/38003ff90bf80381f71c7d922d207444","name":"proagrolab"}]}},"_links":{"self":[{"href":"https:\/\/proagrolab.com.ar\/en\/wp-json\/wp\/v2\/posts\/6019","targetHints":{"allow":["GET"]}}],"collection":[{"href":"https:\/\/proagrolab.com.ar\/en\/wp-json\/wp\/v2\/posts"}],"about":[{"href":"https:\/\/proagrolab.com.ar\/en\/wp-json\/wp\/v2\/types\/post"}],"author":[{"embeddable":true,"href":"https:\/\/proagrolab.com.ar\/en\/wp-json\/wp\/v2\/users\/2"}],"replies":[{"embeddable":true,"href":"https:\/\/proagrolab.com.ar\/en\/wp-json\/wp\/v2\/comments?post=6019"}],"version-history":[{"count":1,"href":"https:\/\/proagrolab.com.ar\/en\/wp-json\/wp\/v2\/posts\/6019\/revisions"}],"predecessor-version":[{"id":14616,"href":"https:\/\/proagrolab.com.ar\/en\/wp-json\/wp\/v2\/posts\/6019\/revisions\/14616"}],"wp:featuredmedia":[{"embeddable":true,"href":"https:\/\/proagrolab.com.ar\/en\/wp-json\/wp\/v2\/media\/2506"}],"wp:attachment":[{"href":"https:\/\/proagrolab.com.ar\/en\/wp-json\/wp\/v2\/media?parent=6019"}],"wp:term":[{"taxonomy":"category","embeddable":true,"href":"https:\/\/proagrolab.com.ar\/en\/wp-json\/wp\/v2\/categories?post=6019"},{"taxonomy":"post_tag","embeddable":true,"href":"https:\/\/proagrolab.com.ar\/en\/wp-json\/wp\/v2\/tags?post=6019"}],"curies":[{"name":"wp","href":"https:\/\/api.w.org\/{rel}","templated":true}]}}