{"id":6016,"date":"2014-03-21T00:00:01","date_gmt":"2014-03-21T00:00:01","guid":{"rendered":"https:\/\/proagrolab.com.ar\/un-consumo-firme-da-sosten-a-los-precios\/"},"modified":"2020-07-02T12:43:56","modified_gmt":"2020-07-02T12:43:56","slug":"un-consumo-firme-da-sosten-a-los-precios","status":"publish","type":"post","link":"https:\/\/proagrolab.com.ar\/en\/un-consumo-firme-da-sosten-a-los-precios\/","title":{"rendered":"Un consumo firme da sost\u00e9n a los precios."},"content":{"rendered":"<p class=\"qtranxs-available-languages-message qtranxs-available-languages-message-en\"> <\/p><p>Por Ignacio Iriarte.<\/p>\n<p>Un consumo muy firme, que est\u00e1 sosteniendo cotizaciones para el novillo en Liniers 50 por ciento m\u00e1s altas que a principios de noviembre pasado, es un dato central.<\/p>\n<p>No hay un problema de oferta: en los dos primeros meses del a\u00f1o, pese a las lluvias y a la incertidumbre, la faena result\u00f3 casi id\u00e9ntica a un a\u00f1o atr\u00e1s (-0,6 por ciento).<\/p>\n<p>Es m\u00e1s: al mantenerse la faena y reducirse dr\u00e1sticamente las exportaciones (en el primer bimestre habr\u00edan ca\u00eddo un 30 por ciento), hasta ha aumentado el volumen de carne destinado al consumo, increment\u00e1ndose la ingesta con respecto a un a\u00f1o atr\u00e1s.<\/p>\n<p>Las evidencias sobre la firmeza del consumo son impresionantes: frente a un aumento del 50 por ciento en los valores de la carne al mostrador, la demanda dom\u00e9stica se incrementa levemente por encima de los 61 kilogramos por habitante.<\/p>\n<p>Toda esta evoluci\u00f3n del mercado se da en un momento en que la inflaci\u00f3n erosiona el poder de compra de los salarios, y los alimentos \u0096no s\u00f3lo la carne vacuna\u0096 aumentan de precio muy por encima del \u00edndice general.<\/p>\n<p>En el corto plazo, estamos asistiendo a una ca\u00edda \u0096estimada en un 10 por ciento\u0096 en los salarios reales, al afrontar el grueso de la poblaci\u00f3n asalariada un escenario de \u0093precios nuevos con salarios viejos\u0094.<\/p>\n<p>En enero y febrero se dieron episodios de reducciones circunstanciales de la oferta, a causa de la devaluaci\u00f3n, de la incertidumbre y de las continuas lluvias, pero pese a que luego la oferta se recuper\u00f3, los precios del ganado y de la carne no retrocedieron.<\/p>\n<p>El papel de la exportaci\u00f3n en toda esta suba es marginal, pasando del siete al cinco por ciento de la demanda total en menos de tres meses.<\/p>\n<p>Tampoco debe sobredimensionarse el papel de la suba del cuero, porque este subproducto representa s\u00f3lo el ocho por ciento del peso del animal, y su espectacular suba (200 por ciento en tres meses) s\u00f3lo explicar\u00eda una cuarta parte de la suba del precio de la hacienda de noviembre para ac\u00e1.<\/p>\n<p><i>Precios<\/i><br \/>Puede afirmarse que la carne vacuna estaba hasta hace poco muy atrasada con respecto al precio de otros alimentos (farin\u00e1ceos, l\u00e1cteos, etc\u00e9tera), pero su precio al mostrador no est\u00e1 precisamente atrasado con respecto a los salarios.<\/p>\n<p>Si tomamos como base octubre del 2001=100 (es decir, a finales de la convertibilidad), el nivel general de los salarios, sean estos privados, formales, informales y p\u00fablicos, ha subido 8,6 veces hasta fines de enero \u00faltimo, mientras que el precio de la carne vacuna al mostrador lo ha hecho 14,7 veces.<\/p>\n<p>Si la base que se elige es abril del 2008, la diferencia tambi\u00e9n es significativa: los salarios subieron 3,5 veces y la carne vacuna creci\u00f3 4,5 veces.<\/p>\n<p>Todos estos datos confirmar\u00edan la inelasticidad de la demanda por carne vacuna, y mostrar\u00edan que la \u0093preferencia\u0094 de los consumidores argentinos por la carne vacuna es creciente.<\/p>\n<p>Un exportador nos comentaba en estos d\u00edas que el sector ha visto con perplejidad la reciente suba en el precio del ganado: \u0093Nuestro sector ha tenido en los \u00faltimos cuatro meses una mejora en el tipo de cambio del 35 por ciento, pero cuando intentamos utilizar ese mayor poder de compra en el mercado de hacienda en pie, el consumo mejora el valor del novillo en un 50 por ciento y nos deja afuera de la pulseada\u0094.<\/p>\n<p>Es cierto que el atraso en el tipo de cambio es muy grande, y no se resuelve \u0096como ha quedado a la vista\u0096 con una devaluaci\u00f3n nominal del 35 por ciento, que en t\u00e9rminos netos de inflaci\u00f3n estar\u00e1 agotada ya para mediados de a\u00f1o, pero lo que hemos visto en enero y febrero es que es muy dif\u00edcil reducir el consumo interno por debajo de los 60 kilogramos per capita. <\/p>\n<p>Fuente: La Voz del Interior, 21 de marzo.<br \/><\/p>","protected":false},"excerpt":{"rendered":"<p>Por Ignacio Iriarte. Un consumo muy firme, que est\u00e1 sosteniendo cotizaciones para el novillo en Liniers 50 por ciento m\u00e1s altas que a principios de noviembre pasado, es un dato central. No hay un problema de oferta: en los dos primeros meses del a\u00f1o, pese a las lluvias y a la incertidumbre, la faena result\u00f3 casi id\u00e9ntica a un a\u00f1o atr\u00e1s (-0,6 por ciento). Es m\u00e1s: al mantenerse la faena y reducirse dr\u00e1sticamente las exportaciones (en el primer bimestre habr\u00edan ca\u00eddo un 30 por ciento), hasta ha aumentado el volumen de carne destinado al consumo, increment\u00e1ndose la ingesta con respecto a un a\u00f1o atr\u00e1s. Las evidencias sobre la firmeza del consumo son impresionantes: frente a un aumento del 50 por ciento en los valores de la carne al mostrador, la demanda dom\u00e9stica se incrementa levemente por encima de los 61 kilogramos por habitante. Toda esta evoluci\u00f3n del mercado se da en un momento en que la inflaci\u00f3n erosiona el poder de compra de los salarios, y los alimentos \u0096no s\u00f3lo la carne vacuna\u0096 aumentan de precio muy por encima del \u00edndice general. En el corto plazo, estamos asistiendo a una ca\u00edda \u0096estimada en un 10 por ciento\u0096 en los salarios [&hellip;]<\/p>\n","protected":false},"author":2,"featured_media":2501,"comment_status":"closed","ping_status":"open","sticky":false,"template":"","format":"standard","meta":{"_acf_changed":false,"footnotes":""},"categories":[56],"tags":[],"class_list":["post-6016","post","type-post","status-publish","format-standard","has-post-thumbnail","hentry","category-infoganadero"],"acf":[],"yoast_head":"<!-- This site is optimized with the Yoast SEO plugin v27.4 - https:\/\/yoast.com\/product\/yoast-seo-wordpress\/ -->\n<title>Un consumo firme da sost\u00e9n a los precios. | Proagro<\/title>\n<meta name=\"robots\" content=\"index, follow, max-snippet:-1, max-image-preview:large, max-video-preview:-1\" \/>\n<link rel=\"canonical\" href=\"https:\/\/proagrolab.com.ar\/en\/un-consumo-firme-da-sosten-a-los-precios\/\" \/>\n<meta property=\"og:locale\" content=\"en_US\" \/>\n<meta property=\"og:type\" content=\"article\" \/>\n<meta property=\"og:title\" content=\"Un consumo firme da sost\u00e9n a los precios. | Proagro\" \/>\n<meta property=\"og:description\" content=\"Por Ignacio Iriarte. Un consumo muy firme, que est\u00e1 sosteniendo cotizaciones para el novillo en Liniers 50 por ciento m\u00e1s altas que a principios de noviembre pasado, es un dato central. No hay un problema de oferta: en los dos primeros meses del a\u00f1o, pese a las lluvias y a la incertidumbre, la faena result\u00f3 casi id\u00e9ntica a un a\u00f1o atr\u00e1s (-0,6 por ciento). Es m\u00e1s: al mantenerse la faena y reducirse dr\u00e1sticamente las exportaciones (en el primer bimestre habr\u00edan ca\u00eddo un 30 por ciento), hasta ha aumentado el volumen de carne destinado al consumo, increment\u00e1ndose la ingesta con respecto a un a\u00f1o atr\u00e1s. Las evidencias sobre la firmeza del consumo son impresionantes: frente a un aumento del 50 por ciento en los valores de la carne al mostrador, la demanda dom\u00e9stica se incrementa levemente por encima de los 61 kilogramos por habitante. Toda esta evoluci\u00f3n del mercado se da en un momento en que la inflaci\u00f3n erosiona el poder de compra de los salarios, y los alimentos \u0096no s\u00f3lo la carne vacuna\u0096 aumentan de precio muy por encima del \u00edndice general. En el corto plazo, estamos asistiendo a una ca\u00edda \u0096estimada en un 10 por ciento\u0096 en los salarios [&hellip;]\" \/>\n<meta property=\"og:url\" content=\"https:\/\/proagrolab.com.ar\/un-consumo-firme-da-sosten-a-los-precios\/\" \/>\n<meta property=\"og:site_name\" content=\"Proagro\" \/>\n<meta property=\"article:publisher\" content=\"http:\/\/www.facebook.com\/proagrolab\" \/>\n<meta property=\"article:published_time\" content=\"2014-03-21T00:00:01+00:00\" \/>\n<meta property=\"article:modified_time\" content=\"2020-07-02T12:43:56+00:00\" \/>\n<meta property=\"og:image\" content=\"https:\/\/proagrolab.com.ar\/wp-content\/uploads\/2015\/01\/g_kce7wetb1__Bovinos-pastando.jpg\" \/>\n\t<meta property=\"og:image:width\" content=\"450\" \/>\n\t<meta property=\"og:image:height\" content=\"208\" \/>\n\t<meta property=\"og:image:type\" content=\"image\/jpeg\" \/>\n<meta name=\"author\" content=\"proagrolab\" \/>\n<meta name=\"twitter:card\" content=\"summary_large_image\" \/>\n<meta name=\"twitter:label1\" content=\"Written by\" \/>\n\t<meta name=\"twitter:data1\" content=\"proagrolab\" \/>\n\t<meta name=\"twitter:label2\" content=\"Est. reading time\" \/>\n\t<meta name=\"twitter:data2\" content=\"3 minutes\" \/>\n<script type=\"application\/ld+json\" class=\"yoast-schema-graph\">{\"@context\":\"https:\\\/\\\/schema.org\",\"@graph\":[{\"@type\":\"Article\",\"@id\":\"https:\\\/\\\/proagrolab.com.ar\\\/un-consumo-firme-da-sosten-a-los-precios\\\/#article\",\"isPartOf\":{\"@id\":\"https:\\\/\\\/proagrolab.com.ar\\\/un-consumo-firme-da-sosten-a-los-precios\\\/\"},\"author\":{\"name\":\"proagrolab\",\"@id\":\"https:\\\/\\\/proagrolab.com.ar\\\/#\\\/schema\\\/person\\\/38003ff90bf80381f71c7d922d207444\"},\"headline\":\"Un consumo firme da sost\u00e9n a los precios.\",\"datePublished\":\"2014-03-21T00:00:01+00:00\",\"dateModified\":\"2020-07-02T12:43:56+00:00\",\"mainEntityOfPage\":{\"@id\":\"https:\\\/\\\/proagrolab.com.ar\\\/un-consumo-firme-da-sosten-a-los-precios\\\/\"},\"wordCount\":664,\"publisher\":{\"@id\":\"https:\\\/\\\/proagrolab.com.ar\\\/#organization\"},\"image\":{\"@id\":\"https:\\\/\\\/proagrolab.com.ar\\\/un-consumo-firme-da-sosten-a-los-precios\\\/#primaryimage\"},\"thumbnailUrl\":\"https:\\\/\\\/proagrolab.com.ar\\\/wp-content\\\/uploads\\\/2015\\\/01\\\/g_kce7wetb1__Bovinos-pastando.jpg\",\"articleSection\":[\"News\"],\"inLanguage\":\"en-US\"},{\"@type\":\"WebPage\",\"@id\":\"https:\\\/\\\/proagrolab.com.ar\\\/un-consumo-firme-da-sosten-a-los-precios\\\/\",\"url\":\"https:\\\/\\\/proagrolab.com.ar\\\/un-consumo-firme-da-sosten-a-los-precios\\\/\",\"name\":\"Un consumo firme da sost\u00e9n a los precios. | Proagro\",\"isPartOf\":{\"@id\":\"https:\\\/\\\/proagrolab.com.ar\\\/#website\"},\"primaryImageOfPage\":{\"@id\":\"https:\\\/\\\/proagrolab.com.ar\\\/un-consumo-firme-da-sosten-a-los-precios\\\/#primaryimage\"},\"image\":{\"@id\":\"https:\\\/\\\/proagrolab.com.ar\\\/un-consumo-firme-da-sosten-a-los-precios\\\/#primaryimage\"},\"thumbnailUrl\":\"https:\\\/\\\/proagrolab.com.ar\\\/wp-content\\\/uploads\\\/2015\\\/01\\\/g_kce7wetb1__Bovinos-pastando.jpg\",\"datePublished\":\"2014-03-21T00:00:01+00:00\",\"dateModified\":\"2020-07-02T12:43:56+00:00\",\"breadcrumb\":{\"@id\":\"https:\\\/\\\/proagrolab.com.ar\\\/un-consumo-firme-da-sosten-a-los-precios\\\/#breadcrumb\"},\"inLanguage\":\"en-US\",\"potentialAction\":[{\"@type\":\"ReadAction\",\"target\":[\"https:\\\/\\\/proagrolab.com.ar\\\/un-consumo-firme-da-sosten-a-los-precios\\\/\"]}]},{\"@type\":\"ImageObject\",\"inLanguage\":\"en-US\",\"@id\":\"https:\\\/\\\/proagrolab.com.ar\\\/un-consumo-firme-da-sosten-a-los-precios\\\/#primaryimage\",\"url\":\"https:\\\/\\\/proagrolab.com.ar\\\/wp-content\\\/uploads\\\/2015\\\/01\\\/g_kce7wetb1__Bovinos-pastando.jpg\",\"contentUrl\":\"https:\\\/\\\/proagrolab.com.ar\\\/wp-content\\\/uploads\\\/2015\\\/01\\\/g_kce7wetb1__Bovinos-pastando.jpg\",\"width\":450,\"height\":208},{\"@type\":\"BreadcrumbList\",\"@id\":\"https:\\\/\\\/proagrolab.com.ar\\\/un-consumo-firme-da-sosten-a-los-precios\\\/#breadcrumb\",\"itemListElement\":[{\"@type\":\"ListItem\",\"position\":1,\"name\":\"Portada\",\"item\":\"https:\\\/\\\/proagrolab.com.ar\\\/\"},{\"@type\":\"ListItem\",\"position\":2,\"name\":\"Un consumo firme da sost\u00e9n a los precios.\"}]},{\"@type\":\"WebSite\",\"@id\":\"https:\\\/\\\/proagrolab.com.ar\\\/#website\",\"url\":\"https:\\\/\\\/proagrolab.com.ar\\\/\",\"name\":\"Proagro Laboratorio Veterinario\",\"description\":\"Veterinary laboratory\",\"publisher\":{\"@id\":\"https:\\\/\\\/proagrolab.com.ar\\\/#organization\"},\"potentialAction\":[{\"@type\":\"SearchAction\",\"target\":{\"@type\":\"EntryPoint\",\"urlTemplate\":\"https:\\\/\\\/proagrolab.com.ar\\\/?s={search_term_string}\"},\"query-input\":{\"@type\":\"PropertyValueSpecification\",\"valueRequired\":true,\"valueName\":\"search_term_string\"}}],\"inLanguage\":\"en-US\"},{\"@type\":\"Organization\",\"@id\":\"https:\\\/\\\/proagrolab.com.ar\\\/#organization\",\"name\":\"Proagro\",\"url\":\"https:\\\/\\\/proagrolab.com.ar\\\/\",\"logo\":{\"@type\":\"ImageObject\",\"inLanguage\":\"en-US\",\"@id\":\"https:\\\/\\\/proagrolab.com.ar\\\/#\\\/schema\\\/logo\\\/image\\\/\",\"url\":\"https:\\\/\\\/proagrolab.com.ar\\\/wp-content\\\/uploads\\\/2020\\\/04\\\/logo-retina.png\",\"contentUrl\":\"https:\\\/\\\/proagrolab.com.ar\\\/wp-content\\\/uploads\\\/2020\\\/04\\\/logo-retina.png\",\"width\":478,\"height\":120,\"caption\":\"Proagro\"},\"image\":{\"@id\":\"https:\\\/\\\/proagrolab.com.ar\\\/#\\\/schema\\\/logo\\\/image\\\/\"},\"sameAs\":[\"http:\\\/\\\/www.facebook.com\\\/proagrolab\",\"https:\\\/\\\/www.instagram.com\\\/proagrolab\\\/\",\"https:\\\/\\\/www.linkedin.com\\\/company\\\/laboratorio-proagro-s-a\\\/\"]},{\"@type\":\"Person\",\"@id\":\"https:\\\/\\\/proagrolab.com.ar\\\/#\\\/schema\\\/person\\\/38003ff90bf80381f71c7d922d207444\",\"name\":\"proagrolab\"}]}<\/script>\n<!-- \/ Yoast SEO plugin. -->","yoast_head_json":{"title":"Un consumo firme da sost\u00e9n a los precios. | Proagro","robots":{"index":"index","follow":"follow","max-snippet":"max-snippet:-1","max-image-preview":"max-image-preview:large","max-video-preview":"max-video-preview:-1"},"canonical":"https:\/\/proagrolab.com.ar\/en\/un-consumo-firme-da-sosten-a-los-precios\/","og_locale":"en_US","og_type":"article","og_title":"Un consumo firme da sost\u00e9n a los precios. | Proagro","og_description":"Por Ignacio Iriarte. Un consumo muy firme, que est\u00e1 sosteniendo cotizaciones para el novillo en Liniers 50 por ciento m\u00e1s altas que a principios de noviembre pasado, es un dato central. No hay un problema de oferta: en los dos primeros meses del a\u00f1o, pese a las lluvias y a la incertidumbre, la faena result\u00f3 casi id\u00e9ntica a un a\u00f1o atr\u00e1s (-0,6 por ciento). Es m\u00e1s: al mantenerse la faena y reducirse dr\u00e1sticamente las exportaciones (en el primer bimestre habr\u00edan ca\u00eddo un 30 por ciento), hasta ha aumentado el volumen de carne destinado al consumo, increment\u00e1ndose la ingesta con respecto a un a\u00f1o atr\u00e1s. Las evidencias sobre la firmeza del consumo son impresionantes: frente a un aumento del 50 por ciento en los valores de la carne al mostrador, la demanda dom\u00e9stica se incrementa levemente por encima de los 61 kilogramos por habitante. Toda esta evoluci\u00f3n del mercado se da en un momento en que la inflaci\u00f3n erosiona el poder de compra de los salarios, y los alimentos \u0096no s\u00f3lo la carne vacuna\u0096 aumentan de precio muy por encima del \u00edndice general. En el corto plazo, estamos asistiendo a una ca\u00edda \u0096estimada en un 10 por ciento\u0096 en los salarios [&hellip;]","og_url":"https:\/\/proagrolab.com.ar\/un-consumo-firme-da-sosten-a-los-precios\/","og_site_name":"Proagro","article_publisher":"http:\/\/www.facebook.com\/proagrolab","article_published_time":"2014-03-21T00:00:01+00:00","article_modified_time":"2020-07-02T12:43:56+00:00","og_image":[{"width":450,"height":208,"url":"https:\/\/proagrolab.com.ar\/wp-content\/uploads\/2015\/01\/g_kce7wetb1__Bovinos-pastando.jpg","type":"image\/jpeg"}],"author":"proagrolab","twitter_card":"summary_large_image","twitter_misc":{"Written by":"proagrolab","Est. reading time":"3 minutes"},"schema":{"@context":"https:\/\/schema.org","@graph":[{"@type":"Article","@id":"https:\/\/proagrolab.com.ar\/un-consumo-firme-da-sosten-a-los-precios\/#article","isPartOf":{"@id":"https:\/\/proagrolab.com.ar\/un-consumo-firme-da-sosten-a-los-precios\/"},"author":{"name":"proagrolab","@id":"https:\/\/proagrolab.com.ar\/#\/schema\/person\/38003ff90bf80381f71c7d922d207444"},"headline":"Un consumo firme da sost\u00e9n a los precios.","datePublished":"2014-03-21T00:00:01+00:00","dateModified":"2020-07-02T12:43:56+00:00","mainEntityOfPage":{"@id":"https:\/\/proagrolab.com.ar\/un-consumo-firme-da-sosten-a-los-precios\/"},"wordCount":664,"publisher":{"@id":"https:\/\/proagrolab.com.ar\/#organization"},"image":{"@id":"https:\/\/proagrolab.com.ar\/un-consumo-firme-da-sosten-a-los-precios\/#primaryimage"},"thumbnailUrl":"https:\/\/proagrolab.com.ar\/wp-content\/uploads\/2015\/01\/g_kce7wetb1__Bovinos-pastando.jpg","articleSection":["News"],"inLanguage":"en-US"},{"@type":"WebPage","@id":"https:\/\/proagrolab.com.ar\/un-consumo-firme-da-sosten-a-los-precios\/","url":"https:\/\/proagrolab.com.ar\/un-consumo-firme-da-sosten-a-los-precios\/","name":"Un consumo firme da sost\u00e9n a los precios. | Proagro","isPartOf":{"@id":"https:\/\/proagrolab.com.ar\/#website"},"primaryImageOfPage":{"@id":"https:\/\/proagrolab.com.ar\/un-consumo-firme-da-sosten-a-los-precios\/#primaryimage"},"image":{"@id":"https:\/\/proagrolab.com.ar\/un-consumo-firme-da-sosten-a-los-precios\/#primaryimage"},"thumbnailUrl":"https:\/\/proagrolab.com.ar\/wp-content\/uploads\/2015\/01\/g_kce7wetb1__Bovinos-pastando.jpg","datePublished":"2014-03-21T00:00:01+00:00","dateModified":"2020-07-02T12:43:56+00:00","breadcrumb":{"@id":"https:\/\/proagrolab.com.ar\/un-consumo-firme-da-sosten-a-los-precios\/#breadcrumb"},"inLanguage":"en-US","potentialAction":[{"@type":"ReadAction","target":["https:\/\/proagrolab.com.ar\/un-consumo-firme-da-sosten-a-los-precios\/"]}]},{"@type":"ImageObject","inLanguage":"en-US","@id":"https:\/\/proagrolab.com.ar\/un-consumo-firme-da-sosten-a-los-precios\/#primaryimage","url":"https:\/\/proagrolab.com.ar\/wp-content\/uploads\/2015\/01\/g_kce7wetb1__Bovinos-pastando.jpg","contentUrl":"https:\/\/proagrolab.com.ar\/wp-content\/uploads\/2015\/01\/g_kce7wetb1__Bovinos-pastando.jpg","width":450,"height":208},{"@type":"BreadcrumbList","@id":"https:\/\/proagrolab.com.ar\/un-consumo-firme-da-sosten-a-los-precios\/#breadcrumb","itemListElement":[{"@type":"ListItem","position":1,"name":"Portada","item":"https:\/\/proagrolab.com.ar\/"},{"@type":"ListItem","position":2,"name":"Un consumo firme da sost\u00e9n a los precios."}]},{"@type":"WebSite","@id":"https:\/\/proagrolab.com.ar\/#website","url":"https:\/\/proagrolab.com.ar\/","name":"Proagro Laboratorio Veterinario","description":"Veterinary laboratory","publisher":{"@id":"https:\/\/proagrolab.com.ar\/#organization"},"potentialAction":[{"@type":"SearchAction","target":{"@type":"EntryPoint","urlTemplate":"https:\/\/proagrolab.com.ar\/?s={search_term_string}"},"query-input":{"@type":"PropertyValueSpecification","valueRequired":true,"valueName":"search_term_string"}}],"inLanguage":"en-US"},{"@type":"Organization","@id":"https:\/\/proagrolab.com.ar\/#organization","name":"Proagro","url":"https:\/\/proagrolab.com.ar\/","logo":{"@type":"ImageObject","inLanguage":"en-US","@id":"https:\/\/proagrolab.com.ar\/#\/schema\/logo\/image\/","url":"https:\/\/proagrolab.com.ar\/wp-content\/uploads\/2020\/04\/logo-retina.png","contentUrl":"https:\/\/proagrolab.com.ar\/wp-content\/uploads\/2020\/04\/logo-retina.png","width":478,"height":120,"caption":"Proagro"},"image":{"@id":"https:\/\/proagrolab.com.ar\/#\/schema\/logo\/image\/"},"sameAs":["http:\/\/www.facebook.com\/proagrolab","https:\/\/www.instagram.com\/proagrolab\/","https:\/\/www.linkedin.com\/company\/laboratorio-proagro-s-a\/"]},{"@type":"Person","@id":"https:\/\/proagrolab.com.ar\/#\/schema\/person\/38003ff90bf80381f71c7d922d207444","name":"proagrolab"}]}},"_links":{"self":[{"href":"https:\/\/proagrolab.com.ar\/en\/wp-json\/wp\/v2\/posts\/6016","targetHints":{"allow":["GET"]}}],"collection":[{"href":"https:\/\/proagrolab.com.ar\/en\/wp-json\/wp\/v2\/posts"}],"about":[{"href":"https:\/\/proagrolab.com.ar\/en\/wp-json\/wp\/v2\/types\/post"}],"author":[{"embeddable":true,"href":"https:\/\/proagrolab.com.ar\/en\/wp-json\/wp\/v2\/users\/2"}],"replies":[{"embeddable":true,"href":"https:\/\/proagrolab.com.ar\/en\/wp-json\/wp\/v2\/comments?post=6016"}],"version-history":[{"count":1,"href":"https:\/\/proagrolab.com.ar\/en\/wp-json\/wp\/v2\/posts\/6016\/revisions"}],"predecessor-version":[{"id":14603,"href":"https:\/\/proagrolab.com.ar\/en\/wp-json\/wp\/v2\/posts\/6016\/revisions\/14603"}],"wp:featuredmedia":[{"embeddable":true,"href":"https:\/\/proagrolab.com.ar\/en\/wp-json\/wp\/v2\/media\/2501"}],"wp:attachment":[{"href":"https:\/\/proagrolab.com.ar\/en\/wp-json\/wp\/v2\/media?parent=6016"}],"wp:term":[{"taxonomy":"category","embeddable":true,"href":"https:\/\/proagrolab.com.ar\/en\/wp-json\/wp\/v2\/categories?post=6016"},{"taxonomy":"post_tag","embeddable":true,"href":"https:\/\/proagrolab.com.ar\/en\/wp-json\/wp\/v2\/tags?post=6016"}],"curies":[{"name":"wp","href":"https:\/\/api.w.org\/{rel}","templated":true}]}}