{"id":6015,"date":"2014-03-21T00:00:01","date_gmt":"2014-03-21T00:00:01","guid":{"rendered":"https:\/\/proagrolab.com.ar\/el-consumo-de-carne-porcina-supero-los-10-kilos-por-persona\/"},"modified":"2020-07-02T12:44:01","modified_gmt":"2020-07-02T12:44:01","slug":"el-consumo-de-carne-porcina-supero-los-10-kilos-por-persona","status":"publish","type":"post","link":"https:\/\/proagrolab.com.ar\/en\/el-consumo-de-carne-porcina-supero-los-10-kilos-por-persona\/","title":{"rendered":"El consumo de carne porcina super\u00f3 los 10 kilos por persona."},"content":{"rendered":"<p class=\"qtranxs-available-languages-message qtranxs-available-languages-message-en\"> <\/p><p>Apoyado en un volumen hist\u00f3rico de faena, el consumo dom\u00e9stico de cortes de cerdo alcanz\u00f3 durante el a\u00f1o pasado un nuevo r\u00e9cord: 10,1 kilos por habitante, seg\u00fan un informe de Investigaciones Econ\u00f3micas Sectoriales (IES).<\/p>\n<p>El a\u00f1o 2013 se convirti\u00f3 en el tercer per\u00edodo consecutivo de fuerte crecimiento para el sector porcino, lo que permiti\u00f3 alcanzar nuevos r\u00e9cords productivos y de consumo interno, destac\u00f3 la consultora. El estudio precisa que el aumento en el consumo de cortes frescos representa una suba del 18 por ciento en relaci\u00f3n con los 8,6 kilos del a\u00f1o anterior. La faena de 4,6 millones de cabezas signific\u00f3 un incremento de 21,4 por ciento respecto de 2012, cuando se enviaron a frigor\u00edfico 3,8 millones de cabezas.<\/p>\n<p>La consultora explic\u00f3 que la mayor suba del consumo interno obedece a la suba de la ingesta de carnes frescas, ya que el consumo de productos chacinados permanece estable.<\/p>\n<p><i>Producci\u00f3n creciente<\/i><br \/>A diferencia de la faena bovina, que en los \u00faltimos a\u00f1os ha mostrado altibajos en su nivel, la porcina y la producci\u00f3n de carne de cerdo registran elevadas tasas de crecimiento desde 2004, a\u00f1o en que la producci\u00f3n comenz\u00f3 un proceso expansivo.<\/p>\n<p>As\u00ed, entre 2004 y 2013, la producci\u00f3n exhibi\u00f3 un incremento a una tasa anual promedio de 9,8 por ciento, con lo que el volumen de carne pas\u00f3 de 158.300 toneladas en 2003 a un m\u00e1ximo de 405.000 toneladas durante el a\u00f1o pasado. El acumulado representa un crecimiento de 155,8 por ciento.<\/p>\n<p>La faena de cerdos muestra una tendencia similar, con un nivel de procesamiento que se increment\u00f3 desde 1,8 mill\u00f3n de cabezas en 2003 hasta alcanzar un r\u00e9cord durante el a\u00f1o pasado de 4,68 millones de cabezas, con un crecimiento de 160 por ciento.<\/p>\n<p>La tendencia creciente que muestra el sector porcino en los \u00faltimos a\u00f1os ha impulsado inversiones en nuevas granjas y frigor\u00edficos, que permitieron aumentar la integraci\u00f3n productiva y mejorar la escala.<\/p>\n<p>\u0093La demanda interna se encuentra en etapa de expansi\u00f3n, debido a que parte desde un bajo nivel de consumo agregado en relaci\u00f3n con las carnes vacuna y aviar. La fuerte demanda interna deja al sector sin posibilidades de saldos exportables, por lo que el mercado externo est\u00e1 a\u00fan desaprovechado\u0094, precis\u00f3 la consultora.<\/p>\n<p>A pesar del aumento registrado en la actividad, la Argentina sigue siendo un pa\u00eds importador de subproductos porcinos, ya que la producci\u00f3n local es insuficiente para abastecer al mercado interno.<\/p>\n<p>Sin embargo, se observa una menor dependencia de las importaciones y una tendencia a lograr el autoabastecimiento. Durante el a\u00f1o pasado, el volumen de importaciones cay\u00f3 41,8 por ciento, mientras que en valor la retracci\u00f3n alcanz\u00f3 a 41,6 por ciento.<\/p>\n<p>Luego de alcanzar en 1998 importaciones por 143,5 millones de d\u00f3lares, las compras externas se redujeron durante el a\u00f1o pasado a 51,9 millones de d\u00f3lares.<\/p>\n<p>Brasil y Chile explican casi la totalidad de las compras argentinas. Las importaciones desde Brasil representaron 83,7 por ciento del monto total y las del pa\u00eds trasandino, 14,6 por ciento. El principal producto importado es pulpa de cerdo para chacinados, seguido por los jamones y otros fiambres.<\/p>\n<p><i>110 kilos de prote\u00edna<\/i><br \/>63,92 kilos. Es el consumo local de carne vacuna por habitante registrado en 2013.<\/p>\n<p>39,30 kilos. Es la demanda de carne aviar por habitante durante 2013.<\/p>\n<p>10,10 kilos. Fue la preferencia per capita por los cortes de cerdo durante los 12 meses del a\u00f1o pasado.<\/p>\n<p>Fuente: La Voz del Interior, 19 de marzo.<br \/><\/p>","protected":false},"excerpt":{"rendered":"<p>Apoyado en un volumen hist\u00f3rico de faena, el consumo dom\u00e9stico de cortes de cerdo alcanz\u00f3 durante el a\u00f1o pasado un nuevo r\u00e9cord: 10,1 kilos por habitante, seg\u00fan un informe de Investigaciones Econ\u00f3micas Sectoriales (IES). El a\u00f1o 2013 se convirti\u00f3 en el tercer per\u00edodo consecutivo de fuerte crecimiento para el sector porcino, lo que permiti\u00f3 alcanzar nuevos r\u00e9cords productivos y de consumo interno, destac\u00f3 la consultora. El estudio precisa que el aumento en el consumo de cortes frescos representa una suba del 18 por ciento en relaci\u00f3n con los 8,6 kilos del a\u00f1o anterior. La faena de 4,6 millones de cabezas signific\u00f3 un incremento de 21,4 por ciento respecto de 2012, cuando se enviaron a frigor\u00edfico 3,8 millones de cabezas. La consultora explic\u00f3 que la mayor suba del consumo interno obedece a la suba de la ingesta de carnes frescas, ya que el consumo de productos chacinados permanece estable. Producci\u00f3n crecienteA diferencia de la faena bovina, que en los \u00faltimos a\u00f1os ha mostrado altibajos en su nivel, la porcina y la producci\u00f3n de carne de cerdo registran elevadas tasas de crecimiento desde 2004, a\u00f1o en que la producci\u00f3n comenz\u00f3 un proceso expansivo. As\u00ed, entre 2004 y 2013, la producci\u00f3n exhibi\u00f3 un [&hellip;]<\/p>\n","protected":false},"author":2,"featured_media":2500,"comment_status":"closed","ping_status":"open","sticky":false,"template":"","format":"standard","meta":{"_acf_changed":false,"footnotes":""},"categories":[56],"tags":[],"class_list":["post-6015","post","type-post","status-publish","format-standard","has-post-thumbnail","hentry","category-infoganadero"],"acf":[],"yoast_head":"<!-- This site is optimized with the Yoast SEO plugin v27.4 - https:\/\/yoast.com\/product\/yoast-seo-wordpress\/ -->\n<title>El consumo de carne porcina super\u00f3 los 10 kilos por persona. | Proagro<\/title>\n<meta name=\"robots\" content=\"index, follow, max-snippet:-1, max-image-preview:large, max-video-preview:-1\" \/>\n<link rel=\"canonical\" href=\"https:\/\/proagrolab.com.ar\/en\/el-consumo-de-carne-porcina-supero-los-10-kilos-por-persona\/\" \/>\n<meta property=\"og:locale\" content=\"en_US\" \/>\n<meta property=\"og:type\" content=\"article\" \/>\n<meta property=\"og:title\" content=\"El consumo de carne porcina super\u00f3 los 10 kilos por persona. | Proagro\" \/>\n<meta property=\"og:description\" content=\"Apoyado en un volumen hist\u00f3rico de faena, el consumo dom\u00e9stico de cortes de cerdo alcanz\u00f3 durante el a\u00f1o pasado un nuevo r\u00e9cord: 10,1 kilos por habitante, seg\u00fan un informe de Investigaciones Econ\u00f3micas Sectoriales (IES). El a\u00f1o 2013 se convirti\u00f3 en el tercer per\u00edodo consecutivo de fuerte crecimiento para el sector porcino, lo que permiti\u00f3 alcanzar nuevos r\u00e9cords productivos y de consumo interno, destac\u00f3 la consultora. El estudio precisa que el aumento en el consumo de cortes frescos representa una suba del 18 por ciento en relaci\u00f3n con los 8,6 kilos del a\u00f1o anterior. La faena de 4,6 millones de cabezas signific\u00f3 un incremento de 21,4 por ciento respecto de 2012, cuando se enviaron a frigor\u00edfico 3,8 millones de cabezas. La consultora explic\u00f3 que la mayor suba del consumo interno obedece a la suba de la ingesta de carnes frescas, ya que el consumo de productos chacinados permanece estable. Producci\u00f3n crecienteA diferencia de la faena bovina, que en los \u00faltimos a\u00f1os ha mostrado altibajos en su nivel, la porcina y la producci\u00f3n de carne de cerdo registran elevadas tasas de crecimiento desde 2004, a\u00f1o en que la producci\u00f3n comenz\u00f3 un proceso expansivo. As\u00ed, entre 2004 y 2013, la producci\u00f3n exhibi\u00f3 un [&hellip;]\" \/>\n<meta property=\"og:url\" content=\"https:\/\/proagrolab.com.ar\/el-consumo-de-carne-porcina-supero-los-10-kilos-por-persona\/\" \/>\n<meta property=\"og:site_name\" content=\"Proagro\" \/>\n<meta property=\"article:publisher\" content=\"http:\/\/www.facebook.com\/proagrolab\" \/>\n<meta property=\"article:published_time\" content=\"2014-03-21T00:00:01+00:00\" \/>\n<meta property=\"article:modified_time\" content=\"2020-07-02T12:44:01+00:00\" \/>\n<meta property=\"og:image\" content=\"https:\/\/proagrolab.com.ar\/wp-content\/uploads\/2015\/01\/g_tznpt8qzo__Porcinos-4.jpg\" \/>\n\t<meta property=\"og:image:width\" content=\"450\" \/>\n\t<meta property=\"og:image:height\" content=\"208\" \/>\n\t<meta property=\"og:image:type\" content=\"image\/jpeg\" \/>\n<meta name=\"author\" content=\"proagrolab\" \/>\n<meta name=\"twitter:card\" content=\"summary_large_image\" \/>\n<meta name=\"twitter:label1\" content=\"Written by\" \/>\n\t<meta name=\"twitter:data1\" content=\"proagrolab\" \/>\n\t<meta name=\"twitter:label2\" content=\"Est. reading time\" \/>\n\t<meta name=\"twitter:data2\" content=\"3 minutes\" \/>\n<script type=\"application\/ld+json\" class=\"yoast-schema-graph\">{\"@context\":\"https:\\\/\\\/schema.org\",\"@graph\":[{\"@type\":\"Article\",\"@id\":\"https:\\\/\\\/proagrolab.com.ar\\\/el-consumo-de-carne-porcina-supero-los-10-kilos-por-persona\\\/#article\",\"isPartOf\":{\"@id\":\"https:\\\/\\\/proagrolab.com.ar\\\/el-consumo-de-carne-porcina-supero-los-10-kilos-por-persona\\\/\"},\"author\":{\"name\":\"proagrolab\",\"@id\":\"https:\\\/\\\/proagrolab.com.ar\\\/#\\\/schema\\\/person\\\/38003ff90bf80381f71c7d922d207444\"},\"headline\":\"El consumo de carne porcina super\u00f3 los 10 kilos por persona.\",\"datePublished\":\"2014-03-21T00:00:01+00:00\",\"dateModified\":\"2020-07-02T12:44:01+00:00\",\"mainEntityOfPage\":{\"@id\":\"https:\\\/\\\/proagrolab.com.ar\\\/el-consumo-de-carne-porcina-supero-los-10-kilos-por-persona\\\/\"},\"wordCount\":581,\"publisher\":{\"@id\":\"https:\\\/\\\/proagrolab.com.ar\\\/#organization\"},\"image\":{\"@id\":\"https:\\\/\\\/proagrolab.com.ar\\\/el-consumo-de-carne-porcina-supero-los-10-kilos-por-persona\\\/#primaryimage\"},\"thumbnailUrl\":\"https:\\\/\\\/proagrolab.com.ar\\\/wp-content\\\/uploads\\\/2015\\\/01\\\/g_tznpt8qzo__Porcinos-4.jpg\",\"articleSection\":[\"News\"],\"inLanguage\":\"en-US\"},{\"@type\":\"WebPage\",\"@id\":\"https:\\\/\\\/proagrolab.com.ar\\\/el-consumo-de-carne-porcina-supero-los-10-kilos-por-persona\\\/\",\"url\":\"https:\\\/\\\/proagrolab.com.ar\\\/el-consumo-de-carne-porcina-supero-los-10-kilos-por-persona\\\/\",\"name\":\"El consumo de carne porcina super\u00f3 los 10 kilos por persona. | Proagro\",\"isPartOf\":{\"@id\":\"https:\\\/\\\/proagrolab.com.ar\\\/#website\"},\"primaryImageOfPage\":{\"@id\":\"https:\\\/\\\/proagrolab.com.ar\\\/el-consumo-de-carne-porcina-supero-los-10-kilos-por-persona\\\/#primaryimage\"},\"image\":{\"@id\":\"https:\\\/\\\/proagrolab.com.ar\\\/el-consumo-de-carne-porcina-supero-los-10-kilos-por-persona\\\/#primaryimage\"},\"thumbnailUrl\":\"https:\\\/\\\/proagrolab.com.ar\\\/wp-content\\\/uploads\\\/2015\\\/01\\\/g_tznpt8qzo__Porcinos-4.jpg\",\"datePublished\":\"2014-03-21T00:00:01+00:00\",\"dateModified\":\"2020-07-02T12:44:01+00:00\",\"breadcrumb\":{\"@id\":\"https:\\\/\\\/proagrolab.com.ar\\\/el-consumo-de-carne-porcina-supero-los-10-kilos-por-persona\\\/#breadcrumb\"},\"inLanguage\":\"en-US\",\"potentialAction\":[{\"@type\":\"ReadAction\",\"target\":[\"https:\\\/\\\/proagrolab.com.ar\\\/el-consumo-de-carne-porcina-supero-los-10-kilos-por-persona\\\/\"]}]},{\"@type\":\"ImageObject\",\"inLanguage\":\"en-US\",\"@id\":\"https:\\\/\\\/proagrolab.com.ar\\\/el-consumo-de-carne-porcina-supero-los-10-kilos-por-persona\\\/#primaryimage\",\"url\":\"https:\\\/\\\/proagrolab.com.ar\\\/wp-content\\\/uploads\\\/2015\\\/01\\\/g_tznpt8qzo__Porcinos-4.jpg\",\"contentUrl\":\"https:\\\/\\\/proagrolab.com.ar\\\/wp-content\\\/uploads\\\/2015\\\/01\\\/g_tznpt8qzo__Porcinos-4.jpg\",\"width\":450,\"height\":208},{\"@type\":\"BreadcrumbList\",\"@id\":\"https:\\\/\\\/proagrolab.com.ar\\\/el-consumo-de-carne-porcina-supero-los-10-kilos-por-persona\\\/#breadcrumb\",\"itemListElement\":[{\"@type\":\"ListItem\",\"position\":1,\"name\":\"Portada\",\"item\":\"https:\\\/\\\/proagrolab.com.ar\\\/\"},{\"@type\":\"ListItem\",\"position\":2,\"name\":\"El consumo de carne porcina super\u00f3 los 10 kilos por persona.\"}]},{\"@type\":\"WebSite\",\"@id\":\"https:\\\/\\\/proagrolab.com.ar\\\/#website\",\"url\":\"https:\\\/\\\/proagrolab.com.ar\\\/\",\"name\":\"Proagro Laboratorio Veterinario\",\"description\":\"Veterinary laboratory\",\"publisher\":{\"@id\":\"https:\\\/\\\/proagrolab.com.ar\\\/#organization\"},\"potentialAction\":[{\"@type\":\"SearchAction\",\"target\":{\"@type\":\"EntryPoint\",\"urlTemplate\":\"https:\\\/\\\/proagrolab.com.ar\\\/?s={search_term_string}\"},\"query-input\":{\"@type\":\"PropertyValueSpecification\",\"valueRequired\":true,\"valueName\":\"search_term_string\"}}],\"inLanguage\":\"en-US\"},{\"@type\":\"Organization\",\"@id\":\"https:\\\/\\\/proagrolab.com.ar\\\/#organization\",\"name\":\"Proagro\",\"url\":\"https:\\\/\\\/proagrolab.com.ar\\\/\",\"logo\":{\"@type\":\"ImageObject\",\"inLanguage\":\"en-US\",\"@id\":\"https:\\\/\\\/proagrolab.com.ar\\\/#\\\/schema\\\/logo\\\/image\\\/\",\"url\":\"https:\\\/\\\/proagrolab.com.ar\\\/wp-content\\\/uploads\\\/2020\\\/04\\\/logo-retina.png\",\"contentUrl\":\"https:\\\/\\\/proagrolab.com.ar\\\/wp-content\\\/uploads\\\/2020\\\/04\\\/logo-retina.png\",\"width\":478,\"height\":120,\"caption\":\"Proagro\"},\"image\":{\"@id\":\"https:\\\/\\\/proagrolab.com.ar\\\/#\\\/schema\\\/logo\\\/image\\\/\"},\"sameAs\":[\"http:\\\/\\\/www.facebook.com\\\/proagrolab\",\"https:\\\/\\\/www.instagram.com\\\/proagrolab\\\/\",\"https:\\\/\\\/www.linkedin.com\\\/company\\\/laboratorio-proagro-s-a\\\/\"]},{\"@type\":\"Person\",\"@id\":\"https:\\\/\\\/proagrolab.com.ar\\\/#\\\/schema\\\/person\\\/38003ff90bf80381f71c7d922d207444\",\"name\":\"proagrolab\"}]}<\/script>\n<!-- \/ Yoast SEO plugin. -->","yoast_head_json":{"title":"El consumo de carne porcina super\u00f3 los 10 kilos por persona. | Proagro","robots":{"index":"index","follow":"follow","max-snippet":"max-snippet:-1","max-image-preview":"max-image-preview:large","max-video-preview":"max-video-preview:-1"},"canonical":"https:\/\/proagrolab.com.ar\/en\/el-consumo-de-carne-porcina-supero-los-10-kilos-por-persona\/","og_locale":"en_US","og_type":"article","og_title":"El consumo de carne porcina super\u00f3 los 10 kilos por persona. | Proagro","og_description":"Apoyado en un volumen hist\u00f3rico de faena, el consumo dom\u00e9stico de cortes de cerdo alcanz\u00f3 durante el a\u00f1o pasado un nuevo r\u00e9cord: 10,1 kilos por habitante, seg\u00fan un informe de Investigaciones Econ\u00f3micas Sectoriales (IES). El a\u00f1o 2013 se convirti\u00f3 en el tercer per\u00edodo consecutivo de fuerte crecimiento para el sector porcino, lo que permiti\u00f3 alcanzar nuevos r\u00e9cords productivos y de consumo interno, destac\u00f3 la consultora. El estudio precisa que el aumento en el consumo de cortes frescos representa una suba del 18 por ciento en relaci\u00f3n con los 8,6 kilos del a\u00f1o anterior. La faena de 4,6 millones de cabezas signific\u00f3 un incremento de 21,4 por ciento respecto de 2012, cuando se enviaron a frigor\u00edfico 3,8 millones de cabezas. La consultora explic\u00f3 que la mayor suba del consumo interno obedece a la suba de la ingesta de carnes frescas, ya que el consumo de productos chacinados permanece estable. Producci\u00f3n crecienteA diferencia de la faena bovina, que en los \u00faltimos a\u00f1os ha mostrado altibajos en su nivel, la porcina y la producci\u00f3n de carne de cerdo registran elevadas tasas de crecimiento desde 2004, a\u00f1o en que la producci\u00f3n comenz\u00f3 un proceso expansivo. As\u00ed, entre 2004 y 2013, la producci\u00f3n exhibi\u00f3 un [&hellip;]","og_url":"https:\/\/proagrolab.com.ar\/el-consumo-de-carne-porcina-supero-los-10-kilos-por-persona\/","og_site_name":"Proagro","article_publisher":"http:\/\/www.facebook.com\/proagrolab","article_published_time":"2014-03-21T00:00:01+00:00","article_modified_time":"2020-07-02T12:44:01+00:00","og_image":[{"width":450,"height":208,"url":"https:\/\/proagrolab.com.ar\/wp-content\/uploads\/2015\/01\/g_tznpt8qzo__Porcinos-4.jpg","type":"image\/jpeg"}],"author":"proagrolab","twitter_card":"summary_large_image","twitter_misc":{"Written by":"proagrolab","Est. reading time":"3 minutes"},"schema":{"@context":"https:\/\/schema.org","@graph":[{"@type":"Article","@id":"https:\/\/proagrolab.com.ar\/el-consumo-de-carne-porcina-supero-los-10-kilos-por-persona\/#article","isPartOf":{"@id":"https:\/\/proagrolab.com.ar\/el-consumo-de-carne-porcina-supero-los-10-kilos-por-persona\/"},"author":{"name":"proagrolab","@id":"https:\/\/proagrolab.com.ar\/#\/schema\/person\/38003ff90bf80381f71c7d922d207444"},"headline":"El consumo de carne porcina super\u00f3 los 10 kilos por persona.","datePublished":"2014-03-21T00:00:01+00:00","dateModified":"2020-07-02T12:44:01+00:00","mainEntityOfPage":{"@id":"https:\/\/proagrolab.com.ar\/el-consumo-de-carne-porcina-supero-los-10-kilos-por-persona\/"},"wordCount":581,"publisher":{"@id":"https:\/\/proagrolab.com.ar\/#organization"},"image":{"@id":"https:\/\/proagrolab.com.ar\/el-consumo-de-carne-porcina-supero-los-10-kilos-por-persona\/#primaryimage"},"thumbnailUrl":"https:\/\/proagrolab.com.ar\/wp-content\/uploads\/2015\/01\/g_tznpt8qzo__Porcinos-4.jpg","articleSection":["News"],"inLanguage":"en-US"},{"@type":"WebPage","@id":"https:\/\/proagrolab.com.ar\/el-consumo-de-carne-porcina-supero-los-10-kilos-por-persona\/","url":"https:\/\/proagrolab.com.ar\/el-consumo-de-carne-porcina-supero-los-10-kilos-por-persona\/","name":"El consumo de carne porcina super\u00f3 los 10 kilos por persona. | Proagro","isPartOf":{"@id":"https:\/\/proagrolab.com.ar\/#website"},"primaryImageOfPage":{"@id":"https:\/\/proagrolab.com.ar\/el-consumo-de-carne-porcina-supero-los-10-kilos-por-persona\/#primaryimage"},"image":{"@id":"https:\/\/proagrolab.com.ar\/el-consumo-de-carne-porcina-supero-los-10-kilos-por-persona\/#primaryimage"},"thumbnailUrl":"https:\/\/proagrolab.com.ar\/wp-content\/uploads\/2015\/01\/g_tznpt8qzo__Porcinos-4.jpg","datePublished":"2014-03-21T00:00:01+00:00","dateModified":"2020-07-02T12:44:01+00:00","breadcrumb":{"@id":"https:\/\/proagrolab.com.ar\/el-consumo-de-carne-porcina-supero-los-10-kilos-por-persona\/#breadcrumb"},"inLanguage":"en-US","potentialAction":[{"@type":"ReadAction","target":["https:\/\/proagrolab.com.ar\/el-consumo-de-carne-porcina-supero-los-10-kilos-por-persona\/"]}]},{"@type":"ImageObject","inLanguage":"en-US","@id":"https:\/\/proagrolab.com.ar\/el-consumo-de-carne-porcina-supero-los-10-kilos-por-persona\/#primaryimage","url":"https:\/\/proagrolab.com.ar\/wp-content\/uploads\/2015\/01\/g_tznpt8qzo__Porcinos-4.jpg","contentUrl":"https:\/\/proagrolab.com.ar\/wp-content\/uploads\/2015\/01\/g_tznpt8qzo__Porcinos-4.jpg","width":450,"height":208},{"@type":"BreadcrumbList","@id":"https:\/\/proagrolab.com.ar\/el-consumo-de-carne-porcina-supero-los-10-kilos-por-persona\/#breadcrumb","itemListElement":[{"@type":"ListItem","position":1,"name":"Portada","item":"https:\/\/proagrolab.com.ar\/"},{"@type":"ListItem","position":2,"name":"El consumo de carne porcina super\u00f3 los 10 kilos por persona."}]},{"@type":"WebSite","@id":"https:\/\/proagrolab.com.ar\/#website","url":"https:\/\/proagrolab.com.ar\/","name":"Proagro Laboratorio Veterinario","description":"Veterinary laboratory","publisher":{"@id":"https:\/\/proagrolab.com.ar\/#organization"},"potentialAction":[{"@type":"SearchAction","target":{"@type":"EntryPoint","urlTemplate":"https:\/\/proagrolab.com.ar\/?s={search_term_string}"},"query-input":{"@type":"PropertyValueSpecification","valueRequired":true,"valueName":"search_term_string"}}],"inLanguage":"en-US"},{"@type":"Organization","@id":"https:\/\/proagrolab.com.ar\/#organization","name":"Proagro","url":"https:\/\/proagrolab.com.ar\/","logo":{"@type":"ImageObject","inLanguage":"en-US","@id":"https:\/\/proagrolab.com.ar\/#\/schema\/logo\/image\/","url":"https:\/\/proagrolab.com.ar\/wp-content\/uploads\/2020\/04\/logo-retina.png","contentUrl":"https:\/\/proagrolab.com.ar\/wp-content\/uploads\/2020\/04\/logo-retina.png","width":478,"height":120,"caption":"Proagro"},"image":{"@id":"https:\/\/proagrolab.com.ar\/#\/schema\/logo\/image\/"},"sameAs":["http:\/\/www.facebook.com\/proagrolab","https:\/\/www.instagram.com\/proagrolab\/","https:\/\/www.linkedin.com\/company\/laboratorio-proagro-s-a\/"]},{"@type":"Person","@id":"https:\/\/proagrolab.com.ar\/#\/schema\/person\/38003ff90bf80381f71c7d922d207444","name":"proagrolab"}]}},"_links":{"self":[{"href":"https:\/\/proagrolab.com.ar\/en\/wp-json\/wp\/v2\/posts\/6015","targetHints":{"allow":["GET"]}}],"collection":[{"href":"https:\/\/proagrolab.com.ar\/en\/wp-json\/wp\/v2\/posts"}],"about":[{"href":"https:\/\/proagrolab.com.ar\/en\/wp-json\/wp\/v2\/types\/post"}],"author":[{"embeddable":true,"href":"https:\/\/proagrolab.com.ar\/en\/wp-json\/wp\/v2\/users\/2"}],"replies":[{"embeddable":true,"href":"https:\/\/proagrolab.com.ar\/en\/wp-json\/wp\/v2\/comments?post=6015"}],"version-history":[{"count":1,"href":"https:\/\/proagrolab.com.ar\/en\/wp-json\/wp\/v2\/posts\/6015\/revisions"}],"predecessor-version":[{"id":14604,"href":"https:\/\/proagrolab.com.ar\/en\/wp-json\/wp\/v2\/posts\/6015\/revisions\/14604"}],"wp:featuredmedia":[{"embeddable":true,"href":"https:\/\/proagrolab.com.ar\/en\/wp-json\/wp\/v2\/media\/2500"}],"wp:attachment":[{"href":"https:\/\/proagrolab.com.ar\/en\/wp-json\/wp\/v2\/media?parent=6015"}],"wp:term":[{"taxonomy":"category","embeddable":true,"href":"https:\/\/proagrolab.com.ar\/en\/wp-json\/wp\/v2\/categories?post=6015"},{"taxonomy":"post_tag","embeddable":true,"href":"https:\/\/proagrolab.com.ar\/en\/wp-json\/wp\/v2\/tags?post=6015"}],"curies":[{"name":"wp","href":"https:\/\/api.w.org\/{rel}","templated":true}]}}