{"id":6014,"date":"2014-03-21T00:00:01","date_gmt":"2014-03-21T00:00:01","guid":{"rendered":"https:\/\/proagrolab.com.ar\/pakistan-oficialmente-abre-su-mercado-a-carne-de-pollo-de-brasil\/"},"modified":"2020-07-02T12:44:07","modified_gmt":"2020-07-02T12:44:07","slug":"pakistan-oficialmente-abre-su-mercado-a-carne-de-pollo-de-brasil","status":"publish","type":"post","link":"https:\/\/proagrolab.com.ar\/en\/pakistan-oficialmente-abre-su-mercado-a-carne-de-pollo-de-brasil\/","title":{"rendered":"Pakist\u00e1n oficialmente abre su mercado a carne de pollo de Brasil."},"content":{"rendered":"<p class=\"qtranxs-available-languages-message qtranxs-available-languages-message-en\"> <\/p><p>Pakist\u00e1n autoriz\u00f3 la importaci\u00f3n de carne de pollo de Brasil, lo que representa un importante avance para el pa\u00eds suramericano. La noticia fue comunicada el pasado lunes, d\u00eda 17 de marzo, por la Uni\u00f3n Brasile\u00f1a de Avicultura (UBABEF, siglas en portugu\u00e9s).&nbsp; <\/p>\n<p>Casi 95% de la poblaci\u00f3n paquistan\u00ed son musulmanes, quienes exigen la certificaci\u00f3n Halal a los procesadores av\u00edcolas de Brasil. Dicho cumplimiento se debe a a\u00f1os continuos de ventas brasile\u00f1as al Medio Oriente.<\/p>\n<p>Pakist\u00e1n produce hoy en d\u00eda casi 700 toneladas de carne de pollo al a\u00f1o, pero su consumo per c\u00e1pita se limita a s\u00f3lo 4,5 kilogramos por a\u00f1o ante 45 kg para Brasil. <\/p>\n<p>En 2013, la industria av\u00edcola de Pakist\u00e1n sufri\u00f3 su mayor p\u00e9rdida en ingresos de los \u00faltimos 50 a\u00f1os. La industria perdi\u00f3 casi US$ 302,5 millones por no poder trasladar los aumentos en costos de producci\u00f3n a sus consumidores. <\/p>\n<p>Los controles gubernamentales sobre los precios injustamente limitaron el precio del pollo en los \u00faltimos a\u00f1os, mientras que los costos de insumos siguieron en aumento, de acuerdo con el Pakistan Poultry Association (PPA).<\/p>\n<p>Las exportaciones brasile\u00f1as de carne de pollo a Pakist\u00e1n en 2013 se limitaron a menos de 100 toneladas. Brasil no pudo capitalizar en la demanda pakistan\u00ed debido a un estancamiento entre ambos pa\u00edses referente a un acuerdo sanitario para dicho producto.<\/p>\n<p>Ubabef dijo que trabajar\u00e1 con empresas y entidades en Pakist\u00e1n para promover el consumo de carne de pollo en el pa\u00eds, ofreciendo tambi\u00e9n la experiencia y la tecnolog\u00eda a los productores paquistan\u00edes.<\/p>\n<p>Fuente: Carnetec, 20 de marzo.<br \/><\/p>","protected":false},"excerpt":{"rendered":"<p>Pakist\u00e1n autoriz\u00f3 la importaci\u00f3n de carne de pollo de Brasil, lo que representa un importante avance para el pa\u00eds suramericano. La noticia fue comunicada el pasado lunes, d\u00eda 17 de marzo, por la Uni\u00f3n Brasile\u00f1a de Avicultura (UBABEF, siglas en portugu\u00e9s).&nbsp; Casi 95% de la poblaci\u00f3n paquistan\u00ed son musulmanes, quienes exigen la certificaci\u00f3n Halal a los procesadores av\u00edcolas de Brasil. Dicho cumplimiento se debe a a\u00f1os continuos de ventas brasile\u00f1as al Medio Oriente. Pakist\u00e1n produce hoy en d\u00eda casi 700 toneladas de carne de pollo al a\u00f1o, pero su consumo per c\u00e1pita se limita a s\u00f3lo 4,5 kilogramos por a\u00f1o ante 45 kg para Brasil. En 2013, la industria av\u00edcola de Pakist\u00e1n sufri\u00f3 su mayor p\u00e9rdida en ingresos de los \u00faltimos 50 a\u00f1os. La industria perdi\u00f3 casi US$ 302,5 millones por no poder trasladar los aumentos en costos de producci\u00f3n a sus consumidores. Los controles gubernamentales sobre los precios injustamente limitaron el precio del pollo en los \u00faltimos a\u00f1os, mientras que los costos de insumos siguieron en aumento, de acuerdo con el Pakistan Poultry Association (PPA). Las exportaciones brasile\u00f1as de carne de pollo a Pakist\u00e1n en 2013 se limitaron a menos de 100 toneladas. Brasil no pudo capitalizar en la [&hellip;]<\/p>\n","protected":false},"author":2,"featured_media":2499,"comment_status":"closed","ping_status":"open","sticky":false,"template":"","format":"standard","meta":{"_acf_changed":false,"footnotes":""},"categories":[56],"tags":[],"class_list":["post-6014","post","type-post","status-publish","format-standard","has-post-thumbnail","hentry","category-infoganadero"],"acf":[],"yoast_head":"<!-- This site is optimized with the Yoast SEO plugin v27.4 - https:\/\/yoast.com\/product\/yoast-seo-wordpress\/ -->\n<title>Pakist\u00e1n oficialmente abre su mercado a carne de pollo de Brasil. | Proagro<\/title>\n<meta name=\"robots\" content=\"index, follow, max-snippet:-1, max-image-preview:large, max-video-preview:-1\" \/>\n<link rel=\"canonical\" href=\"https:\/\/proagrolab.com.ar\/en\/pakistan-oficialmente-abre-su-mercado-a-carne-de-pollo-de-brasil\/\" \/>\n<meta property=\"og:locale\" content=\"en_US\" \/>\n<meta property=\"og:type\" content=\"article\" \/>\n<meta property=\"og:title\" content=\"Pakist\u00e1n oficialmente abre su mercado a carne de pollo de Brasil. | Proagro\" \/>\n<meta property=\"og:description\" content=\"Pakist\u00e1n autoriz\u00f3 la importaci\u00f3n de carne de pollo de Brasil, lo que representa un importante avance para el pa\u00eds suramericano. La noticia fue comunicada el pasado lunes, d\u00eda 17 de marzo, por la Uni\u00f3n Brasile\u00f1a de Avicultura (UBABEF, siglas en portugu\u00e9s).&nbsp; Casi 95% de la poblaci\u00f3n paquistan\u00ed son musulmanes, quienes exigen la certificaci\u00f3n Halal a los procesadores av\u00edcolas de Brasil. Dicho cumplimiento se debe a a\u00f1os continuos de ventas brasile\u00f1as al Medio Oriente. Pakist\u00e1n produce hoy en d\u00eda casi 700 toneladas de carne de pollo al a\u00f1o, pero su consumo per c\u00e1pita se limita a s\u00f3lo 4,5 kilogramos por a\u00f1o ante 45 kg para Brasil. En 2013, la industria av\u00edcola de Pakist\u00e1n sufri\u00f3 su mayor p\u00e9rdida en ingresos de los \u00faltimos 50 a\u00f1os. La industria perdi\u00f3 casi US$ 302,5 millones por no poder trasladar los aumentos en costos de producci\u00f3n a sus consumidores. Los controles gubernamentales sobre los precios injustamente limitaron el precio del pollo en los \u00faltimos a\u00f1os, mientras que los costos de insumos siguieron en aumento, de acuerdo con el Pakistan Poultry Association (PPA). Las exportaciones brasile\u00f1as de carne de pollo a Pakist\u00e1n en 2013 se limitaron a menos de 100 toneladas. Brasil no pudo capitalizar en la [&hellip;]\" \/>\n<meta property=\"og:url\" content=\"https:\/\/proagrolab.com.ar\/pakistan-oficialmente-abre-su-mercado-a-carne-de-pollo-de-brasil\/\" \/>\n<meta property=\"og:site_name\" content=\"Proagro\" \/>\n<meta property=\"article:publisher\" content=\"http:\/\/www.facebook.com\/proagrolab\" \/>\n<meta property=\"article:published_time\" content=\"2014-03-21T00:00:01+00:00\" \/>\n<meta property=\"article:modified_time\" content=\"2020-07-02T12:44:07+00:00\" \/>\n<meta property=\"og:image\" content=\"https:\/\/proagrolab.com.ar\/wp-content\/uploads\/2015\/01\/g_ae7sfcgwz__Aviar-3.jpg\" \/>\n\t<meta property=\"og:image:width\" content=\"450\" \/>\n\t<meta property=\"og:image:height\" content=\"208\" \/>\n\t<meta property=\"og:image:type\" content=\"image\/jpeg\" \/>\n<meta name=\"author\" content=\"proagrolab\" \/>\n<meta name=\"twitter:card\" content=\"summary_large_image\" \/>\n<meta name=\"twitter:label1\" content=\"Written by\" \/>\n\t<meta name=\"twitter:data1\" content=\"proagrolab\" \/>\n\t<meta name=\"twitter:label2\" content=\"Est. reading time\" \/>\n\t<meta name=\"twitter:data2\" content=\"1 minute\" \/>\n<script type=\"application\/ld+json\" class=\"yoast-schema-graph\">{\"@context\":\"https:\\\/\\\/schema.org\",\"@graph\":[{\"@type\":\"Article\",\"@id\":\"https:\\\/\\\/proagrolab.com.ar\\\/pakistan-oficialmente-abre-su-mercado-a-carne-de-pollo-de-brasil\\\/#article\",\"isPartOf\":{\"@id\":\"https:\\\/\\\/proagrolab.com.ar\\\/pakistan-oficialmente-abre-su-mercado-a-carne-de-pollo-de-brasil\\\/\"},\"author\":{\"name\":\"proagrolab\",\"@id\":\"https:\\\/\\\/proagrolab.com.ar\\\/#\\\/schema\\\/person\\\/38003ff90bf80381f71c7d922d207444\"},\"headline\":\"Pakist\u00e1n oficialmente abre su mercado a carne de pollo de Brasil.\",\"datePublished\":\"2014-03-21T00:00:01+00:00\",\"dateModified\":\"2020-07-02T12:44:07+00:00\",\"mainEntityOfPage\":{\"@id\":\"https:\\\/\\\/proagrolab.com.ar\\\/pakistan-oficialmente-abre-su-mercado-a-carne-de-pollo-de-brasil\\\/\"},\"wordCount\":288,\"publisher\":{\"@id\":\"https:\\\/\\\/proagrolab.com.ar\\\/#organization\"},\"image\":{\"@id\":\"https:\\\/\\\/proagrolab.com.ar\\\/pakistan-oficialmente-abre-su-mercado-a-carne-de-pollo-de-brasil\\\/#primaryimage\"},\"thumbnailUrl\":\"https:\\\/\\\/proagrolab.com.ar\\\/wp-content\\\/uploads\\\/2015\\\/01\\\/g_ae7sfcgwz__Aviar-3.jpg\",\"articleSection\":[\"News\"],\"inLanguage\":\"en-US\"},{\"@type\":\"WebPage\",\"@id\":\"https:\\\/\\\/proagrolab.com.ar\\\/pakistan-oficialmente-abre-su-mercado-a-carne-de-pollo-de-brasil\\\/\",\"url\":\"https:\\\/\\\/proagrolab.com.ar\\\/pakistan-oficialmente-abre-su-mercado-a-carne-de-pollo-de-brasil\\\/\",\"name\":\"Pakist\u00e1n oficialmente abre su mercado a carne de pollo de Brasil. | Proagro\",\"isPartOf\":{\"@id\":\"https:\\\/\\\/proagrolab.com.ar\\\/#website\"},\"primaryImageOfPage\":{\"@id\":\"https:\\\/\\\/proagrolab.com.ar\\\/pakistan-oficialmente-abre-su-mercado-a-carne-de-pollo-de-brasil\\\/#primaryimage\"},\"image\":{\"@id\":\"https:\\\/\\\/proagrolab.com.ar\\\/pakistan-oficialmente-abre-su-mercado-a-carne-de-pollo-de-brasil\\\/#primaryimage\"},\"thumbnailUrl\":\"https:\\\/\\\/proagrolab.com.ar\\\/wp-content\\\/uploads\\\/2015\\\/01\\\/g_ae7sfcgwz__Aviar-3.jpg\",\"datePublished\":\"2014-03-21T00:00:01+00:00\",\"dateModified\":\"2020-07-02T12:44:07+00:00\",\"breadcrumb\":{\"@id\":\"https:\\\/\\\/proagrolab.com.ar\\\/pakistan-oficialmente-abre-su-mercado-a-carne-de-pollo-de-brasil\\\/#breadcrumb\"},\"inLanguage\":\"en-US\",\"potentialAction\":[{\"@type\":\"ReadAction\",\"target\":[\"https:\\\/\\\/proagrolab.com.ar\\\/pakistan-oficialmente-abre-su-mercado-a-carne-de-pollo-de-brasil\\\/\"]}]},{\"@type\":\"ImageObject\",\"inLanguage\":\"en-US\",\"@id\":\"https:\\\/\\\/proagrolab.com.ar\\\/pakistan-oficialmente-abre-su-mercado-a-carne-de-pollo-de-brasil\\\/#primaryimage\",\"url\":\"https:\\\/\\\/proagrolab.com.ar\\\/wp-content\\\/uploads\\\/2015\\\/01\\\/g_ae7sfcgwz__Aviar-3.jpg\",\"contentUrl\":\"https:\\\/\\\/proagrolab.com.ar\\\/wp-content\\\/uploads\\\/2015\\\/01\\\/g_ae7sfcgwz__Aviar-3.jpg\",\"width\":450,\"height\":208},{\"@type\":\"BreadcrumbList\",\"@id\":\"https:\\\/\\\/proagrolab.com.ar\\\/pakistan-oficialmente-abre-su-mercado-a-carne-de-pollo-de-brasil\\\/#breadcrumb\",\"itemListElement\":[{\"@type\":\"ListItem\",\"position\":1,\"name\":\"Portada\",\"item\":\"https:\\\/\\\/proagrolab.com.ar\\\/\"},{\"@type\":\"ListItem\",\"position\":2,\"name\":\"Pakist\u00e1n oficialmente abre su mercado a carne de pollo de Brasil.\"}]},{\"@type\":\"WebSite\",\"@id\":\"https:\\\/\\\/proagrolab.com.ar\\\/#website\",\"url\":\"https:\\\/\\\/proagrolab.com.ar\\\/\",\"name\":\"Proagro Laboratorio Veterinario\",\"description\":\"Veterinary laboratory\",\"publisher\":{\"@id\":\"https:\\\/\\\/proagrolab.com.ar\\\/#organization\"},\"potentialAction\":[{\"@type\":\"SearchAction\",\"target\":{\"@type\":\"EntryPoint\",\"urlTemplate\":\"https:\\\/\\\/proagrolab.com.ar\\\/?s={search_term_string}\"},\"query-input\":{\"@type\":\"PropertyValueSpecification\",\"valueRequired\":true,\"valueName\":\"search_term_string\"}}],\"inLanguage\":\"en-US\"},{\"@type\":\"Organization\",\"@id\":\"https:\\\/\\\/proagrolab.com.ar\\\/#organization\",\"name\":\"Proagro\",\"url\":\"https:\\\/\\\/proagrolab.com.ar\\\/\",\"logo\":{\"@type\":\"ImageObject\",\"inLanguage\":\"en-US\",\"@id\":\"https:\\\/\\\/proagrolab.com.ar\\\/#\\\/schema\\\/logo\\\/image\\\/\",\"url\":\"https:\\\/\\\/proagrolab.com.ar\\\/wp-content\\\/uploads\\\/2020\\\/04\\\/logo-retina.png\",\"contentUrl\":\"https:\\\/\\\/proagrolab.com.ar\\\/wp-content\\\/uploads\\\/2020\\\/04\\\/logo-retina.png\",\"width\":478,\"height\":120,\"caption\":\"Proagro\"},\"image\":{\"@id\":\"https:\\\/\\\/proagrolab.com.ar\\\/#\\\/schema\\\/logo\\\/image\\\/\"},\"sameAs\":[\"http:\\\/\\\/www.facebook.com\\\/proagrolab\",\"https:\\\/\\\/www.instagram.com\\\/proagrolab\\\/\",\"https:\\\/\\\/www.linkedin.com\\\/company\\\/laboratorio-proagro-s-a\\\/\"]},{\"@type\":\"Person\",\"@id\":\"https:\\\/\\\/proagrolab.com.ar\\\/#\\\/schema\\\/person\\\/38003ff90bf80381f71c7d922d207444\",\"name\":\"proagrolab\"}]}<\/script>\n<!-- \/ Yoast SEO plugin. -->","yoast_head_json":{"title":"Pakist\u00e1n oficialmente abre su mercado a carne de pollo de Brasil. | Proagro","robots":{"index":"index","follow":"follow","max-snippet":"max-snippet:-1","max-image-preview":"max-image-preview:large","max-video-preview":"max-video-preview:-1"},"canonical":"https:\/\/proagrolab.com.ar\/en\/pakistan-oficialmente-abre-su-mercado-a-carne-de-pollo-de-brasil\/","og_locale":"en_US","og_type":"article","og_title":"Pakist\u00e1n oficialmente abre su mercado a carne de pollo de Brasil. | Proagro","og_description":"Pakist\u00e1n autoriz\u00f3 la importaci\u00f3n de carne de pollo de Brasil, lo que representa un importante avance para el pa\u00eds suramericano. La noticia fue comunicada el pasado lunes, d\u00eda 17 de marzo, por la Uni\u00f3n Brasile\u00f1a de Avicultura (UBABEF, siglas en portugu\u00e9s).&nbsp; Casi 95% de la poblaci\u00f3n paquistan\u00ed son musulmanes, quienes exigen la certificaci\u00f3n Halal a los procesadores av\u00edcolas de Brasil. Dicho cumplimiento se debe a a\u00f1os continuos de ventas brasile\u00f1as al Medio Oriente. Pakist\u00e1n produce hoy en d\u00eda casi 700 toneladas de carne de pollo al a\u00f1o, pero su consumo per c\u00e1pita se limita a s\u00f3lo 4,5 kilogramos por a\u00f1o ante 45 kg para Brasil. En 2013, la industria av\u00edcola de Pakist\u00e1n sufri\u00f3 su mayor p\u00e9rdida en ingresos de los \u00faltimos 50 a\u00f1os. La industria perdi\u00f3 casi US$ 302,5 millones por no poder trasladar los aumentos en costos de producci\u00f3n a sus consumidores. Los controles gubernamentales sobre los precios injustamente limitaron el precio del pollo en los \u00faltimos a\u00f1os, mientras que los costos de insumos siguieron en aumento, de acuerdo con el Pakistan Poultry Association (PPA). Las exportaciones brasile\u00f1as de carne de pollo a Pakist\u00e1n en 2013 se limitaron a menos de 100 toneladas. Brasil no pudo capitalizar en la [&hellip;]","og_url":"https:\/\/proagrolab.com.ar\/pakistan-oficialmente-abre-su-mercado-a-carne-de-pollo-de-brasil\/","og_site_name":"Proagro","article_publisher":"http:\/\/www.facebook.com\/proagrolab","article_published_time":"2014-03-21T00:00:01+00:00","article_modified_time":"2020-07-02T12:44:07+00:00","og_image":[{"width":450,"height":208,"url":"https:\/\/proagrolab.com.ar\/wp-content\/uploads\/2015\/01\/g_ae7sfcgwz__Aviar-3.jpg","type":"image\/jpeg"}],"author":"proagrolab","twitter_card":"summary_large_image","twitter_misc":{"Written by":"proagrolab","Est. reading time":"1 minute"},"schema":{"@context":"https:\/\/schema.org","@graph":[{"@type":"Article","@id":"https:\/\/proagrolab.com.ar\/pakistan-oficialmente-abre-su-mercado-a-carne-de-pollo-de-brasil\/#article","isPartOf":{"@id":"https:\/\/proagrolab.com.ar\/pakistan-oficialmente-abre-su-mercado-a-carne-de-pollo-de-brasil\/"},"author":{"name":"proagrolab","@id":"https:\/\/proagrolab.com.ar\/#\/schema\/person\/38003ff90bf80381f71c7d922d207444"},"headline":"Pakist\u00e1n oficialmente abre su mercado a carne de pollo de Brasil.","datePublished":"2014-03-21T00:00:01+00:00","dateModified":"2020-07-02T12:44:07+00:00","mainEntityOfPage":{"@id":"https:\/\/proagrolab.com.ar\/pakistan-oficialmente-abre-su-mercado-a-carne-de-pollo-de-brasil\/"},"wordCount":288,"publisher":{"@id":"https:\/\/proagrolab.com.ar\/#organization"},"image":{"@id":"https:\/\/proagrolab.com.ar\/pakistan-oficialmente-abre-su-mercado-a-carne-de-pollo-de-brasil\/#primaryimage"},"thumbnailUrl":"https:\/\/proagrolab.com.ar\/wp-content\/uploads\/2015\/01\/g_ae7sfcgwz__Aviar-3.jpg","articleSection":["News"],"inLanguage":"en-US"},{"@type":"WebPage","@id":"https:\/\/proagrolab.com.ar\/pakistan-oficialmente-abre-su-mercado-a-carne-de-pollo-de-brasil\/","url":"https:\/\/proagrolab.com.ar\/pakistan-oficialmente-abre-su-mercado-a-carne-de-pollo-de-brasil\/","name":"Pakist\u00e1n oficialmente abre su mercado a carne de pollo de Brasil. | Proagro","isPartOf":{"@id":"https:\/\/proagrolab.com.ar\/#website"},"primaryImageOfPage":{"@id":"https:\/\/proagrolab.com.ar\/pakistan-oficialmente-abre-su-mercado-a-carne-de-pollo-de-brasil\/#primaryimage"},"image":{"@id":"https:\/\/proagrolab.com.ar\/pakistan-oficialmente-abre-su-mercado-a-carne-de-pollo-de-brasil\/#primaryimage"},"thumbnailUrl":"https:\/\/proagrolab.com.ar\/wp-content\/uploads\/2015\/01\/g_ae7sfcgwz__Aviar-3.jpg","datePublished":"2014-03-21T00:00:01+00:00","dateModified":"2020-07-02T12:44:07+00:00","breadcrumb":{"@id":"https:\/\/proagrolab.com.ar\/pakistan-oficialmente-abre-su-mercado-a-carne-de-pollo-de-brasil\/#breadcrumb"},"inLanguage":"en-US","potentialAction":[{"@type":"ReadAction","target":["https:\/\/proagrolab.com.ar\/pakistan-oficialmente-abre-su-mercado-a-carne-de-pollo-de-brasil\/"]}]},{"@type":"ImageObject","inLanguage":"en-US","@id":"https:\/\/proagrolab.com.ar\/pakistan-oficialmente-abre-su-mercado-a-carne-de-pollo-de-brasil\/#primaryimage","url":"https:\/\/proagrolab.com.ar\/wp-content\/uploads\/2015\/01\/g_ae7sfcgwz__Aviar-3.jpg","contentUrl":"https:\/\/proagrolab.com.ar\/wp-content\/uploads\/2015\/01\/g_ae7sfcgwz__Aviar-3.jpg","width":450,"height":208},{"@type":"BreadcrumbList","@id":"https:\/\/proagrolab.com.ar\/pakistan-oficialmente-abre-su-mercado-a-carne-de-pollo-de-brasil\/#breadcrumb","itemListElement":[{"@type":"ListItem","position":1,"name":"Portada","item":"https:\/\/proagrolab.com.ar\/"},{"@type":"ListItem","position":2,"name":"Pakist\u00e1n oficialmente abre su mercado a carne de pollo de Brasil."}]},{"@type":"WebSite","@id":"https:\/\/proagrolab.com.ar\/#website","url":"https:\/\/proagrolab.com.ar\/","name":"Proagro Laboratorio Veterinario","description":"Veterinary laboratory","publisher":{"@id":"https:\/\/proagrolab.com.ar\/#organization"},"potentialAction":[{"@type":"SearchAction","target":{"@type":"EntryPoint","urlTemplate":"https:\/\/proagrolab.com.ar\/?s={search_term_string}"},"query-input":{"@type":"PropertyValueSpecification","valueRequired":true,"valueName":"search_term_string"}}],"inLanguage":"en-US"},{"@type":"Organization","@id":"https:\/\/proagrolab.com.ar\/#organization","name":"Proagro","url":"https:\/\/proagrolab.com.ar\/","logo":{"@type":"ImageObject","inLanguage":"en-US","@id":"https:\/\/proagrolab.com.ar\/#\/schema\/logo\/image\/","url":"https:\/\/proagrolab.com.ar\/wp-content\/uploads\/2020\/04\/logo-retina.png","contentUrl":"https:\/\/proagrolab.com.ar\/wp-content\/uploads\/2020\/04\/logo-retina.png","width":478,"height":120,"caption":"Proagro"},"image":{"@id":"https:\/\/proagrolab.com.ar\/#\/schema\/logo\/image\/"},"sameAs":["http:\/\/www.facebook.com\/proagrolab","https:\/\/www.instagram.com\/proagrolab\/","https:\/\/www.linkedin.com\/company\/laboratorio-proagro-s-a\/"]},{"@type":"Person","@id":"https:\/\/proagrolab.com.ar\/#\/schema\/person\/38003ff90bf80381f71c7d922d207444","name":"proagrolab"}]}},"_links":{"self":[{"href":"https:\/\/proagrolab.com.ar\/en\/wp-json\/wp\/v2\/posts\/6014","targetHints":{"allow":["GET"]}}],"collection":[{"href":"https:\/\/proagrolab.com.ar\/en\/wp-json\/wp\/v2\/posts"}],"about":[{"href":"https:\/\/proagrolab.com.ar\/en\/wp-json\/wp\/v2\/types\/post"}],"author":[{"embeddable":true,"href":"https:\/\/proagrolab.com.ar\/en\/wp-json\/wp\/v2\/users\/2"}],"replies":[{"embeddable":true,"href":"https:\/\/proagrolab.com.ar\/en\/wp-json\/wp\/v2\/comments?post=6014"}],"version-history":[{"count":1,"href":"https:\/\/proagrolab.com.ar\/en\/wp-json\/wp\/v2\/posts\/6014\/revisions"}],"predecessor-version":[{"id":14605,"href":"https:\/\/proagrolab.com.ar\/en\/wp-json\/wp\/v2\/posts\/6014\/revisions\/14605"}],"wp:featuredmedia":[{"embeddable":true,"href":"https:\/\/proagrolab.com.ar\/en\/wp-json\/wp\/v2\/media\/2499"}],"wp:attachment":[{"href":"https:\/\/proagrolab.com.ar\/en\/wp-json\/wp\/v2\/media?parent=6014"}],"wp:term":[{"taxonomy":"category","embeddable":true,"href":"https:\/\/proagrolab.com.ar\/en\/wp-json\/wp\/v2\/categories?post=6014"},{"taxonomy":"post_tag","embeddable":true,"href":"https:\/\/proagrolab.com.ar\/en\/wp-json\/wp\/v2\/tags?post=6014"}],"curies":[{"name":"wp","href":"https:\/\/api.w.org\/{rel}","templated":true}]}}