{"id":6011,"date":"2014-03-20T00:00:01","date_gmt":"2014-03-20T00:00:01","guid":{"rendered":"https:\/\/proagrolab.com.ar\/inac-intensifica-la-promocion-de-carnes-uruguayas-en-alemania\/"},"modified":"2020-07-02T12:43:42","modified_gmt":"2020-07-02T12:43:42","slug":"inac-intensifica-la-promocion-de-carnes-uruguayas-en-alemania","status":"publish","type":"post","link":"https:\/\/proagrolab.com.ar\/en\/inac-intensifica-la-promocion-de-carnes-uruguayas-en-alemania\/","title":{"rendered":"INAC intensifica la promoci\u00f3n de carnes uruguayas en Alemania."},"content":{"rendered":"<p class=\"qtranxs-available-languages-message qtranxs-available-languages-message-en\"> <\/p><p>En el marco de su actividad de promoci\u00f3n de las carnes uruguayas en el exterior, el Instituto Nacional de Carnes (INAC) participa en la Feria Gastron\u00f3mica Internoga, en Hamburgo (Alemania), actividad que culminar\u00e1 el mi\u00e9rcoles 19 de marzo.<\/p>\n<p>INAC inform\u00f3 a El Observador que estas actividades de promoci\u00f3n se realizan junto con la cadena alemana Block Foods, que presenta un men\u00fa para degustar entre los visitantes a esta feria internacional, elaborado con carnes uruguayas.<\/p>\n<p>El mismo est\u00e1 compuesto de: carpaccio, bull soup, bife ancho y bife angosto en grill, acompa\u00f1ados de vinos uruguayos de la variedad Tannat. La idea, se explic\u00f3, es mostrar c\u00f3mo la carne uruguaya se adapta a diferentes formas de presentaciones y tipos de cocci\u00f3n.<\/p>\n<p>En ese caso en 84 supermercados Famila, donde Block House es distribuidor exclusivo desde hace m\u00e1s de 20 a\u00f1os, se desarrollar\u00e1 hasta fin de mes una promoci\u00f3n especial en la que como carne importada se ofrecer\u00e1 \u00fanicamente carne uruguaya, con publicidad destacada.<\/p>\n<p>Esto se complementa con la exhibici\u00f3n en Hamburgo de 150 billboards (backlight) promocionando la carne uruguaya en puntos estrat\u00e9gicos de la ciudad.<\/p>\n<p>Fuente: Carnetec, 17 de marzo.<br \/><\/p>","protected":false},"excerpt":{"rendered":"<p>En el marco de su actividad de promoci\u00f3n de las carnes uruguayas en el exterior, el Instituto Nacional de Carnes (INAC) participa en la Feria Gastron\u00f3mica Internoga, en Hamburgo (Alemania), actividad que culminar\u00e1 el mi\u00e9rcoles 19 de marzo. INAC inform\u00f3 a El Observador que estas actividades de promoci\u00f3n se realizan junto con la cadena alemana Block Foods, que presenta un men\u00fa para degustar entre los visitantes a esta feria internacional, elaborado con carnes uruguayas. El mismo est\u00e1 compuesto de: carpaccio, bull soup, bife ancho y bife angosto en grill, acompa\u00f1ados de vinos uruguayos de la variedad Tannat. La idea, se explic\u00f3, es mostrar c\u00f3mo la carne uruguaya se adapta a diferentes formas de presentaciones y tipos de cocci\u00f3n. En ese caso en 84 supermercados Famila, donde Block House es distribuidor exclusivo desde hace m\u00e1s de 20 a\u00f1os, se desarrollar\u00e1 hasta fin de mes una promoci\u00f3n especial en la que como carne importada se ofrecer\u00e1 \u00fanicamente carne uruguaya, con publicidad destacada. Esto se complementa con la exhibici\u00f3n en Hamburgo de 150 billboards (backlight) promocionando la carne uruguaya en puntos estrat\u00e9gicos de la ciudad. Fuente: Carnetec, 17 de marzo.<\/p>\n","protected":false},"author":2,"featured_media":2496,"comment_status":"closed","ping_status":"open","sticky":false,"template":"","format":"standard","meta":{"_acf_changed":false,"footnotes":""},"categories":[56],"tags":[],"class_list":["post-6011","post","type-post","status-publish","format-standard","has-post-thumbnail","hentry","category-infoganadero"],"acf":[],"yoast_head":"<!-- This site is optimized with the Yoast SEO plugin v27.4 - https:\/\/yoast.com\/product\/yoast-seo-wordpress\/ -->\n<title>INAC intensifica la promoci\u00f3n de carnes uruguayas en Alemania. | Proagro<\/title>\n<meta name=\"robots\" content=\"index, follow, max-snippet:-1, max-image-preview:large, max-video-preview:-1\" \/>\n<link rel=\"canonical\" href=\"https:\/\/proagrolab.com.ar\/en\/inac-intensifica-la-promocion-de-carnes-uruguayas-en-alemania\/\" \/>\n<meta property=\"og:locale\" content=\"en_US\" \/>\n<meta property=\"og:type\" content=\"article\" \/>\n<meta property=\"og:title\" content=\"INAC intensifica la promoci\u00f3n de carnes uruguayas en Alemania. | Proagro\" \/>\n<meta property=\"og:description\" content=\"En el marco de su actividad de promoci\u00f3n de las carnes uruguayas en el exterior, el Instituto Nacional de Carnes (INAC) participa en la Feria Gastron\u00f3mica Internoga, en Hamburgo (Alemania), actividad que culminar\u00e1 el mi\u00e9rcoles 19 de marzo. INAC inform\u00f3 a El Observador que estas actividades de promoci\u00f3n se realizan junto con la cadena alemana Block Foods, que presenta un men\u00fa para degustar entre los visitantes a esta feria internacional, elaborado con carnes uruguayas. El mismo est\u00e1 compuesto de: carpaccio, bull soup, bife ancho y bife angosto en grill, acompa\u00f1ados de vinos uruguayos de la variedad Tannat. La idea, se explic\u00f3, es mostrar c\u00f3mo la carne uruguaya se adapta a diferentes formas de presentaciones y tipos de cocci\u00f3n. En ese caso en 84 supermercados Famila, donde Block House es distribuidor exclusivo desde hace m\u00e1s de 20 a\u00f1os, se desarrollar\u00e1 hasta fin de mes una promoci\u00f3n especial en la que como carne importada se ofrecer\u00e1 \u00fanicamente carne uruguaya, con publicidad destacada. Esto se complementa con la exhibici\u00f3n en Hamburgo de 150 billboards (backlight) promocionando la carne uruguaya en puntos estrat\u00e9gicos de la ciudad. Fuente: Carnetec, 17 de marzo.\" \/>\n<meta property=\"og:url\" content=\"https:\/\/proagrolab.com.ar\/inac-intensifica-la-promocion-de-carnes-uruguayas-en-alemania\/\" \/>\n<meta property=\"og:site_name\" content=\"Proagro\" \/>\n<meta property=\"article:publisher\" content=\"http:\/\/www.facebook.com\/proagrolab\" \/>\n<meta property=\"article:published_time\" content=\"2014-03-20T00:00:01+00:00\" \/>\n<meta property=\"article:modified_time\" content=\"2020-07-02T12:43:42+00:00\" \/>\n<meta property=\"og:image\" content=\"https:\/\/proagrolab.com.ar\/wp-content\/uploads\/2015\/01\/g_f1ssso6g9__Angus-negro-y-colorado.jpg\" \/>\n\t<meta property=\"og:image:width\" content=\"450\" \/>\n\t<meta property=\"og:image:height\" content=\"208\" \/>\n\t<meta property=\"og:image:type\" content=\"image\/jpeg\" \/>\n<meta name=\"author\" content=\"proagrolab\" \/>\n<meta name=\"twitter:card\" content=\"summary_large_image\" \/>\n<meta name=\"twitter:label1\" content=\"Written by\" \/>\n\t<meta name=\"twitter:data1\" content=\"proagrolab\" \/>\n\t<meta name=\"twitter:label2\" content=\"Est. reading time\" \/>\n\t<meta name=\"twitter:data2\" content=\"1 minute\" \/>\n<script type=\"application\/ld+json\" class=\"yoast-schema-graph\">{\"@context\":\"https:\\\/\\\/schema.org\",\"@graph\":[{\"@type\":\"Article\",\"@id\":\"https:\\\/\\\/proagrolab.com.ar\\\/inac-intensifica-la-promocion-de-carnes-uruguayas-en-alemania\\\/#article\",\"isPartOf\":{\"@id\":\"https:\\\/\\\/proagrolab.com.ar\\\/inac-intensifica-la-promocion-de-carnes-uruguayas-en-alemania\\\/\"},\"author\":{\"name\":\"proagrolab\",\"@id\":\"https:\\\/\\\/proagrolab.com.ar\\\/#\\\/schema\\\/person\\\/38003ff90bf80381f71c7d922d207444\"},\"headline\":\"INAC intensifica la promoci\u00f3n de carnes uruguayas en Alemania.\",\"datePublished\":\"2014-03-20T00:00:01+00:00\",\"dateModified\":\"2020-07-02T12:43:42+00:00\",\"mainEntityOfPage\":{\"@id\":\"https:\\\/\\\/proagrolab.com.ar\\\/inac-intensifica-la-promocion-de-carnes-uruguayas-en-alemania\\\/\"},\"wordCount\":204,\"publisher\":{\"@id\":\"https:\\\/\\\/proagrolab.com.ar\\\/#organization\"},\"image\":{\"@id\":\"https:\\\/\\\/proagrolab.com.ar\\\/inac-intensifica-la-promocion-de-carnes-uruguayas-en-alemania\\\/#primaryimage\"},\"thumbnailUrl\":\"https:\\\/\\\/proagrolab.com.ar\\\/wp-content\\\/uploads\\\/2015\\\/01\\\/g_f1ssso6g9__Angus-negro-y-colorado.jpg\",\"articleSection\":[\"News\"],\"inLanguage\":\"en-US\"},{\"@type\":\"WebPage\",\"@id\":\"https:\\\/\\\/proagrolab.com.ar\\\/inac-intensifica-la-promocion-de-carnes-uruguayas-en-alemania\\\/\",\"url\":\"https:\\\/\\\/proagrolab.com.ar\\\/inac-intensifica-la-promocion-de-carnes-uruguayas-en-alemania\\\/\",\"name\":\"INAC intensifica la promoci\u00f3n de carnes uruguayas en Alemania. | Proagro\",\"isPartOf\":{\"@id\":\"https:\\\/\\\/proagrolab.com.ar\\\/#website\"},\"primaryImageOfPage\":{\"@id\":\"https:\\\/\\\/proagrolab.com.ar\\\/inac-intensifica-la-promocion-de-carnes-uruguayas-en-alemania\\\/#primaryimage\"},\"image\":{\"@id\":\"https:\\\/\\\/proagrolab.com.ar\\\/inac-intensifica-la-promocion-de-carnes-uruguayas-en-alemania\\\/#primaryimage\"},\"thumbnailUrl\":\"https:\\\/\\\/proagrolab.com.ar\\\/wp-content\\\/uploads\\\/2015\\\/01\\\/g_f1ssso6g9__Angus-negro-y-colorado.jpg\",\"datePublished\":\"2014-03-20T00:00:01+00:00\",\"dateModified\":\"2020-07-02T12:43:42+00:00\",\"breadcrumb\":{\"@id\":\"https:\\\/\\\/proagrolab.com.ar\\\/inac-intensifica-la-promocion-de-carnes-uruguayas-en-alemania\\\/#breadcrumb\"},\"inLanguage\":\"en-US\",\"potentialAction\":[{\"@type\":\"ReadAction\",\"target\":[\"https:\\\/\\\/proagrolab.com.ar\\\/inac-intensifica-la-promocion-de-carnes-uruguayas-en-alemania\\\/\"]}]},{\"@type\":\"ImageObject\",\"inLanguage\":\"en-US\",\"@id\":\"https:\\\/\\\/proagrolab.com.ar\\\/inac-intensifica-la-promocion-de-carnes-uruguayas-en-alemania\\\/#primaryimage\",\"url\":\"https:\\\/\\\/proagrolab.com.ar\\\/wp-content\\\/uploads\\\/2015\\\/01\\\/g_f1ssso6g9__Angus-negro-y-colorado.jpg\",\"contentUrl\":\"https:\\\/\\\/proagrolab.com.ar\\\/wp-content\\\/uploads\\\/2015\\\/01\\\/g_f1ssso6g9__Angus-negro-y-colorado.jpg\",\"width\":450,\"height\":208},{\"@type\":\"BreadcrumbList\",\"@id\":\"https:\\\/\\\/proagrolab.com.ar\\\/inac-intensifica-la-promocion-de-carnes-uruguayas-en-alemania\\\/#breadcrumb\",\"itemListElement\":[{\"@type\":\"ListItem\",\"position\":1,\"name\":\"Portada\",\"item\":\"https:\\\/\\\/proagrolab.com.ar\\\/\"},{\"@type\":\"ListItem\",\"position\":2,\"name\":\"INAC intensifica la promoci\u00f3n de carnes uruguayas en Alemania.\"}]},{\"@type\":\"WebSite\",\"@id\":\"https:\\\/\\\/proagrolab.com.ar\\\/#website\",\"url\":\"https:\\\/\\\/proagrolab.com.ar\\\/\",\"name\":\"Proagro Laboratorio Veterinario\",\"description\":\"Veterinary laboratory\",\"publisher\":{\"@id\":\"https:\\\/\\\/proagrolab.com.ar\\\/#organization\"},\"potentialAction\":[{\"@type\":\"SearchAction\",\"target\":{\"@type\":\"EntryPoint\",\"urlTemplate\":\"https:\\\/\\\/proagrolab.com.ar\\\/?s={search_term_string}\"},\"query-input\":{\"@type\":\"PropertyValueSpecification\",\"valueRequired\":true,\"valueName\":\"search_term_string\"}}],\"inLanguage\":\"en-US\"},{\"@type\":\"Organization\",\"@id\":\"https:\\\/\\\/proagrolab.com.ar\\\/#organization\",\"name\":\"Proagro\",\"url\":\"https:\\\/\\\/proagrolab.com.ar\\\/\",\"logo\":{\"@type\":\"ImageObject\",\"inLanguage\":\"en-US\",\"@id\":\"https:\\\/\\\/proagrolab.com.ar\\\/#\\\/schema\\\/logo\\\/image\\\/\",\"url\":\"https:\\\/\\\/proagrolab.com.ar\\\/wp-content\\\/uploads\\\/2020\\\/04\\\/logo-retina.png\",\"contentUrl\":\"https:\\\/\\\/proagrolab.com.ar\\\/wp-content\\\/uploads\\\/2020\\\/04\\\/logo-retina.png\",\"width\":478,\"height\":120,\"caption\":\"Proagro\"},\"image\":{\"@id\":\"https:\\\/\\\/proagrolab.com.ar\\\/#\\\/schema\\\/logo\\\/image\\\/\"},\"sameAs\":[\"http:\\\/\\\/www.facebook.com\\\/proagrolab\",\"https:\\\/\\\/www.instagram.com\\\/proagrolab\\\/\",\"https:\\\/\\\/www.linkedin.com\\\/company\\\/laboratorio-proagro-s-a\\\/\"]},{\"@type\":\"Person\",\"@id\":\"https:\\\/\\\/proagrolab.com.ar\\\/#\\\/schema\\\/person\\\/38003ff90bf80381f71c7d922d207444\",\"name\":\"proagrolab\"}]}<\/script>\n<!-- \/ Yoast SEO plugin. -->","yoast_head_json":{"title":"INAC intensifica la promoci\u00f3n de carnes uruguayas en Alemania. | Proagro","robots":{"index":"index","follow":"follow","max-snippet":"max-snippet:-1","max-image-preview":"max-image-preview:large","max-video-preview":"max-video-preview:-1"},"canonical":"https:\/\/proagrolab.com.ar\/en\/inac-intensifica-la-promocion-de-carnes-uruguayas-en-alemania\/","og_locale":"en_US","og_type":"article","og_title":"INAC intensifica la promoci\u00f3n de carnes uruguayas en Alemania. | Proagro","og_description":"En el marco de su actividad de promoci\u00f3n de las carnes uruguayas en el exterior, el Instituto Nacional de Carnes (INAC) participa en la Feria Gastron\u00f3mica Internoga, en Hamburgo (Alemania), actividad que culminar\u00e1 el mi\u00e9rcoles 19 de marzo. INAC inform\u00f3 a El Observador que estas actividades de promoci\u00f3n se realizan junto con la cadena alemana Block Foods, que presenta un men\u00fa para degustar entre los visitantes a esta feria internacional, elaborado con carnes uruguayas. El mismo est\u00e1 compuesto de: carpaccio, bull soup, bife ancho y bife angosto en grill, acompa\u00f1ados de vinos uruguayos de la variedad Tannat. La idea, se explic\u00f3, es mostrar c\u00f3mo la carne uruguaya se adapta a diferentes formas de presentaciones y tipos de cocci\u00f3n. En ese caso en 84 supermercados Famila, donde Block House es distribuidor exclusivo desde hace m\u00e1s de 20 a\u00f1os, se desarrollar\u00e1 hasta fin de mes una promoci\u00f3n especial en la que como carne importada se ofrecer\u00e1 \u00fanicamente carne uruguaya, con publicidad destacada. Esto se complementa con la exhibici\u00f3n en Hamburgo de 150 billboards (backlight) promocionando la carne uruguaya en puntos estrat\u00e9gicos de la ciudad. Fuente: Carnetec, 17 de marzo.","og_url":"https:\/\/proagrolab.com.ar\/inac-intensifica-la-promocion-de-carnes-uruguayas-en-alemania\/","og_site_name":"Proagro","article_publisher":"http:\/\/www.facebook.com\/proagrolab","article_published_time":"2014-03-20T00:00:01+00:00","article_modified_time":"2020-07-02T12:43:42+00:00","og_image":[{"width":450,"height":208,"url":"https:\/\/proagrolab.com.ar\/wp-content\/uploads\/2015\/01\/g_f1ssso6g9__Angus-negro-y-colorado.jpg","type":"image\/jpeg"}],"author":"proagrolab","twitter_card":"summary_large_image","twitter_misc":{"Written by":"proagrolab","Est. reading time":"1 minute"},"schema":{"@context":"https:\/\/schema.org","@graph":[{"@type":"Article","@id":"https:\/\/proagrolab.com.ar\/inac-intensifica-la-promocion-de-carnes-uruguayas-en-alemania\/#article","isPartOf":{"@id":"https:\/\/proagrolab.com.ar\/inac-intensifica-la-promocion-de-carnes-uruguayas-en-alemania\/"},"author":{"name":"proagrolab","@id":"https:\/\/proagrolab.com.ar\/#\/schema\/person\/38003ff90bf80381f71c7d922d207444"},"headline":"INAC intensifica la promoci\u00f3n de carnes uruguayas en Alemania.","datePublished":"2014-03-20T00:00:01+00:00","dateModified":"2020-07-02T12:43:42+00:00","mainEntityOfPage":{"@id":"https:\/\/proagrolab.com.ar\/inac-intensifica-la-promocion-de-carnes-uruguayas-en-alemania\/"},"wordCount":204,"publisher":{"@id":"https:\/\/proagrolab.com.ar\/#organization"},"image":{"@id":"https:\/\/proagrolab.com.ar\/inac-intensifica-la-promocion-de-carnes-uruguayas-en-alemania\/#primaryimage"},"thumbnailUrl":"https:\/\/proagrolab.com.ar\/wp-content\/uploads\/2015\/01\/g_f1ssso6g9__Angus-negro-y-colorado.jpg","articleSection":["News"],"inLanguage":"en-US"},{"@type":"WebPage","@id":"https:\/\/proagrolab.com.ar\/inac-intensifica-la-promocion-de-carnes-uruguayas-en-alemania\/","url":"https:\/\/proagrolab.com.ar\/inac-intensifica-la-promocion-de-carnes-uruguayas-en-alemania\/","name":"INAC intensifica la promoci\u00f3n de carnes uruguayas en Alemania. | Proagro","isPartOf":{"@id":"https:\/\/proagrolab.com.ar\/#website"},"primaryImageOfPage":{"@id":"https:\/\/proagrolab.com.ar\/inac-intensifica-la-promocion-de-carnes-uruguayas-en-alemania\/#primaryimage"},"image":{"@id":"https:\/\/proagrolab.com.ar\/inac-intensifica-la-promocion-de-carnes-uruguayas-en-alemania\/#primaryimage"},"thumbnailUrl":"https:\/\/proagrolab.com.ar\/wp-content\/uploads\/2015\/01\/g_f1ssso6g9__Angus-negro-y-colorado.jpg","datePublished":"2014-03-20T00:00:01+00:00","dateModified":"2020-07-02T12:43:42+00:00","breadcrumb":{"@id":"https:\/\/proagrolab.com.ar\/inac-intensifica-la-promocion-de-carnes-uruguayas-en-alemania\/#breadcrumb"},"inLanguage":"en-US","potentialAction":[{"@type":"ReadAction","target":["https:\/\/proagrolab.com.ar\/inac-intensifica-la-promocion-de-carnes-uruguayas-en-alemania\/"]}]},{"@type":"ImageObject","inLanguage":"en-US","@id":"https:\/\/proagrolab.com.ar\/inac-intensifica-la-promocion-de-carnes-uruguayas-en-alemania\/#primaryimage","url":"https:\/\/proagrolab.com.ar\/wp-content\/uploads\/2015\/01\/g_f1ssso6g9__Angus-negro-y-colorado.jpg","contentUrl":"https:\/\/proagrolab.com.ar\/wp-content\/uploads\/2015\/01\/g_f1ssso6g9__Angus-negro-y-colorado.jpg","width":450,"height":208},{"@type":"BreadcrumbList","@id":"https:\/\/proagrolab.com.ar\/inac-intensifica-la-promocion-de-carnes-uruguayas-en-alemania\/#breadcrumb","itemListElement":[{"@type":"ListItem","position":1,"name":"Portada","item":"https:\/\/proagrolab.com.ar\/"},{"@type":"ListItem","position":2,"name":"INAC intensifica la promoci\u00f3n de carnes uruguayas en Alemania."}]},{"@type":"WebSite","@id":"https:\/\/proagrolab.com.ar\/#website","url":"https:\/\/proagrolab.com.ar\/","name":"Proagro Laboratorio Veterinario","description":"Veterinary laboratory","publisher":{"@id":"https:\/\/proagrolab.com.ar\/#organization"},"potentialAction":[{"@type":"SearchAction","target":{"@type":"EntryPoint","urlTemplate":"https:\/\/proagrolab.com.ar\/?s={search_term_string}"},"query-input":{"@type":"PropertyValueSpecification","valueRequired":true,"valueName":"search_term_string"}}],"inLanguage":"en-US"},{"@type":"Organization","@id":"https:\/\/proagrolab.com.ar\/#organization","name":"Proagro","url":"https:\/\/proagrolab.com.ar\/","logo":{"@type":"ImageObject","inLanguage":"en-US","@id":"https:\/\/proagrolab.com.ar\/#\/schema\/logo\/image\/","url":"https:\/\/proagrolab.com.ar\/wp-content\/uploads\/2020\/04\/logo-retina.png","contentUrl":"https:\/\/proagrolab.com.ar\/wp-content\/uploads\/2020\/04\/logo-retina.png","width":478,"height":120,"caption":"Proagro"},"image":{"@id":"https:\/\/proagrolab.com.ar\/#\/schema\/logo\/image\/"},"sameAs":["http:\/\/www.facebook.com\/proagrolab","https:\/\/www.instagram.com\/proagrolab\/","https:\/\/www.linkedin.com\/company\/laboratorio-proagro-s-a\/"]},{"@type":"Person","@id":"https:\/\/proagrolab.com.ar\/#\/schema\/person\/38003ff90bf80381f71c7d922d207444","name":"proagrolab"}]}},"_links":{"self":[{"href":"https:\/\/proagrolab.com.ar\/en\/wp-json\/wp\/v2\/posts\/6011","targetHints":{"allow":["GET"]}}],"collection":[{"href":"https:\/\/proagrolab.com.ar\/en\/wp-json\/wp\/v2\/posts"}],"about":[{"href":"https:\/\/proagrolab.com.ar\/en\/wp-json\/wp\/v2\/types\/post"}],"author":[{"embeddable":true,"href":"https:\/\/proagrolab.com.ar\/en\/wp-json\/wp\/v2\/users\/2"}],"replies":[{"embeddable":true,"href":"https:\/\/proagrolab.com.ar\/en\/wp-json\/wp\/v2\/comments?post=6011"}],"version-history":[{"count":1,"href":"https:\/\/proagrolab.com.ar\/en\/wp-json\/wp\/v2\/posts\/6011\/revisions"}],"predecessor-version":[{"id":14600,"href":"https:\/\/proagrolab.com.ar\/en\/wp-json\/wp\/v2\/posts\/6011\/revisions\/14600"}],"wp:featuredmedia":[{"embeddable":true,"href":"https:\/\/proagrolab.com.ar\/en\/wp-json\/wp\/v2\/media\/2496"}],"wp:attachment":[{"href":"https:\/\/proagrolab.com.ar\/en\/wp-json\/wp\/v2\/media?parent=6011"}],"wp:term":[{"taxonomy":"category","embeddable":true,"href":"https:\/\/proagrolab.com.ar\/en\/wp-json\/wp\/v2\/categories?post=6011"},{"taxonomy":"post_tag","embeddable":true,"href":"https:\/\/proagrolab.com.ar\/en\/wp-json\/wp\/v2\/tags?post=6011"}],"curies":[{"name":"wp","href":"https:\/\/api.w.org\/{rel}","templated":true}]}}