{"id":6009,"date":"2014-03-19T00:00:01","date_gmt":"2014-03-19T00:00:01","guid":{"rendered":"https:\/\/proagrolab.com.ar\/tamberos-en-estado-de-alerta\/"},"modified":"2020-07-02T12:49:00","modified_gmt":"2020-07-02T12:49:00","slug":"tamberos-en-estado-de-alerta","status":"publish","type":"post","link":"https:\/\/proagrolab.com.ar\/en\/tamberos-en-estado-de-alerta\/","title":{"rendered":"Tamberos en estado de alerta."},"content":{"rendered":"<p class=\"qtranxs-available-languages-message qtranxs-available-languages-message-en\"> <\/p><p>Por Cristian Mira.<\/p>\n<p>La Mesa Nacional de Productores de Leche (MNPL) les pidi\u00f3 a los tamberos que se mantengan en estado de alerta y movilizaci\u00f3n tras fracasar ayer una reuni\u00f3n con el subsecretario de Lecher\u00eda, Arturo Jorge Videla. Los productores que representan a las entidades rurales le pidieron al funcionario que cesen las restricciones a las exportaciones y las distorsiones que, seg\u00fan ellos, se presentan entre el precio que perciben los tamberos por el litro de leche y el que luego paga el consumidor en la g\u00f3ndola.<\/p>\n<p>Seg\u00fan la MNPL, los funcionarios expresaron que s\u00f3lo estaban dispuestos a estudiar &#8220;una ayuda econ\u00f3mica que acercara el precio de la leche cruda a $ 3,60 por litro&#8221; y asistencia financiera, pero no el fin de las trabas a las exportaciones. Las medidas de ayuda se anunciar\u00edan a fines de este mes.<\/p>\n<p>Al mismo tiempo, ayer se realiz\u00f3 una asamblea de tamberos en la localidad bonaerense de Trenque Lauquen, en la que los productores expresaron su preocupaci\u00f3n por el aumento de costos que enfrentan y por el precio que les pagan las usinas l\u00e1cteas.<\/p>\n<p>&#8220;Un 60 por ciento de nuestros costos [alimentaci\u00f3n e insumos]est\u00e1n dolarizados, mientras que nuestros ingresos no aumentan. Si esto sigue as\u00ed seguir\u00e1n cerrando los tambos m\u00e1s peque\u00f1os&#8221;, dijo a LA NACION el presidente de la Sociedad Rural de Trenque Lauquen, Mat\u00edas Cardini.Al t\u00e9rmino de la asamblea, los tamberos emitieron un comunicado en el que expresaron que &#8220;la situaci\u00f3n es insostenible en el corto plazo. Hay un fuerte desgaste financiero, econ\u00f3mico y hasta personal del tambero&#8221;.<\/p>\n<p>Por otra parte , Videla se reuni\u00f3 tambi\u00e9n con tamberos de la Junta Intercoopertiva Lechera (JIL), con quienes tambi\u00e9n analiz\u00f3 la posibilidad de entregarles fondos.<\/p>\n<p>Fuente: La Naci\u00f3n, 19 de marzo.<br \/><\/p>","protected":false},"excerpt":{"rendered":"<p>Por Cristian Mira. La Mesa Nacional de Productores de Leche (MNPL) les pidi\u00f3 a los tamberos que se mantengan en estado de alerta y movilizaci\u00f3n tras fracasar ayer una reuni\u00f3n con el subsecretario de Lecher\u00eda, Arturo Jorge Videla. Los productores que representan a las entidades rurales le pidieron al funcionario que cesen las restricciones a las exportaciones y las distorsiones que, seg\u00fan ellos, se presentan entre el precio que perciben los tamberos por el litro de leche y el que luego paga el consumidor en la g\u00f3ndola. Seg\u00fan la MNPL, los funcionarios expresaron que s\u00f3lo estaban dispuestos a estudiar &#8220;una ayuda econ\u00f3mica que acercara el precio de la leche cruda a $ 3,60 por litro&#8221; y asistencia financiera, pero no el fin de las trabas a las exportaciones. Las medidas de ayuda se anunciar\u00edan a fines de este mes. Al mismo tiempo, ayer se realiz\u00f3 una asamblea de tamberos en la localidad bonaerense de Trenque Lauquen, en la que los productores expresaron su preocupaci\u00f3n por el aumento de costos que enfrentan y por el precio que les pagan las usinas l\u00e1cteas. &#8220;Un 60 por ciento de nuestros costos [alimentaci\u00f3n e insumos]est\u00e1n dolarizados, mientras que nuestros ingresos no aumentan. Si esto [&hellip;]<\/p>\n","protected":false},"author":2,"featured_media":2494,"comment_status":"closed","ping_status":"open","sticky":false,"template":"","format":"standard","meta":{"_acf_changed":false,"footnotes":""},"categories":[56],"tags":[],"class_list":["post-6009","post","type-post","status-publish","format-standard","has-post-thumbnail","hentry","category-infoganadero"],"acf":[],"yoast_head":"<!-- This site is optimized with the Yoast SEO plugin v27.4 - https:\/\/yoast.com\/product\/yoast-seo-wordpress\/ -->\n<title>Tamberos en estado de alerta. | Proagro<\/title>\n<meta name=\"robots\" content=\"index, follow, max-snippet:-1, max-image-preview:large, max-video-preview:-1\" \/>\n<link rel=\"canonical\" href=\"https:\/\/proagrolab.com.ar\/en\/tamberos-en-estado-de-alerta\/\" \/>\n<meta property=\"og:locale\" content=\"en_US\" \/>\n<meta property=\"og:type\" content=\"article\" \/>\n<meta property=\"og:title\" content=\"Tamberos en estado de alerta. | Proagro\" \/>\n<meta property=\"og:description\" content=\"Por Cristian Mira. La Mesa Nacional de Productores de Leche (MNPL) les pidi\u00f3 a los tamberos que se mantengan en estado de alerta y movilizaci\u00f3n tras fracasar ayer una reuni\u00f3n con el subsecretario de Lecher\u00eda, Arturo Jorge Videla. Los productores que representan a las entidades rurales le pidieron al funcionario que cesen las restricciones a las exportaciones y las distorsiones que, seg\u00fan ellos, se presentan entre el precio que perciben los tamberos por el litro de leche y el que luego paga el consumidor en la g\u00f3ndola. Seg\u00fan la MNPL, los funcionarios expresaron que s\u00f3lo estaban dispuestos a estudiar &#8220;una ayuda econ\u00f3mica que acercara el precio de la leche cruda a $ 3,60 por litro&#8221; y asistencia financiera, pero no el fin de las trabas a las exportaciones. Las medidas de ayuda se anunciar\u00edan a fines de este mes. Al mismo tiempo, ayer se realiz\u00f3 una asamblea de tamberos en la localidad bonaerense de Trenque Lauquen, en la que los productores expresaron su preocupaci\u00f3n por el aumento de costos que enfrentan y por el precio que les pagan las usinas l\u00e1cteas. &#8220;Un 60 por ciento de nuestros costos [alimentaci\u00f3n e insumos]est\u00e1n dolarizados, mientras que nuestros ingresos no aumentan. Si esto [&hellip;]\" \/>\n<meta property=\"og:url\" content=\"https:\/\/proagrolab.com.ar\/tamberos-en-estado-de-alerta\/\" \/>\n<meta property=\"og:site_name\" content=\"Proagro\" \/>\n<meta property=\"article:publisher\" content=\"http:\/\/www.facebook.com\/proagrolab\" \/>\n<meta property=\"article:published_time\" content=\"2014-03-19T00:00:01+00:00\" \/>\n<meta property=\"article:modified_time\" content=\"2020-07-02T12:49:00+00:00\" \/>\n<meta property=\"og:image\" content=\"https:\/\/proagrolab.com.ar\/wp-content\/uploads\/2015\/01\/g_gp1zj8eei__Lecheras-15.jpg\" \/>\n\t<meta property=\"og:image:width\" content=\"450\" \/>\n\t<meta property=\"og:image:height\" content=\"208\" \/>\n\t<meta property=\"og:image:type\" content=\"image\/jpeg\" \/>\n<meta name=\"author\" content=\"proagrolab\" \/>\n<meta name=\"twitter:card\" content=\"summary_large_image\" \/>\n<meta name=\"twitter:label1\" content=\"Written by\" \/>\n\t<meta name=\"twitter:data1\" content=\"proagrolab\" \/>\n\t<meta name=\"twitter:label2\" content=\"Est. reading time\" \/>\n\t<meta name=\"twitter:data2\" content=\"2 minutes\" \/>\n<script type=\"application\/ld+json\" class=\"yoast-schema-graph\">{\"@context\":\"https:\\\/\\\/schema.org\",\"@graph\":[{\"@type\":\"Article\",\"@id\":\"https:\\\/\\\/proagrolab.com.ar\\\/tamberos-en-estado-de-alerta\\\/#article\",\"isPartOf\":{\"@id\":\"https:\\\/\\\/proagrolab.com.ar\\\/tamberos-en-estado-de-alerta\\\/\"},\"author\":{\"name\":\"proagrolab\",\"@id\":\"https:\\\/\\\/proagrolab.com.ar\\\/#\\\/schema\\\/person\\\/38003ff90bf80381f71c7d922d207444\"},\"headline\":\"Tamberos en estado de alerta.\",\"datePublished\":\"2014-03-19T00:00:01+00:00\",\"dateModified\":\"2020-07-02T12:49:00+00:00\",\"mainEntityOfPage\":{\"@id\":\"https:\\\/\\\/proagrolab.com.ar\\\/tamberos-en-estado-de-alerta\\\/\"},\"wordCount\":312,\"publisher\":{\"@id\":\"https:\\\/\\\/proagrolab.com.ar\\\/#organization\"},\"image\":{\"@id\":\"https:\\\/\\\/proagrolab.com.ar\\\/tamberos-en-estado-de-alerta\\\/#primaryimage\"},\"thumbnailUrl\":\"https:\\\/\\\/proagrolab.com.ar\\\/wp-content\\\/uploads\\\/2015\\\/01\\\/g_gp1zj8eei__Lecheras-15.jpg\",\"articleSection\":[\"News\"],\"inLanguage\":\"en-US\"},{\"@type\":\"WebPage\",\"@id\":\"https:\\\/\\\/proagrolab.com.ar\\\/tamberos-en-estado-de-alerta\\\/\",\"url\":\"https:\\\/\\\/proagrolab.com.ar\\\/tamberos-en-estado-de-alerta\\\/\",\"name\":\"Tamberos en estado de alerta. | Proagro\",\"isPartOf\":{\"@id\":\"https:\\\/\\\/proagrolab.com.ar\\\/#website\"},\"primaryImageOfPage\":{\"@id\":\"https:\\\/\\\/proagrolab.com.ar\\\/tamberos-en-estado-de-alerta\\\/#primaryimage\"},\"image\":{\"@id\":\"https:\\\/\\\/proagrolab.com.ar\\\/tamberos-en-estado-de-alerta\\\/#primaryimage\"},\"thumbnailUrl\":\"https:\\\/\\\/proagrolab.com.ar\\\/wp-content\\\/uploads\\\/2015\\\/01\\\/g_gp1zj8eei__Lecheras-15.jpg\",\"datePublished\":\"2014-03-19T00:00:01+00:00\",\"dateModified\":\"2020-07-02T12:49:00+00:00\",\"breadcrumb\":{\"@id\":\"https:\\\/\\\/proagrolab.com.ar\\\/tamberos-en-estado-de-alerta\\\/#breadcrumb\"},\"inLanguage\":\"en-US\",\"potentialAction\":[{\"@type\":\"ReadAction\",\"target\":[\"https:\\\/\\\/proagrolab.com.ar\\\/tamberos-en-estado-de-alerta\\\/\"]}]},{\"@type\":\"ImageObject\",\"inLanguage\":\"en-US\",\"@id\":\"https:\\\/\\\/proagrolab.com.ar\\\/tamberos-en-estado-de-alerta\\\/#primaryimage\",\"url\":\"https:\\\/\\\/proagrolab.com.ar\\\/wp-content\\\/uploads\\\/2015\\\/01\\\/g_gp1zj8eei__Lecheras-15.jpg\",\"contentUrl\":\"https:\\\/\\\/proagrolab.com.ar\\\/wp-content\\\/uploads\\\/2015\\\/01\\\/g_gp1zj8eei__Lecheras-15.jpg\",\"width\":450,\"height\":208},{\"@type\":\"BreadcrumbList\",\"@id\":\"https:\\\/\\\/proagrolab.com.ar\\\/tamberos-en-estado-de-alerta\\\/#breadcrumb\",\"itemListElement\":[{\"@type\":\"ListItem\",\"position\":1,\"name\":\"Portada\",\"item\":\"https:\\\/\\\/proagrolab.com.ar\\\/\"},{\"@type\":\"ListItem\",\"position\":2,\"name\":\"Tamberos en estado de alerta.\"}]},{\"@type\":\"WebSite\",\"@id\":\"https:\\\/\\\/proagrolab.com.ar\\\/#website\",\"url\":\"https:\\\/\\\/proagrolab.com.ar\\\/\",\"name\":\"Proagro Laboratorio Veterinario\",\"description\":\"Veterinary laboratory\",\"publisher\":{\"@id\":\"https:\\\/\\\/proagrolab.com.ar\\\/#organization\"},\"potentialAction\":[{\"@type\":\"SearchAction\",\"target\":{\"@type\":\"EntryPoint\",\"urlTemplate\":\"https:\\\/\\\/proagrolab.com.ar\\\/?s={search_term_string}\"},\"query-input\":{\"@type\":\"PropertyValueSpecification\",\"valueRequired\":true,\"valueName\":\"search_term_string\"}}],\"inLanguage\":\"en-US\"},{\"@type\":\"Organization\",\"@id\":\"https:\\\/\\\/proagrolab.com.ar\\\/#organization\",\"name\":\"Proagro\",\"url\":\"https:\\\/\\\/proagrolab.com.ar\\\/\",\"logo\":{\"@type\":\"ImageObject\",\"inLanguage\":\"en-US\",\"@id\":\"https:\\\/\\\/proagrolab.com.ar\\\/#\\\/schema\\\/logo\\\/image\\\/\",\"url\":\"https:\\\/\\\/proagrolab.com.ar\\\/wp-content\\\/uploads\\\/2020\\\/04\\\/logo-retina.png\",\"contentUrl\":\"https:\\\/\\\/proagrolab.com.ar\\\/wp-content\\\/uploads\\\/2020\\\/04\\\/logo-retina.png\",\"width\":478,\"height\":120,\"caption\":\"Proagro\"},\"image\":{\"@id\":\"https:\\\/\\\/proagrolab.com.ar\\\/#\\\/schema\\\/logo\\\/image\\\/\"},\"sameAs\":[\"http:\\\/\\\/www.facebook.com\\\/proagrolab\",\"https:\\\/\\\/www.instagram.com\\\/proagrolab\\\/\",\"https:\\\/\\\/www.linkedin.com\\\/company\\\/laboratorio-proagro-s-a\\\/\"]},{\"@type\":\"Person\",\"@id\":\"https:\\\/\\\/proagrolab.com.ar\\\/#\\\/schema\\\/person\\\/38003ff90bf80381f71c7d922d207444\",\"name\":\"proagrolab\"}]}<\/script>\n<!-- \/ Yoast SEO plugin. -->","yoast_head_json":{"title":"Tamberos en estado de alerta. | Proagro","robots":{"index":"index","follow":"follow","max-snippet":"max-snippet:-1","max-image-preview":"max-image-preview:large","max-video-preview":"max-video-preview:-1"},"canonical":"https:\/\/proagrolab.com.ar\/en\/tamberos-en-estado-de-alerta\/","og_locale":"en_US","og_type":"article","og_title":"Tamberos en estado de alerta. | Proagro","og_description":"Por Cristian Mira. La Mesa Nacional de Productores de Leche (MNPL) les pidi\u00f3 a los tamberos que se mantengan en estado de alerta y movilizaci\u00f3n tras fracasar ayer una reuni\u00f3n con el subsecretario de Lecher\u00eda, Arturo Jorge Videla. Los productores que representan a las entidades rurales le pidieron al funcionario que cesen las restricciones a las exportaciones y las distorsiones que, seg\u00fan ellos, se presentan entre el precio que perciben los tamberos por el litro de leche y el que luego paga el consumidor en la g\u00f3ndola. Seg\u00fan la MNPL, los funcionarios expresaron que s\u00f3lo estaban dispuestos a estudiar &#8220;una ayuda econ\u00f3mica que acercara el precio de la leche cruda a $ 3,60 por litro&#8221; y asistencia financiera, pero no el fin de las trabas a las exportaciones. Las medidas de ayuda se anunciar\u00edan a fines de este mes. Al mismo tiempo, ayer se realiz\u00f3 una asamblea de tamberos en la localidad bonaerense de Trenque Lauquen, en la que los productores expresaron su preocupaci\u00f3n por el aumento de costos que enfrentan y por el precio que les pagan las usinas l\u00e1cteas. &#8220;Un 60 por ciento de nuestros costos [alimentaci\u00f3n e insumos]est\u00e1n dolarizados, mientras que nuestros ingresos no aumentan. Si esto [&hellip;]","og_url":"https:\/\/proagrolab.com.ar\/tamberos-en-estado-de-alerta\/","og_site_name":"Proagro","article_publisher":"http:\/\/www.facebook.com\/proagrolab","article_published_time":"2014-03-19T00:00:01+00:00","article_modified_time":"2020-07-02T12:49:00+00:00","og_image":[{"width":450,"height":208,"url":"https:\/\/proagrolab.com.ar\/wp-content\/uploads\/2015\/01\/g_gp1zj8eei__Lecheras-15.jpg","type":"image\/jpeg"}],"author":"proagrolab","twitter_card":"summary_large_image","twitter_misc":{"Written by":"proagrolab","Est. reading time":"2 minutes"},"schema":{"@context":"https:\/\/schema.org","@graph":[{"@type":"Article","@id":"https:\/\/proagrolab.com.ar\/tamberos-en-estado-de-alerta\/#article","isPartOf":{"@id":"https:\/\/proagrolab.com.ar\/tamberos-en-estado-de-alerta\/"},"author":{"name":"proagrolab","@id":"https:\/\/proagrolab.com.ar\/#\/schema\/person\/38003ff90bf80381f71c7d922d207444"},"headline":"Tamberos en estado de alerta.","datePublished":"2014-03-19T00:00:01+00:00","dateModified":"2020-07-02T12:49:00+00:00","mainEntityOfPage":{"@id":"https:\/\/proagrolab.com.ar\/tamberos-en-estado-de-alerta\/"},"wordCount":312,"publisher":{"@id":"https:\/\/proagrolab.com.ar\/#organization"},"image":{"@id":"https:\/\/proagrolab.com.ar\/tamberos-en-estado-de-alerta\/#primaryimage"},"thumbnailUrl":"https:\/\/proagrolab.com.ar\/wp-content\/uploads\/2015\/01\/g_gp1zj8eei__Lecheras-15.jpg","articleSection":["News"],"inLanguage":"en-US"},{"@type":"WebPage","@id":"https:\/\/proagrolab.com.ar\/tamberos-en-estado-de-alerta\/","url":"https:\/\/proagrolab.com.ar\/tamberos-en-estado-de-alerta\/","name":"Tamberos en estado de alerta. | Proagro","isPartOf":{"@id":"https:\/\/proagrolab.com.ar\/#website"},"primaryImageOfPage":{"@id":"https:\/\/proagrolab.com.ar\/tamberos-en-estado-de-alerta\/#primaryimage"},"image":{"@id":"https:\/\/proagrolab.com.ar\/tamberos-en-estado-de-alerta\/#primaryimage"},"thumbnailUrl":"https:\/\/proagrolab.com.ar\/wp-content\/uploads\/2015\/01\/g_gp1zj8eei__Lecheras-15.jpg","datePublished":"2014-03-19T00:00:01+00:00","dateModified":"2020-07-02T12:49:00+00:00","breadcrumb":{"@id":"https:\/\/proagrolab.com.ar\/tamberos-en-estado-de-alerta\/#breadcrumb"},"inLanguage":"en-US","potentialAction":[{"@type":"ReadAction","target":["https:\/\/proagrolab.com.ar\/tamberos-en-estado-de-alerta\/"]}]},{"@type":"ImageObject","inLanguage":"en-US","@id":"https:\/\/proagrolab.com.ar\/tamberos-en-estado-de-alerta\/#primaryimage","url":"https:\/\/proagrolab.com.ar\/wp-content\/uploads\/2015\/01\/g_gp1zj8eei__Lecheras-15.jpg","contentUrl":"https:\/\/proagrolab.com.ar\/wp-content\/uploads\/2015\/01\/g_gp1zj8eei__Lecheras-15.jpg","width":450,"height":208},{"@type":"BreadcrumbList","@id":"https:\/\/proagrolab.com.ar\/tamberos-en-estado-de-alerta\/#breadcrumb","itemListElement":[{"@type":"ListItem","position":1,"name":"Portada","item":"https:\/\/proagrolab.com.ar\/"},{"@type":"ListItem","position":2,"name":"Tamberos en estado de alerta."}]},{"@type":"WebSite","@id":"https:\/\/proagrolab.com.ar\/#website","url":"https:\/\/proagrolab.com.ar\/","name":"Proagro Laboratorio Veterinario","description":"Veterinary laboratory","publisher":{"@id":"https:\/\/proagrolab.com.ar\/#organization"},"potentialAction":[{"@type":"SearchAction","target":{"@type":"EntryPoint","urlTemplate":"https:\/\/proagrolab.com.ar\/?s={search_term_string}"},"query-input":{"@type":"PropertyValueSpecification","valueRequired":true,"valueName":"search_term_string"}}],"inLanguage":"en-US"},{"@type":"Organization","@id":"https:\/\/proagrolab.com.ar\/#organization","name":"Proagro","url":"https:\/\/proagrolab.com.ar\/","logo":{"@type":"ImageObject","inLanguage":"en-US","@id":"https:\/\/proagrolab.com.ar\/#\/schema\/logo\/image\/","url":"https:\/\/proagrolab.com.ar\/wp-content\/uploads\/2020\/04\/logo-retina.png","contentUrl":"https:\/\/proagrolab.com.ar\/wp-content\/uploads\/2020\/04\/logo-retina.png","width":478,"height":120,"caption":"Proagro"},"image":{"@id":"https:\/\/proagrolab.com.ar\/#\/schema\/logo\/image\/"},"sameAs":["http:\/\/www.facebook.com\/proagrolab","https:\/\/www.instagram.com\/proagrolab\/","https:\/\/www.linkedin.com\/company\/laboratorio-proagro-s-a\/"]},{"@type":"Person","@id":"https:\/\/proagrolab.com.ar\/#\/schema\/person\/38003ff90bf80381f71c7d922d207444","name":"proagrolab"}]}},"_links":{"self":[{"href":"https:\/\/proagrolab.com.ar\/en\/wp-json\/wp\/v2\/posts\/6009","targetHints":{"allow":["GET"]}}],"collection":[{"href":"https:\/\/proagrolab.com.ar\/en\/wp-json\/wp\/v2\/posts"}],"about":[{"href":"https:\/\/proagrolab.com.ar\/en\/wp-json\/wp\/v2\/types\/post"}],"author":[{"embeddable":true,"href":"https:\/\/proagrolab.com.ar\/en\/wp-json\/wp\/v2\/users\/2"}],"replies":[{"embeddable":true,"href":"https:\/\/proagrolab.com.ar\/en\/wp-json\/wp\/v2\/comments?post=6009"}],"version-history":[{"count":1,"href":"https:\/\/proagrolab.com.ar\/en\/wp-json\/wp\/v2\/posts\/6009\/revisions"}],"predecessor-version":[{"id":14620,"href":"https:\/\/proagrolab.com.ar\/en\/wp-json\/wp\/v2\/posts\/6009\/revisions\/14620"}],"wp:featuredmedia":[{"embeddable":true,"href":"https:\/\/proagrolab.com.ar\/en\/wp-json\/wp\/v2\/media\/2494"}],"wp:attachment":[{"href":"https:\/\/proagrolab.com.ar\/en\/wp-json\/wp\/v2\/media?parent=6009"}],"wp:term":[{"taxonomy":"category","embeddable":true,"href":"https:\/\/proagrolab.com.ar\/en\/wp-json\/wp\/v2\/categories?post=6009"},{"taxonomy":"post_tag","embeddable":true,"href":"https:\/\/proagrolab.com.ar\/en\/wp-json\/wp\/v2\/tags?post=6009"}],"curies":[{"name":"wp","href":"https:\/\/api.w.org\/{rel}","templated":true}]}}