{"id":6005,"date":"2014-03-14T00:00:01","date_gmt":"2014-03-14T00:00:01","guid":{"rendered":"https:\/\/proagrolab.com.ar\/el-ano-empezo-con-menos-exportaciones-de-carne-vacuna\/"},"modified":"2020-07-02T12:49:02","modified_gmt":"2020-07-02T12:49:02","slug":"el-ano-empezo-con-menos-exportaciones-de-carne-vacuna","status":"publish","type":"post","link":"https:\/\/proagrolab.com.ar\/en\/el-ano-empezo-con-menos-exportaciones-de-carne-vacuna\/","title":{"rendered":"El a\u00f1o empez\u00f3 con menos exportaciones de carne vacuna."},"content":{"rendered":"<p class=\"qtranxs-available-languages-message qtranxs-available-languages-message-en\"> <\/p><p>Las exportaciones argentinas de carne vacuna durante enero de 2014 se ubicaron en vol\u00famenes moderadamente inferiores a los ya pobres registros de diciembre de 2013; y adem\u00e1s quedaron en niveles significativamente inferiores a los observados durante el primer mes del a\u00f1o 2013.<\/p>\n<p>Respecto al mes anterior, las exportaciones tuvieron una variaci\u00f3n negativa en los vol\u00famenes del (-5,5%); y, en la comparaci\u00f3n interanual, se mostraron en niveles inferiores a los de enero de 2013, (-21,9%), considerando los vol\u00famenes embarcados en toneladas peso producto.<\/p>\n<p>Los embarques de cortes enfriados, congelados, y carne procesada correspondientes a enero de 2014 totalizaron 8.2651 toneladas peso producto, por un valor de aproximadamente 68 millones de d\u00f3lares.<\/p>\n<p>El precio FOB promedio por tonelada fue de u$s 9.691 para los cortes enfriados sin hueso; de u$s 5.818 para los cortes congelados sin hueso y de aproximadamente u$s 5.300 la carne procesada.<\/p>\n<p>Los precios fueron levemente inferiores a los registrados durante el \u00faltimo mes de diciembre para los cortes enfriados, pero resultaron moderadamente superiores a los del mes precedente para los cortes congelados.<\/p>\n<p>Los aproximadamente 68 millones de d\u00f3lares ingresados por exportaciones de carne vacuna en enero de 2014, resultaron (-4,8%) inferiores a los 71,4 millones de d\u00f3lares obtenidos en diciembre \u00faltimo; y tambi\u00e9n resultaron inferiores, (-17,9%), en relaci\u00f3n a los aproximadamente 82,8 millones que se hab\u00edan registrado en enero de 2013.<\/p>\n<p>El precio promedio de exportaci\u00f3n del primer mes del 2014 es un (+5,2%) superior al observado a lo largo del mes de enero del a\u00f1o 2013; tambi\u00e9n result\u00f3 superior, aunque levemente, (+0,7%), al registrado en diciembre de 2013.<\/p>\n<p>Chile result\u00f3 el principal destino, en volumen, para la carne vacuna argentina durante el primer mes del 2014 con aproximadamente 2,7 mil toneladas, seguido por Alemania, 1,6 mil toneladas; y luego por Israel, 1,1 mil toneladas.<\/p>\n<p>En cuanto al valor de las divisas ingresadas, el principal mercado durante el primer mes del 2014 ha sido Alemania, que representa un (33,9%) del valor total exportado de carne vacuna enfriada, congelada y procesada en el periodo, seguido por Chile (22,6% del total) e Israel (9,3%).<\/p>\n<p>Si se comparan los embarques del primer mes del 2014 con los correspondientes a enero de 2013, estos mostraron un comportamiento ambiguo en relaci\u00f3n a los niveles de actividad que se hab\u00edan registrado en los principales destinos durante aquel per\u00edodo.<\/p>\n<p>Los destinos de Holanda e Italia en la Uni\u00f3n Europea adem\u00e1s de Israel y tambi\u00e9n Rusia muestran menores despachos mientras que Chile, Alemania, Brasil y China\/Hong Kong mostraron una tendencia creciente en los despachos.<\/p>\n<p>Se observa un volumen superior al registrado durante el primer mes del a\u00f1o 2013 en el mercado de Chile, (+21,0%), en Alemania (+20,5%), en China (+60%), en Hong Kong (+93%), y en Brasil (+23%).<\/p>\n<p>Las ca\u00eddas m\u00e1s relevantes se dieron en Israel (-51%), en Rusia (-79%), en los Pa\u00edses Bajos (-57%), y en Italia (-51%).<\/p>\n<p>Dos de los tres principales destinos de exportaci\u00f3n, Chile y Alemania, muestran alzas importantes de sus importaciones de carne bovina proveniente de Argentina en el acumulado del primer mes de los \u00faltimos dos a\u00f1os.<\/p>\n<p>Sin embargo, no resultaros suficientes para contrarrestar los menores embarques hacia otros destinos, derivando en una contracci\u00f3n anual de las ventas externas de carne bovina del (-21%).<\/p>\n<p>El valor de las exportaciones de carne vacuna obtenido en enero de 2014 mostr\u00f3 una ca\u00edda moderada, del (-4,8%), con respecto al mes anterior, que result\u00f3 de menor magnitud que la contracci\u00f3n del (-5,5%) mostrada por los vol\u00famenes. En relaci\u00f3n al duod\u00e9cimo mes del a\u00f1o 2013, durante enero del corriente a\u00f1o, se observaron precios con una leve tendencia al alza, (+0,7%).<\/p>\n<p>La mejora de los precios de las colocaciones de cortes enfriados en la Uni\u00f3n Europea sostiene este comportamiento de los precios.<\/p>\n<p>* Informe elaborado por el \u00e1rea de informaci\u00f3n Econ\u00f3mica y estad\u00edstica \u0096IPCVA<\/p>\n<p>V\u00eda Mitre y el Campo, 14 de marzo.<br \/><\/p>","protected":false},"excerpt":{"rendered":"<p>Las exportaciones argentinas de carne vacuna durante enero de 2014 se ubicaron en vol\u00famenes moderadamente inferiores a los ya pobres registros de diciembre de 2013; y adem\u00e1s quedaron en niveles significativamente inferiores a los observados durante el primer mes del a\u00f1o 2013. Respecto al mes anterior, las exportaciones tuvieron una variaci\u00f3n negativa en los vol\u00famenes del (-5,5%); y, en la comparaci\u00f3n interanual, se mostraron en niveles inferiores a los de enero de 2013, (-21,9%), considerando los vol\u00famenes embarcados en toneladas peso producto. Los embarques de cortes enfriados, congelados, y carne procesada correspondientes a enero de 2014 totalizaron 8.2651 toneladas peso producto, por un valor de aproximadamente 68 millones de d\u00f3lares. El precio FOB promedio por tonelada fue de u$s 9.691 para los cortes enfriados sin hueso; de u$s 5.818 para los cortes congelados sin hueso y de aproximadamente u$s 5.300 la carne procesada. Los precios fueron levemente inferiores a los registrados durante el \u00faltimo mes de diciembre para los cortes enfriados, pero resultaron moderadamente superiores a los del mes precedente para los cortes congelados. Los aproximadamente 68 millones de d\u00f3lares ingresados por exportaciones de carne vacuna en enero de 2014, resultaron (-4,8%) inferiores a los 71,4 millones de d\u00f3lares obtenidos [&hellip;]<\/p>\n","protected":false},"author":2,"featured_media":2490,"comment_status":"closed","ping_status":"open","sticky":false,"template":"","format":"standard","meta":{"_acf_changed":false,"footnotes":""},"categories":[56],"tags":[],"class_list":["post-6005","post","type-post","status-publish","format-standard","has-post-thumbnail","hentry","category-infoganadero"],"acf":[],"yoast_head":"<!-- This site is optimized with the Yoast SEO plugin v27.4 - https:\/\/yoast.com\/product\/yoast-seo-wordpress\/ -->\n<title>El a\u00f1o empez\u00f3 con menos exportaciones de carne vacuna. | Proagro<\/title>\n<meta name=\"robots\" content=\"index, follow, max-snippet:-1, max-image-preview:large, max-video-preview:-1\" \/>\n<link rel=\"canonical\" href=\"https:\/\/proagrolab.com.ar\/en\/el-ano-empezo-con-menos-exportaciones-de-carne-vacuna\/\" \/>\n<meta property=\"og:locale\" content=\"en_US\" \/>\n<meta property=\"og:type\" content=\"article\" \/>\n<meta property=\"og:title\" content=\"El a\u00f1o empez\u00f3 con menos exportaciones de carne vacuna. | Proagro\" \/>\n<meta property=\"og:description\" content=\"Las exportaciones argentinas de carne vacuna durante enero de 2014 se ubicaron en vol\u00famenes moderadamente inferiores a los ya pobres registros de diciembre de 2013; y adem\u00e1s quedaron en niveles significativamente inferiores a los observados durante el primer mes del a\u00f1o 2013. Respecto al mes anterior, las exportaciones tuvieron una variaci\u00f3n negativa en los vol\u00famenes del (-5,5%); y, en la comparaci\u00f3n interanual, se mostraron en niveles inferiores a los de enero de 2013, (-21,9%), considerando los vol\u00famenes embarcados en toneladas peso producto. Los embarques de cortes enfriados, congelados, y carne procesada correspondientes a enero de 2014 totalizaron 8.2651 toneladas peso producto, por un valor de aproximadamente 68 millones de d\u00f3lares. El precio FOB promedio por tonelada fue de u$s 9.691 para los cortes enfriados sin hueso; de u$s 5.818 para los cortes congelados sin hueso y de aproximadamente u$s 5.300 la carne procesada. Los precios fueron levemente inferiores a los registrados durante el \u00faltimo mes de diciembre para los cortes enfriados, pero resultaron moderadamente superiores a los del mes precedente para los cortes congelados. Los aproximadamente 68 millones de d\u00f3lares ingresados por exportaciones de carne vacuna en enero de 2014, resultaron (-4,8%) inferiores a los 71,4 millones de d\u00f3lares obtenidos [&hellip;]\" \/>\n<meta property=\"og:url\" content=\"https:\/\/proagrolab.com.ar\/el-ano-empezo-con-menos-exportaciones-de-carne-vacuna\/\" \/>\n<meta property=\"og:site_name\" content=\"Proagro\" \/>\n<meta property=\"article:publisher\" content=\"http:\/\/www.facebook.com\/proagrolab\" \/>\n<meta property=\"article:published_time\" content=\"2014-03-14T00:00:01+00:00\" \/>\n<meta property=\"article:modified_time\" content=\"2020-07-02T12:49:02+00:00\" \/>\n<meta property=\"og:image\" content=\"https:\/\/proagrolab.com.ar\/wp-content\/uploads\/2015\/01\/g_ds0kb3fa8__Frigorifico.jpg\" \/>\n\t<meta property=\"og:image:width\" content=\"450\" \/>\n\t<meta property=\"og:image:height\" content=\"208\" \/>\n\t<meta property=\"og:image:type\" content=\"image\/jpeg\" \/>\n<meta name=\"author\" content=\"proagrolab\" \/>\n<meta name=\"twitter:card\" content=\"summary_large_image\" \/>\n<meta name=\"twitter:label1\" content=\"Written by\" \/>\n\t<meta name=\"twitter:data1\" content=\"proagrolab\" \/>\n\t<meta name=\"twitter:label2\" content=\"Est. reading time\" \/>\n\t<meta name=\"twitter:data2\" content=\"3 minutes\" \/>\n<script type=\"application\/ld+json\" class=\"yoast-schema-graph\">{\"@context\":\"https:\\\/\\\/schema.org\",\"@graph\":[{\"@type\":\"Article\",\"@id\":\"https:\\\/\\\/proagrolab.com.ar\\\/el-ano-empezo-con-menos-exportaciones-de-carne-vacuna\\\/#article\",\"isPartOf\":{\"@id\":\"https:\\\/\\\/proagrolab.com.ar\\\/el-ano-empezo-con-menos-exportaciones-de-carne-vacuna\\\/\"},\"author\":{\"name\":\"proagrolab\",\"@id\":\"https:\\\/\\\/proagrolab.com.ar\\\/#\\\/schema\\\/person\\\/38003ff90bf80381f71c7d922d207444\"},\"headline\":\"El a\u00f1o empez\u00f3 con menos exportaciones de carne vacuna.\",\"datePublished\":\"2014-03-14T00:00:01+00:00\",\"dateModified\":\"2020-07-02T12:49:02+00:00\",\"mainEntityOfPage\":{\"@id\":\"https:\\\/\\\/proagrolab.com.ar\\\/el-ano-empezo-con-menos-exportaciones-de-carne-vacuna\\\/\"},\"wordCount\":650,\"publisher\":{\"@id\":\"https:\\\/\\\/proagrolab.com.ar\\\/#organization\"},\"image\":{\"@id\":\"https:\\\/\\\/proagrolab.com.ar\\\/el-ano-empezo-con-menos-exportaciones-de-carne-vacuna\\\/#primaryimage\"},\"thumbnailUrl\":\"https:\\\/\\\/proagrolab.com.ar\\\/wp-content\\\/uploads\\\/2015\\\/01\\\/g_ds0kb3fa8__Frigorifico.jpg\",\"articleSection\":[\"News\"],\"inLanguage\":\"en-US\"},{\"@type\":\"WebPage\",\"@id\":\"https:\\\/\\\/proagrolab.com.ar\\\/el-ano-empezo-con-menos-exportaciones-de-carne-vacuna\\\/\",\"url\":\"https:\\\/\\\/proagrolab.com.ar\\\/el-ano-empezo-con-menos-exportaciones-de-carne-vacuna\\\/\",\"name\":\"El a\u00f1o empez\u00f3 con menos exportaciones de carne vacuna. | Proagro\",\"isPartOf\":{\"@id\":\"https:\\\/\\\/proagrolab.com.ar\\\/#website\"},\"primaryImageOfPage\":{\"@id\":\"https:\\\/\\\/proagrolab.com.ar\\\/el-ano-empezo-con-menos-exportaciones-de-carne-vacuna\\\/#primaryimage\"},\"image\":{\"@id\":\"https:\\\/\\\/proagrolab.com.ar\\\/el-ano-empezo-con-menos-exportaciones-de-carne-vacuna\\\/#primaryimage\"},\"thumbnailUrl\":\"https:\\\/\\\/proagrolab.com.ar\\\/wp-content\\\/uploads\\\/2015\\\/01\\\/g_ds0kb3fa8__Frigorifico.jpg\",\"datePublished\":\"2014-03-14T00:00:01+00:00\",\"dateModified\":\"2020-07-02T12:49:02+00:00\",\"breadcrumb\":{\"@id\":\"https:\\\/\\\/proagrolab.com.ar\\\/el-ano-empezo-con-menos-exportaciones-de-carne-vacuna\\\/#breadcrumb\"},\"inLanguage\":\"en-US\",\"potentialAction\":[{\"@type\":\"ReadAction\",\"target\":[\"https:\\\/\\\/proagrolab.com.ar\\\/el-ano-empezo-con-menos-exportaciones-de-carne-vacuna\\\/\"]}]},{\"@type\":\"ImageObject\",\"inLanguage\":\"en-US\",\"@id\":\"https:\\\/\\\/proagrolab.com.ar\\\/el-ano-empezo-con-menos-exportaciones-de-carne-vacuna\\\/#primaryimage\",\"url\":\"https:\\\/\\\/proagrolab.com.ar\\\/wp-content\\\/uploads\\\/2015\\\/01\\\/g_ds0kb3fa8__Frigorifico.jpg\",\"contentUrl\":\"https:\\\/\\\/proagrolab.com.ar\\\/wp-content\\\/uploads\\\/2015\\\/01\\\/g_ds0kb3fa8__Frigorifico.jpg\",\"width\":450,\"height\":208},{\"@type\":\"BreadcrumbList\",\"@id\":\"https:\\\/\\\/proagrolab.com.ar\\\/el-ano-empezo-con-menos-exportaciones-de-carne-vacuna\\\/#breadcrumb\",\"itemListElement\":[{\"@type\":\"ListItem\",\"position\":1,\"name\":\"Portada\",\"item\":\"https:\\\/\\\/proagrolab.com.ar\\\/\"},{\"@type\":\"ListItem\",\"position\":2,\"name\":\"El a\u00f1o empez\u00f3 con menos exportaciones de carne vacuna.\"}]},{\"@type\":\"WebSite\",\"@id\":\"https:\\\/\\\/proagrolab.com.ar\\\/#website\",\"url\":\"https:\\\/\\\/proagrolab.com.ar\\\/\",\"name\":\"Proagro Laboratorio Veterinario\",\"description\":\"Veterinary laboratory\",\"publisher\":{\"@id\":\"https:\\\/\\\/proagrolab.com.ar\\\/#organization\"},\"potentialAction\":[{\"@type\":\"SearchAction\",\"target\":{\"@type\":\"EntryPoint\",\"urlTemplate\":\"https:\\\/\\\/proagrolab.com.ar\\\/?s={search_term_string}\"},\"query-input\":{\"@type\":\"PropertyValueSpecification\",\"valueRequired\":true,\"valueName\":\"search_term_string\"}}],\"inLanguage\":\"en-US\"},{\"@type\":\"Organization\",\"@id\":\"https:\\\/\\\/proagrolab.com.ar\\\/#organization\",\"name\":\"Proagro\",\"url\":\"https:\\\/\\\/proagrolab.com.ar\\\/\",\"logo\":{\"@type\":\"ImageObject\",\"inLanguage\":\"en-US\",\"@id\":\"https:\\\/\\\/proagrolab.com.ar\\\/#\\\/schema\\\/logo\\\/image\\\/\",\"url\":\"https:\\\/\\\/proagrolab.com.ar\\\/wp-content\\\/uploads\\\/2020\\\/04\\\/logo-retina.png\",\"contentUrl\":\"https:\\\/\\\/proagrolab.com.ar\\\/wp-content\\\/uploads\\\/2020\\\/04\\\/logo-retina.png\",\"width\":478,\"height\":120,\"caption\":\"Proagro\"},\"image\":{\"@id\":\"https:\\\/\\\/proagrolab.com.ar\\\/#\\\/schema\\\/logo\\\/image\\\/\"},\"sameAs\":[\"http:\\\/\\\/www.facebook.com\\\/proagrolab\",\"https:\\\/\\\/www.instagram.com\\\/proagrolab\\\/\",\"https:\\\/\\\/www.linkedin.com\\\/company\\\/laboratorio-proagro-s-a\\\/\"]},{\"@type\":\"Person\",\"@id\":\"https:\\\/\\\/proagrolab.com.ar\\\/#\\\/schema\\\/person\\\/38003ff90bf80381f71c7d922d207444\",\"name\":\"proagrolab\"}]}<\/script>\n<!-- \/ Yoast SEO plugin. -->","yoast_head_json":{"title":"El a\u00f1o empez\u00f3 con menos exportaciones de carne vacuna. | Proagro","robots":{"index":"index","follow":"follow","max-snippet":"max-snippet:-1","max-image-preview":"max-image-preview:large","max-video-preview":"max-video-preview:-1"},"canonical":"https:\/\/proagrolab.com.ar\/en\/el-ano-empezo-con-menos-exportaciones-de-carne-vacuna\/","og_locale":"en_US","og_type":"article","og_title":"El a\u00f1o empez\u00f3 con menos exportaciones de carne vacuna. | Proagro","og_description":"Las exportaciones argentinas de carne vacuna durante enero de 2014 se ubicaron en vol\u00famenes moderadamente inferiores a los ya pobres registros de diciembre de 2013; y adem\u00e1s quedaron en niveles significativamente inferiores a los observados durante el primer mes del a\u00f1o 2013. Respecto al mes anterior, las exportaciones tuvieron una variaci\u00f3n negativa en los vol\u00famenes del (-5,5%); y, en la comparaci\u00f3n interanual, se mostraron en niveles inferiores a los de enero de 2013, (-21,9%), considerando los vol\u00famenes embarcados en toneladas peso producto. Los embarques de cortes enfriados, congelados, y carne procesada correspondientes a enero de 2014 totalizaron 8.2651 toneladas peso producto, por un valor de aproximadamente 68 millones de d\u00f3lares. El precio FOB promedio por tonelada fue de u$s 9.691 para los cortes enfriados sin hueso; de u$s 5.818 para los cortes congelados sin hueso y de aproximadamente u$s 5.300 la carne procesada. Los precios fueron levemente inferiores a los registrados durante el \u00faltimo mes de diciembre para los cortes enfriados, pero resultaron moderadamente superiores a los del mes precedente para los cortes congelados. Los aproximadamente 68 millones de d\u00f3lares ingresados por exportaciones de carne vacuna en enero de 2014, resultaron (-4,8%) inferiores a los 71,4 millones de d\u00f3lares obtenidos [&hellip;]","og_url":"https:\/\/proagrolab.com.ar\/el-ano-empezo-con-menos-exportaciones-de-carne-vacuna\/","og_site_name":"Proagro","article_publisher":"http:\/\/www.facebook.com\/proagrolab","article_published_time":"2014-03-14T00:00:01+00:00","article_modified_time":"2020-07-02T12:49:02+00:00","og_image":[{"width":450,"height":208,"url":"https:\/\/proagrolab.com.ar\/wp-content\/uploads\/2015\/01\/g_ds0kb3fa8__Frigorifico.jpg","type":"image\/jpeg"}],"author":"proagrolab","twitter_card":"summary_large_image","twitter_misc":{"Written by":"proagrolab","Est. reading time":"3 minutes"},"schema":{"@context":"https:\/\/schema.org","@graph":[{"@type":"Article","@id":"https:\/\/proagrolab.com.ar\/el-ano-empezo-con-menos-exportaciones-de-carne-vacuna\/#article","isPartOf":{"@id":"https:\/\/proagrolab.com.ar\/el-ano-empezo-con-menos-exportaciones-de-carne-vacuna\/"},"author":{"name":"proagrolab","@id":"https:\/\/proagrolab.com.ar\/#\/schema\/person\/38003ff90bf80381f71c7d922d207444"},"headline":"El a\u00f1o empez\u00f3 con menos exportaciones de carne vacuna.","datePublished":"2014-03-14T00:00:01+00:00","dateModified":"2020-07-02T12:49:02+00:00","mainEntityOfPage":{"@id":"https:\/\/proagrolab.com.ar\/el-ano-empezo-con-menos-exportaciones-de-carne-vacuna\/"},"wordCount":650,"publisher":{"@id":"https:\/\/proagrolab.com.ar\/#organization"},"image":{"@id":"https:\/\/proagrolab.com.ar\/el-ano-empezo-con-menos-exportaciones-de-carne-vacuna\/#primaryimage"},"thumbnailUrl":"https:\/\/proagrolab.com.ar\/wp-content\/uploads\/2015\/01\/g_ds0kb3fa8__Frigorifico.jpg","articleSection":["News"],"inLanguage":"en-US"},{"@type":"WebPage","@id":"https:\/\/proagrolab.com.ar\/el-ano-empezo-con-menos-exportaciones-de-carne-vacuna\/","url":"https:\/\/proagrolab.com.ar\/el-ano-empezo-con-menos-exportaciones-de-carne-vacuna\/","name":"El a\u00f1o empez\u00f3 con menos exportaciones de carne vacuna. | Proagro","isPartOf":{"@id":"https:\/\/proagrolab.com.ar\/#website"},"primaryImageOfPage":{"@id":"https:\/\/proagrolab.com.ar\/el-ano-empezo-con-menos-exportaciones-de-carne-vacuna\/#primaryimage"},"image":{"@id":"https:\/\/proagrolab.com.ar\/el-ano-empezo-con-menos-exportaciones-de-carne-vacuna\/#primaryimage"},"thumbnailUrl":"https:\/\/proagrolab.com.ar\/wp-content\/uploads\/2015\/01\/g_ds0kb3fa8__Frigorifico.jpg","datePublished":"2014-03-14T00:00:01+00:00","dateModified":"2020-07-02T12:49:02+00:00","breadcrumb":{"@id":"https:\/\/proagrolab.com.ar\/el-ano-empezo-con-menos-exportaciones-de-carne-vacuna\/#breadcrumb"},"inLanguage":"en-US","potentialAction":[{"@type":"ReadAction","target":["https:\/\/proagrolab.com.ar\/el-ano-empezo-con-menos-exportaciones-de-carne-vacuna\/"]}]},{"@type":"ImageObject","inLanguage":"en-US","@id":"https:\/\/proagrolab.com.ar\/el-ano-empezo-con-menos-exportaciones-de-carne-vacuna\/#primaryimage","url":"https:\/\/proagrolab.com.ar\/wp-content\/uploads\/2015\/01\/g_ds0kb3fa8__Frigorifico.jpg","contentUrl":"https:\/\/proagrolab.com.ar\/wp-content\/uploads\/2015\/01\/g_ds0kb3fa8__Frigorifico.jpg","width":450,"height":208},{"@type":"BreadcrumbList","@id":"https:\/\/proagrolab.com.ar\/el-ano-empezo-con-menos-exportaciones-de-carne-vacuna\/#breadcrumb","itemListElement":[{"@type":"ListItem","position":1,"name":"Portada","item":"https:\/\/proagrolab.com.ar\/"},{"@type":"ListItem","position":2,"name":"El a\u00f1o empez\u00f3 con menos exportaciones de carne vacuna."}]},{"@type":"WebSite","@id":"https:\/\/proagrolab.com.ar\/#website","url":"https:\/\/proagrolab.com.ar\/","name":"Proagro Laboratorio Veterinario","description":"Veterinary laboratory","publisher":{"@id":"https:\/\/proagrolab.com.ar\/#organization"},"potentialAction":[{"@type":"SearchAction","target":{"@type":"EntryPoint","urlTemplate":"https:\/\/proagrolab.com.ar\/?s={search_term_string}"},"query-input":{"@type":"PropertyValueSpecification","valueRequired":true,"valueName":"search_term_string"}}],"inLanguage":"en-US"},{"@type":"Organization","@id":"https:\/\/proagrolab.com.ar\/#organization","name":"Proagro","url":"https:\/\/proagrolab.com.ar\/","logo":{"@type":"ImageObject","inLanguage":"en-US","@id":"https:\/\/proagrolab.com.ar\/#\/schema\/logo\/image\/","url":"https:\/\/proagrolab.com.ar\/wp-content\/uploads\/2020\/04\/logo-retina.png","contentUrl":"https:\/\/proagrolab.com.ar\/wp-content\/uploads\/2020\/04\/logo-retina.png","width":478,"height":120,"caption":"Proagro"},"image":{"@id":"https:\/\/proagrolab.com.ar\/#\/schema\/logo\/image\/"},"sameAs":["http:\/\/www.facebook.com\/proagrolab","https:\/\/www.instagram.com\/proagrolab\/","https:\/\/www.linkedin.com\/company\/laboratorio-proagro-s-a\/"]},{"@type":"Person","@id":"https:\/\/proagrolab.com.ar\/#\/schema\/person\/38003ff90bf80381f71c7d922d207444","name":"proagrolab"}]}},"_links":{"self":[{"href":"https:\/\/proagrolab.com.ar\/en\/wp-json\/wp\/v2\/posts\/6005","targetHints":{"allow":["GET"]}}],"collection":[{"href":"https:\/\/proagrolab.com.ar\/en\/wp-json\/wp\/v2\/posts"}],"about":[{"href":"https:\/\/proagrolab.com.ar\/en\/wp-json\/wp\/v2\/types\/post"}],"author":[{"embeddable":true,"href":"https:\/\/proagrolab.com.ar\/en\/wp-json\/wp\/v2\/users\/2"}],"replies":[{"embeddable":true,"href":"https:\/\/proagrolab.com.ar\/en\/wp-json\/wp\/v2\/comments?post=6005"}],"version-history":[{"count":1,"href":"https:\/\/proagrolab.com.ar\/en\/wp-json\/wp\/v2\/posts\/6005\/revisions"}],"predecessor-version":[{"id":14625,"href":"https:\/\/proagrolab.com.ar\/en\/wp-json\/wp\/v2\/posts\/6005\/revisions\/14625"}],"wp:featuredmedia":[{"embeddable":true,"href":"https:\/\/proagrolab.com.ar\/en\/wp-json\/wp\/v2\/media\/2490"}],"wp:attachment":[{"href":"https:\/\/proagrolab.com.ar\/en\/wp-json\/wp\/v2\/media?parent=6005"}],"wp:term":[{"taxonomy":"category","embeddable":true,"href":"https:\/\/proagrolab.com.ar\/en\/wp-json\/wp\/v2\/categories?post=6005"},{"taxonomy":"post_tag","embeddable":true,"href":"https:\/\/proagrolab.com.ar\/en\/wp-json\/wp\/v2\/tags?post=6005"}],"curies":[{"name":"wp","href":"https:\/\/api.w.org\/{rel}","templated":true}]}}