{"id":6004,"date":"2014-03-14T00:00:01","date_gmt":"2014-03-14T00:00:01","guid":{"rendered":"https:\/\/proagrolab.com.ar\/paraguay-proyecta-iniciar-exportaciones-de-carne-braford-a-colombia-y-brasil\/"},"modified":"2020-07-02T12:49:02","modified_gmt":"2020-07-02T12:49:02","slug":"paraguay-proyecta-iniciar-exportaciones-de-carne-braford-a-colombia-y-brasil","status":"publish","type":"post","link":"https:\/\/proagrolab.com.ar\/en\/paraguay-proyecta-iniciar-exportaciones-de-carne-braford-a-colombia-y-brasil\/","title":{"rendered":"Paraguay proyecta iniciar exportaciones de carne Braford a Colombia y Brasil."},"content":{"rendered":"<p class=\"qtranxs-available-languages-message qtranxs-available-languages-message-en\"> <\/p><p>La Asociaci\u00f3n Paraguaya de Criadores de Braford (APCB) est\u00e1 proyectando ampliar la exportaci\u00f3n a Chile de la carne certificada de esa raza y tambi\u00e9n surtir con dicho producto los mercados de S\u00e3o Paulo, Brasil, y Colombia. As\u00ed inform\u00f3 el gremio en el marco de la presentaci\u00f3n de la tradicional Expo Braford 2014, que ser\u00e1 este mes del 20 al 24.<\/p>\n<p>Sobre el programa carne con marca Braford, el gremio comunic\u00f3 que se est\u00e1 analizando firmar un acuerdo con otro frigor\u00edfico para ampliar la faena y para realizar un censo de dicha raza.<\/p>\n<p>El titular del Gremio, Ceferino M\u00e9ndez, dijo que ya se encuentran inscriptos m\u00e1s de 160 animales en la Expo Braford, que entrar\u00e1n en competencia. Adem\u00e1s, se tiene prevista la disertaci\u00f3n del experto argentino en nutrici\u00f3n Dr. Gustavo D\u0092ascanio. El experto tendr\u00e1 a su cargo la jornada de capacitaci\u00f3n en nutrici\u00f3n desde las 8:00 hasta las 16:00.<\/p>\n<p>La Expo Braford se efectuar\u00e1 en el predio de la ARP, en Roque Alonso, Paraguay. Ya se encuentran inscriptos para la competencia 162 ejemplares, de los cuales 93 son hembras y 69 machos. La Braford tiene 230 socios y unas 70 mil 150 animales registrados.<\/p>\n<p>Fuente: Carnetec, 13 de marzo.<br \/><\/p>","protected":false},"excerpt":{"rendered":"<p>La Asociaci\u00f3n Paraguaya de Criadores de Braford (APCB) est\u00e1 proyectando ampliar la exportaci\u00f3n a Chile de la carne certificada de esa raza y tambi\u00e9n surtir con dicho producto los mercados de S\u00e3o Paulo, Brasil, y Colombia. As\u00ed inform\u00f3 el gremio en el marco de la presentaci\u00f3n de la tradicional Expo Braford 2014, que ser\u00e1 este mes del 20 al 24. Sobre el programa carne con marca Braford, el gremio comunic\u00f3 que se est\u00e1 analizando firmar un acuerdo con otro frigor\u00edfico para ampliar la faena y para realizar un censo de dicha raza. El titular del Gremio, Ceferino M\u00e9ndez, dijo que ya se encuentran inscriptos m\u00e1s de 160 animales en la Expo Braford, que entrar\u00e1n en competencia. Adem\u00e1s, se tiene prevista la disertaci\u00f3n del experto argentino en nutrici\u00f3n Dr. Gustavo D\u0092ascanio. El experto tendr\u00e1 a su cargo la jornada de capacitaci\u00f3n en nutrici\u00f3n desde las 8:00 hasta las 16:00. La Expo Braford se efectuar\u00e1 en el predio de la ARP, en Roque Alonso, Paraguay. Ya se encuentran inscriptos para la competencia 162 ejemplares, de los cuales 93 son hembras y 69 machos. La Braford tiene 230 socios y unas 70 mil 150 animales registrados. Fuente: Carnetec, 13 de marzo.<\/p>\n","protected":false},"author":2,"featured_media":2489,"comment_status":"closed","ping_status":"open","sticky":false,"template":"","format":"standard","meta":{"_acf_changed":false,"footnotes":""},"categories":[56],"tags":[],"class_list":["post-6004","post","type-post","status-publish","format-standard","has-post-thumbnail","hentry","category-infoganadero"],"acf":[],"yoast_head":"<!-- This site is optimized with the Yoast SEO plugin v27.4 - https:\/\/yoast.com\/product\/yoast-seo-wordpress\/ -->\n<title>Paraguay proyecta iniciar exportaciones de carne Braford a Colombia y Brasil. | Proagro<\/title>\n<meta name=\"robots\" content=\"index, follow, max-snippet:-1, max-image-preview:large, max-video-preview:-1\" \/>\n<link rel=\"canonical\" href=\"https:\/\/proagrolab.com.ar\/en\/paraguay-proyecta-iniciar-exportaciones-de-carne-braford-a-colombia-y-brasil\/\" \/>\n<meta property=\"og:locale\" content=\"en_US\" \/>\n<meta property=\"og:type\" content=\"article\" \/>\n<meta property=\"og:title\" content=\"Paraguay proyecta iniciar exportaciones de carne Braford a Colombia y Brasil. | Proagro\" \/>\n<meta property=\"og:description\" content=\"La Asociaci\u00f3n Paraguaya de Criadores de Braford (APCB) est\u00e1 proyectando ampliar la exportaci\u00f3n a Chile de la carne certificada de esa raza y tambi\u00e9n surtir con dicho producto los mercados de S\u00e3o Paulo, Brasil, y Colombia. As\u00ed inform\u00f3 el gremio en el marco de la presentaci\u00f3n de la tradicional Expo Braford 2014, que ser\u00e1 este mes del 20 al 24. Sobre el programa carne con marca Braford, el gremio comunic\u00f3 que se est\u00e1 analizando firmar un acuerdo con otro frigor\u00edfico para ampliar la faena y para realizar un censo de dicha raza. El titular del Gremio, Ceferino M\u00e9ndez, dijo que ya se encuentran inscriptos m\u00e1s de 160 animales en la Expo Braford, que entrar\u00e1n en competencia. Adem\u00e1s, se tiene prevista la disertaci\u00f3n del experto argentino en nutrici\u00f3n Dr. Gustavo D\u0092ascanio. El experto tendr\u00e1 a su cargo la jornada de capacitaci\u00f3n en nutrici\u00f3n desde las 8:00 hasta las 16:00. La Expo Braford se efectuar\u00e1 en el predio de la ARP, en Roque Alonso, Paraguay. Ya se encuentran inscriptos para la competencia 162 ejemplares, de los cuales 93 son hembras y 69 machos. La Braford tiene 230 socios y unas 70 mil 150 animales registrados. Fuente: Carnetec, 13 de marzo.\" \/>\n<meta property=\"og:url\" content=\"https:\/\/proagrolab.com.ar\/paraguay-proyecta-iniciar-exportaciones-de-carne-braford-a-colombia-y-brasil\/\" \/>\n<meta property=\"og:site_name\" content=\"Proagro\" \/>\n<meta property=\"article:publisher\" content=\"http:\/\/www.facebook.com\/proagrolab\" \/>\n<meta property=\"article:published_time\" content=\"2014-03-14T00:00:01+00:00\" \/>\n<meta property=\"article:modified_time\" content=\"2020-07-02T12:49:02+00:00\" \/>\n<meta property=\"og:image\" content=\"https:\/\/proagrolab.com.ar\/wp-content\/uploads\/2015\/01\/g_xpqmn1qef__Vacas-Braford.jpg\" \/>\n\t<meta property=\"og:image:width\" content=\"450\" \/>\n\t<meta property=\"og:image:height\" content=\"208\" \/>\n\t<meta property=\"og:image:type\" content=\"image\/jpeg\" \/>\n<meta name=\"author\" content=\"proagrolab\" \/>\n<meta name=\"twitter:card\" content=\"summary_large_image\" \/>\n<meta name=\"twitter:label1\" content=\"Written by\" \/>\n\t<meta name=\"twitter:data1\" content=\"proagrolab\" \/>\n\t<meta name=\"twitter:label2\" content=\"Est. reading time\" \/>\n\t<meta name=\"twitter:data2\" content=\"1 minute\" \/>\n<script type=\"application\/ld+json\" class=\"yoast-schema-graph\">{\"@context\":\"https:\\\/\\\/schema.org\",\"@graph\":[{\"@type\":\"Article\",\"@id\":\"https:\\\/\\\/proagrolab.com.ar\\\/paraguay-proyecta-iniciar-exportaciones-de-carne-braford-a-colombia-y-brasil\\\/#article\",\"isPartOf\":{\"@id\":\"https:\\\/\\\/proagrolab.com.ar\\\/paraguay-proyecta-iniciar-exportaciones-de-carne-braford-a-colombia-y-brasil\\\/\"},\"author\":{\"name\":\"proagrolab\",\"@id\":\"https:\\\/\\\/proagrolab.com.ar\\\/#\\\/schema\\\/person\\\/38003ff90bf80381f71c7d922d207444\"},\"headline\":\"Paraguay proyecta iniciar exportaciones de carne Braford a Colombia y Brasil.\",\"datePublished\":\"2014-03-14T00:00:01+00:00\",\"dateModified\":\"2020-07-02T12:49:02+00:00\",\"mainEntityOfPage\":{\"@id\":\"https:\\\/\\\/proagrolab.com.ar\\\/paraguay-proyecta-iniciar-exportaciones-de-carne-braford-a-colombia-y-brasil\\\/\"},\"wordCount\":211,\"publisher\":{\"@id\":\"https:\\\/\\\/proagrolab.com.ar\\\/#organization\"},\"image\":{\"@id\":\"https:\\\/\\\/proagrolab.com.ar\\\/paraguay-proyecta-iniciar-exportaciones-de-carne-braford-a-colombia-y-brasil\\\/#primaryimage\"},\"thumbnailUrl\":\"https:\\\/\\\/proagrolab.com.ar\\\/wp-content\\\/uploads\\\/2015\\\/01\\\/g_xpqmn1qef__Vacas-Braford.jpg\",\"articleSection\":[\"News\"],\"inLanguage\":\"en-US\"},{\"@type\":\"WebPage\",\"@id\":\"https:\\\/\\\/proagrolab.com.ar\\\/paraguay-proyecta-iniciar-exportaciones-de-carne-braford-a-colombia-y-brasil\\\/\",\"url\":\"https:\\\/\\\/proagrolab.com.ar\\\/paraguay-proyecta-iniciar-exportaciones-de-carne-braford-a-colombia-y-brasil\\\/\",\"name\":\"Paraguay proyecta iniciar exportaciones de carne Braford a Colombia y Brasil. | Proagro\",\"isPartOf\":{\"@id\":\"https:\\\/\\\/proagrolab.com.ar\\\/#website\"},\"primaryImageOfPage\":{\"@id\":\"https:\\\/\\\/proagrolab.com.ar\\\/paraguay-proyecta-iniciar-exportaciones-de-carne-braford-a-colombia-y-brasil\\\/#primaryimage\"},\"image\":{\"@id\":\"https:\\\/\\\/proagrolab.com.ar\\\/paraguay-proyecta-iniciar-exportaciones-de-carne-braford-a-colombia-y-brasil\\\/#primaryimage\"},\"thumbnailUrl\":\"https:\\\/\\\/proagrolab.com.ar\\\/wp-content\\\/uploads\\\/2015\\\/01\\\/g_xpqmn1qef__Vacas-Braford.jpg\",\"datePublished\":\"2014-03-14T00:00:01+00:00\",\"dateModified\":\"2020-07-02T12:49:02+00:00\",\"breadcrumb\":{\"@id\":\"https:\\\/\\\/proagrolab.com.ar\\\/paraguay-proyecta-iniciar-exportaciones-de-carne-braford-a-colombia-y-brasil\\\/#breadcrumb\"},\"inLanguage\":\"en-US\",\"potentialAction\":[{\"@type\":\"ReadAction\",\"target\":[\"https:\\\/\\\/proagrolab.com.ar\\\/paraguay-proyecta-iniciar-exportaciones-de-carne-braford-a-colombia-y-brasil\\\/\"]}]},{\"@type\":\"ImageObject\",\"inLanguage\":\"en-US\",\"@id\":\"https:\\\/\\\/proagrolab.com.ar\\\/paraguay-proyecta-iniciar-exportaciones-de-carne-braford-a-colombia-y-brasil\\\/#primaryimage\",\"url\":\"https:\\\/\\\/proagrolab.com.ar\\\/wp-content\\\/uploads\\\/2015\\\/01\\\/g_xpqmn1qef__Vacas-Braford.jpg\",\"contentUrl\":\"https:\\\/\\\/proagrolab.com.ar\\\/wp-content\\\/uploads\\\/2015\\\/01\\\/g_xpqmn1qef__Vacas-Braford.jpg\",\"width\":450,\"height\":208},{\"@type\":\"BreadcrumbList\",\"@id\":\"https:\\\/\\\/proagrolab.com.ar\\\/paraguay-proyecta-iniciar-exportaciones-de-carne-braford-a-colombia-y-brasil\\\/#breadcrumb\",\"itemListElement\":[{\"@type\":\"ListItem\",\"position\":1,\"name\":\"Portada\",\"item\":\"https:\\\/\\\/proagrolab.com.ar\\\/\"},{\"@type\":\"ListItem\",\"position\":2,\"name\":\"Paraguay proyecta iniciar exportaciones de carne Braford a Colombia y Brasil.\"}]},{\"@type\":\"WebSite\",\"@id\":\"https:\\\/\\\/proagrolab.com.ar\\\/#website\",\"url\":\"https:\\\/\\\/proagrolab.com.ar\\\/\",\"name\":\"Proagro Laboratorio Veterinario\",\"description\":\"Veterinary laboratory\",\"publisher\":{\"@id\":\"https:\\\/\\\/proagrolab.com.ar\\\/#organization\"},\"potentialAction\":[{\"@type\":\"SearchAction\",\"target\":{\"@type\":\"EntryPoint\",\"urlTemplate\":\"https:\\\/\\\/proagrolab.com.ar\\\/?s={search_term_string}\"},\"query-input\":{\"@type\":\"PropertyValueSpecification\",\"valueRequired\":true,\"valueName\":\"search_term_string\"}}],\"inLanguage\":\"en-US\"},{\"@type\":\"Organization\",\"@id\":\"https:\\\/\\\/proagrolab.com.ar\\\/#organization\",\"name\":\"Proagro\",\"url\":\"https:\\\/\\\/proagrolab.com.ar\\\/\",\"logo\":{\"@type\":\"ImageObject\",\"inLanguage\":\"en-US\",\"@id\":\"https:\\\/\\\/proagrolab.com.ar\\\/#\\\/schema\\\/logo\\\/image\\\/\",\"url\":\"https:\\\/\\\/proagrolab.com.ar\\\/wp-content\\\/uploads\\\/2020\\\/04\\\/logo-retina.png\",\"contentUrl\":\"https:\\\/\\\/proagrolab.com.ar\\\/wp-content\\\/uploads\\\/2020\\\/04\\\/logo-retina.png\",\"width\":478,\"height\":120,\"caption\":\"Proagro\"},\"image\":{\"@id\":\"https:\\\/\\\/proagrolab.com.ar\\\/#\\\/schema\\\/logo\\\/image\\\/\"},\"sameAs\":[\"http:\\\/\\\/www.facebook.com\\\/proagrolab\",\"https:\\\/\\\/www.instagram.com\\\/proagrolab\\\/\",\"https:\\\/\\\/www.linkedin.com\\\/company\\\/laboratorio-proagro-s-a\\\/\"]},{\"@type\":\"Person\",\"@id\":\"https:\\\/\\\/proagrolab.com.ar\\\/#\\\/schema\\\/person\\\/38003ff90bf80381f71c7d922d207444\",\"name\":\"proagrolab\"}]}<\/script>\n<!-- \/ Yoast SEO plugin. -->","yoast_head_json":{"title":"Paraguay proyecta iniciar exportaciones de carne Braford a Colombia y Brasil. | Proagro","robots":{"index":"index","follow":"follow","max-snippet":"max-snippet:-1","max-image-preview":"max-image-preview:large","max-video-preview":"max-video-preview:-1"},"canonical":"https:\/\/proagrolab.com.ar\/en\/paraguay-proyecta-iniciar-exportaciones-de-carne-braford-a-colombia-y-brasil\/","og_locale":"en_US","og_type":"article","og_title":"Paraguay proyecta iniciar exportaciones de carne Braford a Colombia y Brasil. | Proagro","og_description":"La Asociaci\u00f3n Paraguaya de Criadores de Braford (APCB) est\u00e1 proyectando ampliar la exportaci\u00f3n a Chile de la carne certificada de esa raza y tambi\u00e9n surtir con dicho producto los mercados de S\u00e3o Paulo, Brasil, y Colombia. As\u00ed inform\u00f3 el gremio en el marco de la presentaci\u00f3n de la tradicional Expo Braford 2014, que ser\u00e1 este mes del 20 al 24. Sobre el programa carne con marca Braford, el gremio comunic\u00f3 que se est\u00e1 analizando firmar un acuerdo con otro frigor\u00edfico para ampliar la faena y para realizar un censo de dicha raza. El titular del Gremio, Ceferino M\u00e9ndez, dijo que ya se encuentran inscriptos m\u00e1s de 160 animales en la Expo Braford, que entrar\u00e1n en competencia. Adem\u00e1s, se tiene prevista la disertaci\u00f3n del experto argentino en nutrici\u00f3n Dr. Gustavo D\u0092ascanio. El experto tendr\u00e1 a su cargo la jornada de capacitaci\u00f3n en nutrici\u00f3n desde las 8:00 hasta las 16:00. La Expo Braford se efectuar\u00e1 en el predio de la ARP, en Roque Alonso, Paraguay. Ya se encuentran inscriptos para la competencia 162 ejemplares, de los cuales 93 son hembras y 69 machos. La Braford tiene 230 socios y unas 70 mil 150 animales registrados. Fuente: Carnetec, 13 de marzo.","og_url":"https:\/\/proagrolab.com.ar\/paraguay-proyecta-iniciar-exportaciones-de-carne-braford-a-colombia-y-brasil\/","og_site_name":"Proagro","article_publisher":"http:\/\/www.facebook.com\/proagrolab","article_published_time":"2014-03-14T00:00:01+00:00","article_modified_time":"2020-07-02T12:49:02+00:00","og_image":[{"width":450,"height":208,"url":"https:\/\/proagrolab.com.ar\/wp-content\/uploads\/2015\/01\/g_xpqmn1qef__Vacas-Braford.jpg","type":"image\/jpeg"}],"author":"proagrolab","twitter_card":"summary_large_image","twitter_misc":{"Written by":"proagrolab","Est. reading time":"1 minute"},"schema":{"@context":"https:\/\/schema.org","@graph":[{"@type":"Article","@id":"https:\/\/proagrolab.com.ar\/paraguay-proyecta-iniciar-exportaciones-de-carne-braford-a-colombia-y-brasil\/#article","isPartOf":{"@id":"https:\/\/proagrolab.com.ar\/paraguay-proyecta-iniciar-exportaciones-de-carne-braford-a-colombia-y-brasil\/"},"author":{"name":"proagrolab","@id":"https:\/\/proagrolab.com.ar\/#\/schema\/person\/38003ff90bf80381f71c7d922d207444"},"headline":"Paraguay proyecta iniciar exportaciones de carne Braford a Colombia y Brasil.","datePublished":"2014-03-14T00:00:01+00:00","dateModified":"2020-07-02T12:49:02+00:00","mainEntityOfPage":{"@id":"https:\/\/proagrolab.com.ar\/paraguay-proyecta-iniciar-exportaciones-de-carne-braford-a-colombia-y-brasil\/"},"wordCount":211,"publisher":{"@id":"https:\/\/proagrolab.com.ar\/#organization"},"image":{"@id":"https:\/\/proagrolab.com.ar\/paraguay-proyecta-iniciar-exportaciones-de-carne-braford-a-colombia-y-brasil\/#primaryimage"},"thumbnailUrl":"https:\/\/proagrolab.com.ar\/wp-content\/uploads\/2015\/01\/g_xpqmn1qef__Vacas-Braford.jpg","articleSection":["News"],"inLanguage":"en-US"},{"@type":"WebPage","@id":"https:\/\/proagrolab.com.ar\/paraguay-proyecta-iniciar-exportaciones-de-carne-braford-a-colombia-y-brasil\/","url":"https:\/\/proagrolab.com.ar\/paraguay-proyecta-iniciar-exportaciones-de-carne-braford-a-colombia-y-brasil\/","name":"Paraguay proyecta iniciar exportaciones de carne Braford a Colombia y Brasil. | Proagro","isPartOf":{"@id":"https:\/\/proagrolab.com.ar\/#website"},"primaryImageOfPage":{"@id":"https:\/\/proagrolab.com.ar\/paraguay-proyecta-iniciar-exportaciones-de-carne-braford-a-colombia-y-brasil\/#primaryimage"},"image":{"@id":"https:\/\/proagrolab.com.ar\/paraguay-proyecta-iniciar-exportaciones-de-carne-braford-a-colombia-y-brasil\/#primaryimage"},"thumbnailUrl":"https:\/\/proagrolab.com.ar\/wp-content\/uploads\/2015\/01\/g_xpqmn1qef__Vacas-Braford.jpg","datePublished":"2014-03-14T00:00:01+00:00","dateModified":"2020-07-02T12:49:02+00:00","breadcrumb":{"@id":"https:\/\/proagrolab.com.ar\/paraguay-proyecta-iniciar-exportaciones-de-carne-braford-a-colombia-y-brasil\/#breadcrumb"},"inLanguage":"en-US","potentialAction":[{"@type":"ReadAction","target":["https:\/\/proagrolab.com.ar\/paraguay-proyecta-iniciar-exportaciones-de-carne-braford-a-colombia-y-brasil\/"]}]},{"@type":"ImageObject","inLanguage":"en-US","@id":"https:\/\/proagrolab.com.ar\/paraguay-proyecta-iniciar-exportaciones-de-carne-braford-a-colombia-y-brasil\/#primaryimage","url":"https:\/\/proagrolab.com.ar\/wp-content\/uploads\/2015\/01\/g_xpqmn1qef__Vacas-Braford.jpg","contentUrl":"https:\/\/proagrolab.com.ar\/wp-content\/uploads\/2015\/01\/g_xpqmn1qef__Vacas-Braford.jpg","width":450,"height":208},{"@type":"BreadcrumbList","@id":"https:\/\/proagrolab.com.ar\/paraguay-proyecta-iniciar-exportaciones-de-carne-braford-a-colombia-y-brasil\/#breadcrumb","itemListElement":[{"@type":"ListItem","position":1,"name":"Portada","item":"https:\/\/proagrolab.com.ar\/"},{"@type":"ListItem","position":2,"name":"Paraguay proyecta iniciar exportaciones de carne Braford a Colombia y Brasil."}]},{"@type":"WebSite","@id":"https:\/\/proagrolab.com.ar\/#website","url":"https:\/\/proagrolab.com.ar\/","name":"Proagro Laboratorio Veterinario","description":"Veterinary laboratory","publisher":{"@id":"https:\/\/proagrolab.com.ar\/#organization"},"potentialAction":[{"@type":"SearchAction","target":{"@type":"EntryPoint","urlTemplate":"https:\/\/proagrolab.com.ar\/?s={search_term_string}"},"query-input":{"@type":"PropertyValueSpecification","valueRequired":true,"valueName":"search_term_string"}}],"inLanguage":"en-US"},{"@type":"Organization","@id":"https:\/\/proagrolab.com.ar\/#organization","name":"Proagro","url":"https:\/\/proagrolab.com.ar\/","logo":{"@type":"ImageObject","inLanguage":"en-US","@id":"https:\/\/proagrolab.com.ar\/#\/schema\/logo\/image\/","url":"https:\/\/proagrolab.com.ar\/wp-content\/uploads\/2020\/04\/logo-retina.png","contentUrl":"https:\/\/proagrolab.com.ar\/wp-content\/uploads\/2020\/04\/logo-retina.png","width":478,"height":120,"caption":"Proagro"},"image":{"@id":"https:\/\/proagrolab.com.ar\/#\/schema\/logo\/image\/"},"sameAs":["http:\/\/www.facebook.com\/proagrolab","https:\/\/www.instagram.com\/proagrolab\/","https:\/\/www.linkedin.com\/company\/laboratorio-proagro-s-a\/"]},{"@type":"Person","@id":"https:\/\/proagrolab.com.ar\/#\/schema\/person\/38003ff90bf80381f71c7d922d207444","name":"proagrolab"}]}},"_links":{"self":[{"href":"https:\/\/proagrolab.com.ar\/en\/wp-json\/wp\/v2\/posts\/6004","targetHints":{"allow":["GET"]}}],"collection":[{"href":"https:\/\/proagrolab.com.ar\/en\/wp-json\/wp\/v2\/posts"}],"about":[{"href":"https:\/\/proagrolab.com.ar\/en\/wp-json\/wp\/v2\/types\/post"}],"author":[{"embeddable":true,"href":"https:\/\/proagrolab.com.ar\/en\/wp-json\/wp\/v2\/users\/2"}],"replies":[{"embeddable":true,"href":"https:\/\/proagrolab.com.ar\/en\/wp-json\/wp\/v2\/comments?post=6004"}],"version-history":[{"count":1,"href":"https:\/\/proagrolab.com.ar\/en\/wp-json\/wp\/v2\/posts\/6004\/revisions"}],"predecessor-version":[{"id":14624,"href":"https:\/\/proagrolab.com.ar\/en\/wp-json\/wp\/v2\/posts\/6004\/revisions\/14624"}],"wp:featuredmedia":[{"embeddable":true,"href":"https:\/\/proagrolab.com.ar\/en\/wp-json\/wp\/v2\/media\/2489"}],"wp:attachment":[{"href":"https:\/\/proagrolab.com.ar\/en\/wp-json\/wp\/v2\/media?parent=6004"}],"wp:term":[{"taxonomy":"category","embeddable":true,"href":"https:\/\/proagrolab.com.ar\/en\/wp-json\/wp\/v2\/categories?post=6004"},{"taxonomy":"post_tag","embeddable":true,"href":"https:\/\/proagrolab.com.ar\/en\/wp-json\/wp\/v2\/tags?post=6004"}],"curies":[{"name":"wp","href":"https:\/\/api.w.org\/{rel}","templated":true}]}}