{"id":6001,"date":"2014-03-13T00:00:01","date_gmt":"2014-03-13T00:00:01","guid":{"rendered":"https:\/\/proagrolab.com.ar\/buenos-aires-cordoba-y-santa-fe-firmaron-un-pacto-para-impulsar-al-campo\/"},"modified":"2014-03-13T00:00:01","modified_gmt":"2014-03-13T00:00:01","slug":"buenos-aires-cordoba-y-santa-fe-firmaron-un-pacto-para-impulsar-al-campo","status":"publish","type":"post","link":"https:\/\/proagrolab.com.ar\/en\/buenos-aires-cordoba-y-santa-fe-firmaron-un-pacto-para-impulsar-al-campo\/","title":{"rendered":"Buenos Aires, C\u00f3rdoba y Santa Fe firmaron un pacto para impulsar al campo."},"content":{"rendered":"<p class=\"qtranxs-available-languages-message qtranxs-available-languages-message-en\"> <\/p><p>Scioli, De la Sota y Bonfatti acordaron aplicar pol\u00edticas comunes para fomentar la producci\u00f3n; el acuerdo se rubric\u00f3 ante la Comisi\u00f3n de Enlace.<\/p>\n<p>Por Fernando Bertello.<\/p>\n<p>RAMALLO.- A pleno sol, con un marco importante de p\u00fablico, presencia pol\u00edtica y empresaria de relieve y sus stands luciendo a pleno las \u00faltimas novedades en materia de tecnolog\u00edas y servicios para el campo, comenz\u00f3 ayer Expoagro, que se realizar\u00e1 hasta el s\u00e1bado en el establecimiento El Umbral, en el kil\u00f3metro 214 de la autopista Buenos Aires-Rosario.<\/p>\n<p>El corte de cintas estuvo encabezado por tres gobernadores: Daniel Scioli (Buenos Aires), Jos\u00e9 Manuel de la Sota (C\u00f3rdoba) y Antonio Bonfatti (Santa Fe). Y junto a ellos en primera fila se ubicaron los dirigentes de la Comisi\u00f3n de Enlace: Luis Miguel Etchevehere (Sociedad Rural Argentina), Rub\u00e9n Ferrero (Confederaciones Rurales Argentinas), Carlos Garetto (Coninagro) y Eduardo Buzzi (Federaci\u00f3n Agraria Argentina). Tambi\u00e9n participaron el diputado nacional por Santa Fe Hermes Binner, miembros del Comit\u00e9 Ejecutivo de la exposici\u00f3n y directivos de LA NACION y Clar\u00edn.<\/p>\n<p>No hubo presencia de funcionarios del gobierno nacional, que no dialoga con los dirigentes gremiales del agro y mantiene una fuerte intervenci\u00f3n sobre la producci\u00f3n agropecuaria.<\/p>\n<p>Los gobernadores tuvieron ayer un gesto que los diferenci\u00f3 en ese punto respecto del gobierno de Cristina Kirchner. Los justicialistas Scioli y De la Sota y el socialista Bonfatti, y ante los ojos de la Comisi\u00f3n de Enlace, firmaron un convenio de cooperaci\u00f3n rec\u00edproca en pol\u00edticas agropecuarias. Buenos Aires, C\u00f3rdoba y Santa Fe producen casi el 80 por ciento de los granos del pa\u00eds.<\/p>\n<p>El documento, que tiene cuatro cl\u00e1usulas, dice que &#8220;acuerdan implementar, coordinar y complementar acciones conjuntas con el fin de potenciar las capacidades productivas, de comercializaci\u00f3n y de industrializaci\u00f3n de la producci\u00f3n primaria agropecuaria de las provincias&#8221;.<\/p>\n<p>Adem\u00e1s, establece un intercambio entre las \u00e1reas t\u00e9cnicas en investigaci\u00f3n e incorporaci\u00f3n de tecnolog\u00edas, priorizando la producci\u00f3n de trigo, carne y leche, tres rubros donde la intervenci\u00f3n del gobierno nacional en el mercado y en la exportaci\u00f3n es criticada por el ruralismo.<\/p>\n<p>&#8220;Las partes acuerdan priorizar, especialmente, aquellos aspectos de producci\u00f3n, industrializaci\u00f3n y comercializaci\u00f3n de las cadenas l\u00e1ctea, c\u00e1rnica y triguera&#8221;, sostiene textualmente el convenio.<\/p>\n<p>&#8220;Queremos expresar todo nuestro compromiso de siempre y trabajar para llenar las g\u00f3ndolas de los supermercados del mundo, y fundamentalmente la mesa de los argentinos&#8221;, se\u00f1al\u00f3 el gobernador Scioli. De la Sota sostuvo que con este acuerdo se busca intercambiar experiencias entre las tres provincias, y agreg\u00f3: &#8220;Queremos una Argentina del di\u00e1logo y del trabajo donde a los gritos se los reemplacen por ideas&#8221;. Bonfatti indic\u00f3 que con este compromiso &#8220;las provincias productoras vienen a mostrar el trabajo y lo que se puede hacer&#8221;. El gobernador de Santa Fe destac\u00f3 que hay que &#8220;agregar valor para generar m\u00e1s fuentes de trabajo&#8221;. &#8220;Tenemos que consensuar pol\u00edticas activas&#8221;, a\u00f1adi\u00f3 el mandatario.<\/p>\n<p>Los gobernadores recorrieron juntos los stands de las tres provincias que exponen en la muestra. Primero fueron al de C\u00f3rdoba, luego pasaron por el de Buenos Aires y finalmente visitaron el de Santa Fe.<\/p>\n<p>Al salir del stand de C\u00f3rdoba, un productor reclam\u00f3 a los gritos a Scioli por el estado de abandono de la ruta 51 en el tramo que va de Arrecifes a Ramallo.<\/p>\n<p>Adem\u00e1s de recorrer los stands, los gobernadores visitaron La Matera, el stand de la Uni\u00f3n Argentina de Trabajadores Rurales y Estibadores (Uatre), que conduce el sindicalista Ger\u00f3nimo &#8220;Momo&#8221; Venegas. All\u00ed Scioli elogi\u00f3 a Buzzi por su &#8220;lucha &#8221; y Bonfatti expres\u00f3 que hab\u00eda que &#8220;escucharlos&#8221; a los dirigentes del campo porque &#8220;conocen la realidad&#8221;. Antes, mientras segu\u00eda a los gobernadores, Binner dijo a LA NACION que &#8220;el Gobierno nunca entendi\u00f3 el campo&#8221;.<\/p>\n<p><i>Ruralismo conforme<\/i><br \/>Los ruralistas celebraron el gesto pol\u00edtico de los gobernadores. &#8220;El consenso de estas tres provincias es muy importante&#8221;, subray\u00f3 Buzzi.<\/p>\n<p>Por su parte, Ferrero expres\u00f3 que el campo hoy necesita que se &#8220;comprenda&#8221; lo que hace. &#8220;Esperemos que en las pr\u00f3ximas Expoagro se presente la presidenta o el presidente acompa\u00f1ando a un sector tan importante&#8221;, indic\u00f3 el presidente de CRA. El sector agropecuario, expres\u00f3 el dirigente, necesita &#8220;mercados transparentes&#8221; para poder evolucionar. &#8220;No hablamos s\u00f3lo de retenciones, ya que si las eliminamos y el Gobierno sigue con la l\u00f3gica de no emitir ROE (Registros de Operaciones de Exportaci\u00f3n) y no permitir exportar, estamos igual&#8221;, expres\u00f3 Ferrero.<\/p>\n<p>Para Etchevehere, &#8220;la presencia de pol\u00edticos y funcionarios de gobierno tendr\u00eda que ser un hecho natural en este tipo de exposiciones, que muestran el potencial de uno de los sectores m\u00e1s din\u00e1micos de la econom\u00eda&#8221;.<\/p>\n<p>En la muestra ayer hubo una fuerte presencia empresarial. De hecho, se present\u00f3 el Foro de Convergencia Empresarial (de lo que se informa en la p\u00e1gina 16). Adem\u00e1s, estuvieron las cadenas de los principales cultivos (soja, ma\u00edz, trigo y girasol). La cadena del girasol, cultivo que este a\u00f1o tuvo la peor campa\u00f1a en 40 a\u00f1os, por ejemplo se quej\u00f3 de que las retenciones (32% en el grano y 30% en el aceite) afectan la producci\u00f3n.<\/p>\n<p>Fuente: La Naci\u00f3n, 13 de marzo.<br \/><\/p>","protected":false},"excerpt":{"rendered":"<p>Scioli, De la Sota y Bonfatti acordaron aplicar pol\u00edticas comunes para fomentar la producci\u00f3n; el acuerdo se rubric\u00f3 ante la Comisi\u00f3n de Enlace. Por Fernando Bertello. RAMALLO.- A pleno sol, con un marco importante de p\u00fablico, presencia pol\u00edtica y empresaria de relieve y sus stands luciendo a pleno las \u00faltimas novedades en materia de tecnolog\u00edas y servicios para el campo, comenz\u00f3 ayer Expoagro, que se realizar\u00e1 hasta el s\u00e1bado en el establecimiento El Umbral, en el kil\u00f3metro 214 de la autopista Buenos Aires-Rosario. El corte de cintas estuvo encabezado por tres gobernadores: Daniel Scioli (Buenos Aires), Jos\u00e9 Manuel de la Sota (C\u00f3rdoba) y Antonio Bonfatti (Santa Fe). Y junto a ellos en primera fila se ubicaron los dirigentes de la Comisi\u00f3n de Enlace: Luis Miguel Etchevehere (Sociedad Rural Argentina), Rub\u00e9n Ferrero (Confederaciones Rurales Argentinas), Carlos Garetto (Coninagro) y Eduardo Buzzi (Federaci\u00f3n Agraria Argentina). Tambi\u00e9n participaron el diputado nacional por Santa Fe Hermes Binner, miembros del Comit\u00e9 Ejecutivo de la exposici\u00f3n y directivos de LA NACION y Clar\u00edn. No hubo presencia de funcionarios del gobierno nacional, que no dialoga con los dirigentes gremiales del agro y mantiene una fuerte intervenci\u00f3n sobre la producci\u00f3n agropecuaria. Los gobernadores tuvieron ayer un gesto que [&hellip;]<\/p>\n","protected":false},"author":2,"featured_media":2486,"comment_status":"closed","ping_status":"open","sticky":false,"template":"","format":"standard","meta":{"_acf_changed":false,"footnotes":""},"categories":[56],"tags":[],"class_list":["post-6001","post","type-post","status-publish","format-standard","has-post-thumbnail","hentry","category-infoganadero"],"acf":[],"yoast_head":"<!-- This site is optimized with the Yoast SEO plugin v27.4 - https:\/\/yoast.com\/product\/yoast-seo-wordpress\/ -->\n<title>Buenos Aires, C\u00f3rdoba y Santa Fe firmaron un pacto para impulsar al campo. | Proagro<\/title>\n<meta name=\"robots\" content=\"index, follow, max-snippet:-1, max-image-preview:large, max-video-preview:-1\" \/>\n<link rel=\"canonical\" href=\"https:\/\/proagrolab.com.ar\/en\/buenos-aires-cordoba-y-santa-fe-firmaron-un-pacto-para-impulsar-al-campo\/\" \/>\n<meta property=\"og:locale\" content=\"en_US\" \/>\n<meta property=\"og:type\" content=\"article\" \/>\n<meta property=\"og:title\" content=\"Buenos Aires, C\u00f3rdoba y Santa Fe firmaron un pacto para impulsar al campo. | Proagro\" \/>\n<meta property=\"og:description\" content=\"Scioli, De la Sota y Bonfatti acordaron aplicar pol\u00edticas comunes para fomentar la producci\u00f3n; el acuerdo se rubric\u00f3 ante la Comisi\u00f3n de Enlace. Por Fernando Bertello. RAMALLO.- A pleno sol, con un marco importante de p\u00fablico, presencia pol\u00edtica y empresaria de relieve y sus stands luciendo a pleno las \u00faltimas novedades en materia de tecnolog\u00edas y servicios para el campo, comenz\u00f3 ayer Expoagro, que se realizar\u00e1 hasta el s\u00e1bado en el establecimiento El Umbral, en el kil\u00f3metro 214 de la autopista Buenos Aires-Rosario. El corte de cintas estuvo encabezado por tres gobernadores: Daniel Scioli (Buenos Aires), Jos\u00e9 Manuel de la Sota (C\u00f3rdoba) y Antonio Bonfatti (Santa Fe). Y junto a ellos en primera fila se ubicaron los dirigentes de la Comisi\u00f3n de Enlace: Luis Miguel Etchevehere (Sociedad Rural Argentina), Rub\u00e9n Ferrero (Confederaciones Rurales Argentinas), Carlos Garetto (Coninagro) y Eduardo Buzzi (Federaci\u00f3n Agraria Argentina). Tambi\u00e9n participaron el diputado nacional por Santa Fe Hermes Binner, miembros del Comit\u00e9 Ejecutivo de la exposici\u00f3n y directivos de LA NACION y Clar\u00edn. No hubo presencia de funcionarios del gobierno nacional, que no dialoga con los dirigentes gremiales del agro y mantiene una fuerte intervenci\u00f3n sobre la producci\u00f3n agropecuaria. Los gobernadores tuvieron ayer un gesto que [&hellip;]\" \/>\n<meta property=\"og:url\" content=\"https:\/\/proagrolab.com.ar\/buenos-aires-cordoba-y-santa-fe-firmaron-un-pacto-para-impulsar-al-campo\/\" \/>\n<meta property=\"og:site_name\" content=\"Proagro\" \/>\n<meta property=\"article:publisher\" content=\"http:\/\/www.facebook.com\/proagrolab\" \/>\n<meta property=\"article:published_time\" content=\"2014-03-13T00:00:01+00:00\" \/>\n<meta property=\"og:image\" content=\"https:\/\/proagrolab.com.ar\/wp-content\/uploads\/2015\/01\/g_258quca4n__Delasota-Bonfatti-Scioli-expoagro-2104.jpg\" \/>\n\t<meta property=\"og:image:width\" content=\"450\" \/>\n\t<meta property=\"og:image:height\" content=\"208\" \/>\n\t<meta property=\"og:image:type\" content=\"image\/jpeg\" \/>\n<meta name=\"author\" content=\"proagrolab\" \/>\n<meta name=\"twitter:card\" content=\"summary_large_image\" \/>\n<meta name=\"twitter:label1\" content=\"Written by\" \/>\n\t<meta name=\"twitter:data1\" content=\"proagrolab\" \/>\n\t<meta name=\"twitter:label2\" content=\"Est. reading time\" \/>\n\t<meta name=\"twitter:data2\" content=\"4 minutes\" \/>\n<script type=\"application\/ld+json\" class=\"yoast-schema-graph\">{\"@context\":\"https:\\\/\\\/schema.org\",\"@graph\":[{\"@type\":\"Article\",\"@id\":\"https:\\\/\\\/proagrolab.com.ar\\\/buenos-aires-cordoba-y-santa-fe-firmaron-un-pacto-para-impulsar-al-campo\\\/#article\",\"isPartOf\":{\"@id\":\"https:\\\/\\\/proagrolab.com.ar\\\/buenos-aires-cordoba-y-santa-fe-firmaron-un-pacto-para-impulsar-al-campo\\\/\"},\"author\":{\"name\":\"proagrolab\",\"@id\":\"https:\\\/\\\/proagrolab.com.ar\\\/#\\\/schema\\\/person\\\/38003ff90bf80381f71c7d922d207444\"},\"headline\":\"Buenos Aires, C\u00f3rdoba y Santa Fe firmaron un pacto para impulsar al campo.\",\"datePublished\":\"2014-03-13T00:00:01+00:00\",\"mainEntityOfPage\":{\"@id\":\"https:\\\/\\\/proagrolab.com.ar\\\/buenos-aires-cordoba-y-santa-fe-firmaron-un-pacto-para-impulsar-al-campo\\\/\"},\"wordCount\":907,\"publisher\":{\"@id\":\"https:\\\/\\\/proagrolab.com.ar\\\/#organization\"},\"image\":{\"@id\":\"https:\\\/\\\/proagrolab.com.ar\\\/buenos-aires-cordoba-y-santa-fe-firmaron-un-pacto-para-impulsar-al-campo\\\/#primaryimage\"},\"thumbnailUrl\":\"https:\\\/\\\/proagrolab.com.ar\\\/wp-content\\\/uploads\\\/2015\\\/01\\\/g_258quca4n__Delasota-Bonfatti-Scioli-expoagro-2104.jpg\",\"articleSection\":[\"News\"],\"inLanguage\":\"en-US\"},{\"@type\":\"WebPage\",\"@id\":\"https:\\\/\\\/proagrolab.com.ar\\\/buenos-aires-cordoba-y-santa-fe-firmaron-un-pacto-para-impulsar-al-campo\\\/\",\"url\":\"https:\\\/\\\/proagrolab.com.ar\\\/buenos-aires-cordoba-y-santa-fe-firmaron-un-pacto-para-impulsar-al-campo\\\/\",\"name\":\"Buenos Aires, C\u00f3rdoba y Santa Fe firmaron un pacto para impulsar al campo. | Proagro\",\"isPartOf\":{\"@id\":\"https:\\\/\\\/proagrolab.com.ar\\\/#website\"},\"primaryImageOfPage\":{\"@id\":\"https:\\\/\\\/proagrolab.com.ar\\\/buenos-aires-cordoba-y-santa-fe-firmaron-un-pacto-para-impulsar-al-campo\\\/#primaryimage\"},\"image\":{\"@id\":\"https:\\\/\\\/proagrolab.com.ar\\\/buenos-aires-cordoba-y-santa-fe-firmaron-un-pacto-para-impulsar-al-campo\\\/#primaryimage\"},\"thumbnailUrl\":\"https:\\\/\\\/proagrolab.com.ar\\\/wp-content\\\/uploads\\\/2015\\\/01\\\/g_258quca4n__Delasota-Bonfatti-Scioli-expoagro-2104.jpg\",\"datePublished\":\"2014-03-13T00:00:01+00:00\",\"breadcrumb\":{\"@id\":\"https:\\\/\\\/proagrolab.com.ar\\\/buenos-aires-cordoba-y-santa-fe-firmaron-un-pacto-para-impulsar-al-campo\\\/#breadcrumb\"},\"inLanguage\":\"en-US\",\"potentialAction\":[{\"@type\":\"ReadAction\",\"target\":[\"https:\\\/\\\/proagrolab.com.ar\\\/buenos-aires-cordoba-y-santa-fe-firmaron-un-pacto-para-impulsar-al-campo\\\/\"]}]},{\"@type\":\"ImageObject\",\"inLanguage\":\"en-US\",\"@id\":\"https:\\\/\\\/proagrolab.com.ar\\\/buenos-aires-cordoba-y-santa-fe-firmaron-un-pacto-para-impulsar-al-campo\\\/#primaryimage\",\"url\":\"https:\\\/\\\/proagrolab.com.ar\\\/wp-content\\\/uploads\\\/2015\\\/01\\\/g_258quca4n__Delasota-Bonfatti-Scioli-expoagro-2104.jpg\",\"contentUrl\":\"https:\\\/\\\/proagrolab.com.ar\\\/wp-content\\\/uploads\\\/2015\\\/01\\\/g_258quca4n__Delasota-Bonfatti-Scioli-expoagro-2104.jpg\",\"width\":450,\"height\":208},{\"@type\":\"BreadcrumbList\",\"@id\":\"https:\\\/\\\/proagrolab.com.ar\\\/buenos-aires-cordoba-y-santa-fe-firmaron-un-pacto-para-impulsar-al-campo\\\/#breadcrumb\",\"itemListElement\":[{\"@type\":\"ListItem\",\"position\":1,\"name\":\"Portada\",\"item\":\"https:\\\/\\\/proagrolab.com.ar\\\/\"},{\"@type\":\"ListItem\",\"position\":2,\"name\":\"Buenos Aires, C\u00f3rdoba y Santa Fe firmaron un pacto para impulsar al campo.\"}]},{\"@type\":\"WebSite\",\"@id\":\"https:\\\/\\\/proagrolab.com.ar\\\/#website\",\"url\":\"https:\\\/\\\/proagrolab.com.ar\\\/\",\"name\":\"Proagro Laboratorio Veterinario\",\"description\":\"Veterinary laboratory\",\"publisher\":{\"@id\":\"https:\\\/\\\/proagrolab.com.ar\\\/#organization\"},\"potentialAction\":[{\"@type\":\"SearchAction\",\"target\":{\"@type\":\"EntryPoint\",\"urlTemplate\":\"https:\\\/\\\/proagrolab.com.ar\\\/?s={search_term_string}\"},\"query-input\":{\"@type\":\"PropertyValueSpecification\",\"valueRequired\":true,\"valueName\":\"search_term_string\"}}],\"inLanguage\":\"en-US\"},{\"@type\":\"Organization\",\"@id\":\"https:\\\/\\\/proagrolab.com.ar\\\/#organization\",\"name\":\"Proagro\",\"url\":\"https:\\\/\\\/proagrolab.com.ar\\\/\",\"logo\":{\"@type\":\"ImageObject\",\"inLanguage\":\"en-US\",\"@id\":\"https:\\\/\\\/proagrolab.com.ar\\\/#\\\/schema\\\/logo\\\/image\\\/\",\"url\":\"https:\\\/\\\/proagrolab.com.ar\\\/wp-content\\\/uploads\\\/2020\\\/04\\\/logo-retina.png\",\"contentUrl\":\"https:\\\/\\\/proagrolab.com.ar\\\/wp-content\\\/uploads\\\/2020\\\/04\\\/logo-retina.png\",\"width\":478,\"height\":120,\"caption\":\"Proagro\"},\"image\":{\"@id\":\"https:\\\/\\\/proagrolab.com.ar\\\/#\\\/schema\\\/logo\\\/image\\\/\"},\"sameAs\":[\"http:\\\/\\\/www.facebook.com\\\/proagrolab\",\"https:\\\/\\\/www.instagram.com\\\/proagrolab\\\/\",\"https:\\\/\\\/www.linkedin.com\\\/company\\\/laboratorio-proagro-s-a\\\/\"]},{\"@type\":\"Person\",\"@id\":\"https:\\\/\\\/proagrolab.com.ar\\\/#\\\/schema\\\/person\\\/38003ff90bf80381f71c7d922d207444\",\"name\":\"proagrolab\"}]}<\/script>\n<!-- \/ Yoast SEO plugin. -->","yoast_head_json":{"title":"Buenos Aires, C\u00f3rdoba y Santa Fe firmaron un pacto para impulsar al campo. | Proagro","robots":{"index":"index","follow":"follow","max-snippet":"max-snippet:-1","max-image-preview":"max-image-preview:large","max-video-preview":"max-video-preview:-1"},"canonical":"https:\/\/proagrolab.com.ar\/en\/buenos-aires-cordoba-y-santa-fe-firmaron-un-pacto-para-impulsar-al-campo\/","og_locale":"en_US","og_type":"article","og_title":"Buenos Aires, C\u00f3rdoba y Santa Fe firmaron un pacto para impulsar al campo. | Proagro","og_description":"Scioli, De la Sota y Bonfatti acordaron aplicar pol\u00edticas comunes para fomentar la producci\u00f3n; el acuerdo se rubric\u00f3 ante la Comisi\u00f3n de Enlace. Por Fernando Bertello. RAMALLO.- A pleno sol, con un marco importante de p\u00fablico, presencia pol\u00edtica y empresaria de relieve y sus stands luciendo a pleno las \u00faltimas novedades en materia de tecnolog\u00edas y servicios para el campo, comenz\u00f3 ayer Expoagro, que se realizar\u00e1 hasta el s\u00e1bado en el establecimiento El Umbral, en el kil\u00f3metro 214 de la autopista Buenos Aires-Rosario. El corte de cintas estuvo encabezado por tres gobernadores: Daniel Scioli (Buenos Aires), Jos\u00e9 Manuel de la Sota (C\u00f3rdoba) y Antonio Bonfatti (Santa Fe). Y junto a ellos en primera fila se ubicaron los dirigentes de la Comisi\u00f3n de Enlace: Luis Miguel Etchevehere (Sociedad Rural Argentina), Rub\u00e9n Ferrero (Confederaciones Rurales Argentinas), Carlos Garetto (Coninagro) y Eduardo Buzzi (Federaci\u00f3n Agraria Argentina). Tambi\u00e9n participaron el diputado nacional por Santa Fe Hermes Binner, miembros del Comit\u00e9 Ejecutivo de la exposici\u00f3n y directivos de LA NACION y Clar\u00edn. No hubo presencia de funcionarios del gobierno nacional, que no dialoga con los dirigentes gremiales del agro y mantiene una fuerte intervenci\u00f3n sobre la producci\u00f3n agropecuaria. Los gobernadores tuvieron ayer un gesto que [&hellip;]","og_url":"https:\/\/proagrolab.com.ar\/buenos-aires-cordoba-y-santa-fe-firmaron-un-pacto-para-impulsar-al-campo\/","og_site_name":"Proagro","article_publisher":"http:\/\/www.facebook.com\/proagrolab","article_published_time":"2014-03-13T00:00:01+00:00","og_image":[{"width":450,"height":208,"url":"https:\/\/proagrolab.com.ar\/wp-content\/uploads\/2015\/01\/g_258quca4n__Delasota-Bonfatti-Scioli-expoagro-2104.jpg","type":"image\/jpeg"}],"author":"proagrolab","twitter_card":"summary_large_image","twitter_misc":{"Written by":"proagrolab","Est. reading time":"4 minutes"},"schema":{"@context":"https:\/\/schema.org","@graph":[{"@type":"Article","@id":"https:\/\/proagrolab.com.ar\/buenos-aires-cordoba-y-santa-fe-firmaron-un-pacto-para-impulsar-al-campo\/#article","isPartOf":{"@id":"https:\/\/proagrolab.com.ar\/buenos-aires-cordoba-y-santa-fe-firmaron-un-pacto-para-impulsar-al-campo\/"},"author":{"name":"proagrolab","@id":"https:\/\/proagrolab.com.ar\/#\/schema\/person\/38003ff90bf80381f71c7d922d207444"},"headline":"Buenos Aires, C\u00f3rdoba y Santa Fe firmaron un pacto para impulsar al campo.","datePublished":"2014-03-13T00:00:01+00:00","mainEntityOfPage":{"@id":"https:\/\/proagrolab.com.ar\/buenos-aires-cordoba-y-santa-fe-firmaron-un-pacto-para-impulsar-al-campo\/"},"wordCount":907,"publisher":{"@id":"https:\/\/proagrolab.com.ar\/#organization"},"image":{"@id":"https:\/\/proagrolab.com.ar\/buenos-aires-cordoba-y-santa-fe-firmaron-un-pacto-para-impulsar-al-campo\/#primaryimage"},"thumbnailUrl":"https:\/\/proagrolab.com.ar\/wp-content\/uploads\/2015\/01\/g_258quca4n__Delasota-Bonfatti-Scioli-expoagro-2104.jpg","articleSection":["News"],"inLanguage":"en-US"},{"@type":"WebPage","@id":"https:\/\/proagrolab.com.ar\/buenos-aires-cordoba-y-santa-fe-firmaron-un-pacto-para-impulsar-al-campo\/","url":"https:\/\/proagrolab.com.ar\/buenos-aires-cordoba-y-santa-fe-firmaron-un-pacto-para-impulsar-al-campo\/","name":"Buenos Aires, C\u00f3rdoba y Santa Fe firmaron un pacto para impulsar al campo. | Proagro","isPartOf":{"@id":"https:\/\/proagrolab.com.ar\/#website"},"primaryImageOfPage":{"@id":"https:\/\/proagrolab.com.ar\/buenos-aires-cordoba-y-santa-fe-firmaron-un-pacto-para-impulsar-al-campo\/#primaryimage"},"image":{"@id":"https:\/\/proagrolab.com.ar\/buenos-aires-cordoba-y-santa-fe-firmaron-un-pacto-para-impulsar-al-campo\/#primaryimage"},"thumbnailUrl":"https:\/\/proagrolab.com.ar\/wp-content\/uploads\/2015\/01\/g_258quca4n__Delasota-Bonfatti-Scioli-expoagro-2104.jpg","datePublished":"2014-03-13T00:00:01+00:00","breadcrumb":{"@id":"https:\/\/proagrolab.com.ar\/buenos-aires-cordoba-y-santa-fe-firmaron-un-pacto-para-impulsar-al-campo\/#breadcrumb"},"inLanguage":"en-US","potentialAction":[{"@type":"ReadAction","target":["https:\/\/proagrolab.com.ar\/buenos-aires-cordoba-y-santa-fe-firmaron-un-pacto-para-impulsar-al-campo\/"]}]},{"@type":"ImageObject","inLanguage":"en-US","@id":"https:\/\/proagrolab.com.ar\/buenos-aires-cordoba-y-santa-fe-firmaron-un-pacto-para-impulsar-al-campo\/#primaryimage","url":"https:\/\/proagrolab.com.ar\/wp-content\/uploads\/2015\/01\/g_258quca4n__Delasota-Bonfatti-Scioli-expoagro-2104.jpg","contentUrl":"https:\/\/proagrolab.com.ar\/wp-content\/uploads\/2015\/01\/g_258quca4n__Delasota-Bonfatti-Scioli-expoagro-2104.jpg","width":450,"height":208},{"@type":"BreadcrumbList","@id":"https:\/\/proagrolab.com.ar\/buenos-aires-cordoba-y-santa-fe-firmaron-un-pacto-para-impulsar-al-campo\/#breadcrumb","itemListElement":[{"@type":"ListItem","position":1,"name":"Portada","item":"https:\/\/proagrolab.com.ar\/"},{"@type":"ListItem","position":2,"name":"Buenos Aires, C\u00f3rdoba y Santa Fe firmaron un pacto para impulsar al campo."}]},{"@type":"WebSite","@id":"https:\/\/proagrolab.com.ar\/#website","url":"https:\/\/proagrolab.com.ar\/","name":"Proagro Laboratorio Veterinario","description":"Veterinary laboratory","publisher":{"@id":"https:\/\/proagrolab.com.ar\/#organization"},"potentialAction":[{"@type":"SearchAction","target":{"@type":"EntryPoint","urlTemplate":"https:\/\/proagrolab.com.ar\/?s={search_term_string}"},"query-input":{"@type":"PropertyValueSpecification","valueRequired":true,"valueName":"search_term_string"}}],"inLanguage":"en-US"},{"@type":"Organization","@id":"https:\/\/proagrolab.com.ar\/#organization","name":"Proagro","url":"https:\/\/proagrolab.com.ar\/","logo":{"@type":"ImageObject","inLanguage":"en-US","@id":"https:\/\/proagrolab.com.ar\/#\/schema\/logo\/image\/","url":"https:\/\/proagrolab.com.ar\/wp-content\/uploads\/2020\/04\/logo-retina.png","contentUrl":"https:\/\/proagrolab.com.ar\/wp-content\/uploads\/2020\/04\/logo-retina.png","width":478,"height":120,"caption":"Proagro"},"image":{"@id":"https:\/\/proagrolab.com.ar\/#\/schema\/logo\/image\/"},"sameAs":["http:\/\/www.facebook.com\/proagrolab","https:\/\/www.instagram.com\/proagrolab\/","https:\/\/www.linkedin.com\/company\/laboratorio-proagro-s-a\/"]},{"@type":"Person","@id":"https:\/\/proagrolab.com.ar\/#\/schema\/person\/38003ff90bf80381f71c7d922d207444","name":"proagrolab"}]}},"_links":{"self":[{"href":"https:\/\/proagrolab.com.ar\/en\/wp-json\/wp\/v2\/posts\/6001","targetHints":{"allow":["GET"]}}],"collection":[{"href":"https:\/\/proagrolab.com.ar\/en\/wp-json\/wp\/v2\/posts"}],"about":[{"href":"https:\/\/proagrolab.com.ar\/en\/wp-json\/wp\/v2\/types\/post"}],"author":[{"embeddable":true,"href":"https:\/\/proagrolab.com.ar\/en\/wp-json\/wp\/v2\/users\/2"}],"replies":[{"embeddable":true,"href":"https:\/\/proagrolab.com.ar\/en\/wp-json\/wp\/v2\/comments?post=6001"}],"version-history":[{"count":0,"href":"https:\/\/proagrolab.com.ar\/en\/wp-json\/wp\/v2\/posts\/6001\/revisions"}],"wp:featuredmedia":[{"embeddable":true,"href":"https:\/\/proagrolab.com.ar\/en\/wp-json\/wp\/v2\/media\/2486"}],"wp:attachment":[{"href":"https:\/\/proagrolab.com.ar\/en\/wp-json\/wp\/v2\/media?parent=6001"}],"wp:term":[{"taxonomy":"category","embeddable":true,"href":"https:\/\/proagrolab.com.ar\/en\/wp-json\/wp\/v2\/categories?post=6001"},{"taxonomy":"post_tag","embeddable":true,"href":"https:\/\/proagrolab.com.ar\/en\/wp-json\/wp\/v2\/tags?post=6001"}],"curies":[{"name":"wp","href":"https:\/\/api.w.org\/{rel}","templated":true}]}}