{"id":6000,"date":"2014-03-12T00:00:01","date_gmt":"2014-03-12T00:00:01","guid":{"rendered":"https:\/\/proagrolab.com.ar\/cronograma-definitivo-de-la-primera-campana-anual-contra-la-fiebre-aftosa-de-2014\/"},"modified":"2014-03-12T00:00:01","modified_gmt":"2014-03-12T00:00:01","slug":"cronograma-definitivo-de-la-primera-campana-anual-contra-la-fiebre-aftosa-de-2014","status":"publish","type":"post","link":"https:\/\/proagrolab.com.ar\/en\/cronograma-definitivo-de-la-primera-campana-anual-contra-la-fiebre-aftosa-de-2014\/","title":{"rendered":"Cronograma definitivo de la primera campa\u00f1a anual contra la fiebre aftosa de 2014."},"content":{"rendered":"<p class=\"qtranxs-available-languages-message qtranxs-available-languages-message-en\"> <\/p><p>Se trata de una acci\u00f3n sanitaria indispensable para resguardar la inmunidad de la ganader\u00eda argentina.<\/p>\n<p>El Servicio Nacional de Sanidad y Calidad Agroalimentaria (Senasa) informa que se inici\u00f3 la primera campa\u00f1a de vacunaci\u00f3n anual contra la fiebre aftosa en las regiones en las que se aplica de forma sistem\u00e1tica. Simult\u00e1neamente se inoculan las terneras de entre 3 y 8 meses de edad contra la brucelosis, a excepci\u00f3n de la provincia de Tierra del Fuego, reconocida como libre de la enfermedad.<\/p>\n<p>En esta campa\u00f1a se aplican distintas estrategias de vacunaci\u00f3n, dependiendo de la provincia o regi\u00f3n. En Buenos Aires, Entre R\u00edos y Corrientes, las provincias de mayor concentraci\u00f3n ganadera, s\u00f3lo se vacunar\u00e1 a las categor\u00edas menores de bovinos\/bubalinos, es decir terneros\/as, vaquillonas, toritos, novillitos y novillos. En el resto de las provincias, la vacunaci\u00f3n incluye a ambas categor\u00edas, menores y mayores.<\/p>\n<p>Cabe recordar que, desde la segunda campa\u00f1a de vacunaci\u00f3n de 2010, se aplica una nueva estrategia de vacunaci\u00f3n que consiste en inocular en una campa\u00f1a a todas las categor\u00edas etarias y en otra, s\u00f3lo a las categor\u00edas de menores (no se vacunan toros y vacas), en forma alternada, seg\u00fan lo establecido en la Resoluci\u00f3n Senasa N\u00ba 181\/2010.<\/p>\n<p>La vacunaci\u00f3n es una acci\u00f3n sanitaria indispensable para resguardar la inmunidad de la ganader\u00eda argentina.<\/p>\n<p>Acceda al <a target=\"_blank\" title=\"\" href=\"http:\/\/www.senasa.gov.ar\/\/Archivos\/File\/File7354-Cronograma.pdf\">cronograma de vacunaci\u00f3n<\/a>.<\/p>\n<p>Fuente: SENASA, 10 de marzo.<br \/><\/p>","protected":false},"excerpt":{"rendered":"<p>Se trata de una acci\u00f3n sanitaria indispensable para resguardar la inmunidad de la ganader\u00eda argentina. El Servicio Nacional de Sanidad y Calidad Agroalimentaria (Senasa) informa que se inici\u00f3 la primera campa\u00f1a de vacunaci\u00f3n anual contra la fiebre aftosa en las regiones en las que se aplica de forma sistem\u00e1tica. Simult\u00e1neamente se inoculan las terneras de entre 3 y 8 meses de edad contra la brucelosis, a excepci\u00f3n de la provincia de Tierra del Fuego, reconocida como libre de la enfermedad. En esta campa\u00f1a se aplican distintas estrategias de vacunaci\u00f3n, dependiendo de la provincia o regi\u00f3n. En Buenos Aires, Entre R\u00edos y Corrientes, las provincias de mayor concentraci\u00f3n ganadera, s\u00f3lo se vacunar\u00e1 a las categor\u00edas menores de bovinos\/bubalinos, es decir terneros\/as, vaquillonas, toritos, novillitos y novillos. En el resto de las provincias, la vacunaci\u00f3n incluye a ambas categor\u00edas, menores y mayores. Cabe recordar que, desde la segunda campa\u00f1a de vacunaci\u00f3n de 2010, se aplica una nueva estrategia de vacunaci\u00f3n que consiste en inocular en una campa\u00f1a a todas las categor\u00edas etarias y en otra, s\u00f3lo a las categor\u00edas de menores (no se vacunan toros y vacas), en forma alternada, seg\u00fan lo establecido en la Resoluci\u00f3n Senasa N\u00ba 181\/2010. La vacunaci\u00f3n es [&hellip;]<\/p>\n","protected":false},"author":2,"featured_media":2485,"comment_status":"closed","ping_status":"open","sticky":false,"template":"","format":"standard","meta":{"_acf_changed":false,"footnotes":""},"categories":[56],"tags":[],"class_list":["post-6000","post","type-post","status-publish","format-standard","has-post-thumbnail","hentry","category-infoganadero"],"acf":[],"yoast_head":"<!-- This site is optimized with the Yoast SEO plugin v27.4 - https:\/\/yoast.com\/product\/yoast-seo-wordpress\/ -->\n<title>Cronograma definitivo de la primera campa\u00f1a anual contra la fiebre aftosa de 2014. | Proagro<\/title>\n<meta name=\"robots\" content=\"index, follow, max-snippet:-1, max-image-preview:large, max-video-preview:-1\" \/>\n<link rel=\"canonical\" href=\"https:\/\/proagrolab.com.ar\/en\/cronograma-definitivo-de-la-primera-campana-anual-contra-la-fiebre-aftosa-de-2014\/\" \/>\n<meta property=\"og:locale\" content=\"en_US\" \/>\n<meta property=\"og:type\" content=\"article\" \/>\n<meta property=\"og:title\" content=\"Cronograma definitivo de la primera campa\u00f1a anual contra la fiebre aftosa de 2014. | Proagro\" \/>\n<meta property=\"og:description\" content=\"Se trata de una acci\u00f3n sanitaria indispensable para resguardar la inmunidad de la ganader\u00eda argentina. El Servicio Nacional de Sanidad y Calidad Agroalimentaria (Senasa) informa que se inici\u00f3 la primera campa\u00f1a de vacunaci\u00f3n anual contra la fiebre aftosa en las regiones en las que se aplica de forma sistem\u00e1tica. Simult\u00e1neamente se inoculan las terneras de entre 3 y 8 meses de edad contra la brucelosis, a excepci\u00f3n de la provincia de Tierra del Fuego, reconocida como libre de la enfermedad. En esta campa\u00f1a se aplican distintas estrategias de vacunaci\u00f3n, dependiendo de la provincia o regi\u00f3n. En Buenos Aires, Entre R\u00edos y Corrientes, las provincias de mayor concentraci\u00f3n ganadera, s\u00f3lo se vacunar\u00e1 a las categor\u00edas menores de bovinos\/bubalinos, es decir terneros\/as, vaquillonas, toritos, novillitos y novillos. En el resto de las provincias, la vacunaci\u00f3n incluye a ambas categor\u00edas, menores y mayores. Cabe recordar que, desde la segunda campa\u00f1a de vacunaci\u00f3n de 2010, se aplica una nueva estrategia de vacunaci\u00f3n que consiste en inocular en una campa\u00f1a a todas las categor\u00edas etarias y en otra, s\u00f3lo a las categor\u00edas de menores (no se vacunan toros y vacas), en forma alternada, seg\u00fan lo establecido en la Resoluci\u00f3n Senasa N\u00ba 181\/2010. La vacunaci\u00f3n es [&hellip;]\" \/>\n<meta property=\"og:url\" content=\"https:\/\/proagrolab.com.ar\/cronograma-definitivo-de-la-primera-campana-anual-contra-la-fiebre-aftosa-de-2014\/\" \/>\n<meta property=\"og:site_name\" content=\"Proagro\" \/>\n<meta property=\"article:publisher\" content=\"http:\/\/www.facebook.com\/proagrolab\" \/>\n<meta property=\"article:published_time\" content=\"2014-03-12T00:00:01+00:00\" \/>\n<meta property=\"og:image\" content=\"https:\/\/proagrolab.com.ar\/wp-content\/uploads\/2015\/01\/g_5uyxb3ksy__Vacunacion-4.jpg\" \/>\n\t<meta property=\"og:image:width\" content=\"450\" \/>\n\t<meta property=\"og:image:height\" content=\"208\" \/>\n\t<meta property=\"og:image:type\" content=\"image\/jpeg\" \/>\n<meta name=\"author\" content=\"proagrolab\" \/>\n<meta name=\"twitter:card\" content=\"summary_large_image\" \/>\n<meta name=\"twitter:label1\" content=\"Written by\" \/>\n\t<meta name=\"twitter:data1\" content=\"proagrolab\" \/>\n\t<meta name=\"twitter:label2\" content=\"Est. reading time\" \/>\n\t<meta name=\"twitter:data2\" content=\"1 minute\" \/>\n<script type=\"application\/ld+json\" class=\"yoast-schema-graph\">{\"@context\":\"https:\\\/\\\/schema.org\",\"@graph\":[{\"@type\":\"Article\",\"@id\":\"https:\\\/\\\/proagrolab.com.ar\\\/cronograma-definitivo-de-la-primera-campana-anual-contra-la-fiebre-aftosa-de-2014\\\/#article\",\"isPartOf\":{\"@id\":\"https:\\\/\\\/proagrolab.com.ar\\\/cronograma-definitivo-de-la-primera-campana-anual-contra-la-fiebre-aftosa-de-2014\\\/\"},\"author\":{\"name\":\"proagrolab\",\"@id\":\"https:\\\/\\\/proagrolab.com.ar\\\/#\\\/schema\\\/person\\\/38003ff90bf80381f71c7d922d207444\"},\"headline\":\"Cronograma definitivo de la primera campa\u00f1a anual contra la fiebre aftosa de 2014.\",\"datePublished\":\"2014-03-12T00:00:01+00:00\",\"mainEntityOfPage\":{\"@id\":\"https:\\\/\\\/proagrolab.com.ar\\\/cronograma-definitivo-de-la-primera-campana-anual-contra-la-fiebre-aftosa-de-2014\\\/\"},\"wordCount\":261,\"publisher\":{\"@id\":\"https:\\\/\\\/proagrolab.com.ar\\\/#organization\"},\"image\":{\"@id\":\"https:\\\/\\\/proagrolab.com.ar\\\/cronograma-definitivo-de-la-primera-campana-anual-contra-la-fiebre-aftosa-de-2014\\\/#primaryimage\"},\"thumbnailUrl\":\"https:\\\/\\\/proagrolab.com.ar\\\/wp-content\\\/uploads\\\/2015\\\/01\\\/g_5uyxb3ksy__Vacunacion-4.jpg\",\"articleSection\":[\"News\"],\"inLanguage\":\"en-US\"},{\"@type\":\"WebPage\",\"@id\":\"https:\\\/\\\/proagrolab.com.ar\\\/cronograma-definitivo-de-la-primera-campana-anual-contra-la-fiebre-aftosa-de-2014\\\/\",\"url\":\"https:\\\/\\\/proagrolab.com.ar\\\/cronograma-definitivo-de-la-primera-campana-anual-contra-la-fiebre-aftosa-de-2014\\\/\",\"name\":\"Cronograma definitivo de la primera campa\u00f1a anual contra la fiebre aftosa de 2014. | Proagro\",\"isPartOf\":{\"@id\":\"https:\\\/\\\/proagrolab.com.ar\\\/#website\"},\"primaryImageOfPage\":{\"@id\":\"https:\\\/\\\/proagrolab.com.ar\\\/cronograma-definitivo-de-la-primera-campana-anual-contra-la-fiebre-aftosa-de-2014\\\/#primaryimage\"},\"image\":{\"@id\":\"https:\\\/\\\/proagrolab.com.ar\\\/cronograma-definitivo-de-la-primera-campana-anual-contra-la-fiebre-aftosa-de-2014\\\/#primaryimage\"},\"thumbnailUrl\":\"https:\\\/\\\/proagrolab.com.ar\\\/wp-content\\\/uploads\\\/2015\\\/01\\\/g_5uyxb3ksy__Vacunacion-4.jpg\",\"datePublished\":\"2014-03-12T00:00:01+00:00\",\"breadcrumb\":{\"@id\":\"https:\\\/\\\/proagrolab.com.ar\\\/cronograma-definitivo-de-la-primera-campana-anual-contra-la-fiebre-aftosa-de-2014\\\/#breadcrumb\"},\"inLanguage\":\"en-US\",\"potentialAction\":[{\"@type\":\"ReadAction\",\"target\":[\"https:\\\/\\\/proagrolab.com.ar\\\/cronograma-definitivo-de-la-primera-campana-anual-contra-la-fiebre-aftosa-de-2014\\\/\"]}]},{\"@type\":\"ImageObject\",\"inLanguage\":\"en-US\",\"@id\":\"https:\\\/\\\/proagrolab.com.ar\\\/cronograma-definitivo-de-la-primera-campana-anual-contra-la-fiebre-aftosa-de-2014\\\/#primaryimage\",\"url\":\"https:\\\/\\\/proagrolab.com.ar\\\/wp-content\\\/uploads\\\/2015\\\/01\\\/g_5uyxb3ksy__Vacunacion-4.jpg\",\"contentUrl\":\"https:\\\/\\\/proagrolab.com.ar\\\/wp-content\\\/uploads\\\/2015\\\/01\\\/g_5uyxb3ksy__Vacunacion-4.jpg\",\"width\":450,\"height\":208},{\"@type\":\"BreadcrumbList\",\"@id\":\"https:\\\/\\\/proagrolab.com.ar\\\/cronograma-definitivo-de-la-primera-campana-anual-contra-la-fiebre-aftosa-de-2014\\\/#breadcrumb\",\"itemListElement\":[{\"@type\":\"ListItem\",\"position\":1,\"name\":\"Portada\",\"item\":\"https:\\\/\\\/proagrolab.com.ar\\\/\"},{\"@type\":\"ListItem\",\"position\":2,\"name\":\"Cronograma definitivo de la primera campa\u00f1a anual contra la fiebre aftosa de 2014.\"}]},{\"@type\":\"WebSite\",\"@id\":\"https:\\\/\\\/proagrolab.com.ar\\\/#website\",\"url\":\"https:\\\/\\\/proagrolab.com.ar\\\/\",\"name\":\"Proagro Laboratorio Veterinario\",\"description\":\"Veterinary laboratory\",\"publisher\":{\"@id\":\"https:\\\/\\\/proagrolab.com.ar\\\/#organization\"},\"potentialAction\":[{\"@type\":\"SearchAction\",\"target\":{\"@type\":\"EntryPoint\",\"urlTemplate\":\"https:\\\/\\\/proagrolab.com.ar\\\/?s={search_term_string}\"},\"query-input\":{\"@type\":\"PropertyValueSpecification\",\"valueRequired\":true,\"valueName\":\"search_term_string\"}}],\"inLanguage\":\"en-US\"},{\"@type\":\"Organization\",\"@id\":\"https:\\\/\\\/proagrolab.com.ar\\\/#organization\",\"name\":\"Proagro\",\"url\":\"https:\\\/\\\/proagrolab.com.ar\\\/\",\"logo\":{\"@type\":\"ImageObject\",\"inLanguage\":\"en-US\",\"@id\":\"https:\\\/\\\/proagrolab.com.ar\\\/#\\\/schema\\\/logo\\\/image\\\/\",\"url\":\"https:\\\/\\\/proagrolab.com.ar\\\/wp-content\\\/uploads\\\/2020\\\/04\\\/logo-retina.png\",\"contentUrl\":\"https:\\\/\\\/proagrolab.com.ar\\\/wp-content\\\/uploads\\\/2020\\\/04\\\/logo-retina.png\",\"width\":478,\"height\":120,\"caption\":\"Proagro\"},\"image\":{\"@id\":\"https:\\\/\\\/proagrolab.com.ar\\\/#\\\/schema\\\/logo\\\/image\\\/\"},\"sameAs\":[\"http:\\\/\\\/www.facebook.com\\\/proagrolab\",\"https:\\\/\\\/www.instagram.com\\\/proagrolab\\\/\",\"https:\\\/\\\/www.linkedin.com\\\/company\\\/laboratorio-proagro-s-a\\\/\"]},{\"@type\":\"Person\",\"@id\":\"https:\\\/\\\/proagrolab.com.ar\\\/#\\\/schema\\\/person\\\/38003ff90bf80381f71c7d922d207444\",\"name\":\"proagrolab\"}]}<\/script>\n<!-- \/ Yoast SEO plugin. -->","yoast_head_json":{"title":"Cronograma definitivo de la primera campa\u00f1a anual contra la fiebre aftosa de 2014. | Proagro","robots":{"index":"index","follow":"follow","max-snippet":"max-snippet:-1","max-image-preview":"max-image-preview:large","max-video-preview":"max-video-preview:-1"},"canonical":"https:\/\/proagrolab.com.ar\/en\/cronograma-definitivo-de-la-primera-campana-anual-contra-la-fiebre-aftosa-de-2014\/","og_locale":"en_US","og_type":"article","og_title":"Cronograma definitivo de la primera campa\u00f1a anual contra la fiebre aftosa de 2014. | Proagro","og_description":"Se trata de una acci\u00f3n sanitaria indispensable para resguardar la inmunidad de la ganader\u00eda argentina. El Servicio Nacional de Sanidad y Calidad Agroalimentaria (Senasa) informa que se inici\u00f3 la primera campa\u00f1a de vacunaci\u00f3n anual contra la fiebre aftosa en las regiones en las que se aplica de forma sistem\u00e1tica. Simult\u00e1neamente se inoculan las terneras de entre 3 y 8 meses de edad contra la brucelosis, a excepci\u00f3n de la provincia de Tierra del Fuego, reconocida como libre de la enfermedad. En esta campa\u00f1a se aplican distintas estrategias de vacunaci\u00f3n, dependiendo de la provincia o regi\u00f3n. En Buenos Aires, Entre R\u00edos y Corrientes, las provincias de mayor concentraci\u00f3n ganadera, s\u00f3lo se vacunar\u00e1 a las categor\u00edas menores de bovinos\/bubalinos, es decir terneros\/as, vaquillonas, toritos, novillitos y novillos. En el resto de las provincias, la vacunaci\u00f3n incluye a ambas categor\u00edas, menores y mayores. Cabe recordar que, desde la segunda campa\u00f1a de vacunaci\u00f3n de 2010, se aplica una nueva estrategia de vacunaci\u00f3n que consiste en inocular en una campa\u00f1a a todas las categor\u00edas etarias y en otra, s\u00f3lo a las categor\u00edas de menores (no se vacunan toros y vacas), en forma alternada, seg\u00fan lo establecido en la Resoluci\u00f3n Senasa N\u00ba 181\/2010. La vacunaci\u00f3n es [&hellip;]","og_url":"https:\/\/proagrolab.com.ar\/cronograma-definitivo-de-la-primera-campana-anual-contra-la-fiebre-aftosa-de-2014\/","og_site_name":"Proagro","article_publisher":"http:\/\/www.facebook.com\/proagrolab","article_published_time":"2014-03-12T00:00:01+00:00","og_image":[{"width":450,"height":208,"url":"https:\/\/proagrolab.com.ar\/wp-content\/uploads\/2015\/01\/g_5uyxb3ksy__Vacunacion-4.jpg","type":"image\/jpeg"}],"author":"proagrolab","twitter_card":"summary_large_image","twitter_misc":{"Written by":"proagrolab","Est. reading time":"1 minute"},"schema":{"@context":"https:\/\/schema.org","@graph":[{"@type":"Article","@id":"https:\/\/proagrolab.com.ar\/cronograma-definitivo-de-la-primera-campana-anual-contra-la-fiebre-aftosa-de-2014\/#article","isPartOf":{"@id":"https:\/\/proagrolab.com.ar\/cronograma-definitivo-de-la-primera-campana-anual-contra-la-fiebre-aftosa-de-2014\/"},"author":{"name":"proagrolab","@id":"https:\/\/proagrolab.com.ar\/#\/schema\/person\/38003ff90bf80381f71c7d922d207444"},"headline":"Cronograma definitivo de la primera campa\u00f1a anual contra la fiebre aftosa de 2014.","datePublished":"2014-03-12T00:00:01+00:00","mainEntityOfPage":{"@id":"https:\/\/proagrolab.com.ar\/cronograma-definitivo-de-la-primera-campana-anual-contra-la-fiebre-aftosa-de-2014\/"},"wordCount":261,"publisher":{"@id":"https:\/\/proagrolab.com.ar\/#organization"},"image":{"@id":"https:\/\/proagrolab.com.ar\/cronograma-definitivo-de-la-primera-campana-anual-contra-la-fiebre-aftosa-de-2014\/#primaryimage"},"thumbnailUrl":"https:\/\/proagrolab.com.ar\/wp-content\/uploads\/2015\/01\/g_5uyxb3ksy__Vacunacion-4.jpg","articleSection":["News"],"inLanguage":"en-US"},{"@type":"WebPage","@id":"https:\/\/proagrolab.com.ar\/cronograma-definitivo-de-la-primera-campana-anual-contra-la-fiebre-aftosa-de-2014\/","url":"https:\/\/proagrolab.com.ar\/cronograma-definitivo-de-la-primera-campana-anual-contra-la-fiebre-aftosa-de-2014\/","name":"Cronograma definitivo de la primera campa\u00f1a anual contra la fiebre aftosa de 2014. | Proagro","isPartOf":{"@id":"https:\/\/proagrolab.com.ar\/#website"},"primaryImageOfPage":{"@id":"https:\/\/proagrolab.com.ar\/cronograma-definitivo-de-la-primera-campana-anual-contra-la-fiebre-aftosa-de-2014\/#primaryimage"},"image":{"@id":"https:\/\/proagrolab.com.ar\/cronograma-definitivo-de-la-primera-campana-anual-contra-la-fiebre-aftosa-de-2014\/#primaryimage"},"thumbnailUrl":"https:\/\/proagrolab.com.ar\/wp-content\/uploads\/2015\/01\/g_5uyxb3ksy__Vacunacion-4.jpg","datePublished":"2014-03-12T00:00:01+00:00","breadcrumb":{"@id":"https:\/\/proagrolab.com.ar\/cronograma-definitivo-de-la-primera-campana-anual-contra-la-fiebre-aftosa-de-2014\/#breadcrumb"},"inLanguage":"en-US","potentialAction":[{"@type":"ReadAction","target":["https:\/\/proagrolab.com.ar\/cronograma-definitivo-de-la-primera-campana-anual-contra-la-fiebre-aftosa-de-2014\/"]}]},{"@type":"ImageObject","inLanguage":"en-US","@id":"https:\/\/proagrolab.com.ar\/cronograma-definitivo-de-la-primera-campana-anual-contra-la-fiebre-aftosa-de-2014\/#primaryimage","url":"https:\/\/proagrolab.com.ar\/wp-content\/uploads\/2015\/01\/g_5uyxb3ksy__Vacunacion-4.jpg","contentUrl":"https:\/\/proagrolab.com.ar\/wp-content\/uploads\/2015\/01\/g_5uyxb3ksy__Vacunacion-4.jpg","width":450,"height":208},{"@type":"BreadcrumbList","@id":"https:\/\/proagrolab.com.ar\/cronograma-definitivo-de-la-primera-campana-anual-contra-la-fiebre-aftosa-de-2014\/#breadcrumb","itemListElement":[{"@type":"ListItem","position":1,"name":"Portada","item":"https:\/\/proagrolab.com.ar\/"},{"@type":"ListItem","position":2,"name":"Cronograma definitivo de la primera campa\u00f1a anual contra la fiebre aftosa de 2014."}]},{"@type":"WebSite","@id":"https:\/\/proagrolab.com.ar\/#website","url":"https:\/\/proagrolab.com.ar\/","name":"Proagro Laboratorio Veterinario","description":"Veterinary laboratory","publisher":{"@id":"https:\/\/proagrolab.com.ar\/#organization"},"potentialAction":[{"@type":"SearchAction","target":{"@type":"EntryPoint","urlTemplate":"https:\/\/proagrolab.com.ar\/?s={search_term_string}"},"query-input":{"@type":"PropertyValueSpecification","valueRequired":true,"valueName":"search_term_string"}}],"inLanguage":"en-US"},{"@type":"Organization","@id":"https:\/\/proagrolab.com.ar\/#organization","name":"Proagro","url":"https:\/\/proagrolab.com.ar\/","logo":{"@type":"ImageObject","inLanguage":"en-US","@id":"https:\/\/proagrolab.com.ar\/#\/schema\/logo\/image\/","url":"https:\/\/proagrolab.com.ar\/wp-content\/uploads\/2020\/04\/logo-retina.png","contentUrl":"https:\/\/proagrolab.com.ar\/wp-content\/uploads\/2020\/04\/logo-retina.png","width":478,"height":120,"caption":"Proagro"},"image":{"@id":"https:\/\/proagrolab.com.ar\/#\/schema\/logo\/image\/"},"sameAs":["http:\/\/www.facebook.com\/proagrolab","https:\/\/www.instagram.com\/proagrolab\/","https:\/\/www.linkedin.com\/company\/laboratorio-proagro-s-a\/"]},{"@type":"Person","@id":"https:\/\/proagrolab.com.ar\/#\/schema\/person\/38003ff90bf80381f71c7d922d207444","name":"proagrolab"}]}},"_links":{"self":[{"href":"https:\/\/proagrolab.com.ar\/en\/wp-json\/wp\/v2\/posts\/6000","targetHints":{"allow":["GET"]}}],"collection":[{"href":"https:\/\/proagrolab.com.ar\/en\/wp-json\/wp\/v2\/posts"}],"about":[{"href":"https:\/\/proagrolab.com.ar\/en\/wp-json\/wp\/v2\/types\/post"}],"author":[{"embeddable":true,"href":"https:\/\/proagrolab.com.ar\/en\/wp-json\/wp\/v2\/users\/2"}],"replies":[{"embeddable":true,"href":"https:\/\/proagrolab.com.ar\/en\/wp-json\/wp\/v2\/comments?post=6000"}],"version-history":[{"count":0,"href":"https:\/\/proagrolab.com.ar\/en\/wp-json\/wp\/v2\/posts\/6000\/revisions"}],"wp:featuredmedia":[{"embeddable":true,"href":"https:\/\/proagrolab.com.ar\/en\/wp-json\/wp\/v2\/media\/2485"}],"wp:attachment":[{"href":"https:\/\/proagrolab.com.ar\/en\/wp-json\/wp\/v2\/media?parent=6000"}],"wp:term":[{"taxonomy":"category","embeddable":true,"href":"https:\/\/proagrolab.com.ar\/en\/wp-json\/wp\/v2\/categories?post=6000"},{"taxonomy":"post_tag","embeddable":true,"href":"https:\/\/proagrolab.com.ar\/en\/wp-json\/wp\/v2\/tags?post=6000"}],"curies":[{"name":"wp","href":"https:\/\/api.w.org\/{rel}","templated":true}]}}