{"id":5997,"date":"2014-03-11T00:00:01","date_gmt":"2014-03-11T00:00:01","guid":{"rendered":"https:\/\/proagrolab.com.ar\/advierten-que-podria-aumentar-la-carne-por-una-medida-oficial\/"},"modified":"2014-03-11T00:00:01","modified_gmt":"2014-03-11T00:00:01","slug":"advierten-que-podria-aumentar-la-carne-por-una-medida-oficial","status":"publish","type":"post","link":"https:\/\/proagrolab.com.ar\/en\/advierten-que-podria-aumentar-la-carne-por-una-medida-oficial\/","title":{"rendered":"Advierten que podr\u00eda aumentar la carne por una medida oficial."},"content":{"rendered":"<p class=\"qtranxs-available-languages-message qtranxs-available-languages-message-en\"> <\/p><p>Los frigor\u00edficos aumentar\u00edan la media res ante la rebaja de precios que impulsa el Gobierno para los cueros crudos.<\/p>\n<p>Por Fernando Bertello.<\/p>\n<p>Luego de una orden del Gobierno para que bajen los precios de los cueros crudos bovinos, empresas curtidoras comenzaron a pagar el viernes pasado un peso menos por kilo a los frigor\u00edficos, seg\u00fan fuentes de la industria. As\u00ed, de 14,40 pesos por kilo pasaron a abonar 13,30 pesos.<\/p>\n<p>La rebaja es una exigencia del Ministerio de Industria y de la Secretar\u00eda de Comercio para beneficiar a curtiembres y a la industria marroquinera, pero podr\u00eda tener un efecto contraindicado: podr\u00eda hacer subir el precio de la carne, que el Gobierno quiere controlar.<\/p>\n<p>Inicialmente, las autoridades hab\u00edan reclamado una reducci\u00f3n aun m\u00e1s fuerte, ya que ped\u00edan que se pagara 9 pesos por kilo. En el mercado internacional, la materia prima subi\u00f3 m\u00e1s de 60% en los \u00faltimos tres meses, y aqu\u00ed la devaluaci\u00f3n sum\u00f3 otro elemento de presi\u00f3n, que el Gobierno ahora quiere desactivar.<\/p>\n<p>El jueves pasado, en una reuni\u00f3n convocada por la C\u00e1mara de la Industria Curtidora Argentina (CICA), las mismas curtiembres transmitieron a la industria frigor\u00edfica esa iniciativa para hacer caer los precios. All\u00ed, los frigor\u00edficos, que resisten la embestida porque afecta lo que se conoce como el recupero, no tomaron ning\u00fan compromiso.<\/p>\n<p>Pero al d\u00eda siguiente hubo curtiembres que, seg\u00fan industriales del sector frigor\u00edfico, avanzaron en la direcci\u00f3n de pagar un peso menos por kilo. Para los frigor\u00edficos, cumplir con la rebaja los pone en una disyuntiva. Tienen que decidir entre trasladar la rebaja al precio de la hacienda, lo que afectar\u00eda a los productores, o aumentarles la media res a los carniceros para recuperar margen.<\/p>\n<p>Como escasea la hacienda, una eventual reducci\u00f3n del valor del ganado es complicada. Por eso, avanzar\u00edan en el incremento del precio a las carnicer\u00edas, que, a su vez, terminar\u00eda impactando sobre los consumidores.<\/p>\n<p>&#8220;Si baja el cuero, sube la carne&#8221;, argumentaron fuentes del sector. Miguel Schiariti, presidente de la C\u00e1mara de la Industria y el Comercio de Carnes (Ciccra), hab\u00eda calculado una suba de la media res a salida de f\u00e1brica a raz\u00f3n de un peso por kilo si el cuero ca\u00eda de 14,40 a 9 pesos. Ahora, con una baja de un peso, a 13,30 pesos, el incremento de la media res rondar\u00eda los 25 centavos.<\/p>\n<p>Parece un incremento leve, pero podr\u00eda repercutir sobre el precio al p\u00fablico en pocos d\u00edas.<\/p>\n<p>Por otra parte, hay empresarios preocupados por el impacto econ\u00f3mico de la rebaja inicial pretendida por el Gobierno. Seg\u00fan c\u00e1lculos de un grupo de industriales, unos 180 millones de pesos por mes pasar\u00edan de su sector a las curtiembres y otros eslabones manufactureros.<\/p>\n<p>Fuente: La Naci\u00f3n, 11 de marzo.<br \/><\/p>","protected":false},"excerpt":{"rendered":"<p>Los frigor\u00edficos aumentar\u00edan la media res ante la rebaja de precios que impulsa el Gobierno para los cueros crudos. Por Fernando Bertello. Luego de una orden del Gobierno para que bajen los precios de los cueros crudos bovinos, empresas curtidoras comenzaron a pagar el viernes pasado un peso menos por kilo a los frigor\u00edficos, seg\u00fan fuentes de la industria. As\u00ed, de 14,40 pesos por kilo pasaron a abonar 13,30 pesos. La rebaja es una exigencia del Ministerio de Industria y de la Secretar\u00eda de Comercio para beneficiar a curtiembres y a la industria marroquinera, pero podr\u00eda tener un efecto contraindicado: podr\u00eda hacer subir el precio de la carne, que el Gobierno quiere controlar. Inicialmente, las autoridades hab\u00edan reclamado una reducci\u00f3n aun m\u00e1s fuerte, ya que ped\u00edan que se pagara 9 pesos por kilo. En el mercado internacional, la materia prima subi\u00f3 m\u00e1s de 60% en los \u00faltimos tres meses, y aqu\u00ed la devaluaci\u00f3n sum\u00f3 otro elemento de presi\u00f3n, que el Gobierno ahora quiere desactivar. El jueves pasado, en una reuni\u00f3n convocada por la C\u00e1mara de la Industria Curtidora Argentina (CICA), las mismas curtiembres transmitieron a la industria frigor\u00edfica esa iniciativa para hacer caer los precios. All\u00ed, los frigor\u00edficos, que resisten [&hellip;]<\/p>\n","protected":false},"author":2,"featured_media":2482,"comment_status":"closed","ping_status":"open","sticky":false,"template":"","format":"standard","meta":{"_acf_changed":false,"footnotes":""},"categories":[56],"tags":[],"class_list":["post-5997","post","type-post","status-publish","format-standard","has-post-thumbnail","hentry","category-infoganadero"],"acf":[],"yoast_head":"<!-- This site is optimized with the Yoast SEO plugin v27.4 - https:\/\/yoast.com\/product\/yoast-seo-wordpress\/ -->\n<title>Advierten que podr\u00eda aumentar la carne por una medida oficial. | Proagro<\/title>\n<meta name=\"robots\" content=\"index, follow, max-snippet:-1, max-image-preview:large, max-video-preview:-1\" \/>\n<link rel=\"canonical\" href=\"https:\/\/proagrolab.com.ar\/en\/advierten-que-podria-aumentar-la-carne-por-una-medida-oficial\/\" \/>\n<meta property=\"og:locale\" content=\"en_US\" \/>\n<meta property=\"og:type\" content=\"article\" \/>\n<meta property=\"og:title\" content=\"Advierten que podr\u00eda aumentar la carne por una medida oficial. | Proagro\" \/>\n<meta property=\"og:description\" content=\"Los frigor\u00edficos aumentar\u00edan la media res ante la rebaja de precios que impulsa el Gobierno para los cueros crudos. Por Fernando Bertello. Luego de una orden del Gobierno para que bajen los precios de los cueros crudos bovinos, empresas curtidoras comenzaron a pagar el viernes pasado un peso menos por kilo a los frigor\u00edficos, seg\u00fan fuentes de la industria. As\u00ed, de 14,40 pesos por kilo pasaron a abonar 13,30 pesos. La rebaja es una exigencia del Ministerio de Industria y de la Secretar\u00eda de Comercio para beneficiar a curtiembres y a la industria marroquinera, pero podr\u00eda tener un efecto contraindicado: podr\u00eda hacer subir el precio de la carne, que el Gobierno quiere controlar. Inicialmente, las autoridades hab\u00edan reclamado una reducci\u00f3n aun m\u00e1s fuerte, ya que ped\u00edan que se pagara 9 pesos por kilo. En el mercado internacional, la materia prima subi\u00f3 m\u00e1s de 60% en los \u00faltimos tres meses, y aqu\u00ed la devaluaci\u00f3n sum\u00f3 otro elemento de presi\u00f3n, que el Gobierno ahora quiere desactivar. El jueves pasado, en una reuni\u00f3n convocada por la C\u00e1mara de la Industria Curtidora Argentina (CICA), las mismas curtiembres transmitieron a la industria frigor\u00edfica esa iniciativa para hacer caer los precios. All\u00ed, los frigor\u00edficos, que resisten [&hellip;]\" \/>\n<meta property=\"og:url\" content=\"https:\/\/proagrolab.com.ar\/advierten-que-podria-aumentar-la-carne-por-una-medida-oficial\/\" \/>\n<meta property=\"og:site_name\" content=\"Proagro\" \/>\n<meta property=\"article:publisher\" content=\"http:\/\/www.facebook.com\/proagrolab\" \/>\n<meta property=\"article:published_time\" content=\"2014-03-11T00:00:01+00:00\" \/>\n<meta property=\"og:image\" content=\"https:\/\/proagrolab.com.ar\/wp-content\/uploads\/2015\/01\/g_vm3zl2yj8__Frigorifico-5.jpg\" \/>\n\t<meta property=\"og:image:width\" content=\"450\" \/>\n\t<meta property=\"og:image:height\" content=\"208\" \/>\n\t<meta property=\"og:image:type\" content=\"image\/jpeg\" \/>\n<meta name=\"author\" content=\"proagrolab\" \/>\n<meta name=\"twitter:card\" content=\"summary_large_image\" \/>\n<meta name=\"twitter:label1\" content=\"Written by\" \/>\n\t<meta name=\"twitter:data1\" content=\"proagrolab\" \/>\n\t<meta name=\"twitter:label2\" content=\"Est. reading time\" \/>\n\t<meta name=\"twitter:data2\" content=\"2 minutes\" \/>\n<script type=\"application\/ld+json\" class=\"yoast-schema-graph\">{\"@context\":\"https:\\\/\\\/schema.org\",\"@graph\":[{\"@type\":\"Article\",\"@id\":\"https:\\\/\\\/proagrolab.com.ar\\\/advierten-que-podria-aumentar-la-carne-por-una-medida-oficial\\\/#article\",\"isPartOf\":{\"@id\":\"https:\\\/\\\/proagrolab.com.ar\\\/advierten-que-podria-aumentar-la-carne-por-una-medida-oficial\\\/\"},\"author\":{\"name\":\"proagrolab\",\"@id\":\"https:\\\/\\\/proagrolab.com.ar\\\/#\\\/schema\\\/person\\\/38003ff90bf80381f71c7d922d207444\"},\"headline\":\"Advierten que podr\u00eda aumentar la carne por una medida oficial.\",\"datePublished\":\"2014-03-11T00:00:01+00:00\",\"mainEntityOfPage\":{\"@id\":\"https:\\\/\\\/proagrolab.com.ar\\\/advierten-que-podria-aumentar-la-carne-por-una-medida-oficial\\\/\"},\"wordCount\":494,\"publisher\":{\"@id\":\"https:\\\/\\\/proagrolab.com.ar\\\/#organization\"},\"image\":{\"@id\":\"https:\\\/\\\/proagrolab.com.ar\\\/advierten-que-podria-aumentar-la-carne-por-una-medida-oficial\\\/#primaryimage\"},\"thumbnailUrl\":\"https:\\\/\\\/proagrolab.com.ar\\\/wp-content\\\/uploads\\\/2015\\\/01\\\/g_vm3zl2yj8__Frigorifico-5.jpg\",\"articleSection\":[\"News\"],\"inLanguage\":\"en-US\"},{\"@type\":\"WebPage\",\"@id\":\"https:\\\/\\\/proagrolab.com.ar\\\/advierten-que-podria-aumentar-la-carne-por-una-medida-oficial\\\/\",\"url\":\"https:\\\/\\\/proagrolab.com.ar\\\/advierten-que-podria-aumentar-la-carne-por-una-medida-oficial\\\/\",\"name\":\"Advierten que podr\u00eda aumentar la carne por una medida oficial. | Proagro\",\"isPartOf\":{\"@id\":\"https:\\\/\\\/proagrolab.com.ar\\\/#website\"},\"primaryImageOfPage\":{\"@id\":\"https:\\\/\\\/proagrolab.com.ar\\\/advierten-que-podria-aumentar-la-carne-por-una-medida-oficial\\\/#primaryimage\"},\"image\":{\"@id\":\"https:\\\/\\\/proagrolab.com.ar\\\/advierten-que-podria-aumentar-la-carne-por-una-medida-oficial\\\/#primaryimage\"},\"thumbnailUrl\":\"https:\\\/\\\/proagrolab.com.ar\\\/wp-content\\\/uploads\\\/2015\\\/01\\\/g_vm3zl2yj8__Frigorifico-5.jpg\",\"datePublished\":\"2014-03-11T00:00:01+00:00\",\"breadcrumb\":{\"@id\":\"https:\\\/\\\/proagrolab.com.ar\\\/advierten-que-podria-aumentar-la-carne-por-una-medida-oficial\\\/#breadcrumb\"},\"inLanguage\":\"en-US\",\"potentialAction\":[{\"@type\":\"ReadAction\",\"target\":[\"https:\\\/\\\/proagrolab.com.ar\\\/advierten-que-podria-aumentar-la-carne-por-una-medida-oficial\\\/\"]}]},{\"@type\":\"ImageObject\",\"inLanguage\":\"en-US\",\"@id\":\"https:\\\/\\\/proagrolab.com.ar\\\/advierten-que-podria-aumentar-la-carne-por-una-medida-oficial\\\/#primaryimage\",\"url\":\"https:\\\/\\\/proagrolab.com.ar\\\/wp-content\\\/uploads\\\/2015\\\/01\\\/g_vm3zl2yj8__Frigorifico-5.jpg\",\"contentUrl\":\"https:\\\/\\\/proagrolab.com.ar\\\/wp-content\\\/uploads\\\/2015\\\/01\\\/g_vm3zl2yj8__Frigorifico-5.jpg\",\"width\":450,\"height\":208},{\"@type\":\"BreadcrumbList\",\"@id\":\"https:\\\/\\\/proagrolab.com.ar\\\/advierten-que-podria-aumentar-la-carne-por-una-medida-oficial\\\/#breadcrumb\",\"itemListElement\":[{\"@type\":\"ListItem\",\"position\":1,\"name\":\"Portada\",\"item\":\"https:\\\/\\\/proagrolab.com.ar\\\/\"},{\"@type\":\"ListItem\",\"position\":2,\"name\":\"Advierten que podr\u00eda aumentar la carne por una medida oficial.\"}]},{\"@type\":\"WebSite\",\"@id\":\"https:\\\/\\\/proagrolab.com.ar\\\/#website\",\"url\":\"https:\\\/\\\/proagrolab.com.ar\\\/\",\"name\":\"Proagro Laboratorio Veterinario\",\"description\":\"Veterinary laboratory\",\"publisher\":{\"@id\":\"https:\\\/\\\/proagrolab.com.ar\\\/#organization\"},\"potentialAction\":[{\"@type\":\"SearchAction\",\"target\":{\"@type\":\"EntryPoint\",\"urlTemplate\":\"https:\\\/\\\/proagrolab.com.ar\\\/?s={search_term_string}\"},\"query-input\":{\"@type\":\"PropertyValueSpecification\",\"valueRequired\":true,\"valueName\":\"search_term_string\"}}],\"inLanguage\":\"en-US\"},{\"@type\":\"Organization\",\"@id\":\"https:\\\/\\\/proagrolab.com.ar\\\/#organization\",\"name\":\"Proagro\",\"url\":\"https:\\\/\\\/proagrolab.com.ar\\\/\",\"logo\":{\"@type\":\"ImageObject\",\"inLanguage\":\"en-US\",\"@id\":\"https:\\\/\\\/proagrolab.com.ar\\\/#\\\/schema\\\/logo\\\/image\\\/\",\"url\":\"https:\\\/\\\/proagrolab.com.ar\\\/wp-content\\\/uploads\\\/2020\\\/04\\\/logo-retina.png\",\"contentUrl\":\"https:\\\/\\\/proagrolab.com.ar\\\/wp-content\\\/uploads\\\/2020\\\/04\\\/logo-retina.png\",\"width\":478,\"height\":120,\"caption\":\"Proagro\"},\"image\":{\"@id\":\"https:\\\/\\\/proagrolab.com.ar\\\/#\\\/schema\\\/logo\\\/image\\\/\"},\"sameAs\":[\"http:\\\/\\\/www.facebook.com\\\/proagrolab\",\"https:\\\/\\\/www.instagram.com\\\/proagrolab\\\/\",\"https:\\\/\\\/www.linkedin.com\\\/company\\\/laboratorio-proagro-s-a\\\/\"]},{\"@type\":\"Person\",\"@id\":\"https:\\\/\\\/proagrolab.com.ar\\\/#\\\/schema\\\/person\\\/38003ff90bf80381f71c7d922d207444\",\"name\":\"proagrolab\"}]}<\/script>\n<!-- \/ Yoast SEO plugin. -->","yoast_head_json":{"title":"Advierten que podr\u00eda aumentar la carne por una medida oficial. | Proagro","robots":{"index":"index","follow":"follow","max-snippet":"max-snippet:-1","max-image-preview":"max-image-preview:large","max-video-preview":"max-video-preview:-1"},"canonical":"https:\/\/proagrolab.com.ar\/en\/advierten-que-podria-aumentar-la-carne-por-una-medida-oficial\/","og_locale":"en_US","og_type":"article","og_title":"Advierten que podr\u00eda aumentar la carne por una medida oficial. | Proagro","og_description":"Los frigor\u00edficos aumentar\u00edan la media res ante la rebaja de precios que impulsa el Gobierno para los cueros crudos. Por Fernando Bertello. Luego de una orden del Gobierno para que bajen los precios de los cueros crudos bovinos, empresas curtidoras comenzaron a pagar el viernes pasado un peso menos por kilo a los frigor\u00edficos, seg\u00fan fuentes de la industria. As\u00ed, de 14,40 pesos por kilo pasaron a abonar 13,30 pesos. La rebaja es una exigencia del Ministerio de Industria y de la Secretar\u00eda de Comercio para beneficiar a curtiembres y a la industria marroquinera, pero podr\u00eda tener un efecto contraindicado: podr\u00eda hacer subir el precio de la carne, que el Gobierno quiere controlar. Inicialmente, las autoridades hab\u00edan reclamado una reducci\u00f3n aun m\u00e1s fuerte, ya que ped\u00edan que se pagara 9 pesos por kilo. En el mercado internacional, la materia prima subi\u00f3 m\u00e1s de 60% en los \u00faltimos tres meses, y aqu\u00ed la devaluaci\u00f3n sum\u00f3 otro elemento de presi\u00f3n, que el Gobierno ahora quiere desactivar. El jueves pasado, en una reuni\u00f3n convocada por la C\u00e1mara de la Industria Curtidora Argentina (CICA), las mismas curtiembres transmitieron a la industria frigor\u00edfica esa iniciativa para hacer caer los precios. All\u00ed, los frigor\u00edficos, que resisten [&hellip;]","og_url":"https:\/\/proagrolab.com.ar\/advierten-que-podria-aumentar-la-carne-por-una-medida-oficial\/","og_site_name":"Proagro","article_publisher":"http:\/\/www.facebook.com\/proagrolab","article_published_time":"2014-03-11T00:00:01+00:00","og_image":[{"width":450,"height":208,"url":"https:\/\/proagrolab.com.ar\/wp-content\/uploads\/2015\/01\/g_vm3zl2yj8__Frigorifico-5.jpg","type":"image\/jpeg"}],"author":"proagrolab","twitter_card":"summary_large_image","twitter_misc":{"Written by":"proagrolab","Est. reading time":"2 minutes"},"schema":{"@context":"https:\/\/schema.org","@graph":[{"@type":"Article","@id":"https:\/\/proagrolab.com.ar\/advierten-que-podria-aumentar-la-carne-por-una-medida-oficial\/#article","isPartOf":{"@id":"https:\/\/proagrolab.com.ar\/advierten-que-podria-aumentar-la-carne-por-una-medida-oficial\/"},"author":{"name":"proagrolab","@id":"https:\/\/proagrolab.com.ar\/#\/schema\/person\/38003ff90bf80381f71c7d922d207444"},"headline":"Advierten que podr\u00eda aumentar la carne por una medida oficial.","datePublished":"2014-03-11T00:00:01+00:00","mainEntityOfPage":{"@id":"https:\/\/proagrolab.com.ar\/advierten-que-podria-aumentar-la-carne-por-una-medida-oficial\/"},"wordCount":494,"publisher":{"@id":"https:\/\/proagrolab.com.ar\/#organization"},"image":{"@id":"https:\/\/proagrolab.com.ar\/advierten-que-podria-aumentar-la-carne-por-una-medida-oficial\/#primaryimage"},"thumbnailUrl":"https:\/\/proagrolab.com.ar\/wp-content\/uploads\/2015\/01\/g_vm3zl2yj8__Frigorifico-5.jpg","articleSection":["News"],"inLanguage":"en-US"},{"@type":"WebPage","@id":"https:\/\/proagrolab.com.ar\/advierten-que-podria-aumentar-la-carne-por-una-medida-oficial\/","url":"https:\/\/proagrolab.com.ar\/advierten-que-podria-aumentar-la-carne-por-una-medida-oficial\/","name":"Advierten que podr\u00eda aumentar la carne por una medida oficial. | Proagro","isPartOf":{"@id":"https:\/\/proagrolab.com.ar\/#website"},"primaryImageOfPage":{"@id":"https:\/\/proagrolab.com.ar\/advierten-que-podria-aumentar-la-carne-por-una-medida-oficial\/#primaryimage"},"image":{"@id":"https:\/\/proagrolab.com.ar\/advierten-que-podria-aumentar-la-carne-por-una-medida-oficial\/#primaryimage"},"thumbnailUrl":"https:\/\/proagrolab.com.ar\/wp-content\/uploads\/2015\/01\/g_vm3zl2yj8__Frigorifico-5.jpg","datePublished":"2014-03-11T00:00:01+00:00","breadcrumb":{"@id":"https:\/\/proagrolab.com.ar\/advierten-que-podria-aumentar-la-carne-por-una-medida-oficial\/#breadcrumb"},"inLanguage":"en-US","potentialAction":[{"@type":"ReadAction","target":["https:\/\/proagrolab.com.ar\/advierten-que-podria-aumentar-la-carne-por-una-medida-oficial\/"]}]},{"@type":"ImageObject","inLanguage":"en-US","@id":"https:\/\/proagrolab.com.ar\/advierten-que-podria-aumentar-la-carne-por-una-medida-oficial\/#primaryimage","url":"https:\/\/proagrolab.com.ar\/wp-content\/uploads\/2015\/01\/g_vm3zl2yj8__Frigorifico-5.jpg","contentUrl":"https:\/\/proagrolab.com.ar\/wp-content\/uploads\/2015\/01\/g_vm3zl2yj8__Frigorifico-5.jpg","width":450,"height":208},{"@type":"BreadcrumbList","@id":"https:\/\/proagrolab.com.ar\/advierten-que-podria-aumentar-la-carne-por-una-medida-oficial\/#breadcrumb","itemListElement":[{"@type":"ListItem","position":1,"name":"Portada","item":"https:\/\/proagrolab.com.ar\/"},{"@type":"ListItem","position":2,"name":"Advierten que podr\u00eda aumentar la carne por una medida oficial."}]},{"@type":"WebSite","@id":"https:\/\/proagrolab.com.ar\/#website","url":"https:\/\/proagrolab.com.ar\/","name":"Proagro Laboratorio Veterinario","description":"Veterinary laboratory","publisher":{"@id":"https:\/\/proagrolab.com.ar\/#organization"},"potentialAction":[{"@type":"SearchAction","target":{"@type":"EntryPoint","urlTemplate":"https:\/\/proagrolab.com.ar\/?s={search_term_string}"},"query-input":{"@type":"PropertyValueSpecification","valueRequired":true,"valueName":"search_term_string"}}],"inLanguage":"en-US"},{"@type":"Organization","@id":"https:\/\/proagrolab.com.ar\/#organization","name":"Proagro","url":"https:\/\/proagrolab.com.ar\/","logo":{"@type":"ImageObject","inLanguage":"en-US","@id":"https:\/\/proagrolab.com.ar\/#\/schema\/logo\/image\/","url":"https:\/\/proagrolab.com.ar\/wp-content\/uploads\/2020\/04\/logo-retina.png","contentUrl":"https:\/\/proagrolab.com.ar\/wp-content\/uploads\/2020\/04\/logo-retina.png","width":478,"height":120,"caption":"Proagro"},"image":{"@id":"https:\/\/proagrolab.com.ar\/#\/schema\/logo\/image\/"},"sameAs":["http:\/\/www.facebook.com\/proagrolab","https:\/\/www.instagram.com\/proagrolab\/","https:\/\/www.linkedin.com\/company\/laboratorio-proagro-s-a\/"]},{"@type":"Person","@id":"https:\/\/proagrolab.com.ar\/#\/schema\/person\/38003ff90bf80381f71c7d922d207444","name":"proagrolab"}]}},"_links":{"self":[{"href":"https:\/\/proagrolab.com.ar\/en\/wp-json\/wp\/v2\/posts\/5997","targetHints":{"allow":["GET"]}}],"collection":[{"href":"https:\/\/proagrolab.com.ar\/en\/wp-json\/wp\/v2\/posts"}],"about":[{"href":"https:\/\/proagrolab.com.ar\/en\/wp-json\/wp\/v2\/types\/post"}],"author":[{"embeddable":true,"href":"https:\/\/proagrolab.com.ar\/en\/wp-json\/wp\/v2\/users\/2"}],"replies":[{"embeddable":true,"href":"https:\/\/proagrolab.com.ar\/en\/wp-json\/wp\/v2\/comments?post=5997"}],"version-history":[{"count":0,"href":"https:\/\/proagrolab.com.ar\/en\/wp-json\/wp\/v2\/posts\/5997\/revisions"}],"wp:featuredmedia":[{"embeddable":true,"href":"https:\/\/proagrolab.com.ar\/en\/wp-json\/wp\/v2\/media\/2482"}],"wp:attachment":[{"href":"https:\/\/proagrolab.com.ar\/en\/wp-json\/wp\/v2\/media?parent=5997"}],"wp:term":[{"taxonomy":"category","embeddable":true,"href":"https:\/\/proagrolab.com.ar\/en\/wp-json\/wp\/v2\/categories?post=5997"},{"taxonomy":"post_tag","embeddable":true,"href":"https:\/\/proagrolab.com.ar\/en\/wp-json\/wp\/v2\/tags?post=5997"}],"curies":[{"name":"wp","href":"https:\/\/api.w.org\/{rel}","templated":true}]}}