{"id":5994,"date":"2014-03-07T00:00:01","date_gmt":"2014-03-07T00:00:01","guid":{"rendered":"https:\/\/proagrolab.com.ar\/como-todos-los-anos-a-fin-del-verano-se-ajusta-el-precio-en-la-hacienda-gorda-caf\/"},"modified":"2014-03-07T00:00:01","modified_gmt":"2014-03-07T00:00:01","slug":"como-todos-los-anos-a-fin-del-verano-se-ajusta-el-precio-en-la-hacienda-gorda-caf","status":"publish","type":"post","link":"https:\/\/proagrolab.com.ar\/en\/como-todos-los-anos-a-fin-del-verano-se-ajusta-el-precio-en-la-hacienda-gorda-caf\/","title":{"rendered":"Como todos los a\u00f1os, a fin del verano se ajusta el precio en la hacienda gorda &#8211; CAF."},"content":{"rendered":"<p class=\"qtranxs-available-languages-message qtranxs-available-languages-message-en\"> <\/p><p>La ocupaci\u00f3n de los corrales para principio de febrero, rond\u00f3 el 53 %, mismo valor que diciembre y enero.<\/p>\n<p>Claramente estamos frente a unos corrales expectantes, que mantienen la ocupaci\u00f3n estable, con un IRF (compras sobre ventas), de equilibrio (0.98 durante el mes de enero). Tendencia que se repite todos los a\u00f1os, y que se revierte cuando inicie fuertemente la zafra, es decir durante marzo, abril y mayo.<\/p>\n<p>Durante el mes de enero, m\u00e1s all\u00e1 de la estabilidad en los encierres, se han observado cambios, tanto en los costos, como en los precios de la hacienda. El costo del kilo producido, para hacienda liviana, (y la m\u00e1s eficiente) no baja de los 13-14 pesos el kilo; cuando promediando el 2013, habl\u00e1bamos de 8-9 pesos. Los insumos de la alimentaci\u00f3n y sanidad, el gasoil y el mantenimiento de las maquinarias se encuentran entre los principales factores del aumento.<\/p>\n<p>Respecto de los valores de la hacienda, vale una explicaci\u00f3n con mayor detenimiento. Mucho se ha publicado en las \u00faltimas semanas, sobre su aumento y el impacto en el mostrador. Pero no se ha explicado correctamente el tema. La hacienda en pie viene verificando, durante los \u00faltimos a\u00f1os, un ajuste en los finales del verano y principios del oto\u00f1o.<\/p>\n<p>Este ajuste esta relacionado con una faltante de oferta de animal gordo en dichos meses. Ahora bien, lo que no se ha dicho en general, es que la hacienda en pie sube en estos meses, hasta alcanzar un techo, para luego, con el correr del a\u00f1o, ir ajustando a la baja. Los precios pueden perder un 10 % en promedio como fue la diferencia entre oto\u00f1o y primavera 2013, o hasta un 25 % como fue en el 2012. Claramente, este ajuste a la baja que se da en pie, no se verifica en el \u0093mostrador\u0094. La estrategia de la industria y los comerciantes durante estos meses, es culpar a la hacienda en pie, y ajustar en el mostrador. Todo lo que ellos ajusten hoy saben que ser\u00e1 un margen adicional con el correr de los meses, en la medida que la hacienda empiece a bajar su precio.<\/p>\n<p><i>Para tomar como referencias<\/i><br \/>El Promedio del Ternero en mercado de Liniers en el mes de Abril 2011(valor techo para ese a\u00f1o), fue de 9.66 $; y el del novillo, de 7.94 $ por kilo. Los valores para esas mismas categor\u00edas en Febrero 14, fueron de 15.55 $ el kilo promedio de ternero; y 14.2 $ para el novillo. Si tomamos los valores de febrero 14, como el ajuste para todo el 2014 en cuesti\u00f3n; tenemos que la hacienda en pie, ajust\u00f3 durante 2011\/12\/13 y 14, un 15.36 % por a\u00f1o, para la categor\u00eda ternero; y un 18 % por a\u00f1o, para la categor\u00eda novillo.<\/p>\n<p>Ambos valores por debajo de la pauta inflacionaria. La hacienda no ajusta todos los meses, un valor determinado. La hacienda ajusta por ciclos productivos; y puede permanecer con un atraso importante respecto a la inflaci\u00f3n. Si tomamos el valor de Mayo 12, del ternero, lo encontramos a 11.38 $ el kilo.<\/p>\n<p>A partir de esa fecha, el precio baj\u00f3, y reci\u00e9n alcanzo y super\u00f3 ese valor, en Noviembre 2013, es decir 18 meses despu\u00e9s. Creemos que es importante clarificar esto, porque sino se pierde de foco la realidad del sector y se mal entienden los aumentos de precios. Resumiendo, la hacienda en pie, no ajusta mensualmente, sino lo hace en forma estacional; y tal vez pueden pasar varios ciclos productivos sin que suba, y por lo contario baje.<\/p>\n<p>Que el sector industrial y comercial, ajuste los valores al mostrador, en base a los precios m\u00e1ximos del a\u00f1o, sabiendo que despu\u00e9s, se verifica inexorablemente una baja de la hacienda, es un tema de esos eslabones, que deber\u00e1n analizarse de manera particular, si lo que preocupa, son los precios al p\u00fablico. Lo que si est\u00e1 claro, es que los valores que recibe el productor, necesarios para la inversi\u00f3n que representa la producci\u00f3n de carne, no subieron en forma desmedida ni antojadiza. Tan s\u00f3lo se vienen recuperando, desde octubre pasado, los precios que se verificaban en abril 2012.<\/p>\n<p>Si la hacienda en pie no tiene valores acordes a los costos actuales, no hay manera de trasladar valores a la cr\u00eda, y as\u00ed, toda la cadena productiva termina fren\u00e1ndose, con las consecuencias que todos conocemos; ca\u00eddas de stocks, y aumento de precios estructurales, por falta de oferta.<\/p>\n<p>Fuente: Agrositio, 7 de marzo.<br \/><\/p>","protected":false},"excerpt":{"rendered":"<p>La ocupaci\u00f3n de los corrales para principio de febrero, rond\u00f3 el 53 %, mismo valor que diciembre y enero. Claramente estamos frente a unos corrales expectantes, que mantienen la ocupaci\u00f3n estable, con un IRF (compras sobre ventas), de equilibrio (0.98 durante el mes de enero). Tendencia que se repite todos los a\u00f1os, y que se revierte cuando inicie fuertemente la zafra, es decir durante marzo, abril y mayo. Durante el mes de enero, m\u00e1s all\u00e1 de la estabilidad en los encierres, se han observado cambios, tanto en los costos, como en los precios de la hacienda. El costo del kilo producido, para hacienda liviana, (y la m\u00e1s eficiente) no baja de los 13-14 pesos el kilo; cuando promediando el 2013, habl\u00e1bamos de 8-9 pesos. Los insumos de la alimentaci\u00f3n y sanidad, el gasoil y el mantenimiento de las maquinarias se encuentran entre los principales factores del aumento. Respecto de los valores de la hacienda, vale una explicaci\u00f3n con mayor detenimiento. Mucho se ha publicado en las \u00faltimas semanas, sobre su aumento y el impacto en el mostrador. Pero no se ha explicado correctamente el tema. La hacienda en pie viene verificando, durante los \u00faltimos a\u00f1os, un ajuste en los finales [&hellip;]<\/p>\n","protected":false},"author":2,"featured_media":2479,"comment_status":"closed","ping_status":"open","sticky":false,"template":"","format":"standard","meta":{"_acf_changed":false,"footnotes":""},"categories":[56],"tags":[],"class_list":["post-5994","post","type-post","status-publish","format-standard","has-post-thumbnail","hentry","category-infoganadero"],"acf":[],"yoast_head":"<!-- This site is optimized with the Yoast SEO plugin v27.4 - https:\/\/yoast.com\/product\/yoast-seo-wordpress\/ -->\n<title>Como todos los a\u00f1os, a fin del verano se ajusta el precio en la hacienda gorda - CAF. | Proagro<\/title>\n<meta name=\"robots\" content=\"index, follow, max-snippet:-1, max-image-preview:large, max-video-preview:-1\" \/>\n<link rel=\"canonical\" href=\"https:\/\/proagrolab.com.ar\/en\/como-todos-los-anos-a-fin-del-verano-se-ajusta-el-precio-en-la-hacienda-gorda-caf\/\" \/>\n<meta property=\"og:locale\" content=\"en_US\" \/>\n<meta property=\"og:type\" content=\"article\" \/>\n<meta property=\"og:title\" content=\"Como todos los a\u00f1os, a fin del verano se ajusta el precio en la hacienda gorda - CAF. | Proagro\" \/>\n<meta property=\"og:description\" content=\"La ocupaci\u00f3n de los corrales para principio de febrero, rond\u00f3 el 53 %, mismo valor que diciembre y enero. Claramente estamos frente a unos corrales expectantes, que mantienen la ocupaci\u00f3n estable, con un IRF (compras sobre ventas), de equilibrio (0.98 durante el mes de enero). Tendencia que se repite todos los a\u00f1os, y que se revierte cuando inicie fuertemente la zafra, es decir durante marzo, abril y mayo. Durante el mes de enero, m\u00e1s all\u00e1 de la estabilidad en los encierres, se han observado cambios, tanto en los costos, como en los precios de la hacienda. El costo del kilo producido, para hacienda liviana, (y la m\u00e1s eficiente) no baja de los 13-14 pesos el kilo; cuando promediando el 2013, habl\u00e1bamos de 8-9 pesos. Los insumos de la alimentaci\u00f3n y sanidad, el gasoil y el mantenimiento de las maquinarias se encuentran entre los principales factores del aumento. Respecto de los valores de la hacienda, vale una explicaci\u00f3n con mayor detenimiento. Mucho se ha publicado en las \u00faltimas semanas, sobre su aumento y el impacto en el mostrador. Pero no se ha explicado correctamente el tema. La hacienda en pie viene verificando, durante los \u00faltimos a\u00f1os, un ajuste en los finales [&hellip;]\" \/>\n<meta property=\"og:url\" content=\"https:\/\/proagrolab.com.ar\/como-todos-los-anos-a-fin-del-verano-se-ajusta-el-precio-en-la-hacienda-gorda-caf\/\" \/>\n<meta property=\"og:site_name\" content=\"Proagro\" \/>\n<meta property=\"article:publisher\" content=\"http:\/\/www.facebook.com\/proagrolab\" \/>\n<meta property=\"article:published_time\" content=\"2014-03-07T00:00:01+00:00\" \/>\n<meta property=\"og:image\" content=\"https:\/\/proagrolab.com.ar\/wp-content\/uploads\/2015\/01\/g_4ocxntgv8__Feed-lot-3.jpg\" \/>\n\t<meta property=\"og:image:width\" content=\"450\" \/>\n\t<meta property=\"og:image:height\" content=\"208\" \/>\n\t<meta property=\"og:image:type\" content=\"image\/jpeg\" \/>\n<meta name=\"author\" content=\"proagrolab\" \/>\n<meta name=\"twitter:card\" content=\"summary_large_image\" \/>\n<meta name=\"twitter:label1\" content=\"Written by\" \/>\n\t<meta name=\"twitter:data1\" content=\"proagrolab\" \/>\n\t<meta name=\"twitter:label2\" content=\"Est. reading time\" \/>\n\t<meta name=\"twitter:data2\" content=\"4 minutes\" \/>\n<script type=\"application\/ld+json\" class=\"yoast-schema-graph\">{\"@context\":\"https:\\\/\\\/schema.org\",\"@graph\":[{\"@type\":\"Article\",\"@id\":\"https:\\\/\\\/proagrolab.com.ar\\\/como-todos-los-anos-a-fin-del-verano-se-ajusta-el-precio-en-la-hacienda-gorda-caf\\\/#article\",\"isPartOf\":{\"@id\":\"https:\\\/\\\/proagrolab.com.ar\\\/como-todos-los-anos-a-fin-del-verano-se-ajusta-el-precio-en-la-hacienda-gorda-caf\\\/\"},\"author\":{\"name\":\"proagrolab\",\"@id\":\"https:\\\/\\\/proagrolab.com.ar\\\/#\\\/schema\\\/person\\\/38003ff90bf80381f71c7d922d207444\"},\"headline\":\"Como todos los a\u00f1os, a fin del verano se ajusta el precio en la hacienda gorda &#8211; CAF.\",\"datePublished\":\"2014-03-07T00:00:01+00:00\",\"mainEntityOfPage\":{\"@id\":\"https:\\\/\\\/proagrolab.com.ar\\\/como-todos-los-anos-a-fin-del-verano-se-ajusta-el-precio-en-la-hacienda-gorda-caf\\\/\"},\"wordCount\":755,\"publisher\":{\"@id\":\"https:\\\/\\\/proagrolab.com.ar\\\/#organization\"},\"image\":{\"@id\":\"https:\\\/\\\/proagrolab.com.ar\\\/como-todos-los-anos-a-fin-del-verano-se-ajusta-el-precio-en-la-hacienda-gorda-caf\\\/#primaryimage\"},\"thumbnailUrl\":\"https:\\\/\\\/proagrolab.com.ar\\\/wp-content\\\/uploads\\\/2015\\\/01\\\/g_4ocxntgv8__Feed-lot-3.jpg\",\"articleSection\":[\"News\"],\"inLanguage\":\"en-US\"},{\"@type\":\"WebPage\",\"@id\":\"https:\\\/\\\/proagrolab.com.ar\\\/como-todos-los-anos-a-fin-del-verano-se-ajusta-el-precio-en-la-hacienda-gorda-caf\\\/\",\"url\":\"https:\\\/\\\/proagrolab.com.ar\\\/como-todos-los-anos-a-fin-del-verano-se-ajusta-el-precio-en-la-hacienda-gorda-caf\\\/\",\"name\":\"Como todos los a\u00f1os, a fin del verano se ajusta el precio en la hacienda gorda - CAF. | Proagro\",\"isPartOf\":{\"@id\":\"https:\\\/\\\/proagrolab.com.ar\\\/#website\"},\"primaryImageOfPage\":{\"@id\":\"https:\\\/\\\/proagrolab.com.ar\\\/como-todos-los-anos-a-fin-del-verano-se-ajusta-el-precio-en-la-hacienda-gorda-caf\\\/#primaryimage\"},\"image\":{\"@id\":\"https:\\\/\\\/proagrolab.com.ar\\\/como-todos-los-anos-a-fin-del-verano-se-ajusta-el-precio-en-la-hacienda-gorda-caf\\\/#primaryimage\"},\"thumbnailUrl\":\"https:\\\/\\\/proagrolab.com.ar\\\/wp-content\\\/uploads\\\/2015\\\/01\\\/g_4ocxntgv8__Feed-lot-3.jpg\",\"datePublished\":\"2014-03-07T00:00:01+00:00\",\"breadcrumb\":{\"@id\":\"https:\\\/\\\/proagrolab.com.ar\\\/como-todos-los-anos-a-fin-del-verano-se-ajusta-el-precio-en-la-hacienda-gorda-caf\\\/#breadcrumb\"},\"inLanguage\":\"en-US\",\"potentialAction\":[{\"@type\":\"ReadAction\",\"target\":[\"https:\\\/\\\/proagrolab.com.ar\\\/como-todos-los-anos-a-fin-del-verano-se-ajusta-el-precio-en-la-hacienda-gorda-caf\\\/\"]}]},{\"@type\":\"ImageObject\",\"inLanguage\":\"en-US\",\"@id\":\"https:\\\/\\\/proagrolab.com.ar\\\/como-todos-los-anos-a-fin-del-verano-se-ajusta-el-precio-en-la-hacienda-gorda-caf\\\/#primaryimage\",\"url\":\"https:\\\/\\\/proagrolab.com.ar\\\/wp-content\\\/uploads\\\/2015\\\/01\\\/g_4ocxntgv8__Feed-lot-3.jpg\",\"contentUrl\":\"https:\\\/\\\/proagrolab.com.ar\\\/wp-content\\\/uploads\\\/2015\\\/01\\\/g_4ocxntgv8__Feed-lot-3.jpg\",\"width\":450,\"height\":208},{\"@type\":\"BreadcrumbList\",\"@id\":\"https:\\\/\\\/proagrolab.com.ar\\\/como-todos-los-anos-a-fin-del-verano-se-ajusta-el-precio-en-la-hacienda-gorda-caf\\\/#breadcrumb\",\"itemListElement\":[{\"@type\":\"ListItem\",\"position\":1,\"name\":\"Portada\",\"item\":\"https:\\\/\\\/proagrolab.com.ar\\\/\"},{\"@type\":\"ListItem\",\"position\":2,\"name\":\"Como todos los a\u00f1os, a fin del verano se ajusta el precio en la hacienda gorda &#8211; CAF.\"}]},{\"@type\":\"WebSite\",\"@id\":\"https:\\\/\\\/proagrolab.com.ar\\\/#website\",\"url\":\"https:\\\/\\\/proagrolab.com.ar\\\/\",\"name\":\"Proagro Laboratorio Veterinario\",\"description\":\"Veterinary laboratory\",\"publisher\":{\"@id\":\"https:\\\/\\\/proagrolab.com.ar\\\/#organization\"},\"potentialAction\":[{\"@type\":\"SearchAction\",\"target\":{\"@type\":\"EntryPoint\",\"urlTemplate\":\"https:\\\/\\\/proagrolab.com.ar\\\/?s={search_term_string}\"},\"query-input\":{\"@type\":\"PropertyValueSpecification\",\"valueRequired\":true,\"valueName\":\"search_term_string\"}}],\"inLanguage\":\"en-US\"},{\"@type\":\"Organization\",\"@id\":\"https:\\\/\\\/proagrolab.com.ar\\\/#organization\",\"name\":\"Proagro\",\"url\":\"https:\\\/\\\/proagrolab.com.ar\\\/\",\"logo\":{\"@type\":\"ImageObject\",\"inLanguage\":\"en-US\",\"@id\":\"https:\\\/\\\/proagrolab.com.ar\\\/#\\\/schema\\\/logo\\\/image\\\/\",\"url\":\"https:\\\/\\\/proagrolab.com.ar\\\/wp-content\\\/uploads\\\/2020\\\/04\\\/logo-retina.png\",\"contentUrl\":\"https:\\\/\\\/proagrolab.com.ar\\\/wp-content\\\/uploads\\\/2020\\\/04\\\/logo-retina.png\",\"width\":478,\"height\":120,\"caption\":\"Proagro\"},\"image\":{\"@id\":\"https:\\\/\\\/proagrolab.com.ar\\\/#\\\/schema\\\/logo\\\/image\\\/\"},\"sameAs\":[\"http:\\\/\\\/www.facebook.com\\\/proagrolab\",\"https:\\\/\\\/www.instagram.com\\\/proagrolab\\\/\",\"https:\\\/\\\/www.linkedin.com\\\/company\\\/laboratorio-proagro-s-a\\\/\"]},{\"@type\":\"Person\",\"@id\":\"https:\\\/\\\/proagrolab.com.ar\\\/#\\\/schema\\\/person\\\/38003ff90bf80381f71c7d922d207444\",\"name\":\"proagrolab\"}]}<\/script>\n<!-- \/ Yoast SEO plugin. -->","yoast_head_json":{"title":"Como todos los a\u00f1os, a fin del verano se ajusta el precio en la hacienda gorda - CAF. | Proagro","robots":{"index":"index","follow":"follow","max-snippet":"max-snippet:-1","max-image-preview":"max-image-preview:large","max-video-preview":"max-video-preview:-1"},"canonical":"https:\/\/proagrolab.com.ar\/en\/como-todos-los-anos-a-fin-del-verano-se-ajusta-el-precio-en-la-hacienda-gorda-caf\/","og_locale":"en_US","og_type":"article","og_title":"Como todos los a\u00f1os, a fin del verano se ajusta el precio en la hacienda gorda - CAF. | Proagro","og_description":"La ocupaci\u00f3n de los corrales para principio de febrero, rond\u00f3 el 53 %, mismo valor que diciembre y enero. Claramente estamos frente a unos corrales expectantes, que mantienen la ocupaci\u00f3n estable, con un IRF (compras sobre ventas), de equilibrio (0.98 durante el mes de enero). Tendencia que se repite todos los a\u00f1os, y que se revierte cuando inicie fuertemente la zafra, es decir durante marzo, abril y mayo. Durante el mes de enero, m\u00e1s all\u00e1 de la estabilidad en los encierres, se han observado cambios, tanto en los costos, como en los precios de la hacienda. El costo del kilo producido, para hacienda liviana, (y la m\u00e1s eficiente) no baja de los 13-14 pesos el kilo; cuando promediando el 2013, habl\u00e1bamos de 8-9 pesos. Los insumos de la alimentaci\u00f3n y sanidad, el gasoil y el mantenimiento de las maquinarias se encuentran entre los principales factores del aumento. Respecto de los valores de la hacienda, vale una explicaci\u00f3n con mayor detenimiento. Mucho se ha publicado en las \u00faltimas semanas, sobre su aumento y el impacto en el mostrador. Pero no se ha explicado correctamente el tema. La hacienda en pie viene verificando, durante los \u00faltimos a\u00f1os, un ajuste en los finales [&hellip;]","og_url":"https:\/\/proagrolab.com.ar\/como-todos-los-anos-a-fin-del-verano-se-ajusta-el-precio-en-la-hacienda-gorda-caf\/","og_site_name":"Proagro","article_publisher":"http:\/\/www.facebook.com\/proagrolab","article_published_time":"2014-03-07T00:00:01+00:00","og_image":[{"width":450,"height":208,"url":"https:\/\/proagrolab.com.ar\/wp-content\/uploads\/2015\/01\/g_4ocxntgv8__Feed-lot-3.jpg","type":"image\/jpeg"}],"author":"proagrolab","twitter_card":"summary_large_image","twitter_misc":{"Written by":"proagrolab","Est. reading time":"4 minutes"},"schema":{"@context":"https:\/\/schema.org","@graph":[{"@type":"Article","@id":"https:\/\/proagrolab.com.ar\/como-todos-los-anos-a-fin-del-verano-se-ajusta-el-precio-en-la-hacienda-gorda-caf\/#article","isPartOf":{"@id":"https:\/\/proagrolab.com.ar\/como-todos-los-anos-a-fin-del-verano-se-ajusta-el-precio-en-la-hacienda-gorda-caf\/"},"author":{"name":"proagrolab","@id":"https:\/\/proagrolab.com.ar\/#\/schema\/person\/38003ff90bf80381f71c7d922d207444"},"headline":"Como todos los a\u00f1os, a fin del verano se ajusta el precio en la hacienda gorda &#8211; CAF.","datePublished":"2014-03-07T00:00:01+00:00","mainEntityOfPage":{"@id":"https:\/\/proagrolab.com.ar\/como-todos-los-anos-a-fin-del-verano-se-ajusta-el-precio-en-la-hacienda-gorda-caf\/"},"wordCount":755,"publisher":{"@id":"https:\/\/proagrolab.com.ar\/#organization"},"image":{"@id":"https:\/\/proagrolab.com.ar\/como-todos-los-anos-a-fin-del-verano-se-ajusta-el-precio-en-la-hacienda-gorda-caf\/#primaryimage"},"thumbnailUrl":"https:\/\/proagrolab.com.ar\/wp-content\/uploads\/2015\/01\/g_4ocxntgv8__Feed-lot-3.jpg","articleSection":["News"],"inLanguage":"en-US"},{"@type":"WebPage","@id":"https:\/\/proagrolab.com.ar\/como-todos-los-anos-a-fin-del-verano-se-ajusta-el-precio-en-la-hacienda-gorda-caf\/","url":"https:\/\/proagrolab.com.ar\/como-todos-los-anos-a-fin-del-verano-se-ajusta-el-precio-en-la-hacienda-gorda-caf\/","name":"Como todos los a\u00f1os, a fin del verano se ajusta el precio en la hacienda gorda - CAF. | Proagro","isPartOf":{"@id":"https:\/\/proagrolab.com.ar\/#website"},"primaryImageOfPage":{"@id":"https:\/\/proagrolab.com.ar\/como-todos-los-anos-a-fin-del-verano-se-ajusta-el-precio-en-la-hacienda-gorda-caf\/#primaryimage"},"image":{"@id":"https:\/\/proagrolab.com.ar\/como-todos-los-anos-a-fin-del-verano-se-ajusta-el-precio-en-la-hacienda-gorda-caf\/#primaryimage"},"thumbnailUrl":"https:\/\/proagrolab.com.ar\/wp-content\/uploads\/2015\/01\/g_4ocxntgv8__Feed-lot-3.jpg","datePublished":"2014-03-07T00:00:01+00:00","breadcrumb":{"@id":"https:\/\/proagrolab.com.ar\/como-todos-los-anos-a-fin-del-verano-se-ajusta-el-precio-en-la-hacienda-gorda-caf\/#breadcrumb"},"inLanguage":"en-US","potentialAction":[{"@type":"ReadAction","target":["https:\/\/proagrolab.com.ar\/como-todos-los-anos-a-fin-del-verano-se-ajusta-el-precio-en-la-hacienda-gorda-caf\/"]}]},{"@type":"ImageObject","inLanguage":"en-US","@id":"https:\/\/proagrolab.com.ar\/como-todos-los-anos-a-fin-del-verano-se-ajusta-el-precio-en-la-hacienda-gorda-caf\/#primaryimage","url":"https:\/\/proagrolab.com.ar\/wp-content\/uploads\/2015\/01\/g_4ocxntgv8__Feed-lot-3.jpg","contentUrl":"https:\/\/proagrolab.com.ar\/wp-content\/uploads\/2015\/01\/g_4ocxntgv8__Feed-lot-3.jpg","width":450,"height":208},{"@type":"BreadcrumbList","@id":"https:\/\/proagrolab.com.ar\/como-todos-los-anos-a-fin-del-verano-se-ajusta-el-precio-en-la-hacienda-gorda-caf\/#breadcrumb","itemListElement":[{"@type":"ListItem","position":1,"name":"Portada","item":"https:\/\/proagrolab.com.ar\/"},{"@type":"ListItem","position":2,"name":"Como todos los a\u00f1os, a fin del verano se ajusta el precio en la hacienda gorda &#8211; CAF."}]},{"@type":"WebSite","@id":"https:\/\/proagrolab.com.ar\/#website","url":"https:\/\/proagrolab.com.ar\/","name":"Proagro Laboratorio Veterinario","description":"Veterinary laboratory","publisher":{"@id":"https:\/\/proagrolab.com.ar\/#organization"},"potentialAction":[{"@type":"SearchAction","target":{"@type":"EntryPoint","urlTemplate":"https:\/\/proagrolab.com.ar\/?s={search_term_string}"},"query-input":{"@type":"PropertyValueSpecification","valueRequired":true,"valueName":"search_term_string"}}],"inLanguage":"en-US"},{"@type":"Organization","@id":"https:\/\/proagrolab.com.ar\/#organization","name":"Proagro","url":"https:\/\/proagrolab.com.ar\/","logo":{"@type":"ImageObject","inLanguage":"en-US","@id":"https:\/\/proagrolab.com.ar\/#\/schema\/logo\/image\/","url":"https:\/\/proagrolab.com.ar\/wp-content\/uploads\/2020\/04\/logo-retina.png","contentUrl":"https:\/\/proagrolab.com.ar\/wp-content\/uploads\/2020\/04\/logo-retina.png","width":478,"height":120,"caption":"Proagro"},"image":{"@id":"https:\/\/proagrolab.com.ar\/#\/schema\/logo\/image\/"},"sameAs":["http:\/\/www.facebook.com\/proagrolab","https:\/\/www.instagram.com\/proagrolab\/","https:\/\/www.linkedin.com\/company\/laboratorio-proagro-s-a\/"]},{"@type":"Person","@id":"https:\/\/proagrolab.com.ar\/#\/schema\/person\/38003ff90bf80381f71c7d922d207444","name":"proagrolab"}]}},"_links":{"self":[{"href":"https:\/\/proagrolab.com.ar\/en\/wp-json\/wp\/v2\/posts\/5994","targetHints":{"allow":["GET"]}}],"collection":[{"href":"https:\/\/proagrolab.com.ar\/en\/wp-json\/wp\/v2\/posts"}],"about":[{"href":"https:\/\/proagrolab.com.ar\/en\/wp-json\/wp\/v2\/types\/post"}],"author":[{"embeddable":true,"href":"https:\/\/proagrolab.com.ar\/en\/wp-json\/wp\/v2\/users\/2"}],"replies":[{"embeddable":true,"href":"https:\/\/proagrolab.com.ar\/en\/wp-json\/wp\/v2\/comments?post=5994"}],"version-history":[{"count":0,"href":"https:\/\/proagrolab.com.ar\/en\/wp-json\/wp\/v2\/posts\/5994\/revisions"}],"wp:featuredmedia":[{"embeddable":true,"href":"https:\/\/proagrolab.com.ar\/en\/wp-json\/wp\/v2\/media\/2479"}],"wp:attachment":[{"href":"https:\/\/proagrolab.com.ar\/en\/wp-json\/wp\/v2\/media?parent=5994"}],"wp:term":[{"taxonomy":"category","embeddable":true,"href":"https:\/\/proagrolab.com.ar\/en\/wp-json\/wp\/v2\/categories?post=5994"},{"taxonomy":"post_tag","embeddable":true,"href":"https:\/\/proagrolab.com.ar\/en\/wp-json\/wp\/v2\/tags?post=5994"}],"curies":[{"name":"wp","href":"https:\/\/api.w.org\/{rel}","templated":true}]}}