{"id":5992,"date":"2014-03-07T00:00:01","date_gmt":"2014-03-07T00:00:01","guid":{"rendered":"https:\/\/proagrolab.com.ar\/videla-%c2%93cerrar-las-exportaciones-seria-una-medida-torpe%c2%94\/"},"modified":"2014-03-07T00:00:01","modified_gmt":"2014-03-07T00:00:01","slug":"videla-%c2%93cerrar-las-exportaciones-seria-una-medida-torpe%c2%94","status":"publish","type":"post","link":"https:\/\/proagrolab.com.ar\/en\/videla-%c2%93cerrar-las-exportaciones-seria-una-medida-torpe%c2%94\/","title":{"rendered":"Videla: \u0093Cerrar las exportaciones ser\u00eda una medida torpe\u0094."},"content":{"rendered":"<p class=\"qtranxs-available-languages-message qtranxs-available-languages-message-en\"> <\/p><p>Videla desminti\u00f3 que se hayan cerrado las exportaciones. Se\u00f1al\u00f3 que las versiones responden a la \u0093mala intenci\u00f3n\u0094 de varios sectores.<\/p>\n<p>La semana pasada creci\u00f3 el rumor de que hab\u00edan cerrado las exportaciones de leche en polvo. Consultado por INFORTAMBO.com, desde el CIL se\u00f1alaron que los Roels se estaban autorizando con normalidad.<\/p>\n<p>Por el contrario, desde el sector industrial enfatizaron que las ventas al exterior est\u00e1n paradas desde hace m\u00e1s de 30 d\u00edas, medida que creen se extender\u00e1 hasta abril.En di\u00e1logo con Radio Belgrano, Videla insisti\u00f3 que la noticia del freno a las exportaciones responde a la mala intenci\u00f3n de varios sectores con el objetivo de agitar lo que se ve potenciado por algunos periodistas que les son funcionales.<\/p>\n<p>&#8220;La realidad es que las exportaciones nunca se cerraron&#8221;, afirm\u00f3 el funcionario. &#8220;La cadena l\u00e1ctea est\u00e1 realizando un reacomodamiento luego de la devaluaci\u00f3n y todo esto le hace mal. Nos parece muy desprolijo que diarios nacionales informen de esa manera porque atentan contra el propio sector. Cerrar las exportaciones ser\u00eda una medida muy torpe&#8221;, afirm\u00f3.<\/p>\n<p>Fuente: Infortambo, 6 de marzo.<br \/><\/p>","protected":false},"excerpt":{"rendered":"<p>Videla desminti\u00f3 que se hayan cerrado las exportaciones. Se\u00f1al\u00f3 que las versiones responden a la \u0093mala intenci\u00f3n\u0094 de varios sectores. La semana pasada creci\u00f3 el rumor de que hab\u00edan cerrado las exportaciones de leche en polvo. Consultado por INFORTAMBO.com, desde el CIL se\u00f1alaron que los Roels se estaban autorizando con normalidad. Por el contrario, desde el sector industrial enfatizaron que las ventas al exterior est\u00e1n paradas desde hace m\u00e1s de 30 d\u00edas, medida que creen se extender\u00e1 hasta abril.En di\u00e1logo con Radio Belgrano, Videla insisti\u00f3 que la noticia del freno a las exportaciones responde a la mala intenci\u00f3n de varios sectores con el objetivo de agitar lo que se ve potenciado por algunos periodistas que les son funcionales. &#8220;La realidad es que las exportaciones nunca se cerraron&#8221;, afirm\u00f3 el funcionario. &#8220;La cadena l\u00e1ctea est\u00e1 realizando un reacomodamiento luego de la devaluaci\u00f3n y todo esto le hace mal. Nos parece muy desprolijo que diarios nacionales informen de esa manera porque atentan contra el propio sector. Cerrar las exportaciones ser\u00eda una medida muy torpe&#8221;, afirm\u00f3. Fuente: Infortambo, 6 de marzo.<\/p>\n","protected":false},"author":2,"featured_media":2477,"comment_status":"closed","ping_status":"open","sticky":false,"template":"","format":"standard","meta":{"_acf_changed":false,"footnotes":""},"categories":[56],"tags":[],"class_list":["post-5992","post","type-post","status-publish","format-standard","has-post-thumbnail","hentry","category-infoganadero"],"acf":[],"yoast_head":"<!-- This site is optimized with the Yoast SEO plugin v27.4 - https:\/\/yoast.com\/product\/yoast-seo-wordpress\/ -->\n<title>Videla: \u0093Cerrar las exportaciones ser\u00eda una medida torpe\u0094. | Proagro<\/title>\n<meta name=\"robots\" content=\"index, follow, max-snippet:-1, max-image-preview:large, max-video-preview:-1\" \/>\n<link rel=\"canonical\" href=\"https:\/\/proagrolab.com.ar\/en\/videla-\u0093cerrar-las-exportaciones-seria-una-medida-torpe\u0094\/\" \/>\n<meta property=\"og:locale\" content=\"en_US\" \/>\n<meta property=\"og:type\" content=\"article\" \/>\n<meta property=\"og:title\" content=\"Videla: \u0093Cerrar las exportaciones ser\u00eda una medida torpe\u0094. | Proagro\" \/>\n<meta property=\"og:description\" content=\"Videla desminti\u00f3 que se hayan cerrado las exportaciones. Se\u00f1al\u00f3 que las versiones responden a la \u0093mala intenci\u00f3n\u0094 de varios sectores. La semana pasada creci\u00f3 el rumor de que hab\u00edan cerrado las exportaciones de leche en polvo. Consultado por INFORTAMBO.com, desde el CIL se\u00f1alaron que los Roels se estaban autorizando con normalidad. Por el contrario, desde el sector industrial enfatizaron que las ventas al exterior est\u00e1n paradas desde hace m\u00e1s de 30 d\u00edas, medida que creen se extender\u00e1 hasta abril.En di\u00e1logo con Radio Belgrano, Videla insisti\u00f3 que la noticia del freno a las exportaciones responde a la mala intenci\u00f3n de varios sectores con el objetivo de agitar lo que se ve potenciado por algunos periodistas que les son funcionales. &#8220;La realidad es que las exportaciones nunca se cerraron&#8221;, afirm\u00f3 el funcionario. &#8220;La cadena l\u00e1ctea est\u00e1 realizando un reacomodamiento luego de la devaluaci\u00f3n y todo esto le hace mal. Nos parece muy desprolijo que diarios nacionales informen de esa manera porque atentan contra el propio sector. Cerrar las exportaciones ser\u00eda una medida muy torpe&#8221;, afirm\u00f3. Fuente: Infortambo, 6 de marzo.\" \/>\n<meta property=\"og:url\" content=\"https:\/\/proagrolab.com.ar\/videla-\u0093cerrar-las-exportaciones-seria-una-medida-torpe\u0094\/\" \/>\n<meta property=\"og:site_name\" content=\"Proagro\" \/>\n<meta property=\"article:publisher\" content=\"http:\/\/www.facebook.com\/proagrolab\" \/>\n<meta property=\"article:published_time\" content=\"2014-03-07T00:00:01+00:00\" \/>\n<meta property=\"og:image\" content=\"https:\/\/proagrolab.com.ar\/wp-content\/uploads\/2015\/01\/g_hqinbiw3d__Videla-2.jpg\" \/>\n\t<meta property=\"og:image:width\" content=\"450\" \/>\n\t<meta property=\"og:image:height\" content=\"208\" \/>\n\t<meta property=\"og:image:type\" content=\"image\/jpeg\" \/>\n<meta name=\"author\" content=\"proagrolab\" \/>\n<meta name=\"twitter:card\" content=\"summary_large_image\" \/>\n<meta name=\"twitter:label1\" content=\"Written by\" \/>\n\t<meta name=\"twitter:data1\" content=\"proagrolab\" \/>\n\t<meta name=\"twitter:label2\" content=\"Est. reading time\" \/>\n\t<meta name=\"twitter:data2\" content=\"1 minute\" \/>\n<script type=\"application\/ld+json\" class=\"yoast-schema-graph\">{\"@context\":\"https:\\\/\\\/schema.org\",\"@graph\":[{\"@type\":\"Article\",\"@id\":\"https:\\\/\\\/proagrolab.com.ar\\\/videla-%c2%93cerrar-las-exportaciones-seria-una-medida-torpe%c2%94\\\/#article\",\"isPartOf\":{\"@id\":\"https:\\\/\\\/proagrolab.com.ar\\\/videla-%c2%93cerrar-las-exportaciones-seria-una-medida-torpe%c2%94\\\/\"},\"author\":{\"name\":\"proagrolab\",\"@id\":\"https:\\\/\\\/proagrolab.com.ar\\\/#\\\/schema\\\/person\\\/38003ff90bf80381f71c7d922d207444\"},\"headline\":\"Videla: \u0093Cerrar las exportaciones ser\u00eda una medida torpe\u0094.\",\"datePublished\":\"2014-03-07T00:00:01+00:00\",\"mainEntityOfPage\":{\"@id\":\"https:\\\/\\\/proagrolab.com.ar\\\/videla-%c2%93cerrar-las-exportaciones-seria-una-medida-torpe%c2%94\\\/\"},\"wordCount\":199,\"publisher\":{\"@id\":\"https:\\\/\\\/proagrolab.com.ar\\\/#organization\"},\"image\":{\"@id\":\"https:\\\/\\\/proagrolab.com.ar\\\/videla-%c2%93cerrar-las-exportaciones-seria-una-medida-torpe%c2%94\\\/#primaryimage\"},\"thumbnailUrl\":\"https:\\\/\\\/proagrolab.com.ar\\\/wp-content\\\/uploads\\\/2015\\\/01\\\/g_hqinbiw3d__Videla-2.jpg\",\"articleSection\":[\"News\"],\"inLanguage\":\"en-US\"},{\"@type\":\"WebPage\",\"@id\":\"https:\\\/\\\/proagrolab.com.ar\\\/videla-%c2%93cerrar-las-exportaciones-seria-una-medida-torpe%c2%94\\\/\",\"url\":\"https:\\\/\\\/proagrolab.com.ar\\\/videla-%c2%93cerrar-las-exportaciones-seria-una-medida-torpe%c2%94\\\/\",\"name\":\"Videla: \u0093Cerrar las exportaciones ser\u00eda una medida torpe\u0094. | Proagro\",\"isPartOf\":{\"@id\":\"https:\\\/\\\/proagrolab.com.ar\\\/#website\"},\"primaryImageOfPage\":{\"@id\":\"https:\\\/\\\/proagrolab.com.ar\\\/videla-%c2%93cerrar-las-exportaciones-seria-una-medida-torpe%c2%94\\\/#primaryimage\"},\"image\":{\"@id\":\"https:\\\/\\\/proagrolab.com.ar\\\/videla-%c2%93cerrar-las-exportaciones-seria-una-medida-torpe%c2%94\\\/#primaryimage\"},\"thumbnailUrl\":\"https:\\\/\\\/proagrolab.com.ar\\\/wp-content\\\/uploads\\\/2015\\\/01\\\/g_hqinbiw3d__Videla-2.jpg\",\"datePublished\":\"2014-03-07T00:00:01+00:00\",\"breadcrumb\":{\"@id\":\"https:\\\/\\\/proagrolab.com.ar\\\/videla-%c2%93cerrar-las-exportaciones-seria-una-medida-torpe%c2%94\\\/#breadcrumb\"},\"inLanguage\":\"en-US\",\"potentialAction\":[{\"@type\":\"ReadAction\",\"target\":[\"https:\\\/\\\/proagrolab.com.ar\\\/videla-%c2%93cerrar-las-exportaciones-seria-una-medida-torpe%c2%94\\\/\"]}]},{\"@type\":\"ImageObject\",\"inLanguage\":\"en-US\",\"@id\":\"https:\\\/\\\/proagrolab.com.ar\\\/videla-%c2%93cerrar-las-exportaciones-seria-una-medida-torpe%c2%94\\\/#primaryimage\",\"url\":\"https:\\\/\\\/proagrolab.com.ar\\\/wp-content\\\/uploads\\\/2015\\\/01\\\/g_hqinbiw3d__Videla-2.jpg\",\"contentUrl\":\"https:\\\/\\\/proagrolab.com.ar\\\/wp-content\\\/uploads\\\/2015\\\/01\\\/g_hqinbiw3d__Videla-2.jpg\",\"width\":450,\"height\":208},{\"@type\":\"BreadcrumbList\",\"@id\":\"https:\\\/\\\/proagrolab.com.ar\\\/videla-%c2%93cerrar-las-exportaciones-seria-una-medida-torpe%c2%94\\\/#breadcrumb\",\"itemListElement\":[{\"@type\":\"ListItem\",\"position\":1,\"name\":\"Portada\",\"item\":\"https:\\\/\\\/proagrolab.com.ar\\\/\"},{\"@type\":\"ListItem\",\"position\":2,\"name\":\"Videla: \u0093Cerrar las exportaciones ser\u00eda una medida torpe\u0094.\"}]},{\"@type\":\"WebSite\",\"@id\":\"https:\\\/\\\/proagrolab.com.ar\\\/#website\",\"url\":\"https:\\\/\\\/proagrolab.com.ar\\\/\",\"name\":\"Proagro Laboratorio Veterinario\",\"description\":\"Veterinary laboratory\",\"publisher\":{\"@id\":\"https:\\\/\\\/proagrolab.com.ar\\\/#organization\"},\"potentialAction\":[{\"@type\":\"SearchAction\",\"target\":{\"@type\":\"EntryPoint\",\"urlTemplate\":\"https:\\\/\\\/proagrolab.com.ar\\\/?s={search_term_string}\"},\"query-input\":{\"@type\":\"PropertyValueSpecification\",\"valueRequired\":true,\"valueName\":\"search_term_string\"}}],\"inLanguage\":\"en-US\"},{\"@type\":\"Organization\",\"@id\":\"https:\\\/\\\/proagrolab.com.ar\\\/#organization\",\"name\":\"Proagro\",\"url\":\"https:\\\/\\\/proagrolab.com.ar\\\/\",\"logo\":{\"@type\":\"ImageObject\",\"inLanguage\":\"en-US\",\"@id\":\"https:\\\/\\\/proagrolab.com.ar\\\/#\\\/schema\\\/logo\\\/image\\\/\",\"url\":\"https:\\\/\\\/proagrolab.com.ar\\\/wp-content\\\/uploads\\\/2020\\\/04\\\/logo-retina.png\",\"contentUrl\":\"https:\\\/\\\/proagrolab.com.ar\\\/wp-content\\\/uploads\\\/2020\\\/04\\\/logo-retina.png\",\"width\":478,\"height\":120,\"caption\":\"Proagro\"},\"image\":{\"@id\":\"https:\\\/\\\/proagrolab.com.ar\\\/#\\\/schema\\\/logo\\\/image\\\/\"},\"sameAs\":[\"http:\\\/\\\/www.facebook.com\\\/proagrolab\",\"https:\\\/\\\/www.instagram.com\\\/proagrolab\\\/\",\"https:\\\/\\\/www.linkedin.com\\\/company\\\/laboratorio-proagro-s-a\\\/\"]},{\"@type\":\"Person\",\"@id\":\"https:\\\/\\\/proagrolab.com.ar\\\/#\\\/schema\\\/person\\\/38003ff90bf80381f71c7d922d207444\",\"name\":\"proagrolab\"}]}<\/script>\n<!-- \/ Yoast SEO plugin. -->","yoast_head_json":{"title":"Videla: \u0093Cerrar las exportaciones ser\u00eda una medida torpe\u0094. | Proagro","robots":{"index":"index","follow":"follow","max-snippet":"max-snippet:-1","max-image-preview":"max-image-preview:large","max-video-preview":"max-video-preview:-1"},"canonical":"https:\/\/proagrolab.com.ar\/en\/videla-\u0093cerrar-las-exportaciones-seria-una-medida-torpe\u0094\/","og_locale":"en_US","og_type":"article","og_title":"Videla: \u0093Cerrar las exportaciones ser\u00eda una medida torpe\u0094. | Proagro","og_description":"Videla desminti\u00f3 que se hayan cerrado las exportaciones. Se\u00f1al\u00f3 que las versiones responden a la \u0093mala intenci\u00f3n\u0094 de varios sectores. La semana pasada creci\u00f3 el rumor de que hab\u00edan cerrado las exportaciones de leche en polvo. Consultado por INFORTAMBO.com, desde el CIL se\u00f1alaron que los Roels se estaban autorizando con normalidad. Por el contrario, desde el sector industrial enfatizaron que las ventas al exterior est\u00e1n paradas desde hace m\u00e1s de 30 d\u00edas, medida que creen se extender\u00e1 hasta abril.En di\u00e1logo con Radio Belgrano, Videla insisti\u00f3 que la noticia del freno a las exportaciones responde a la mala intenci\u00f3n de varios sectores con el objetivo de agitar lo que se ve potenciado por algunos periodistas que les son funcionales. &#8220;La realidad es que las exportaciones nunca se cerraron&#8221;, afirm\u00f3 el funcionario. &#8220;La cadena l\u00e1ctea est\u00e1 realizando un reacomodamiento luego de la devaluaci\u00f3n y todo esto le hace mal. Nos parece muy desprolijo que diarios nacionales informen de esa manera porque atentan contra el propio sector. Cerrar las exportaciones ser\u00eda una medida muy torpe&#8221;, afirm\u00f3. Fuente: Infortambo, 6 de marzo.","og_url":"https:\/\/proagrolab.com.ar\/videla-\u0093cerrar-las-exportaciones-seria-una-medida-torpe\u0094\/","og_site_name":"Proagro","article_publisher":"http:\/\/www.facebook.com\/proagrolab","article_published_time":"2014-03-07T00:00:01+00:00","og_image":[{"width":450,"height":208,"url":"https:\/\/proagrolab.com.ar\/wp-content\/uploads\/2015\/01\/g_hqinbiw3d__Videla-2.jpg","type":"image\/jpeg"}],"author":"proagrolab","twitter_card":"summary_large_image","twitter_misc":{"Written by":"proagrolab","Est. reading time":"1 minute"},"schema":{"@context":"https:\/\/schema.org","@graph":[{"@type":"Article","@id":"https:\/\/proagrolab.com.ar\/videla-%c2%93cerrar-las-exportaciones-seria-una-medida-torpe%c2%94\/#article","isPartOf":{"@id":"https:\/\/proagrolab.com.ar\/videla-%c2%93cerrar-las-exportaciones-seria-una-medida-torpe%c2%94\/"},"author":{"name":"proagrolab","@id":"https:\/\/proagrolab.com.ar\/#\/schema\/person\/38003ff90bf80381f71c7d922d207444"},"headline":"Videla: \u0093Cerrar las exportaciones ser\u00eda una medida torpe\u0094.","datePublished":"2014-03-07T00:00:01+00:00","mainEntityOfPage":{"@id":"https:\/\/proagrolab.com.ar\/videla-%c2%93cerrar-las-exportaciones-seria-una-medida-torpe%c2%94\/"},"wordCount":199,"publisher":{"@id":"https:\/\/proagrolab.com.ar\/#organization"},"image":{"@id":"https:\/\/proagrolab.com.ar\/videla-%c2%93cerrar-las-exportaciones-seria-una-medida-torpe%c2%94\/#primaryimage"},"thumbnailUrl":"https:\/\/proagrolab.com.ar\/wp-content\/uploads\/2015\/01\/g_hqinbiw3d__Videla-2.jpg","articleSection":["News"],"inLanguage":"en-US"},{"@type":"WebPage","@id":"https:\/\/proagrolab.com.ar\/videla-%c2%93cerrar-las-exportaciones-seria-una-medida-torpe%c2%94\/","url":"https:\/\/proagrolab.com.ar\/videla-%c2%93cerrar-las-exportaciones-seria-una-medida-torpe%c2%94\/","name":"Videla: \u0093Cerrar las exportaciones ser\u00eda una medida torpe\u0094. | Proagro","isPartOf":{"@id":"https:\/\/proagrolab.com.ar\/#website"},"primaryImageOfPage":{"@id":"https:\/\/proagrolab.com.ar\/videla-%c2%93cerrar-las-exportaciones-seria-una-medida-torpe%c2%94\/#primaryimage"},"image":{"@id":"https:\/\/proagrolab.com.ar\/videla-%c2%93cerrar-las-exportaciones-seria-una-medida-torpe%c2%94\/#primaryimage"},"thumbnailUrl":"https:\/\/proagrolab.com.ar\/wp-content\/uploads\/2015\/01\/g_hqinbiw3d__Videla-2.jpg","datePublished":"2014-03-07T00:00:01+00:00","breadcrumb":{"@id":"https:\/\/proagrolab.com.ar\/videla-%c2%93cerrar-las-exportaciones-seria-una-medida-torpe%c2%94\/#breadcrumb"},"inLanguage":"en-US","potentialAction":[{"@type":"ReadAction","target":["https:\/\/proagrolab.com.ar\/videla-%c2%93cerrar-las-exportaciones-seria-una-medida-torpe%c2%94\/"]}]},{"@type":"ImageObject","inLanguage":"en-US","@id":"https:\/\/proagrolab.com.ar\/videla-%c2%93cerrar-las-exportaciones-seria-una-medida-torpe%c2%94\/#primaryimage","url":"https:\/\/proagrolab.com.ar\/wp-content\/uploads\/2015\/01\/g_hqinbiw3d__Videla-2.jpg","contentUrl":"https:\/\/proagrolab.com.ar\/wp-content\/uploads\/2015\/01\/g_hqinbiw3d__Videla-2.jpg","width":450,"height":208},{"@type":"BreadcrumbList","@id":"https:\/\/proagrolab.com.ar\/videla-%c2%93cerrar-las-exportaciones-seria-una-medida-torpe%c2%94\/#breadcrumb","itemListElement":[{"@type":"ListItem","position":1,"name":"Portada","item":"https:\/\/proagrolab.com.ar\/"},{"@type":"ListItem","position":2,"name":"Videla: \u0093Cerrar las exportaciones ser\u00eda una medida torpe\u0094."}]},{"@type":"WebSite","@id":"https:\/\/proagrolab.com.ar\/#website","url":"https:\/\/proagrolab.com.ar\/","name":"Proagro Laboratorio Veterinario","description":"Veterinary laboratory","publisher":{"@id":"https:\/\/proagrolab.com.ar\/#organization"},"potentialAction":[{"@type":"SearchAction","target":{"@type":"EntryPoint","urlTemplate":"https:\/\/proagrolab.com.ar\/?s={search_term_string}"},"query-input":{"@type":"PropertyValueSpecification","valueRequired":true,"valueName":"search_term_string"}}],"inLanguage":"en-US"},{"@type":"Organization","@id":"https:\/\/proagrolab.com.ar\/#organization","name":"Proagro","url":"https:\/\/proagrolab.com.ar\/","logo":{"@type":"ImageObject","inLanguage":"en-US","@id":"https:\/\/proagrolab.com.ar\/#\/schema\/logo\/image\/","url":"https:\/\/proagrolab.com.ar\/wp-content\/uploads\/2020\/04\/logo-retina.png","contentUrl":"https:\/\/proagrolab.com.ar\/wp-content\/uploads\/2020\/04\/logo-retina.png","width":478,"height":120,"caption":"Proagro"},"image":{"@id":"https:\/\/proagrolab.com.ar\/#\/schema\/logo\/image\/"},"sameAs":["http:\/\/www.facebook.com\/proagrolab","https:\/\/www.instagram.com\/proagrolab\/","https:\/\/www.linkedin.com\/company\/laboratorio-proagro-s-a\/"]},{"@type":"Person","@id":"https:\/\/proagrolab.com.ar\/#\/schema\/person\/38003ff90bf80381f71c7d922d207444","name":"proagrolab"}]}},"_links":{"self":[{"href":"https:\/\/proagrolab.com.ar\/en\/wp-json\/wp\/v2\/posts\/5992","targetHints":{"allow":["GET"]}}],"collection":[{"href":"https:\/\/proagrolab.com.ar\/en\/wp-json\/wp\/v2\/posts"}],"about":[{"href":"https:\/\/proagrolab.com.ar\/en\/wp-json\/wp\/v2\/types\/post"}],"author":[{"embeddable":true,"href":"https:\/\/proagrolab.com.ar\/en\/wp-json\/wp\/v2\/users\/2"}],"replies":[{"embeddable":true,"href":"https:\/\/proagrolab.com.ar\/en\/wp-json\/wp\/v2\/comments?post=5992"}],"version-history":[{"count":0,"href":"https:\/\/proagrolab.com.ar\/en\/wp-json\/wp\/v2\/posts\/5992\/revisions"}],"wp:featuredmedia":[{"embeddable":true,"href":"https:\/\/proagrolab.com.ar\/en\/wp-json\/wp\/v2\/media\/2477"}],"wp:attachment":[{"href":"https:\/\/proagrolab.com.ar\/en\/wp-json\/wp\/v2\/media?parent=5992"}],"wp:term":[{"taxonomy":"category","embeddable":true,"href":"https:\/\/proagrolab.com.ar\/en\/wp-json\/wp\/v2\/categories?post=5992"},{"taxonomy":"post_tag","embeddable":true,"href":"https:\/\/proagrolab.com.ar\/en\/wp-json\/wp\/v2\/tags?post=5992"}],"curies":[{"name":"wp","href":"https:\/\/api.w.org\/{rel}","templated":true}]}}