{"id":5990,"date":"2014-03-07T00:00:01","date_gmt":"2014-03-07T00:00:01","guid":{"rendered":"https:\/\/proagrolab.com.ar\/se-inicia-la-campana-de-vacunacion-contra-la-aftosa-en-tucuman-y-santiago-del-estero\/"},"modified":"2014-03-07T00:00:01","modified_gmt":"2014-03-07T00:00:01","slug":"se-inicia-la-campana-de-vacunacion-contra-la-aftosa-en-tucuman-y-santiago-del-estero","status":"publish","type":"post","link":"https:\/\/proagrolab.com.ar\/en\/se-inicia-la-campana-de-vacunacion-contra-la-aftosa-en-tucuman-y-santiago-del-estero\/","title":{"rendered":"Se inicia la campa\u00f1a de vacunaci\u00f3n contra la aftosa en Tucum\u00e1n y Santiago del Estero."},"content":{"rendered":"<p class=\"qtranxs-available-languages-message qtranxs-available-languages-message-en\"> <\/p><p>Tambi\u00e9n en la zona central y este de Catamarca. Alcanza a todas las categor\u00edas de bovinos. Adem\u00e1s, se inocular\u00e1n contra la brucelosis a las terneras de 3 a 8 meses.<\/p>\n<p>Desde hoy se inicia en Tucum\u00e1n, Santiago del Estero y la zona Este y Valle Central de Catamarca la primera campa\u00f1a de vacunaci\u00f3n anual de todas las categor\u00edas de bovinos contra la fiebre aftosa en el marco del Plan de Erradicaci\u00f3n y Control de la enfermedad que lleva adelante el Servicio Nacional de Sanidad y Calidad Agroalimentaria (Senasa).<\/p>\n<p>Se proceder\u00e1 a vacunar a todo el rodeo vacuno, que consta de aproximadamente 1.500.000 bovinos en Santiago del Estero, 135.000 en Tucum\u00e1n y 150.000 en las zonas Este y Valle Central de Catamarca.&nbsp; Al mismo tiempo, se inocular\u00e1n contra la brucelosis a las terneras de 3 a 8 meses. Por caracter\u00edsticas epidemiol\u00f3gicas especiales, la zona oeste de Catamarca comenz\u00f3 la campa\u00f1a en enero e incluye la vacunaci\u00f3n de 30 mil cabezas.<\/p>\n<p>La tarea es desarrollada por el Senasa junto con entes de vacunaci\u00f3n provinciales autorizados por el Servicio y agentes oficializados afectados a los operativos de inoculaci\u00f3n. Adem\u00e1s, participan productores, entes sanitarios y laboratorios que elaboran las vacunas.<\/p>\n<p>La campa\u00f1a de vacunaci\u00f3n se extender\u00e1 hasta el 31 de marzo en la zona Este y Valle Central de Catamarca; el 20 de mayo en Santiago del Estero y el 3 de junio en Tucum\u00e1n<\/p>\n<p>Ante cualquier consulta o mayor informaci\u00f3n se recomienda a los productores dirigirse a la Oficina del Senasa m\u00e1s cercana a la jurisdicci\u00f3n de su establecimiento.<\/p>\n<p>La vacunaci\u00f3n es una acci\u00f3n sanitaria indispensable para resguardar la inmunidad de la ganader\u00eda argentina y mantener el estatus sanitario de nuestro pa\u00eds.<\/p>\n<p>Fuente: Infocampo, 5 de marzo.<br \/><\/p>","protected":false},"excerpt":{"rendered":"<p>Tambi\u00e9n en la zona central y este de Catamarca. Alcanza a todas las categor\u00edas de bovinos. Adem\u00e1s, se inocular\u00e1n contra la brucelosis a las terneras de 3 a 8 meses. Desde hoy se inicia en Tucum\u00e1n, Santiago del Estero y la zona Este y Valle Central de Catamarca la primera campa\u00f1a de vacunaci\u00f3n anual de todas las categor\u00edas de bovinos contra la fiebre aftosa en el marco del Plan de Erradicaci\u00f3n y Control de la enfermedad que lleva adelante el Servicio Nacional de Sanidad y Calidad Agroalimentaria (Senasa). Se proceder\u00e1 a vacunar a todo el rodeo vacuno, que consta de aproximadamente 1.500.000 bovinos en Santiago del Estero, 135.000 en Tucum\u00e1n y 150.000 en las zonas Este y Valle Central de Catamarca.&nbsp; Al mismo tiempo, se inocular\u00e1n contra la brucelosis a las terneras de 3 a 8 meses. Por caracter\u00edsticas epidemiol\u00f3gicas especiales, la zona oeste de Catamarca comenz\u00f3 la campa\u00f1a en enero e incluye la vacunaci\u00f3n de 30 mil cabezas. La tarea es desarrollada por el Senasa junto con entes de vacunaci\u00f3n provinciales autorizados por el Servicio y agentes oficializados afectados a los operativos de inoculaci\u00f3n. Adem\u00e1s, participan productores, entes sanitarios y laboratorios que elaboran las vacunas. La campa\u00f1a de vacunaci\u00f3n [&hellip;]<\/p>\n","protected":false},"author":2,"featured_media":2475,"comment_status":"closed","ping_status":"open","sticky":false,"template":"","format":"standard","meta":{"_acf_changed":false,"footnotes":""},"categories":[56],"tags":[],"class_list":["post-5990","post","type-post","status-publish","format-standard","has-post-thumbnail","hentry","category-infoganadero"],"acf":[],"yoast_head":"<!-- This site is optimized with the Yoast SEO plugin v27.4 - https:\/\/yoast.com\/product\/yoast-seo-wordpress\/ -->\n<title>Se inicia la campa\u00f1a de vacunaci\u00f3n contra la aftosa en Tucum\u00e1n y Santiago del Estero. | Proagro<\/title>\n<meta name=\"robots\" content=\"index, follow, max-snippet:-1, max-image-preview:large, max-video-preview:-1\" \/>\n<link rel=\"canonical\" href=\"https:\/\/proagrolab.com.ar\/en\/se-inicia-la-campana-de-vacunacion-contra-la-aftosa-en-tucuman-y-santiago-del-estero\/\" \/>\n<meta property=\"og:locale\" content=\"en_US\" \/>\n<meta property=\"og:type\" content=\"article\" \/>\n<meta property=\"og:title\" content=\"Se inicia la campa\u00f1a de vacunaci\u00f3n contra la aftosa en Tucum\u00e1n y Santiago del Estero. | Proagro\" \/>\n<meta property=\"og:description\" content=\"Tambi\u00e9n en la zona central y este de Catamarca. Alcanza a todas las categor\u00edas de bovinos. Adem\u00e1s, se inocular\u00e1n contra la brucelosis a las terneras de 3 a 8 meses. Desde hoy se inicia en Tucum\u00e1n, Santiago del Estero y la zona Este y Valle Central de Catamarca la primera campa\u00f1a de vacunaci\u00f3n anual de todas las categor\u00edas de bovinos contra la fiebre aftosa en el marco del Plan de Erradicaci\u00f3n y Control de la enfermedad que lleva adelante el Servicio Nacional de Sanidad y Calidad Agroalimentaria (Senasa). Se proceder\u00e1 a vacunar a todo el rodeo vacuno, que consta de aproximadamente 1.500.000 bovinos en Santiago del Estero, 135.000 en Tucum\u00e1n y 150.000 en las zonas Este y Valle Central de Catamarca.&nbsp; Al mismo tiempo, se inocular\u00e1n contra la brucelosis a las terneras de 3 a 8 meses. Por caracter\u00edsticas epidemiol\u00f3gicas especiales, la zona oeste de Catamarca comenz\u00f3 la campa\u00f1a en enero e incluye la vacunaci\u00f3n de 30 mil cabezas. La tarea es desarrollada por el Senasa junto con entes de vacunaci\u00f3n provinciales autorizados por el Servicio y agentes oficializados afectados a los operativos de inoculaci\u00f3n. Adem\u00e1s, participan productores, entes sanitarios y laboratorios que elaboran las vacunas. La campa\u00f1a de vacunaci\u00f3n [&hellip;]\" \/>\n<meta property=\"og:url\" content=\"https:\/\/proagrolab.com.ar\/se-inicia-la-campana-de-vacunacion-contra-la-aftosa-en-tucuman-y-santiago-del-estero\/\" \/>\n<meta property=\"og:site_name\" content=\"Proagro\" \/>\n<meta property=\"article:publisher\" content=\"http:\/\/www.facebook.com\/proagrolab\" \/>\n<meta property=\"article:published_time\" content=\"2014-03-07T00:00:01+00:00\" \/>\n<meta property=\"og:image\" content=\"https:\/\/proagrolab.com.ar\/wp-content\/uploads\/2015\/01\/g_2hguta8qg__Vacunacion-9.jpg\" \/>\n\t<meta property=\"og:image:width\" content=\"450\" \/>\n\t<meta property=\"og:image:height\" content=\"208\" \/>\n\t<meta property=\"og:image:type\" content=\"image\/jpeg\" \/>\n<meta name=\"author\" content=\"proagrolab\" \/>\n<meta name=\"twitter:card\" content=\"summary_large_image\" \/>\n<meta name=\"twitter:label1\" content=\"Written by\" \/>\n\t<meta name=\"twitter:data1\" content=\"proagrolab\" \/>\n\t<meta name=\"twitter:label2\" content=\"Est. reading time\" \/>\n\t<meta name=\"twitter:data2\" content=\"2 minutes\" \/>\n<script type=\"application\/ld+json\" class=\"yoast-schema-graph\">{\"@context\":\"https:\\\/\\\/schema.org\",\"@graph\":[{\"@type\":\"Article\",\"@id\":\"https:\\\/\\\/proagrolab.com.ar\\\/se-inicia-la-campana-de-vacunacion-contra-la-aftosa-en-tucuman-y-santiago-del-estero\\\/#article\",\"isPartOf\":{\"@id\":\"https:\\\/\\\/proagrolab.com.ar\\\/se-inicia-la-campana-de-vacunacion-contra-la-aftosa-en-tucuman-y-santiago-del-estero\\\/\"},\"author\":{\"name\":\"proagrolab\",\"@id\":\"https:\\\/\\\/proagrolab.com.ar\\\/#\\\/schema\\\/person\\\/38003ff90bf80381f71c7d922d207444\"},\"headline\":\"Se inicia la campa\u00f1a de vacunaci\u00f3n contra la aftosa en Tucum\u00e1n y Santiago del Estero.\",\"datePublished\":\"2014-03-07T00:00:01+00:00\",\"mainEntityOfPage\":{\"@id\":\"https:\\\/\\\/proagrolab.com.ar\\\/se-inicia-la-campana-de-vacunacion-contra-la-aftosa-en-tucuman-y-santiago-del-estero\\\/\"},\"wordCount\":319,\"publisher\":{\"@id\":\"https:\\\/\\\/proagrolab.com.ar\\\/#organization\"},\"image\":{\"@id\":\"https:\\\/\\\/proagrolab.com.ar\\\/se-inicia-la-campana-de-vacunacion-contra-la-aftosa-en-tucuman-y-santiago-del-estero\\\/#primaryimage\"},\"thumbnailUrl\":\"https:\\\/\\\/proagrolab.com.ar\\\/wp-content\\\/uploads\\\/2015\\\/01\\\/g_2hguta8qg__Vacunacion-9.jpg\",\"articleSection\":[\"News\"],\"inLanguage\":\"en-US\"},{\"@type\":\"WebPage\",\"@id\":\"https:\\\/\\\/proagrolab.com.ar\\\/se-inicia-la-campana-de-vacunacion-contra-la-aftosa-en-tucuman-y-santiago-del-estero\\\/\",\"url\":\"https:\\\/\\\/proagrolab.com.ar\\\/se-inicia-la-campana-de-vacunacion-contra-la-aftosa-en-tucuman-y-santiago-del-estero\\\/\",\"name\":\"Se inicia la campa\u00f1a de vacunaci\u00f3n contra la aftosa en Tucum\u00e1n y Santiago del Estero. | Proagro\",\"isPartOf\":{\"@id\":\"https:\\\/\\\/proagrolab.com.ar\\\/#website\"},\"primaryImageOfPage\":{\"@id\":\"https:\\\/\\\/proagrolab.com.ar\\\/se-inicia-la-campana-de-vacunacion-contra-la-aftosa-en-tucuman-y-santiago-del-estero\\\/#primaryimage\"},\"image\":{\"@id\":\"https:\\\/\\\/proagrolab.com.ar\\\/se-inicia-la-campana-de-vacunacion-contra-la-aftosa-en-tucuman-y-santiago-del-estero\\\/#primaryimage\"},\"thumbnailUrl\":\"https:\\\/\\\/proagrolab.com.ar\\\/wp-content\\\/uploads\\\/2015\\\/01\\\/g_2hguta8qg__Vacunacion-9.jpg\",\"datePublished\":\"2014-03-07T00:00:01+00:00\",\"breadcrumb\":{\"@id\":\"https:\\\/\\\/proagrolab.com.ar\\\/se-inicia-la-campana-de-vacunacion-contra-la-aftosa-en-tucuman-y-santiago-del-estero\\\/#breadcrumb\"},\"inLanguage\":\"en-US\",\"potentialAction\":[{\"@type\":\"ReadAction\",\"target\":[\"https:\\\/\\\/proagrolab.com.ar\\\/se-inicia-la-campana-de-vacunacion-contra-la-aftosa-en-tucuman-y-santiago-del-estero\\\/\"]}]},{\"@type\":\"ImageObject\",\"inLanguage\":\"en-US\",\"@id\":\"https:\\\/\\\/proagrolab.com.ar\\\/se-inicia-la-campana-de-vacunacion-contra-la-aftosa-en-tucuman-y-santiago-del-estero\\\/#primaryimage\",\"url\":\"https:\\\/\\\/proagrolab.com.ar\\\/wp-content\\\/uploads\\\/2015\\\/01\\\/g_2hguta8qg__Vacunacion-9.jpg\",\"contentUrl\":\"https:\\\/\\\/proagrolab.com.ar\\\/wp-content\\\/uploads\\\/2015\\\/01\\\/g_2hguta8qg__Vacunacion-9.jpg\",\"width\":450,\"height\":208},{\"@type\":\"BreadcrumbList\",\"@id\":\"https:\\\/\\\/proagrolab.com.ar\\\/se-inicia-la-campana-de-vacunacion-contra-la-aftosa-en-tucuman-y-santiago-del-estero\\\/#breadcrumb\",\"itemListElement\":[{\"@type\":\"ListItem\",\"position\":1,\"name\":\"Portada\",\"item\":\"https:\\\/\\\/proagrolab.com.ar\\\/\"},{\"@type\":\"ListItem\",\"position\":2,\"name\":\"Se inicia la campa\u00f1a de vacunaci\u00f3n contra la aftosa en Tucum\u00e1n y Santiago del Estero.\"}]},{\"@type\":\"WebSite\",\"@id\":\"https:\\\/\\\/proagrolab.com.ar\\\/#website\",\"url\":\"https:\\\/\\\/proagrolab.com.ar\\\/\",\"name\":\"Proagro Laboratorio Veterinario\",\"description\":\"Veterinary laboratory\",\"publisher\":{\"@id\":\"https:\\\/\\\/proagrolab.com.ar\\\/#organization\"},\"potentialAction\":[{\"@type\":\"SearchAction\",\"target\":{\"@type\":\"EntryPoint\",\"urlTemplate\":\"https:\\\/\\\/proagrolab.com.ar\\\/?s={search_term_string}\"},\"query-input\":{\"@type\":\"PropertyValueSpecification\",\"valueRequired\":true,\"valueName\":\"search_term_string\"}}],\"inLanguage\":\"en-US\"},{\"@type\":\"Organization\",\"@id\":\"https:\\\/\\\/proagrolab.com.ar\\\/#organization\",\"name\":\"Proagro\",\"url\":\"https:\\\/\\\/proagrolab.com.ar\\\/\",\"logo\":{\"@type\":\"ImageObject\",\"inLanguage\":\"en-US\",\"@id\":\"https:\\\/\\\/proagrolab.com.ar\\\/#\\\/schema\\\/logo\\\/image\\\/\",\"url\":\"https:\\\/\\\/proagrolab.com.ar\\\/wp-content\\\/uploads\\\/2020\\\/04\\\/logo-retina.png\",\"contentUrl\":\"https:\\\/\\\/proagrolab.com.ar\\\/wp-content\\\/uploads\\\/2020\\\/04\\\/logo-retina.png\",\"width\":478,\"height\":120,\"caption\":\"Proagro\"},\"image\":{\"@id\":\"https:\\\/\\\/proagrolab.com.ar\\\/#\\\/schema\\\/logo\\\/image\\\/\"},\"sameAs\":[\"http:\\\/\\\/www.facebook.com\\\/proagrolab\",\"https:\\\/\\\/www.instagram.com\\\/proagrolab\\\/\",\"https:\\\/\\\/www.linkedin.com\\\/company\\\/laboratorio-proagro-s-a\\\/\"]},{\"@type\":\"Person\",\"@id\":\"https:\\\/\\\/proagrolab.com.ar\\\/#\\\/schema\\\/person\\\/38003ff90bf80381f71c7d922d207444\",\"name\":\"proagrolab\"}]}<\/script>\n<!-- \/ Yoast SEO plugin. -->","yoast_head_json":{"title":"Se inicia la campa\u00f1a de vacunaci\u00f3n contra la aftosa en Tucum\u00e1n y Santiago del Estero. | Proagro","robots":{"index":"index","follow":"follow","max-snippet":"max-snippet:-1","max-image-preview":"max-image-preview:large","max-video-preview":"max-video-preview:-1"},"canonical":"https:\/\/proagrolab.com.ar\/en\/se-inicia-la-campana-de-vacunacion-contra-la-aftosa-en-tucuman-y-santiago-del-estero\/","og_locale":"en_US","og_type":"article","og_title":"Se inicia la campa\u00f1a de vacunaci\u00f3n contra la aftosa en Tucum\u00e1n y Santiago del Estero. | Proagro","og_description":"Tambi\u00e9n en la zona central y este de Catamarca. Alcanza a todas las categor\u00edas de bovinos. Adem\u00e1s, se inocular\u00e1n contra la brucelosis a las terneras de 3 a 8 meses. Desde hoy se inicia en Tucum\u00e1n, Santiago del Estero y la zona Este y Valle Central de Catamarca la primera campa\u00f1a de vacunaci\u00f3n anual de todas las categor\u00edas de bovinos contra la fiebre aftosa en el marco del Plan de Erradicaci\u00f3n y Control de la enfermedad que lleva adelante el Servicio Nacional de Sanidad y Calidad Agroalimentaria (Senasa). Se proceder\u00e1 a vacunar a todo el rodeo vacuno, que consta de aproximadamente 1.500.000 bovinos en Santiago del Estero, 135.000 en Tucum\u00e1n y 150.000 en las zonas Este y Valle Central de Catamarca.&nbsp; Al mismo tiempo, se inocular\u00e1n contra la brucelosis a las terneras de 3 a 8 meses. Por caracter\u00edsticas epidemiol\u00f3gicas especiales, la zona oeste de Catamarca comenz\u00f3 la campa\u00f1a en enero e incluye la vacunaci\u00f3n de 30 mil cabezas. La tarea es desarrollada por el Senasa junto con entes de vacunaci\u00f3n provinciales autorizados por el Servicio y agentes oficializados afectados a los operativos de inoculaci\u00f3n. Adem\u00e1s, participan productores, entes sanitarios y laboratorios que elaboran las vacunas. La campa\u00f1a de vacunaci\u00f3n [&hellip;]","og_url":"https:\/\/proagrolab.com.ar\/se-inicia-la-campana-de-vacunacion-contra-la-aftosa-en-tucuman-y-santiago-del-estero\/","og_site_name":"Proagro","article_publisher":"http:\/\/www.facebook.com\/proagrolab","article_published_time":"2014-03-07T00:00:01+00:00","og_image":[{"width":450,"height":208,"url":"https:\/\/proagrolab.com.ar\/wp-content\/uploads\/2015\/01\/g_2hguta8qg__Vacunacion-9.jpg","type":"image\/jpeg"}],"author":"proagrolab","twitter_card":"summary_large_image","twitter_misc":{"Written by":"proagrolab","Est. reading time":"2 minutes"},"schema":{"@context":"https:\/\/schema.org","@graph":[{"@type":"Article","@id":"https:\/\/proagrolab.com.ar\/se-inicia-la-campana-de-vacunacion-contra-la-aftosa-en-tucuman-y-santiago-del-estero\/#article","isPartOf":{"@id":"https:\/\/proagrolab.com.ar\/se-inicia-la-campana-de-vacunacion-contra-la-aftosa-en-tucuman-y-santiago-del-estero\/"},"author":{"name":"proagrolab","@id":"https:\/\/proagrolab.com.ar\/#\/schema\/person\/38003ff90bf80381f71c7d922d207444"},"headline":"Se inicia la campa\u00f1a de vacunaci\u00f3n contra la aftosa en Tucum\u00e1n y Santiago del Estero.","datePublished":"2014-03-07T00:00:01+00:00","mainEntityOfPage":{"@id":"https:\/\/proagrolab.com.ar\/se-inicia-la-campana-de-vacunacion-contra-la-aftosa-en-tucuman-y-santiago-del-estero\/"},"wordCount":319,"publisher":{"@id":"https:\/\/proagrolab.com.ar\/#organization"},"image":{"@id":"https:\/\/proagrolab.com.ar\/se-inicia-la-campana-de-vacunacion-contra-la-aftosa-en-tucuman-y-santiago-del-estero\/#primaryimage"},"thumbnailUrl":"https:\/\/proagrolab.com.ar\/wp-content\/uploads\/2015\/01\/g_2hguta8qg__Vacunacion-9.jpg","articleSection":["News"],"inLanguage":"en-US"},{"@type":"WebPage","@id":"https:\/\/proagrolab.com.ar\/se-inicia-la-campana-de-vacunacion-contra-la-aftosa-en-tucuman-y-santiago-del-estero\/","url":"https:\/\/proagrolab.com.ar\/se-inicia-la-campana-de-vacunacion-contra-la-aftosa-en-tucuman-y-santiago-del-estero\/","name":"Se inicia la campa\u00f1a de vacunaci\u00f3n contra la aftosa en Tucum\u00e1n y Santiago del Estero. | Proagro","isPartOf":{"@id":"https:\/\/proagrolab.com.ar\/#website"},"primaryImageOfPage":{"@id":"https:\/\/proagrolab.com.ar\/se-inicia-la-campana-de-vacunacion-contra-la-aftosa-en-tucuman-y-santiago-del-estero\/#primaryimage"},"image":{"@id":"https:\/\/proagrolab.com.ar\/se-inicia-la-campana-de-vacunacion-contra-la-aftosa-en-tucuman-y-santiago-del-estero\/#primaryimage"},"thumbnailUrl":"https:\/\/proagrolab.com.ar\/wp-content\/uploads\/2015\/01\/g_2hguta8qg__Vacunacion-9.jpg","datePublished":"2014-03-07T00:00:01+00:00","breadcrumb":{"@id":"https:\/\/proagrolab.com.ar\/se-inicia-la-campana-de-vacunacion-contra-la-aftosa-en-tucuman-y-santiago-del-estero\/#breadcrumb"},"inLanguage":"en-US","potentialAction":[{"@type":"ReadAction","target":["https:\/\/proagrolab.com.ar\/se-inicia-la-campana-de-vacunacion-contra-la-aftosa-en-tucuman-y-santiago-del-estero\/"]}]},{"@type":"ImageObject","inLanguage":"en-US","@id":"https:\/\/proagrolab.com.ar\/se-inicia-la-campana-de-vacunacion-contra-la-aftosa-en-tucuman-y-santiago-del-estero\/#primaryimage","url":"https:\/\/proagrolab.com.ar\/wp-content\/uploads\/2015\/01\/g_2hguta8qg__Vacunacion-9.jpg","contentUrl":"https:\/\/proagrolab.com.ar\/wp-content\/uploads\/2015\/01\/g_2hguta8qg__Vacunacion-9.jpg","width":450,"height":208},{"@type":"BreadcrumbList","@id":"https:\/\/proagrolab.com.ar\/se-inicia-la-campana-de-vacunacion-contra-la-aftosa-en-tucuman-y-santiago-del-estero\/#breadcrumb","itemListElement":[{"@type":"ListItem","position":1,"name":"Portada","item":"https:\/\/proagrolab.com.ar\/"},{"@type":"ListItem","position":2,"name":"Se inicia la campa\u00f1a de vacunaci\u00f3n contra la aftosa en Tucum\u00e1n y Santiago del Estero."}]},{"@type":"WebSite","@id":"https:\/\/proagrolab.com.ar\/#website","url":"https:\/\/proagrolab.com.ar\/","name":"Proagro Laboratorio Veterinario","description":"Veterinary laboratory","publisher":{"@id":"https:\/\/proagrolab.com.ar\/#organization"},"potentialAction":[{"@type":"SearchAction","target":{"@type":"EntryPoint","urlTemplate":"https:\/\/proagrolab.com.ar\/?s={search_term_string}"},"query-input":{"@type":"PropertyValueSpecification","valueRequired":true,"valueName":"search_term_string"}}],"inLanguage":"en-US"},{"@type":"Organization","@id":"https:\/\/proagrolab.com.ar\/#organization","name":"Proagro","url":"https:\/\/proagrolab.com.ar\/","logo":{"@type":"ImageObject","inLanguage":"en-US","@id":"https:\/\/proagrolab.com.ar\/#\/schema\/logo\/image\/","url":"https:\/\/proagrolab.com.ar\/wp-content\/uploads\/2020\/04\/logo-retina.png","contentUrl":"https:\/\/proagrolab.com.ar\/wp-content\/uploads\/2020\/04\/logo-retina.png","width":478,"height":120,"caption":"Proagro"},"image":{"@id":"https:\/\/proagrolab.com.ar\/#\/schema\/logo\/image\/"},"sameAs":["http:\/\/www.facebook.com\/proagrolab","https:\/\/www.instagram.com\/proagrolab\/","https:\/\/www.linkedin.com\/company\/laboratorio-proagro-s-a\/"]},{"@type":"Person","@id":"https:\/\/proagrolab.com.ar\/#\/schema\/person\/38003ff90bf80381f71c7d922d207444","name":"proagrolab"}]}},"_links":{"self":[{"href":"https:\/\/proagrolab.com.ar\/en\/wp-json\/wp\/v2\/posts\/5990","targetHints":{"allow":["GET"]}}],"collection":[{"href":"https:\/\/proagrolab.com.ar\/en\/wp-json\/wp\/v2\/posts"}],"about":[{"href":"https:\/\/proagrolab.com.ar\/en\/wp-json\/wp\/v2\/types\/post"}],"author":[{"embeddable":true,"href":"https:\/\/proagrolab.com.ar\/en\/wp-json\/wp\/v2\/users\/2"}],"replies":[{"embeddable":true,"href":"https:\/\/proagrolab.com.ar\/en\/wp-json\/wp\/v2\/comments?post=5990"}],"version-history":[{"count":0,"href":"https:\/\/proagrolab.com.ar\/en\/wp-json\/wp\/v2\/posts\/5990\/revisions"}],"wp:featuredmedia":[{"embeddable":true,"href":"https:\/\/proagrolab.com.ar\/en\/wp-json\/wp\/v2\/media\/2475"}],"wp:attachment":[{"href":"https:\/\/proagrolab.com.ar\/en\/wp-json\/wp\/v2\/media?parent=5990"}],"wp:term":[{"taxonomy":"category","embeddable":true,"href":"https:\/\/proagrolab.com.ar\/en\/wp-json\/wp\/v2\/categories?post=5990"},{"taxonomy":"post_tag","embeddable":true,"href":"https:\/\/proagrolab.com.ar\/en\/wp-json\/wp\/v2\/tags?post=5990"}],"curies":[{"name":"wp","href":"https:\/\/api.w.org\/{rel}","templated":true}]}}