{"id":5986,"date":"2014-03-06T00:00:01","date_gmt":"2014-03-06T00:00:01","guid":{"rendered":"https:\/\/proagrolab.com.ar\/en-santiago-del-estero-se-hizo-el-26o-remate-por-tv-del-noa\/"},"modified":"2014-03-06T00:00:01","modified_gmt":"2014-03-06T00:00:01","slug":"en-santiago-del-estero-se-hizo-el-26o-remate-por-tv-del-noa","status":"publish","type":"post","link":"https:\/\/proagrolab.com.ar\/en\/en-santiago-del-estero-se-hizo-el-26o-remate-por-tv-del-noa\/","title":{"rendered":"En Santiago del Estero se hizo el 26\u00ba Remate por TV del NOA."},"content":{"rendered":"<p class=\"qtranxs-available-languages-message qtranxs-available-languages-message-en\"> <\/p><p>En el Forum de Convenciones, en la ciudad de Santiago del Estero, la firma Colombo y Magliano SA concret\u00f3 el 27 del mes pasado el 26\u00ba Remate por TV del NOA, en el cual se vendieron 3600 cabezas de las 4450 expuestas. <\/p>\n<p>Acompa\u00f1ado por el representante de la consignataria en Santiago, Eduardo Molej\u00f3n, las ventas estuvieron a cargo de Juan Pedro Colombo, con diversos plazos de pago, tanto para la invernada como para la cr\u00eda. En materia de precios, se consideraron buenos los registros asignados al ternero y al novillito. <\/p>\n<p>Participaron compradores de Tucum\u00e1n, Salta, C\u00f3rdoba, Chaco, Santa Fe y de Santiago del Estero. <\/p>\n<p>A continuaci\u00f3n se detallan los valores m\u00ednimo y m\u00e1ximo obtenidos: <br \/>Terneros con 140\/160 kilos, de $ 14,60 a 17,25; con 170\/200 kg, de $ 14,35 a 16,90; con 205\/225 kg, de $ 13,50 a 15,45; terneras con 150\/170 kg, de $ 14,85 a 16,80; con 180\/210 kg, de $ 13,45 a 15,45; terneros y terneras con 100\/120 kg, de $ 16,85 a 18,80; con 130\/180 kg, de $ 15,20 a 16,95; vaquillonas de invernada con 250\/270 kg, de $ 12,60 a 14,20; con 290\/320 kg, $ 11,30 a 13,70; vacas de invernada con $ 7,40 a 8,60; vaquillonas pre\u00f1adas, de $ 4800 a 5800; vacas pre\u00f1adas, de $ 4500 a 5650, y vacas con cr\u00eda, entre 2300 y 2950 pesos, lo que pisa.<\/p>\n<p>Fuente: La Naci\u00f3n, 6 de marzo.<br \/><\/p>","protected":false},"excerpt":{"rendered":"<p>En el Forum de Convenciones, en la ciudad de Santiago del Estero, la firma Colombo y Magliano SA concret\u00f3 el 27 del mes pasado el 26\u00ba Remate por TV del NOA, en el cual se vendieron 3600 cabezas de las 4450 expuestas. Acompa\u00f1ado por el representante de la consignataria en Santiago, Eduardo Molej\u00f3n, las ventas estuvieron a cargo de Juan Pedro Colombo, con diversos plazos de pago, tanto para la invernada como para la cr\u00eda. En materia de precios, se consideraron buenos los registros asignados al ternero y al novillito. Participaron compradores de Tucum\u00e1n, Salta, C\u00f3rdoba, Chaco, Santa Fe y de Santiago del Estero. A continuaci\u00f3n se detallan los valores m\u00ednimo y m\u00e1ximo obtenidos: Terneros con 140\/160 kilos, de $ 14,60 a 17,25; con 170\/200 kg, de $ 14,35 a 16,90; con 205\/225 kg, de $ 13,50 a 15,45; terneras con 150\/170 kg, de $ 14,85 a 16,80; con 180\/210 kg, de $ 13,45 a 15,45; terneros y terneras con 100\/120 kg, de $ 16,85 a 18,80; con 130\/180 kg, de $ 15,20 a 16,95; vaquillonas de invernada con 250\/270 kg, de $ 12,60 a 14,20; con 290\/320 kg, $ 11,30 a 13,70; vacas de invernada con $ 7,40 a [&hellip;]<\/p>\n","protected":false},"author":2,"featured_media":2471,"comment_status":"closed","ping_status":"open","sticky":false,"template":"","format":"standard","meta":{"_acf_changed":false,"footnotes":""},"categories":[56],"tags":[],"class_list":["post-5986","post","type-post","status-publish","format-standard","has-post-thumbnail","hentry","category-infoganadero"],"acf":[],"yoast_head":"<!-- This site is optimized with the Yoast SEO plugin v27.4 - https:\/\/yoast.com\/product\/yoast-seo-wordpress\/ -->\n<title>En Santiago del Estero se hizo el 26\u00ba Remate por TV del NOA. | Proagro<\/title>\n<meta name=\"robots\" content=\"index, follow, max-snippet:-1, max-image-preview:large, max-video-preview:-1\" \/>\n<link rel=\"canonical\" href=\"https:\/\/proagrolab.com.ar\/en\/en-santiago-del-estero-se-hizo-el-26o-remate-por-tv-del-noa\/\" \/>\n<meta property=\"og:locale\" content=\"en_US\" \/>\n<meta property=\"og:type\" content=\"article\" \/>\n<meta property=\"og:title\" content=\"En Santiago del Estero se hizo el 26\u00ba Remate por TV del NOA. | Proagro\" \/>\n<meta property=\"og:description\" content=\"En el Forum de Convenciones, en la ciudad de Santiago del Estero, la firma Colombo y Magliano SA concret\u00f3 el 27 del mes pasado el 26\u00ba Remate por TV del NOA, en el cual se vendieron 3600 cabezas de las 4450 expuestas. Acompa\u00f1ado por el representante de la consignataria en Santiago, Eduardo Molej\u00f3n, las ventas estuvieron a cargo de Juan Pedro Colombo, con diversos plazos de pago, tanto para la invernada como para la cr\u00eda. En materia de precios, se consideraron buenos los registros asignados al ternero y al novillito. Participaron compradores de Tucum\u00e1n, Salta, C\u00f3rdoba, Chaco, Santa Fe y de Santiago del Estero. A continuaci\u00f3n se detallan los valores m\u00ednimo y m\u00e1ximo obtenidos: Terneros con 140\/160 kilos, de $ 14,60 a 17,25; con 170\/200 kg, de $ 14,35 a 16,90; con 205\/225 kg, de $ 13,50 a 15,45; terneras con 150\/170 kg, de $ 14,85 a 16,80; con 180\/210 kg, de $ 13,45 a 15,45; terneros y terneras con 100\/120 kg, de $ 16,85 a 18,80; con 130\/180 kg, de $ 15,20 a 16,95; vaquillonas de invernada con 250\/270 kg, de $ 12,60 a 14,20; con 290\/320 kg, $ 11,30 a 13,70; vacas de invernada con $ 7,40 a [&hellip;]\" \/>\n<meta property=\"og:url\" content=\"https:\/\/proagrolab.com.ar\/en-santiago-del-estero-se-hizo-el-26o-remate-por-tv-del-noa\/\" \/>\n<meta property=\"og:site_name\" content=\"Proagro\" \/>\n<meta property=\"article:publisher\" content=\"http:\/\/www.facebook.com\/proagrolab\" \/>\n<meta property=\"article:published_time\" content=\"2014-03-06T00:00:01+00:00\" \/>\n<meta property=\"og:image\" content=\"https:\/\/proagrolab.com.ar\/wp-content\/uploads\/2015\/01\/g_x8ijlu4r2__Remate-expo-bra.jpg\" \/>\n\t<meta property=\"og:image:width\" content=\"450\" \/>\n\t<meta property=\"og:image:height\" content=\"208\" \/>\n\t<meta property=\"og:image:type\" content=\"image\/jpeg\" \/>\n<meta name=\"author\" content=\"proagrolab\" \/>\n<meta name=\"twitter:card\" content=\"summary_large_image\" \/>\n<meta name=\"twitter:label1\" content=\"Written by\" \/>\n\t<meta name=\"twitter:data1\" content=\"proagrolab\" \/>\n\t<meta name=\"twitter:label2\" content=\"Est. reading time\" \/>\n\t<meta name=\"twitter:data2\" content=\"1 minute\" \/>\n<script type=\"application\/ld+json\" class=\"yoast-schema-graph\">{\"@context\":\"https:\\\/\\\/schema.org\",\"@graph\":[{\"@type\":\"Article\",\"@id\":\"https:\\\/\\\/proagrolab.com.ar\\\/en-santiago-del-estero-se-hizo-el-26o-remate-por-tv-del-noa\\\/#article\",\"isPartOf\":{\"@id\":\"https:\\\/\\\/proagrolab.com.ar\\\/en-santiago-del-estero-se-hizo-el-26o-remate-por-tv-del-noa\\\/\"},\"author\":{\"name\":\"proagrolab\",\"@id\":\"https:\\\/\\\/proagrolab.com.ar\\\/#\\\/schema\\\/person\\\/38003ff90bf80381f71c7d922d207444\"},\"headline\":\"En Santiago del Estero se hizo el 26\u00ba Remate por TV del NOA.\",\"datePublished\":\"2014-03-06T00:00:01+00:00\",\"mainEntityOfPage\":{\"@id\":\"https:\\\/\\\/proagrolab.com.ar\\\/en-santiago-del-estero-se-hizo-el-26o-remate-por-tv-del-noa\\\/\"},\"wordCount\":205,\"publisher\":{\"@id\":\"https:\\\/\\\/proagrolab.com.ar\\\/#organization\"},\"image\":{\"@id\":\"https:\\\/\\\/proagrolab.com.ar\\\/en-santiago-del-estero-se-hizo-el-26o-remate-por-tv-del-noa\\\/#primaryimage\"},\"thumbnailUrl\":\"https:\\\/\\\/proagrolab.com.ar\\\/wp-content\\\/uploads\\\/2015\\\/01\\\/g_x8ijlu4r2__Remate-expo-bra.jpg\",\"articleSection\":[\"News\"],\"inLanguage\":\"en-US\"},{\"@type\":\"WebPage\",\"@id\":\"https:\\\/\\\/proagrolab.com.ar\\\/en-santiago-del-estero-se-hizo-el-26o-remate-por-tv-del-noa\\\/\",\"url\":\"https:\\\/\\\/proagrolab.com.ar\\\/en-santiago-del-estero-se-hizo-el-26o-remate-por-tv-del-noa\\\/\",\"name\":\"En Santiago del Estero se hizo el 26\u00ba Remate por TV del NOA. | Proagro\",\"isPartOf\":{\"@id\":\"https:\\\/\\\/proagrolab.com.ar\\\/#website\"},\"primaryImageOfPage\":{\"@id\":\"https:\\\/\\\/proagrolab.com.ar\\\/en-santiago-del-estero-se-hizo-el-26o-remate-por-tv-del-noa\\\/#primaryimage\"},\"image\":{\"@id\":\"https:\\\/\\\/proagrolab.com.ar\\\/en-santiago-del-estero-se-hizo-el-26o-remate-por-tv-del-noa\\\/#primaryimage\"},\"thumbnailUrl\":\"https:\\\/\\\/proagrolab.com.ar\\\/wp-content\\\/uploads\\\/2015\\\/01\\\/g_x8ijlu4r2__Remate-expo-bra.jpg\",\"datePublished\":\"2014-03-06T00:00:01+00:00\",\"breadcrumb\":{\"@id\":\"https:\\\/\\\/proagrolab.com.ar\\\/en-santiago-del-estero-se-hizo-el-26o-remate-por-tv-del-noa\\\/#breadcrumb\"},\"inLanguage\":\"en-US\",\"potentialAction\":[{\"@type\":\"ReadAction\",\"target\":[\"https:\\\/\\\/proagrolab.com.ar\\\/en-santiago-del-estero-se-hizo-el-26o-remate-por-tv-del-noa\\\/\"]}]},{\"@type\":\"ImageObject\",\"inLanguage\":\"en-US\",\"@id\":\"https:\\\/\\\/proagrolab.com.ar\\\/en-santiago-del-estero-se-hizo-el-26o-remate-por-tv-del-noa\\\/#primaryimage\",\"url\":\"https:\\\/\\\/proagrolab.com.ar\\\/wp-content\\\/uploads\\\/2015\\\/01\\\/g_x8ijlu4r2__Remate-expo-bra.jpg\",\"contentUrl\":\"https:\\\/\\\/proagrolab.com.ar\\\/wp-content\\\/uploads\\\/2015\\\/01\\\/g_x8ijlu4r2__Remate-expo-bra.jpg\",\"width\":450,\"height\":208},{\"@type\":\"BreadcrumbList\",\"@id\":\"https:\\\/\\\/proagrolab.com.ar\\\/en-santiago-del-estero-se-hizo-el-26o-remate-por-tv-del-noa\\\/#breadcrumb\",\"itemListElement\":[{\"@type\":\"ListItem\",\"position\":1,\"name\":\"Portada\",\"item\":\"https:\\\/\\\/proagrolab.com.ar\\\/\"},{\"@type\":\"ListItem\",\"position\":2,\"name\":\"En Santiago del Estero se hizo el 26\u00ba Remate por TV del NOA.\"}]},{\"@type\":\"WebSite\",\"@id\":\"https:\\\/\\\/proagrolab.com.ar\\\/#website\",\"url\":\"https:\\\/\\\/proagrolab.com.ar\\\/\",\"name\":\"Proagro Laboratorio Veterinario\",\"description\":\"Veterinary laboratory\",\"publisher\":{\"@id\":\"https:\\\/\\\/proagrolab.com.ar\\\/#organization\"},\"potentialAction\":[{\"@type\":\"SearchAction\",\"target\":{\"@type\":\"EntryPoint\",\"urlTemplate\":\"https:\\\/\\\/proagrolab.com.ar\\\/?s={search_term_string}\"},\"query-input\":{\"@type\":\"PropertyValueSpecification\",\"valueRequired\":true,\"valueName\":\"search_term_string\"}}],\"inLanguage\":\"en-US\"},{\"@type\":\"Organization\",\"@id\":\"https:\\\/\\\/proagrolab.com.ar\\\/#organization\",\"name\":\"Proagro\",\"url\":\"https:\\\/\\\/proagrolab.com.ar\\\/\",\"logo\":{\"@type\":\"ImageObject\",\"inLanguage\":\"en-US\",\"@id\":\"https:\\\/\\\/proagrolab.com.ar\\\/#\\\/schema\\\/logo\\\/image\\\/\",\"url\":\"https:\\\/\\\/proagrolab.com.ar\\\/wp-content\\\/uploads\\\/2020\\\/04\\\/logo-retina.png\",\"contentUrl\":\"https:\\\/\\\/proagrolab.com.ar\\\/wp-content\\\/uploads\\\/2020\\\/04\\\/logo-retina.png\",\"width\":478,\"height\":120,\"caption\":\"Proagro\"},\"image\":{\"@id\":\"https:\\\/\\\/proagrolab.com.ar\\\/#\\\/schema\\\/logo\\\/image\\\/\"},\"sameAs\":[\"http:\\\/\\\/www.facebook.com\\\/proagrolab\",\"https:\\\/\\\/www.instagram.com\\\/proagrolab\\\/\",\"https:\\\/\\\/www.linkedin.com\\\/company\\\/laboratorio-proagro-s-a\\\/\"]},{\"@type\":\"Person\",\"@id\":\"https:\\\/\\\/proagrolab.com.ar\\\/#\\\/schema\\\/person\\\/38003ff90bf80381f71c7d922d207444\",\"name\":\"proagrolab\"}]}<\/script>\n<!-- \/ Yoast SEO plugin. -->","yoast_head_json":{"title":"En Santiago del Estero se hizo el 26\u00ba Remate por TV del NOA. | Proagro","robots":{"index":"index","follow":"follow","max-snippet":"max-snippet:-1","max-image-preview":"max-image-preview:large","max-video-preview":"max-video-preview:-1"},"canonical":"https:\/\/proagrolab.com.ar\/en\/en-santiago-del-estero-se-hizo-el-26o-remate-por-tv-del-noa\/","og_locale":"en_US","og_type":"article","og_title":"En Santiago del Estero se hizo el 26\u00ba Remate por TV del NOA. | Proagro","og_description":"En el Forum de Convenciones, en la ciudad de Santiago del Estero, la firma Colombo y Magliano SA concret\u00f3 el 27 del mes pasado el 26\u00ba Remate por TV del NOA, en el cual se vendieron 3600 cabezas de las 4450 expuestas. Acompa\u00f1ado por el representante de la consignataria en Santiago, Eduardo Molej\u00f3n, las ventas estuvieron a cargo de Juan Pedro Colombo, con diversos plazos de pago, tanto para la invernada como para la cr\u00eda. En materia de precios, se consideraron buenos los registros asignados al ternero y al novillito. Participaron compradores de Tucum\u00e1n, Salta, C\u00f3rdoba, Chaco, Santa Fe y de Santiago del Estero. A continuaci\u00f3n se detallan los valores m\u00ednimo y m\u00e1ximo obtenidos: Terneros con 140\/160 kilos, de $ 14,60 a 17,25; con 170\/200 kg, de $ 14,35 a 16,90; con 205\/225 kg, de $ 13,50 a 15,45; terneras con 150\/170 kg, de $ 14,85 a 16,80; con 180\/210 kg, de $ 13,45 a 15,45; terneros y terneras con 100\/120 kg, de $ 16,85 a 18,80; con 130\/180 kg, de $ 15,20 a 16,95; vaquillonas de invernada con 250\/270 kg, de $ 12,60 a 14,20; con 290\/320 kg, $ 11,30 a 13,70; vacas de invernada con $ 7,40 a [&hellip;]","og_url":"https:\/\/proagrolab.com.ar\/en-santiago-del-estero-se-hizo-el-26o-remate-por-tv-del-noa\/","og_site_name":"Proagro","article_publisher":"http:\/\/www.facebook.com\/proagrolab","article_published_time":"2014-03-06T00:00:01+00:00","og_image":[{"width":450,"height":208,"url":"https:\/\/proagrolab.com.ar\/wp-content\/uploads\/2015\/01\/g_x8ijlu4r2__Remate-expo-bra.jpg","type":"image\/jpeg"}],"author":"proagrolab","twitter_card":"summary_large_image","twitter_misc":{"Written by":"proagrolab","Est. reading time":"1 minute"},"schema":{"@context":"https:\/\/schema.org","@graph":[{"@type":"Article","@id":"https:\/\/proagrolab.com.ar\/en-santiago-del-estero-se-hizo-el-26o-remate-por-tv-del-noa\/#article","isPartOf":{"@id":"https:\/\/proagrolab.com.ar\/en-santiago-del-estero-se-hizo-el-26o-remate-por-tv-del-noa\/"},"author":{"name":"proagrolab","@id":"https:\/\/proagrolab.com.ar\/#\/schema\/person\/38003ff90bf80381f71c7d922d207444"},"headline":"En Santiago del Estero se hizo el 26\u00ba Remate por TV del NOA.","datePublished":"2014-03-06T00:00:01+00:00","mainEntityOfPage":{"@id":"https:\/\/proagrolab.com.ar\/en-santiago-del-estero-se-hizo-el-26o-remate-por-tv-del-noa\/"},"wordCount":205,"publisher":{"@id":"https:\/\/proagrolab.com.ar\/#organization"},"image":{"@id":"https:\/\/proagrolab.com.ar\/en-santiago-del-estero-se-hizo-el-26o-remate-por-tv-del-noa\/#primaryimage"},"thumbnailUrl":"https:\/\/proagrolab.com.ar\/wp-content\/uploads\/2015\/01\/g_x8ijlu4r2__Remate-expo-bra.jpg","articleSection":["News"],"inLanguage":"en-US"},{"@type":"WebPage","@id":"https:\/\/proagrolab.com.ar\/en-santiago-del-estero-se-hizo-el-26o-remate-por-tv-del-noa\/","url":"https:\/\/proagrolab.com.ar\/en-santiago-del-estero-se-hizo-el-26o-remate-por-tv-del-noa\/","name":"En Santiago del Estero se hizo el 26\u00ba Remate por TV del NOA. | Proagro","isPartOf":{"@id":"https:\/\/proagrolab.com.ar\/#website"},"primaryImageOfPage":{"@id":"https:\/\/proagrolab.com.ar\/en-santiago-del-estero-se-hizo-el-26o-remate-por-tv-del-noa\/#primaryimage"},"image":{"@id":"https:\/\/proagrolab.com.ar\/en-santiago-del-estero-se-hizo-el-26o-remate-por-tv-del-noa\/#primaryimage"},"thumbnailUrl":"https:\/\/proagrolab.com.ar\/wp-content\/uploads\/2015\/01\/g_x8ijlu4r2__Remate-expo-bra.jpg","datePublished":"2014-03-06T00:00:01+00:00","breadcrumb":{"@id":"https:\/\/proagrolab.com.ar\/en-santiago-del-estero-se-hizo-el-26o-remate-por-tv-del-noa\/#breadcrumb"},"inLanguage":"en-US","potentialAction":[{"@type":"ReadAction","target":["https:\/\/proagrolab.com.ar\/en-santiago-del-estero-se-hizo-el-26o-remate-por-tv-del-noa\/"]}]},{"@type":"ImageObject","inLanguage":"en-US","@id":"https:\/\/proagrolab.com.ar\/en-santiago-del-estero-se-hizo-el-26o-remate-por-tv-del-noa\/#primaryimage","url":"https:\/\/proagrolab.com.ar\/wp-content\/uploads\/2015\/01\/g_x8ijlu4r2__Remate-expo-bra.jpg","contentUrl":"https:\/\/proagrolab.com.ar\/wp-content\/uploads\/2015\/01\/g_x8ijlu4r2__Remate-expo-bra.jpg","width":450,"height":208},{"@type":"BreadcrumbList","@id":"https:\/\/proagrolab.com.ar\/en-santiago-del-estero-se-hizo-el-26o-remate-por-tv-del-noa\/#breadcrumb","itemListElement":[{"@type":"ListItem","position":1,"name":"Portada","item":"https:\/\/proagrolab.com.ar\/"},{"@type":"ListItem","position":2,"name":"En Santiago del Estero se hizo el 26\u00ba Remate por TV del NOA."}]},{"@type":"WebSite","@id":"https:\/\/proagrolab.com.ar\/#website","url":"https:\/\/proagrolab.com.ar\/","name":"Proagro Laboratorio Veterinario","description":"Veterinary laboratory","publisher":{"@id":"https:\/\/proagrolab.com.ar\/#organization"},"potentialAction":[{"@type":"SearchAction","target":{"@type":"EntryPoint","urlTemplate":"https:\/\/proagrolab.com.ar\/?s={search_term_string}"},"query-input":{"@type":"PropertyValueSpecification","valueRequired":true,"valueName":"search_term_string"}}],"inLanguage":"en-US"},{"@type":"Organization","@id":"https:\/\/proagrolab.com.ar\/#organization","name":"Proagro","url":"https:\/\/proagrolab.com.ar\/","logo":{"@type":"ImageObject","inLanguage":"en-US","@id":"https:\/\/proagrolab.com.ar\/#\/schema\/logo\/image\/","url":"https:\/\/proagrolab.com.ar\/wp-content\/uploads\/2020\/04\/logo-retina.png","contentUrl":"https:\/\/proagrolab.com.ar\/wp-content\/uploads\/2020\/04\/logo-retina.png","width":478,"height":120,"caption":"Proagro"},"image":{"@id":"https:\/\/proagrolab.com.ar\/#\/schema\/logo\/image\/"},"sameAs":["http:\/\/www.facebook.com\/proagrolab","https:\/\/www.instagram.com\/proagrolab\/","https:\/\/www.linkedin.com\/company\/laboratorio-proagro-s-a\/"]},{"@type":"Person","@id":"https:\/\/proagrolab.com.ar\/#\/schema\/person\/38003ff90bf80381f71c7d922d207444","name":"proagrolab"}]}},"_links":{"self":[{"href":"https:\/\/proagrolab.com.ar\/en\/wp-json\/wp\/v2\/posts\/5986","targetHints":{"allow":["GET"]}}],"collection":[{"href":"https:\/\/proagrolab.com.ar\/en\/wp-json\/wp\/v2\/posts"}],"about":[{"href":"https:\/\/proagrolab.com.ar\/en\/wp-json\/wp\/v2\/types\/post"}],"author":[{"embeddable":true,"href":"https:\/\/proagrolab.com.ar\/en\/wp-json\/wp\/v2\/users\/2"}],"replies":[{"embeddable":true,"href":"https:\/\/proagrolab.com.ar\/en\/wp-json\/wp\/v2\/comments?post=5986"}],"version-history":[{"count":0,"href":"https:\/\/proagrolab.com.ar\/en\/wp-json\/wp\/v2\/posts\/5986\/revisions"}],"wp:featuredmedia":[{"embeddable":true,"href":"https:\/\/proagrolab.com.ar\/en\/wp-json\/wp\/v2\/media\/2471"}],"wp:attachment":[{"href":"https:\/\/proagrolab.com.ar\/en\/wp-json\/wp\/v2\/media?parent=5986"}],"wp:term":[{"taxonomy":"category","embeddable":true,"href":"https:\/\/proagrolab.com.ar\/en\/wp-json\/wp\/v2\/categories?post=5986"},{"taxonomy":"post_tag","embeddable":true,"href":"https:\/\/proagrolab.com.ar\/en\/wp-json\/wp\/v2\/tags?post=5986"}],"curies":[{"name":"wp","href":"https:\/\/api.w.org\/{rel}","templated":true}]}}