{"id":5984,"date":"2014-03-05T00:00:01","date_gmt":"2014-03-05T00:00:01","guid":{"rendered":"https:\/\/proagrolab.com.ar\/exportaciones-uruguayas-de-la-cuota-481-de-carne-aumentaran-35-este-ano\/"},"modified":"2014-03-05T00:00:01","modified_gmt":"2014-03-05T00:00:01","slug":"exportaciones-uruguayas-de-la-cuota-481-de-carne-aumentaran-35-este-ano","status":"publish","type":"post","link":"https:\/\/proagrolab.com.ar\/en\/exportaciones-uruguayas-de-la-cuota-481-de-carne-aumentaran-35-este-ano\/","title":{"rendered":"Exportaciones uruguayas de la cuota 481 de carne aumentar\u00e1n 35% este a\u00f1o."},"content":{"rendered":"<p class=\"qtranxs-available-languages-message qtranxs-available-languages-message-en\"> <\/p><p>Uruguay exportar\u00e1 este a\u00f1o casi 9 mil toneladas de carne en la cuota 481 para la Uni\u00f3n Europea (UE), lo que marca un alza superior a 35% ante el per\u00edodo anterior, inform\u00f3 a El Observador el presidente de la Asociaci\u00f3n de la Industria Frigor\u00edfica del Uruguay (Adifu), Jos\u00e9 Costa.<\/p>\n<p>El expres\u00f3 que al 21 de febrero se hab\u00edan embarcado 6 mil 800 toneladas y que al ritmo mensual de los env\u00edos se terminar\u00e1 el ejercicio el 30 de junio pr\u00f3ximo con casi 9 mil toneladas vendidas.<\/p>\n<p>Costa se mostr\u00f3 conforme con el crecimiento alcanzado comparado con el ejercicio anterior, cuando se exportaron 6 mil 700 toneladas. Esta cifra que fue relevante porque super\u00f3 a la cuota Hilton de 6.300 toneladas.<\/p>\n<p>Uruguay crece dentro del club de los cinco pa\u00edses habilitados para ingresar a la cuota. Por ejemplo, a mediados de enero, el pa\u00eds hab\u00eda exportado un volumen que represent\u00f3 el 24% del total comprado por los importadores europeos, que alcanz\u00f3 a 22.500 toneladas, seg\u00fan los datos suministrados a El Observador por el director de Control y Desarrollo de la Calidad del Instituto Nacional de Carnes (INAC), Ricardo Robaina.<\/p>\n<p>Robaina dijo que a los frigor\u00edficos les interesa este negocio que no paga aranceles, tiene buenos precios y un aprovechamiento de mayor cantidad de cortes frente a la cuota Hilton y, por lo tanto, se mostr\u00f3 optimista sobre el futuro comercial de este rubro.<\/p>\n<p>Fuente: Carnetec, 3 de marzo.<br \/><\/p>","protected":false},"excerpt":{"rendered":"<p>Uruguay exportar\u00e1 este a\u00f1o casi 9 mil toneladas de carne en la cuota 481 para la Uni\u00f3n Europea (UE), lo que marca un alza superior a 35% ante el per\u00edodo anterior, inform\u00f3 a El Observador el presidente de la Asociaci\u00f3n de la Industria Frigor\u00edfica del Uruguay (Adifu), Jos\u00e9 Costa. El expres\u00f3 que al 21 de febrero se hab\u00edan embarcado 6 mil 800 toneladas y que al ritmo mensual de los env\u00edos se terminar\u00e1 el ejercicio el 30 de junio pr\u00f3ximo con casi 9 mil toneladas vendidas. Costa se mostr\u00f3 conforme con el crecimiento alcanzado comparado con el ejercicio anterior, cuando se exportaron 6 mil 700 toneladas. Esta cifra que fue relevante porque super\u00f3 a la cuota Hilton de 6.300 toneladas. Uruguay crece dentro del club de los cinco pa\u00edses habilitados para ingresar a la cuota. Por ejemplo, a mediados de enero, el pa\u00eds hab\u00eda exportado un volumen que represent\u00f3 el 24% del total comprado por los importadores europeos, que alcanz\u00f3 a 22.500 toneladas, seg\u00fan los datos suministrados a El Observador por el director de Control y Desarrollo de la Calidad del Instituto Nacional de Carnes (INAC), Ricardo Robaina. Robaina dijo que a los frigor\u00edficos les interesa este negocio que no [&hellip;]<\/p>\n","protected":false},"author":2,"featured_media":2469,"comment_status":"closed","ping_status":"open","sticky":false,"template":"","format":"standard","meta":{"_acf_changed":false,"footnotes":""},"categories":[56],"tags":[],"class_list":["post-5984","post","type-post","status-publish","format-standard","has-post-thumbnail","hentry","category-infoganadero"],"acf":[],"yoast_head":"<!-- This site is optimized with the Yoast SEO plugin v27.4 - https:\/\/yoast.com\/product\/yoast-seo-wordpress\/ -->\n<title>Exportaciones uruguayas de la cuota 481 de carne aumentar\u00e1n 35% este a\u00f1o. | Proagro<\/title>\n<meta name=\"robots\" content=\"index, follow, max-snippet:-1, max-image-preview:large, max-video-preview:-1\" \/>\n<link rel=\"canonical\" href=\"https:\/\/proagrolab.com.ar\/en\/exportaciones-uruguayas-de-la-cuota-481-de-carne-aumentaran-35-este-ano\/\" \/>\n<meta property=\"og:locale\" content=\"en_US\" \/>\n<meta property=\"og:type\" content=\"article\" \/>\n<meta property=\"og:title\" content=\"Exportaciones uruguayas de la cuota 481 de carne aumentar\u00e1n 35% este a\u00f1o. | Proagro\" \/>\n<meta property=\"og:description\" content=\"Uruguay exportar\u00e1 este a\u00f1o casi 9 mil toneladas de carne en la cuota 481 para la Uni\u00f3n Europea (UE), lo que marca un alza superior a 35% ante el per\u00edodo anterior, inform\u00f3 a El Observador el presidente de la Asociaci\u00f3n de la Industria Frigor\u00edfica del Uruguay (Adifu), Jos\u00e9 Costa. El expres\u00f3 que al 21 de febrero se hab\u00edan embarcado 6 mil 800 toneladas y que al ritmo mensual de los env\u00edos se terminar\u00e1 el ejercicio el 30 de junio pr\u00f3ximo con casi 9 mil toneladas vendidas. Costa se mostr\u00f3 conforme con el crecimiento alcanzado comparado con el ejercicio anterior, cuando se exportaron 6 mil 700 toneladas. Esta cifra que fue relevante porque super\u00f3 a la cuota Hilton de 6.300 toneladas. Uruguay crece dentro del club de los cinco pa\u00edses habilitados para ingresar a la cuota. Por ejemplo, a mediados de enero, el pa\u00eds hab\u00eda exportado un volumen que represent\u00f3 el 24% del total comprado por los importadores europeos, que alcanz\u00f3 a 22.500 toneladas, seg\u00fan los datos suministrados a El Observador por el director de Control y Desarrollo de la Calidad del Instituto Nacional de Carnes (INAC), Ricardo Robaina. Robaina dijo que a los frigor\u00edficos les interesa este negocio que no [&hellip;]\" \/>\n<meta property=\"og:url\" content=\"https:\/\/proagrolab.com.ar\/exportaciones-uruguayas-de-la-cuota-481-de-carne-aumentaran-35-este-ano\/\" \/>\n<meta property=\"og:site_name\" content=\"Proagro\" \/>\n<meta property=\"article:publisher\" content=\"http:\/\/www.facebook.com\/proagrolab\" \/>\n<meta property=\"article:published_time\" content=\"2014-03-05T00:00:01+00:00\" \/>\n<meta property=\"og:image\" content=\"https:\/\/proagrolab.com.ar\/wp-content\/uploads\/2015\/01\/g_ycr6hwzau__Frigorifico.jpg\" \/>\n\t<meta property=\"og:image:width\" content=\"450\" \/>\n\t<meta property=\"og:image:height\" content=\"208\" \/>\n\t<meta property=\"og:image:type\" content=\"image\/jpeg\" \/>\n<meta name=\"author\" content=\"proagrolab\" \/>\n<meta name=\"twitter:card\" content=\"summary_large_image\" \/>\n<meta name=\"twitter:label1\" content=\"Written by\" \/>\n\t<meta name=\"twitter:data1\" content=\"proagrolab\" \/>\n\t<meta name=\"twitter:label2\" content=\"Est. reading time\" \/>\n\t<meta name=\"twitter:data2\" content=\"1 minute\" \/>\n<script type=\"application\/ld+json\" class=\"yoast-schema-graph\">{\"@context\":\"https:\\\/\\\/schema.org\",\"@graph\":[{\"@type\":\"Article\",\"@id\":\"https:\\\/\\\/proagrolab.com.ar\\\/exportaciones-uruguayas-de-la-cuota-481-de-carne-aumentaran-35-este-ano\\\/#article\",\"isPartOf\":{\"@id\":\"https:\\\/\\\/proagrolab.com.ar\\\/exportaciones-uruguayas-de-la-cuota-481-de-carne-aumentaran-35-este-ano\\\/\"},\"author\":{\"name\":\"proagrolab\",\"@id\":\"https:\\\/\\\/proagrolab.com.ar\\\/#\\\/schema\\\/person\\\/38003ff90bf80381f71c7d922d207444\"},\"headline\":\"Exportaciones uruguayas de la cuota 481 de carne aumentar\u00e1n 35% este a\u00f1o.\",\"datePublished\":\"2014-03-05T00:00:01+00:00\",\"mainEntityOfPage\":{\"@id\":\"https:\\\/\\\/proagrolab.com.ar\\\/exportaciones-uruguayas-de-la-cuota-481-de-carne-aumentaran-35-este-ano\\\/\"},\"wordCount\":248,\"publisher\":{\"@id\":\"https:\\\/\\\/proagrolab.com.ar\\\/#organization\"},\"image\":{\"@id\":\"https:\\\/\\\/proagrolab.com.ar\\\/exportaciones-uruguayas-de-la-cuota-481-de-carne-aumentaran-35-este-ano\\\/#primaryimage\"},\"thumbnailUrl\":\"https:\\\/\\\/proagrolab.com.ar\\\/wp-content\\\/uploads\\\/2015\\\/01\\\/g_ycr6hwzau__Frigorifico.jpg\",\"articleSection\":[\"News\"],\"inLanguage\":\"en-US\"},{\"@type\":\"WebPage\",\"@id\":\"https:\\\/\\\/proagrolab.com.ar\\\/exportaciones-uruguayas-de-la-cuota-481-de-carne-aumentaran-35-este-ano\\\/\",\"url\":\"https:\\\/\\\/proagrolab.com.ar\\\/exportaciones-uruguayas-de-la-cuota-481-de-carne-aumentaran-35-este-ano\\\/\",\"name\":\"Exportaciones uruguayas de la cuota 481 de carne aumentar\u00e1n 35% este a\u00f1o. | Proagro\",\"isPartOf\":{\"@id\":\"https:\\\/\\\/proagrolab.com.ar\\\/#website\"},\"primaryImageOfPage\":{\"@id\":\"https:\\\/\\\/proagrolab.com.ar\\\/exportaciones-uruguayas-de-la-cuota-481-de-carne-aumentaran-35-este-ano\\\/#primaryimage\"},\"image\":{\"@id\":\"https:\\\/\\\/proagrolab.com.ar\\\/exportaciones-uruguayas-de-la-cuota-481-de-carne-aumentaran-35-este-ano\\\/#primaryimage\"},\"thumbnailUrl\":\"https:\\\/\\\/proagrolab.com.ar\\\/wp-content\\\/uploads\\\/2015\\\/01\\\/g_ycr6hwzau__Frigorifico.jpg\",\"datePublished\":\"2014-03-05T00:00:01+00:00\",\"breadcrumb\":{\"@id\":\"https:\\\/\\\/proagrolab.com.ar\\\/exportaciones-uruguayas-de-la-cuota-481-de-carne-aumentaran-35-este-ano\\\/#breadcrumb\"},\"inLanguage\":\"en-US\",\"potentialAction\":[{\"@type\":\"ReadAction\",\"target\":[\"https:\\\/\\\/proagrolab.com.ar\\\/exportaciones-uruguayas-de-la-cuota-481-de-carne-aumentaran-35-este-ano\\\/\"]}]},{\"@type\":\"ImageObject\",\"inLanguage\":\"en-US\",\"@id\":\"https:\\\/\\\/proagrolab.com.ar\\\/exportaciones-uruguayas-de-la-cuota-481-de-carne-aumentaran-35-este-ano\\\/#primaryimage\",\"url\":\"https:\\\/\\\/proagrolab.com.ar\\\/wp-content\\\/uploads\\\/2015\\\/01\\\/g_ycr6hwzau__Frigorifico.jpg\",\"contentUrl\":\"https:\\\/\\\/proagrolab.com.ar\\\/wp-content\\\/uploads\\\/2015\\\/01\\\/g_ycr6hwzau__Frigorifico.jpg\",\"width\":450,\"height\":208},{\"@type\":\"BreadcrumbList\",\"@id\":\"https:\\\/\\\/proagrolab.com.ar\\\/exportaciones-uruguayas-de-la-cuota-481-de-carne-aumentaran-35-este-ano\\\/#breadcrumb\",\"itemListElement\":[{\"@type\":\"ListItem\",\"position\":1,\"name\":\"Portada\",\"item\":\"https:\\\/\\\/proagrolab.com.ar\\\/\"},{\"@type\":\"ListItem\",\"position\":2,\"name\":\"Exportaciones uruguayas de la cuota 481 de carne aumentar\u00e1n 35% este a\u00f1o.\"}]},{\"@type\":\"WebSite\",\"@id\":\"https:\\\/\\\/proagrolab.com.ar\\\/#website\",\"url\":\"https:\\\/\\\/proagrolab.com.ar\\\/\",\"name\":\"Proagro Laboratorio Veterinario\",\"description\":\"Veterinary laboratory\",\"publisher\":{\"@id\":\"https:\\\/\\\/proagrolab.com.ar\\\/#organization\"},\"potentialAction\":[{\"@type\":\"SearchAction\",\"target\":{\"@type\":\"EntryPoint\",\"urlTemplate\":\"https:\\\/\\\/proagrolab.com.ar\\\/?s={search_term_string}\"},\"query-input\":{\"@type\":\"PropertyValueSpecification\",\"valueRequired\":true,\"valueName\":\"search_term_string\"}}],\"inLanguage\":\"en-US\"},{\"@type\":\"Organization\",\"@id\":\"https:\\\/\\\/proagrolab.com.ar\\\/#organization\",\"name\":\"Proagro\",\"url\":\"https:\\\/\\\/proagrolab.com.ar\\\/\",\"logo\":{\"@type\":\"ImageObject\",\"inLanguage\":\"en-US\",\"@id\":\"https:\\\/\\\/proagrolab.com.ar\\\/#\\\/schema\\\/logo\\\/image\\\/\",\"url\":\"https:\\\/\\\/proagrolab.com.ar\\\/wp-content\\\/uploads\\\/2020\\\/04\\\/logo-retina.png\",\"contentUrl\":\"https:\\\/\\\/proagrolab.com.ar\\\/wp-content\\\/uploads\\\/2020\\\/04\\\/logo-retina.png\",\"width\":478,\"height\":120,\"caption\":\"Proagro\"},\"image\":{\"@id\":\"https:\\\/\\\/proagrolab.com.ar\\\/#\\\/schema\\\/logo\\\/image\\\/\"},\"sameAs\":[\"http:\\\/\\\/www.facebook.com\\\/proagrolab\",\"https:\\\/\\\/www.instagram.com\\\/proagrolab\\\/\",\"https:\\\/\\\/www.linkedin.com\\\/company\\\/laboratorio-proagro-s-a\\\/\"]},{\"@type\":\"Person\",\"@id\":\"https:\\\/\\\/proagrolab.com.ar\\\/#\\\/schema\\\/person\\\/38003ff90bf80381f71c7d922d207444\",\"name\":\"proagrolab\"}]}<\/script>\n<!-- \/ Yoast SEO plugin. -->","yoast_head_json":{"title":"Exportaciones uruguayas de la cuota 481 de carne aumentar\u00e1n 35% este a\u00f1o. | Proagro","robots":{"index":"index","follow":"follow","max-snippet":"max-snippet:-1","max-image-preview":"max-image-preview:large","max-video-preview":"max-video-preview:-1"},"canonical":"https:\/\/proagrolab.com.ar\/en\/exportaciones-uruguayas-de-la-cuota-481-de-carne-aumentaran-35-este-ano\/","og_locale":"en_US","og_type":"article","og_title":"Exportaciones uruguayas de la cuota 481 de carne aumentar\u00e1n 35% este a\u00f1o. | Proagro","og_description":"Uruguay exportar\u00e1 este a\u00f1o casi 9 mil toneladas de carne en la cuota 481 para la Uni\u00f3n Europea (UE), lo que marca un alza superior a 35% ante el per\u00edodo anterior, inform\u00f3 a El Observador el presidente de la Asociaci\u00f3n de la Industria Frigor\u00edfica del Uruguay (Adifu), Jos\u00e9 Costa. El expres\u00f3 que al 21 de febrero se hab\u00edan embarcado 6 mil 800 toneladas y que al ritmo mensual de los env\u00edos se terminar\u00e1 el ejercicio el 30 de junio pr\u00f3ximo con casi 9 mil toneladas vendidas. Costa se mostr\u00f3 conforme con el crecimiento alcanzado comparado con el ejercicio anterior, cuando se exportaron 6 mil 700 toneladas. Esta cifra que fue relevante porque super\u00f3 a la cuota Hilton de 6.300 toneladas. Uruguay crece dentro del club de los cinco pa\u00edses habilitados para ingresar a la cuota. Por ejemplo, a mediados de enero, el pa\u00eds hab\u00eda exportado un volumen que represent\u00f3 el 24% del total comprado por los importadores europeos, que alcanz\u00f3 a 22.500 toneladas, seg\u00fan los datos suministrados a El Observador por el director de Control y Desarrollo de la Calidad del Instituto Nacional de Carnes (INAC), Ricardo Robaina. Robaina dijo que a los frigor\u00edficos les interesa este negocio que no [&hellip;]","og_url":"https:\/\/proagrolab.com.ar\/exportaciones-uruguayas-de-la-cuota-481-de-carne-aumentaran-35-este-ano\/","og_site_name":"Proagro","article_publisher":"http:\/\/www.facebook.com\/proagrolab","article_published_time":"2014-03-05T00:00:01+00:00","og_image":[{"width":450,"height":208,"url":"https:\/\/proagrolab.com.ar\/wp-content\/uploads\/2015\/01\/g_ycr6hwzau__Frigorifico.jpg","type":"image\/jpeg"}],"author":"proagrolab","twitter_card":"summary_large_image","twitter_misc":{"Written by":"proagrolab","Est. reading time":"1 minute"},"schema":{"@context":"https:\/\/schema.org","@graph":[{"@type":"Article","@id":"https:\/\/proagrolab.com.ar\/exportaciones-uruguayas-de-la-cuota-481-de-carne-aumentaran-35-este-ano\/#article","isPartOf":{"@id":"https:\/\/proagrolab.com.ar\/exportaciones-uruguayas-de-la-cuota-481-de-carne-aumentaran-35-este-ano\/"},"author":{"name":"proagrolab","@id":"https:\/\/proagrolab.com.ar\/#\/schema\/person\/38003ff90bf80381f71c7d922d207444"},"headline":"Exportaciones uruguayas de la cuota 481 de carne aumentar\u00e1n 35% este a\u00f1o.","datePublished":"2014-03-05T00:00:01+00:00","mainEntityOfPage":{"@id":"https:\/\/proagrolab.com.ar\/exportaciones-uruguayas-de-la-cuota-481-de-carne-aumentaran-35-este-ano\/"},"wordCount":248,"publisher":{"@id":"https:\/\/proagrolab.com.ar\/#organization"},"image":{"@id":"https:\/\/proagrolab.com.ar\/exportaciones-uruguayas-de-la-cuota-481-de-carne-aumentaran-35-este-ano\/#primaryimage"},"thumbnailUrl":"https:\/\/proagrolab.com.ar\/wp-content\/uploads\/2015\/01\/g_ycr6hwzau__Frigorifico.jpg","articleSection":["News"],"inLanguage":"en-US"},{"@type":"WebPage","@id":"https:\/\/proagrolab.com.ar\/exportaciones-uruguayas-de-la-cuota-481-de-carne-aumentaran-35-este-ano\/","url":"https:\/\/proagrolab.com.ar\/exportaciones-uruguayas-de-la-cuota-481-de-carne-aumentaran-35-este-ano\/","name":"Exportaciones uruguayas de la cuota 481 de carne aumentar\u00e1n 35% este a\u00f1o. | Proagro","isPartOf":{"@id":"https:\/\/proagrolab.com.ar\/#website"},"primaryImageOfPage":{"@id":"https:\/\/proagrolab.com.ar\/exportaciones-uruguayas-de-la-cuota-481-de-carne-aumentaran-35-este-ano\/#primaryimage"},"image":{"@id":"https:\/\/proagrolab.com.ar\/exportaciones-uruguayas-de-la-cuota-481-de-carne-aumentaran-35-este-ano\/#primaryimage"},"thumbnailUrl":"https:\/\/proagrolab.com.ar\/wp-content\/uploads\/2015\/01\/g_ycr6hwzau__Frigorifico.jpg","datePublished":"2014-03-05T00:00:01+00:00","breadcrumb":{"@id":"https:\/\/proagrolab.com.ar\/exportaciones-uruguayas-de-la-cuota-481-de-carne-aumentaran-35-este-ano\/#breadcrumb"},"inLanguage":"en-US","potentialAction":[{"@type":"ReadAction","target":["https:\/\/proagrolab.com.ar\/exportaciones-uruguayas-de-la-cuota-481-de-carne-aumentaran-35-este-ano\/"]}]},{"@type":"ImageObject","inLanguage":"en-US","@id":"https:\/\/proagrolab.com.ar\/exportaciones-uruguayas-de-la-cuota-481-de-carne-aumentaran-35-este-ano\/#primaryimage","url":"https:\/\/proagrolab.com.ar\/wp-content\/uploads\/2015\/01\/g_ycr6hwzau__Frigorifico.jpg","contentUrl":"https:\/\/proagrolab.com.ar\/wp-content\/uploads\/2015\/01\/g_ycr6hwzau__Frigorifico.jpg","width":450,"height":208},{"@type":"BreadcrumbList","@id":"https:\/\/proagrolab.com.ar\/exportaciones-uruguayas-de-la-cuota-481-de-carne-aumentaran-35-este-ano\/#breadcrumb","itemListElement":[{"@type":"ListItem","position":1,"name":"Portada","item":"https:\/\/proagrolab.com.ar\/"},{"@type":"ListItem","position":2,"name":"Exportaciones uruguayas de la cuota 481 de carne aumentar\u00e1n 35% este a\u00f1o."}]},{"@type":"WebSite","@id":"https:\/\/proagrolab.com.ar\/#website","url":"https:\/\/proagrolab.com.ar\/","name":"Proagro Laboratorio Veterinario","description":"Veterinary laboratory","publisher":{"@id":"https:\/\/proagrolab.com.ar\/#organization"},"potentialAction":[{"@type":"SearchAction","target":{"@type":"EntryPoint","urlTemplate":"https:\/\/proagrolab.com.ar\/?s={search_term_string}"},"query-input":{"@type":"PropertyValueSpecification","valueRequired":true,"valueName":"search_term_string"}}],"inLanguage":"en-US"},{"@type":"Organization","@id":"https:\/\/proagrolab.com.ar\/#organization","name":"Proagro","url":"https:\/\/proagrolab.com.ar\/","logo":{"@type":"ImageObject","inLanguage":"en-US","@id":"https:\/\/proagrolab.com.ar\/#\/schema\/logo\/image\/","url":"https:\/\/proagrolab.com.ar\/wp-content\/uploads\/2020\/04\/logo-retina.png","contentUrl":"https:\/\/proagrolab.com.ar\/wp-content\/uploads\/2020\/04\/logo-retina.png","width":478,"height":120,"caption":"Proagro"},"image":{"@id":"https:\/\/proagrolab.com.ar\/#\/schema\/logo\/image\/"},"sameAs":["http:\/\/www.facebook.com\/proagrolab","https:\/\/www.instagram.com\/proagrolab\/","https:\/\/www.linkedin.com\/company\/laboratorio-proagro-s-a\/"]},{"@type":"Person","@id":"https:\/\/proagrolab.com.ar\/#\/schema\/person\/38003ff90bf80381f71c7d922d207444","name":"proagrolab"}]}},"_links":{"self":[{"href":"https:\/\/proagrolab.com.ar\/en\/wp-json\/wp\/v2\/posts\/5984","targetHints":{"allow":["GET"]}}],"collection":[{"href":"https:\/\/proagrolab.com.ar\/en\/wp-json\/wp\/v2\/posts"}],"about":[{"href":"https:\/\/proagrolab.com.ar\/en\/wp-json\/wp\/v2\/types\/post"}],"author":[{"embeddable":true,"href":"https:\/\/proagrolab.com.ar\/en\/wp-json\/wp\/v2\/users\/2"}],"replies":[{"embeddable":true,"href":"https:\/\/proagrolab.com.ar\/en\/wp-json\/wp\/v2\/comments?post=5984"}],"version-history":[{"count":0,"href":"https:\/\/proagrolab.com.ar\/en\/wp-json\/wp\/v2\/posts\/5984\/revisions"}],"wp:featuredmedia":[{"embeddable":true,"href":"https:\/\/proagrolab.com.ar\/en\/wp-json\/wp\/v2\/media\/2469"}],"wp:attachment":[{"href":"https:\/\/proagrolab.com.ar\/en\/wp-json\/wp\/v2\/media?parent=5984"}],"wp:term":[{"taxonomy":"category","embeddable":true,"href":"https:\/\/proagrolab.com.ar\/en\/wp-json\/wp\/v2\/categories?post=5984"},{"taxonomy":"post_tag","embeddable":true,"href":"https:\/\/proagrolab.com.ar\/en\/wp-json\/wp\/v2\/tags?post=5984"}],"curies":[{"name":"wp","href":"https:\/\/api.w.org\/{rel}","templated":true}]}}