{"id":5981,"date":"2014-02-28T00:00:01","date_gmt":"2014-02-28T00:00:01","guid":{"rendered":"https:\/\/proagrolab.com.ar\/los-precios-de-la-carne-bajo-el-%c2%93efecto-heladera%c2%94\/"},"modified":"2014-02-28T00:00:01","modified_gmt":"2014-02-28T00:00:01","slug":"los-precios-de-la-carne-bajo-el-%c2%93efecto-heladera%c2%94","status":"publish","type":"post","link":"https:\/\/proagrolab.com.ar\/en\/los-precios-de-la-carne-bajo-el-%c2%93efecto-heladera%c2%94\/","title":{"rendered":"Los precios de la carne, bajo el \u0093efecto heladera\u0094."},"content":{"rendered":"<p class=\"qtranxs-available-languages-message qtranxs-available-languages-message-en\"> <\/p><p>Por Ignacio Iriarte.<\/p>\n<p>El precio del novillo, despu\u00e9s de haber acumulado una suba del 50 por ciento desde principios de noviembre, parece ahora estabilizarse.<\/p>\n<p>La oferta, si bien se ha recuperado con respecto a los niveles cr\u00edticos de semanas anteriores, sigue afectada por las continuas lluvias que se siguen registrando en la mayor parte de la zona pampeana, y que siguen obstaculizando la comercializaci\u00f3n.<\/p>\n<p>Si bien la exportaci\u00f3n est\u00e1 pagando por el novillo pesado un 45 por ciento m\u00e1s que hace tres meses, representa hoy s\u00f3lo el cinco por ciento de la demanda: las exportaciones han bajado a niveles inveros\u00edmiles, con algunas plantas paradas, y otras con faenas muy bajas o trabajando s\u00f3lo algunos d\u00edas a la semana.<\/p>\n<p>El Gobierno ha estado varios d\u00edas sin conceder ROE, y lo poco que se logra embarcar se hace a trav\u00e9s de una nueva versi\u00f3n de la \u0093gran barata\u0094, que obliga a los exportadores a vender cortes del parrillero en el mercado interno con un descuento superior al 30 por ciento.<\/p>\n<p>La exportaci\u00f3n est\u00e1 peor que en octubre pasado: la mejora en el tipo de cambio ha sido en tres meses del orden del 35 por ciento y la suba del novillo pesado fue en el mismo per\u00edodo del 45 por ciento.<\/p>\n<p>Hay un faltante in\u00e9dito de novillos pesados, cuya oferta parece seguir afectada por la incertidumbre. La exportaci\u00f3n acompa\u00f1\u00f3 la suba de mediados de enero en el valor del ganado, pero hoy casi toda la carga del mercado la est\u00e1 sobrellevando el consumo interno, que est\u00e1 enfrentando de manera sorprendentemente firme un aumento del precio de la carne al mostrador superior al 40-45 por ciento.<\/p>\n<p><i>El peso del cuero<\/i><br \/>Es cierto que ha subido el precio del cuero un 175 por ciento desde principios de septiembre pasado, pero el cuero es s\u00f3lo el ocho por ciento del animal vivo, y por esta suba se explica s\u00f3lo la quinta parte de lo que se valoriz\u00f3 la hacienda en los \u00faltimos cuatro meses.<\/p>\n<p>Pese a que los consumidores asalariados est\u00e1n enfrentando este salto en los valores de la carne con \u0093salarios viejos\u0094, no existen por ahora evidencias de que haya una ca\u00edda de importancia en el consumo popular, especialmente en el caso de los alimentos y bebidas.<\/p>\n<p>Puede interpretarse que la \u00faltima suba de precios del ganado y de la carne fue gatillada por las lluvias, por la incertidumbre, por la valorizaci\u00f3n del cuero (y de las achuras) y por la devaluaci\u00f3n. Pero se tratar\u00eda de un episodio recurrente en la historia econ\u00f3mica argentina: ca\u00eddas moderadas de la oferta de carne vacuna producen fuertes saltos de precios en el gordo y en la carne, convalidados luego por una demanda de consumo interno que hist\u00f3ricamente se ha comportado en forma marcadamente inel\u00e1stica.<\/p>\n<p><i>Efecto \u0093freezer\u0094<\/i><br \/>Mientras se analiza y se interpreta esta reciente suba del novillo, no debe olvidarse que ya estamos adem\u00e1s bajo la influencia del \u0093efecto freezer\u0094 o \u0093efecto heladera\u0094, nombre que los operadores y analistas le han dado al incremento de precios de la hacienda, que se da siempre para esta \u00e9poca del a\u00f1o. Es resultante por un lado de una oferta sensiblemente menor de hacienda liviana de consumo proveniente del feedlot (la que m\u00e1s le duele al mercado) y por el lado de la demanda, por la vuelta a la vida regular de millones de hogares, en las grandes ciudades, con millones de amas de casa que deben reponer el peque\u00f1o stock perdido de carne en freezer y heladeras.<\/p>\n<p>Para esta \u00e9poca del a\u00f1o, desde hace casi una d\u00e9cada, acompa\u00f1ando el inicio de las clases en muchos distritos, se produce un episodio de aumento puntual en la demanda por cortes vacunos. <\/p>\n<p>Fuente: La Voz del Interior, 28 de febrero.<br \/><\/p>","protected":false},"excerpt":{"rendered":"<p>Por Ignacio Iriarte. El precio del novillo, despu\u00e9s de haber acumulado una suba del 50 por ciento desde principios de noviembre, parece ahora estabilizarse. La oferta, si bien se ha recuperado con respecto a los niveles cr\u00edticos de semanas anteriores, sigue afectada por las continuas lluvias que se siguen registrando en la mayor parte de la zona pampeana, y que siguen obstaculizando la comercializaci\u00f3n. Si bien la exportaci\u00f3n est\u00e1 pagando por el novillo pesado un 45 por ciento m\u00e1s que hace tres meses, representa hoy s\u00f3lo el cinco por ciento de la demanda: las exportaciones han bajado a niveles inveros\u00edmiles, con algunas plantas paradas, y otras con faenas muy bajas o trabajando s\u00f3lo algunos d\u00edas a la semana. El Gobierno ha estado varios d\u00edas sin conceder ROE, y lo poco que se logra embarcar se hace a trav\u00e9s de una nueva versi\u00f3n de la \u0093gran barata\u0094, que obliga a los exportadores a vender cortes del parrillero en el mercado interno con un descuento superior al 30 por ciento. La exportaci\u00f3n est\u00e1 peor que en octubre pasado: la mejora en el tipo de cambio ha sido en tres meses del orden del 35 por ciento y la suba del novillo pesado [&hellip;]<\/p>\n","protected":false},"author":2,"featured_media":2467,"comment_status":"closed","ping_status":"open","sticky":false,"template":"","format":"standard","meta":{"_acf_changed":false,"footnotes":""},"categories":[56],"tags":[],"class_list":["post-5981","post","type-post","status-publish","format-standard","has-post-thumbnail","hentry","category-infoganadero"],"acf":[],"yoast_head":"<!-- This site is optimized with the Yoast SEO plugin v27.4 - https:\/\/yoast.com\/product\/yoast-seo-wordpress\/ -->\n<title>Los precios de la carne, bajo el \u0093efecto heladera\u0094. | Proagro<\/title>\n<meta name=\"robots\" content=\"index, follow, max-snippet:-1, max-image-preview:large, max-video-preview:-1\" \/>\n<link rel=\"canonical\" href=\"https:\/\/proagrolab.com.ar\/en\/los-precios-de-la-carne-bajo-el-\u0093efecto-heladera\u0094\/\" \/>\n<meta property=\"og:locale\" content=\"en_US\" \/>\n<meta property=\"og:type\" content=\"article\" \/>\n<meta property=\"og:title\" content=\"Los precios de la carne, bajo el \u0093efecto heladera\u0094. | Proagro\" \/>\n<meta property=\"og:description\" content=\"Por Ignacio Iriarte. El precio del novillo, despu\u00e9s de haber acumulado una suba del 50 por ciento desde principios de noviembre, parece ahora estabilizarse. La oferta, si bien se ha recuperado con respecto a los niveles cr\u00edticos de semanas anteriores, sigue afectada por las continuas lluvias que se siguen registrando en la mayor parte de la zona pampeana, y que siguen obstaculizando la comercializaci\u00f3n. Si bien la exportaci\u00f3n est\u00e1 pagando por el novillo pesado un 45 por ciento m\u00e1s que hace tres meses, representa hoy s\u00f3lo el cinco por ciento de la demanda: las exportaciones han bajado a niveles inveros\u00edmiles, con algunas plantas paradas, y otras con faenas muy bajas o trabajando s\u00f3lo algunos d\u00edas a la semana. El Gobierno ha estado varios d\u00edas sin conceder ROE, y lo poco que se logra embarcar se hace a trav\u00e9s de una nueva versi\u00f3n de la \u0093gran barata\u0094, que obliga a los exportadores a vender cortes del parrillero en el mercado interno con un descuento superior al 30 por ciento. La exportaci\u00f3n est\u00e1 peor que en octubre pasado: la mejora en el tipo de cambio ha sido en tres meses del orden del 35 por ciento y la suba del novillo pesado [&hellip;]\" \/>\n<meta property=\"og:url\" content=\"https:\/\/proagrolab.com.ar\/los-precios-de-la-carne-bajo-el-\u0093efecto-heladera\u0094\/\" \/>\n<meta property=\"og:site_name\" content=\"Proagro\" \/>\n<meta property=\"article:publisher\" content=\"http:\/\/www.facebook.com\/proagrolab\" \/>\n<meta property=\"article:published_time\" content=\"2014-02-28T00:00:01+00:00\" \/>\n<meta property=\"og:image\" content=\"https:\/\/proagrolab.com.ar\/wp-content\/uploads\/2015\/01\/g_48dsd07ej__Vacas-3.jpg\" \/>\n\t<meta property=\"og:image:width\" content=\"450\" \/>\n\t<meta property=\"og:image:height\" content=\"208\" \/>\n\t<meta property=\"og:image:type\" content=\"image\/jpeg\" \/>\n<meta name=\"author\" content=\"proagrolab\" \/>\n<meta name=\"twitter:card\" content=\"summary_large_image\" \/>\n<meta name=\"twitter:label1\" content=\"Written by\" \/>\n\t<meta name=\"twitter:data1\" content=\"proagrolab\" \/>\n\t<meta name=\"twitter:label2\" content=\"Est. reading time\" \/>\n\t<meta name=\"twitter:data2\" content=\"3 minutes\" \/>\n<script type=\"application\/ld+json\" class=\"yoast-schema-graph\">{\"@context\":\"https:\\\/\\\/schema.org\",\"@graph\":[{\"@type\":\"Article\",\"@id\":\"https:\\\/\\\/proagrolab.com.ar\\\/los-precios-de-la-carne-bajo-el-%c2%93efecto-heladera%c2%94\\\/#article\",\"isPartOf\":{\"@id\":\"https:\\\/\\\/proagrolab.com.ar\\\/los-precios-de-la-carne-bajo-el-%c2%93efecto-heladera%c2%94\\\/\"},\"author\":{\"name\":\"proagrolab\",\"@id\":\"https:\\\/\\\/proagrolab.com.ar\\\/#\\\/schema\\\/person\\\/38003ff90bf80381f71c7d922d207444\"},\"headline\":\"Los precios de la carne, bajo el \u0093efecto heladera\u0094.\",\"datePublished\":\"2014-02-28T00:00:01+00:00\",\"mainEntityOfPage\":{\"@id\":\"https:\\\/\\\/proagrolab.com.ar\\\/los-precios-de-la-carne-bajo-el-%c2%93efecto-heladera%c2%94\\\/\"},\"wordCount\":653,\"publisher\":{\"@id\":\"https:\\\/\\\/proagrolab.com.ar\\\/#organization\"},\"image\":{\"@id\":\"https:\\\/\\\/proagrolab.com.ar\\\/los-precios-de-la-carne-bajo-el-%c2%93efecto-heladera%c2%94\\\/#primaryimage\"},\"thumbnailUrl\":\"https:\\\/\\\/proagrolab.com.ar\\\/wp-content\\\/uploads\\\/2015\\\/01\\\/g_48dsd07ej__Vacas-3.jpg\",\"articleSection\":[\"News\"],\"inLanguage\":\"en-US\"},{\"@type\":\"WebPage\",\"@id\":\"https:\\\/\\\/proagrolab.com.ar\\\/los-precios-de-la-carne-bajo-el-%c2%93efecto-heladera%c2%94\\\/\",\"url\":\"https:\\\/\\\/proagrolab.com.ar\\\/los-precios-de-la-carne-bajo-el-%c2%93efecto-heladera%c2%94\\\/\",\"name\":\"Los precios de la carne, bajo el \u0093efecto heladera\u0094. | Proagro\",\"isPartOf\":{\"@id\":\"https:\\\/\\\/proagrolab.com.ar\\\/#website\"},\"primaryImageOfPage\":{\"@id\":\"https:\\\/\\\/proagrolab.com.ar\\\/los-precios-de-la-carne-bajo-el-%c2%93efecto-heladera%c2%94\\\/#primaryimage\"},\"image\":{\"@id\":\"https:\\\/\\\/proagrolab.com.ar\\\/los-precios-de-la-carne-bajo-el-%c2%93efecto-heladera%c2%94\\\/#primaryimage\"},\"thumbnailUrl\":\"https:\\\/\\\/proagrolab.com.ar\\\/wp-content\\\/uploads\\\/2015\\\/01\\\/g_48dsd07ej__Vacas-3.jpg\",\"datePublished\":\"2014-02-28T00:00:01+00:00\",\"breadcrumb\":{\"@id\":\"https:\\\/\\\/proagrolab.com.ar\\\/los-precios-de-la-carne-bajo-el-%c2%93efecto-heladera%c2%94\\\/#breadcrumb\"},\"inLanguage\":\"en-US\",\"potentialAction\":[{\"@type\":\"ReadAction\",\"target\":[\"https:\\\/\\\/proagrolab.com.ar\\\/los-precios-de-la-carne-bajo-el-%c2%93efecto-heladera%c2%94\\\/\"]}]},{\"@type\":\"ImageObject\",\"inLanguage\":\"en-US\",\"@id\":\"https:\\\/\\\/proagrolab.com.ar\\\/los-precios-de-la-carne-bajo-el-%c2%93efecto-heladera%c2%94\\\/#primaryimage\",\"url\":\"https:\\\/\\\/proagrolab.com.ar\\\/wp-content\\\/uploads\\\/2015\\\/01\\\/g_48dsd07ej__Vacas-3.jpg\",\"contentUrl\":\"https:\\\/\\\/proagrolab.com.ar\\\/wp-content\\\/uploads\\\/2015\\\/01\\\/g_48dsd07ej__Vacas-3.jpg\",\"width\":450,\"height\":208},{\"@type\":\"BreadcrumbList\",\"@id\":\"https:\\\/\\\/proagrolab.com.ar\\\/los-precios-de-la-carne-bajo-el-%c2%93efecto-heladera%c2%94\\\/#breadcrumb\",\"itemListElement\":[{\"@type\":\"ListItem\",\"position\":1,\"name\":\"Portada\",\"item\":\"https:\\\/\\\/proagrolab.com.ar\\\/\"},{\"@type\":\"ListItem\",\"position\":2,\"name\":\"Los precios de la carne, bajo el \u0093efecto heladera\u0094.\"}]},{\"@type\":\"WebSite\",\"@id\":\"https:\\\/\\\/proagrolab.com.ar\\\/#website\",\"url\":\"https:\\\/\\\/proagrolab.com.ar\\\/\",\"name\":\"Proagro Laboratorio Veterinario\",\"description\":\"Veterinary laboratory\",\"publisher\":{\"@id\":\"https:\\\/\\\/proagrolab.com.ar\\\/#organization\"},\"potentialAction\":[{\"@type\":\"SearchAction\",\"target\":{\"@type\":\"EntryPoint\",\"urlTemplate\":\"https:\\\/\\\/proagrolab.com.ar\\\/?s={search_term_string}\"},\"query-input\":{\"@type\":\"PropertyValueSpecification\",\"valueRequired\":true,\"valueName\":\"search_term_string\"}}],\"inLanguage\":\"en-US\"},{\"@type\":\"Organization\",\"@id\":\"https:\\\/\\\/proagrolab.com.ar\\\/#organization\",\"name\":\"Proagro\",\"url\":\"https:\\\/\\\/proagrolab.com.ar\\\/\",\"logo\":{\"@type\":\"ImageObject\",\"inLanguage\":\"en-US\",\"@id\":\"https:\\\/\\\/proagrolab.com.ar\\\/#\\\/schema\\\/logo\\\/image\\\/\",\"url\":\"https:\\\/\\\/proagrolab.com.ar\\\/wp-content\\\/uploads\\\/2020\\\/04\\\/logo-retina.png\",\"contentUrl\":\"https:\\\/\\\/proagrolab.com.ar\\\/wp-content\\\/uploads\\\/2020\\\/04\\\/logo-retina.png\",\"width\":478,\"height\":120,\"caption\":\"Proagro\"},\"image\":{\"@id\":\"https:\\\/\\\/proagrolab.com.ar\\\/#\\\/schema\\\/logo\\\/image\\\/\"},\"sameAs\":[\"http:\\\/\\\/www.facebook.com\\\/proagrolab\",\"https:\\\/\\\/www.instagram.com\\\/proagrolab\\\/\",\"https:\\\/\\\/www.linkedin.com\\\/company\\\/laboratorio-proagro-s-a\\\/\"]},{\"@type\":\"Person\",\"@id\":\"https:\\\/\\\/proagrolab.com.ar\\\/#\\\/schema\\\/person\\\/38003ff90bf80381f71c7d922d207444\",\"name\":\"proagrolab\"}]}<\/script>\n<!-- \/ Yoast SEO plugin. -->","yoast_head_json":{"title":"Los precios de la carne, bajo el \u0093efecto heladera\u0094. | Proagro","robots":{"index":"index","follow":"follow","max-snippet":"max-snippet:-1","max-image-preview":"max-image-preview:large","max-video-preview":"max-video-preview:-1"},"canonical":"https:\/\/proagrolab.com.ar\/en\/los-precios-de-la-carne-bajo-el-\u0093efecto-heladera\u0094\/","og_locale":"en_US","og_type":"article","og_title":"Los precios de la carne, bajo el \u0093efecto heladera\u0094. | Proagro","og_description":"Por Ignacio Iriarte. El precio del novillo, despu\u00e9s de haber acumulado una suba del 50 por ciento desde principios de noviembre, parece ahora estabilizarse. La oferta, si bien se ha recuperado con respecto a los niveles cr\u00edticos de semanas anteriores, sigue afectada por las continuas lluvias que se siguen registrando en la mayor parte de la zona pampeana, y que siguen obstaculizando la comercializaci\u00f3n. Si bien la exportaci\u00f3n est\u00e1 pagando por el novillo pesado un 45 por ciento m\u00e1s que hace tres meses, representa hoy s\u00f3lo el cinco por ciento de la demanda: las exportaciones han bajado a niveles inveros\u00edmiles, con algunas plantas paradas, y otras con faenas muy bajas o trabajando s\u00f3lo algunos d\u00edas a la semana. El Gobierno ha estado varios d\u00edas sin conceder ROE, y lo poco que se logra embarcar se hace a trav\u00e9s de una nueva versi\u00f3n de la \u0093gran barata\u0094, que obliga a los exportadores a vender cortes del parrillero en el mercado interno con un descuento superior al 30 por ciento. La exportaci\u00f3n est\u00e1 peor que en octubre pasado: la mejora en el tipo de cambio ha sido en tres meses del orden del 35 por ciento y la suba del novillo pesado [&hellip;]","og_url":"https:\/\/proagrolab.com.ar\/los-precios-de-la-carne-bajo-el-\u0093efecto-heladera\u0094\/","og_site_name":"Proagro","article_publisher":"http:\/\/www.facebook.com\/proagrolab","article_published_time":"2014-02-28T00:00:01+00:00","og_image":[{"width":450,"height":208,"url":"https:\/\/proagrolab.com.ar\/wp-content\/uploads\/2015\/01\/g_48dsd07ej__Vacas-3.jpg","type":"image\/jpeg"}],"author":"proagrolab","twitter_card":"summary_large_image","twitter_misc":{"Written by":"proagrolab","Est. reading time":"3 minutes"},"schema":{"@context":"https:\/\/schema.org","@graph":[{"@type":"Article","@id":"https:\/\/proagrolab.com.ar\/los-precios-de-la-carne-bajo-el-%c2%93efecto-heladera%c2%94\/#article","isPartOf":{"@id":"https:\/\/proagrolab.com.ar\/los-precios-de-la-carne-bajo-el-%c2%93efecto-heladera%c2%94\/"},"author":{"name":"proagrolab","@id":"https:\/\/proagrolab.com.ar\/#\/schema\/person\/38003ff90bf80381f71c7d922d207444"},"headline":"Los precios de la carne, bajo el \u0093efecto heladera\u0094.","datePublished":"2014-02-28T00:00:01+00:00","mainEntityOfPage":{"@id":"https:\/\/proagrolab.com.ar\/los-precios-de-la-carne-bajo-el-%c2%93efecto-heladera%c2%94\/"},"wordCount":653,"publisher":{"@id":"https:\/\/proagrolab.com.ar\/#organization"},"image":{"@id":"https:\/\/proagrolab.com.ar\/los-precios-de-la-carne-bajo-el-%c2%93efecto-heladera%c2%94\/#primaryimage"},"thumbnailUrl":"https:\/\/proagrolab.com.ar\/wp-content\/uploads\/2015\/01\/g_48dsd07ej__Vacas-3.jpg","articleSection":["News"],"inLanguage":"en-US"},{"@type":"WebPage","@id":"https:\/\/proagrolab.com.ar\/los-precios-de-la-carne-bajo-el-%c2%93efecto-heladera%c2%94\/","url":"https:\/\/proagrolab.com.ar\/los-precios-de-la-carne-bajo-el-%c2%93efecto-heladera%c2%94\/","name":"Los precios de la carne, bajo el \u0093efecto heladera\u0094. | Proagro","isPartOf":{"@id":"https:\/\/proagrolab.com.ar\/#website"},"primaryImageOfPage":{"@id":"https:\/\/proagrolab.com.ar\/los-precios-de-la-carne-bajo-el-%c2%93efecto-heladera%c2%94\/#primaryimage"},"image":{"@id":"https:\/\/proagrolab.com.ar\/los-precios-de-la-carne-bajo-el-%c2%93efecto-heladera%c2%94\/#primaryimage"},"thumbnailUrl":"https:\/\/proagrolab.com.ar\/wp-content\/uploads\/2015\/01\/g_48dsd07ej__Vacas-3.jpg","datePublished":"2014-02-28T00:00:01+00:00","breadcrumb":{"@id":"https:\/\/proagrolab.com.ar\/los-precios-de-la-carne-bajo-el-%c2%93efecto-heladera%c2%94\/#breadcrumb"},"inLanguage":"en-US","potentialAction":[{"@type":"ReadAction","target":["https:\/\/proagrolab.com.ar\/los-precios-de-la-carne-bajo-el-%c2%93efecto-heladera%c2%94\/"]}]},{"@type":"ImageObject","inLanguage":"en-US","@id":"https:\/\/proagrolab.com.ar\/los-precios-de-la-carne-bajo-el-%c2%93efecto-heladera%c2%94\/#primaryimage","url":"https:\/\/proagrolab.com.ar\/wp-content\/uploads\/2015\/01\/g_48dsd07ej__Vacas-3.jpg","contentUrl":"https:\/\/proagrolab.com.ar\/wp-content\/uploads\/2015\/01\/g_48dsd07ej__Vacas-3.jpg","width":450,"height":208},{"@type":"BreadcrumbList","@id":"https:\/\/proagrolab.com.ar\/los-precios-de-la-carne-bajo-el-%c2%93efecto-heladera%c2%94\/#breadcrumb","itemListElement":[{"@type":"ListItem","position":1,"name":"Portada","item":"https:\/\/proagrolab.com.ar\/"},{"@type":"ListItem","position":2,"name":"Los precios de la carne, bajo el \u0093efecto heladera\u0094."}]},{"@type":"WebSite","@id":"https:\/\/proagrolab.com.ar\/#website","url":"https:\/\/proagrolab.com.ar\/","name":"Proagro Laboratorio Veterinario","description":"Veterinary laboratory","publisher":{"@id":"https:\/\/proagrolab.com.ar\/#organization"},"potentialAction":[{"@type":"SearchAction","target":{"@type":"EntryPoint","urlTemplate":"https:\/\/proagrolab.com.ar\/?s={search_term_string}"},"query-input":{"@type":"PropertyValueSpecification","valueRequired":true,"valueName":"search_term_string"}}],"inLanguage":"en-US"},{"@type":"Organization","@id":"https:\/\/proagrolab.com.ar\/#organization","name":"Proagro","url":"https:\/\/proagrolab.com.ar\/","logo":{"@type":"ImageObject","inLanguage":"en-US","@id":"https:\/\/proagrolab.com.ar\/#\/schema\/logo\/image\/","url":"https:\/\/proagrolab.com.ar\/wp-content\/uploads\/2020\/04\/logo-retina.png","contentUrl":"https:\/\/proagrolab.com.ar\/wp-content\/uploads\/2020\/04\/logo-retina.png","width":478,"height":120,"caption":"Proagro"},"image":{"@id":"https:\/\/proagrolab.com.ar\/#\/schema\/logo\/image\/"},"sameAs":["http:\/\/www.facebook.com\/proagrolab","https:\/\/www.instagram.com\/proagrolab\/","https:\/\/www.linkedin.com\/company\/laboratorio-proagro-s-a\/"]},{"@type":"Person","@id":"https:\/\/proagrolab.com.ar\/#\/schema\/person\/38003ff90bf80381f71c7d922d207444","name":"proagrolab"}]}},"_links":{"self":[{"href":"https:\/\/proagrolab.com.ar\/en\/wp-json\/wp\/v2\/posts\/5981","targetHints":{"allow":["GET"]}}],"collection":[{"href":"https:\/\/proagrolab.com.ar\/en\/wp-json\/wp\/v2\/posts"}],"about":[{"href":"https:\/\/proagrolab.com.ar\/en\/wp-json\/wp\/v2\/types\/post"}],"author":[{"embeddable":true,"href":"https:\/\/proagrolab.com.ar\/en\/wp-json\/wp\/v2\/users\/2"}],"replies":[{"embeddable":true,"href":"https:\/\/proagrolab.com.ar\/en\/wp-json\/wp\/v2\/comments?post=5981"}],"version-history":[{"count":0,"href":"https:\/\/proagrolab.com.ar\/en\/wp-json\/wp\/v2\/posts\/5981\/revisions"}],"wp:featuredmedia":[{"embeddable":true,"href":"https:\/\/proagrolab.com.ar\/en\/wp-json\/wp\/v2\/media\/2467"}],"wp:attachment":[{"href":"https:\/\/proagrolab.com.ar\/en\/wp-json\/wp\/v2\/media?parent=5981"}],"wp:term":[{"taxonomy":"category","embeddable":true,"href":"https:\/\/proagrolab.com.ar\/en\/wp-json\/wp\/v2\/categories?post=5981"},{"taxonomy":"post_tag","embeddable":true,"href":"https:\/\/proagrolab.com.ar\/en\/wp-json\/wp\/v2\/tags?post=5981"}],"curies":[{"name":"wp","href":"https:\/\/api.w.org\/{rel}","templated":true}]}}