{"id":5974,"date":"2014-02-27T00:00:01","date_gmt":"2014-02-27T00:00:01","guid":{"rendered":"https:\/\/proagrolab.com.ar\/el-gobierno-freno-la-exportacion-de-leche\/"},"modified":"2014-02-27T00:00:01","modified_gmt":"2014-02-27T00:00:01","slug":"el-gobierno-freno-la-exportacion-de-leche","status":"publish","type":"post","link":"https:\/\/proagrolab.com.ar\/en\/el-gobierno-freno-la-exportacion-de-leche\/","title":{"rendered":"El Gobierno fren\u00f3 la exportaci\u00f3n de leche."},"content":{"rendered":"<p class=\"qtranxs-available-languages-message qtranxs-available-languages-message-en\"> <\/p><p>La estrategia es provocar una baja de los precios internos.<\/p>\n<p>Luego de haber limitado durante casi tres semanas las exportaciones de carne, cuyos permisos para vender al exterior volvieron a ser lentamente aprobados, el Gobierno ahora decidi\u00f3 restringir el comercio de leche en polvo. Lo hace en un momento con precios r\u00e9cord en el mundo para este producto, pero en cambio con valores internos atrasados para los tamberos en su materia prima tras la devaluaci\u00f3n.<\/p>\n<p>Seg\u00fan fuentes empresarias, en las \u00faltimas horas desde la Secretar\u00eda de Comercio lleg\u00f3 el mensaje de que estaban trabadas las autorizaciones de nuevos permisos de exportaci\u00f3n hasta fines de marzo.<\/p>\n<p>La noticia circul\u00f3 r\u00e1pidamente entre los industriales, quienes frente a esta situaci\u00f3n estar\u00edan buscando que el Gobierno por lo menos habilite para marzo de 2014 la exportaci\u00f3n del mismo volumen que se vendi\u00f3 en igual mes de 2013. En marzo del a\u00f1o pasado fueron al exterior casi 12.000 toneladas. En tanto, en todo 2013 se exportaron 205.297 toneladas de leche en polvo.<\/p>\n<p>El objetivo del Gobierno es provocar una sobreoferta interna para que caigan los precios al p\u00fablico, si bien ya hay una brecha importante entre lo que cobran los tamberos y el precio final. Las empresas l\u00e1cteas m\u00e1s afectadas por la medida son las que destinan la mayor parte de su producci\u00f3n al mercado externo.<\/p>\n<p>Esta decisi\u00f3n se conoce en un momento en que los productores comenzaron a realizar asambleas para evaluar un plan de protesta. Con la devaluaci\u00f3n, sus precios quedaron atrasados, mientras sus costos dolarizados subieron.<\/p>\n<p>Fuente: La Naci\u00f3n, 27 de febrero.<br \/><\/p>","protected":false},"excerpt":{"rendered":"<p>La estrategia es provocar una baja de los precios internos. Luego de haber limitado durante casi tres semanas las exportaciones de carne, cuyos permisos para vender al exterior volvieron a ser lentamente aprobados, el Gobierno ahora decidi\u00f3 restringir el comercio de leche en polvo. Lo hace en un momento con precios r\u00e9cord en el mundo para este producto, pero en cambio con valores internos atrasados para los tamberos en su materia prima tras la devaluaci\u00f3n. Seg\u00fan fuentes empresarias, en las \u00faltimas horas desde la Secretar\u00eda de Comercio lleg\u00f3 el mensaje de que estaban trabadas las autorizaciones de nuevos permisos de exportaci\u00f3n hasta fines de marzo. La noticia circul\u00f3 r\u00e1pidamente entre los industriales, quienes frente a esta situaci\u00f3n estar\u00edan buscando que el Gobierno por lo menos habilite para marzo de 2014 la exportaci\u00f3n del mismo volumen que se vendi\u00f3 en igual mes de 2013. En marzo del a\u00f1o pasado fueron al exterior casi 12.000 toneladas. En tanto, en todo 2013 se exportaron 205.297 toneladas de leche en polvo. El objetivo del Gobierno es provocar una sobreoferta interna para que caigan los precios al p\u00fablico, si bien ya hay una brecha importante entre lo que cobran los tamberos y el precio final. [&hellip;]<\/p>\n","protected":false},"author":2,"featured_media":2460,"comment_status":"closed","ping_status":"open","sticky":false,"template":"","format":"standard","meta":{"_acf_changed":false,"footnotes":""},"categories":[56],"tags":[],"class_list":["post-5974","post","type-post","status-publish","format-standard","has-post-thumbnail","hentry","category-infoganadero"],"acf":[],"yoast_head":"<!-- This site is optimized with the Yoast SEO plugin v27.4 - https:\/\/yoast.com\/product\/yoast-seo-wordpress\/ -->\n<title>El Gobierno fren\u00f3 la exportaci\u00f3n de leche. | Proagro<\/title>\n<meta name=\"robots\" content=\"index, follow, max-snippet:-1, max-image-preview:large, max-video-preview:-1\" \/>\n<link rel=\"canonical\" href=\"https:\/\/proagrolab.com.ar\/en\/el-gobierno-freno-la-exportacion-de-leche\/\" \/>\n<meta property=\"og:locale\" content=\"en_US\" \/>\n<meta property=\"og:type\" content=\"article\" \/>\n<meta property=\"og:title\" content=\"El Gobierno fren\u00f3 la exportaci\u00f3n de leche. | Proagro\" \/>\n<meta property=\"og:description\" content=\"La estrategia es provocar una baja de los precios internos. Luego de haber limitado durante casi tres semanas las exportaciones de carne, cuyos permisos para vender al exterior volvieron a ser lentamente aprobados, el Gobierno ahora decidi\u00f3 restringir el comercio de leche en polvo. Lo hace en un momento con precios r\u00e9cord en el mundo para este producto, pero en cambio con valores internos atrasados para los tamberos en su materia prima tras la devaluaci\u00f3n. Seg\u00fan fuentes empresarias, en las \u00faltimas horas desde la Secretar\u00eda de Comercio lleg\u00f3 el mensaje de que estaban trabadas las autorizaciones de nuevos permisos de exportaci\u00f3n hasta fines de marzo. La noticia circul\u00f3 r\u00e1pidamente entre los industriales, quienes frente a esta situaci\u00f3n estar\u00edan buscando que el Gobierno por lo menos habilite para marzo de 2014 la exportaci\u00f3n del mismo volumen que se vendi\u00f3 en igual mes de 2013. En marzo del a\u00f1o pasado fueron al exterior casi 12.000 toneladas. En tanto, en todo 2013 se exportaron 205.297 toneladas de leche en polvo. El objetivo del Gobierno es provocar una sobreoferta interna para que caigan los precios al p\u00fablico, si bien ya hay una brecha importante entre lo que cobran los tamberos y el precio final. [&hellip;]\" \/>\n<meta property=\"og:url\" content=\"https:\/\/proagrolab.com.ar\/el-gobierno-freno-la-exportacion-de-leche\/\" \/>\n<meta property=\"og:site_name\" content=\"Proagro\" \/>\n<meta property=\"article:publisher\" content=\"http:\/\/www.facebook.com\/proagrolab\" \/>\n<meta property=\"article:published_time\" content=\"2014-02-27T00:00:01+00:00\" \/>\n<meta property=\"og:image\" content=\"https:\/\/proagrolab.com.ar\/wp-content\/uploads\/2015\/01\/g_8v6tscevi__Lecheras-32.jpg\" \/>\n\t<meta property=\"og:image:width\" content=\"450\" \/>\n\t<meta property=\"og:image:height\" content=\"208\" \/>\n\t<meta property=\"og:image:type\" content=\"image\/jpeg\" \/>\n<meta name=\"author\" content=\"proagrolab\" \/>\n<meta name=\"twitter:card\" content=\"summary_large_image\" \/>\n<meta name=\"twitter:label1\" content=\"Written by\" \/>\n\t<meta name=\"twitter:data1\" content=\"proagrolab\" \/>\n\t<meta name=\"twitter:label2\" content=\"Est. reading time\" \/>\n\t<meta name=\"twitter:data2\" content=\"1 minute\" \/>\n<script type=\"application\/ld+json\" class=\"yoast-schema-graph\">{\"@context\":\"https:\\\/\\\/schema.org\",\"@graph\":[{\"@type\":\"Article\",\"@id\":\"https:\\\/\\\/proagrolab.com.ar\\\/el-gobierno-freno-la-exportacion-de-leche\\\/#article\",\"isPartOf\":{\"@id\":\"https:\\\/\\\/proagrolab.com.ar\\\/el-gobierno-freno-la-exportacion-de-leche\\\/\"},\"author\":{\"name\":\"proagrolab\",\"@id\":\"https:\\\/\\\/proagrolab.com.ar\\\/#\\\/schema\\\/person\\\/38003ff90bf80381f71c7d922d207444\"},\"headline\":\"El Gobierno fren\u00f3 la exportaci\u00f3n de leche.\",\"datePublished\":\"2014-02-27T00:00:01+00:00\",\"mainEntityOfPage\":{\"@id\":\"https:\\\/\\\/proagrolab.com.ar\\\/el-gobierno-freno-la-exportacion-de-leche\\\/\"},\"wordCount\":279,\"publisher\":{\"@id\":\"https:\\\/\\\/proagrolab.com.ar\\\/#organization\"},\"image\":{\"@id\":\"https:\\\/\\\/proagrolab.com.ar\\\/el-gobierno-freno-la-exportacion-de-leche\\\/#primaryimage\"},\"thumbnailUrl\":\"https:\\\/\\\/proagrolab.com.ar\\\/wp-content\\\/uploads\\\/2015\\\/01\\\/g_8v6tscevi__Lecheras-32.jpg\",\"articleSection\":[\"News\"],\"inLanguage\":\"en-US\"},{\"@type\":\"WebPage\",\"@id\":\"https:\\\/\\\/proagrolab.com.ar\\\/el-gobierno-freno-la-exportacion-de-leche\\\/\",\"url\":\"https:\\\/\\\/proagrolab.com.ar\\\/el-gobierno-freno-la-exportacion-de-leche\\\/\",\"name\":\"El Gobierno fren\u00f3 la exportaci\u00f3n de leche. | Proagro\",\"isPartOf\":{\"@id\":\"https:\\\/\\\/proagrolab.com.ar\\\/#website\"},\"primaryImageOfPage\":{\"@id\":\"https:\\\/\\\/proagrolab.com.ar\\\/el-gobierno-freno-la-exportacion-de-leche\\\/#primaryimage\"},\"image\":{\"@id\":\"https:\\\/\\\/proagrolab.com.ar\\\/el-gobierno-freno-la-exportacion-de-leche\\\/#primaryimage\"},\"thumbnailUrl\":\"https:\\\/\\\/proagrolab.com.ar\\\/wp-content\\\/uploads\\\/2015\\\/01\\\/g_8v6tscevi__Lecheras-32.jpg\",\"datePublished\":\"2014-02-27T00:00:01+00:00\",\"breadcrumb\":{\"@id\":\"https:\\\/\\\/proagrolab.com.ar\\\/el-gobierno-freno-la-exportacion-de-leche\\\/#breadcrumb\"},\"inLanguage\":\"en-US\",\"potentialAction\":[{\"@type\":\"ReadAction\",\"target\":[\"https:\\\/\\\/proagrolab.com.ar\\\/el-gobierno-freno-la-exportacion-de-leche\\\/\"]}]},{\"@type\":\"ImageObject\",\"inLanguage\":\"en-US\",\"@id\":\"https:\\\/\\\/proagrolab.com.ar\\\/el-gobierno-freno-la-exportacion-de-leche\\\/#primaryimage\",\"url\":\"https:\\\/\\\/proagrolab.com.ar\\\/wp-content\\\/uploads\\\/2015\\\/01\\\/g_8v6tscevi__Lecheras-32.jpg\",\"contentUrl\":\"https:\\\/\\\/proagrolab.com.ar\\\/wp-content\\\/uploads\\\/2015\\\/01\\\/g_8v6tscevi__Lecheras-32.jpg\",\"width\":450,\"height\":208},{\"@type\":\"BreadcrumbList\",\"@id\":\"https:\\\/\\\/proagrolab.com.ar\\\/el-gobierno-freno-la-exportacion-de-leche\\\/#breadcrumb\",\"itemListElement\":[{\"@type\":\"ListItem\",\"position\":1,\"name\":\"Portada\",\"item\":\"https:\\\/\\\/proagrolab.com.ar\\\/\"},{\"@type\":\"ListItem\",\"position\":2,\"name\":\"El Gobierno fren\u00f3 la exportaci\u00f3n de leche.\"}]},{\"@type\":\"WebSite\",\"@id\":\"https:\\\/\\\/proagrolab.com.ar\\\/#website\",\"url\":\"https:\\\/\\\/proagrolab.com.ar\\\/\",\"name\":\"Proagro Laboratorio Veterinario\",\"description\":\"Veterinary laboratory\",\"publisher\":{\"@id\":\"https:\\\/\\\/proagrolab.com.ar\\\/#organization\"},\"potentialAction\":[{\"@type\":\"SearchAction\",\"target\":{\"@type\":\"EntryPoint\",\"urlTemplate\":\"https:\\\/\\\/proagrolab.com.ar\\\/?s={search_term_string}\"},\"query-input\":{\"@type\":\"PropertyValueSpecification\",\"valueRequired\":true,\"valueName\":\"search_term_string\"}}],\"inLanguage\":\"en-US\"},{\"@type\":\"Organization\",\"@id\":\"https:\\\/\\\/proagrolab.com.ar\\\/#organization\",\"name\":\"Proagro\",\"url\":\"https:\\\/\\\/proagrolab.com.ar\\\/\",\"logo\":{\"@type\":\"ImageObject\",\"inLanguage\":\"en-US\",\"@id\":\"https:\\\/\\\/proagrolab.com.ar\\\/#\\\/schema\\\/logo\\\/image\\\/\",\"url\":\"https:\\\/\\\/proagrolab.com.ar\\\/wp-content\\\/uploads\\\/2020\\\/04\\\/logo-retina.png\",\"contentUrl\":\"https:\\\/\\\/proagrolab.com.ar\\\/wp-content\\\/uploads\\\/2020\\\/04\\\/logo-retina.png\",\"width\":478,\"height\":120,\"caption\":\"Proagro\"},\"image\":{\"@id\":\"https:\\\/\\\/proagrolab.com.ar\\\/#\\\/schema\\\/logo\\\/image\\\/\"},\"sameAs\":[\"http:\\\/\\\/www.facebook.com\\\/proagrolab\",\"https:\\\/\\\/www.instagram.com\\\/proagrolab\\\/\",\"https:\\\/\\\/www.linkedin.com\\\/company\\\/laboratorio-proagro-s-a\\\/\"]},{\"@type\":\"Person\",\"@id\":\"https:\\\/\\\/proagrolab.com.ar\\\/#\\\/schema\\\/person\\\/38003ff90bf80381f71c7d922d207444\",\"name\":\"proagrolab\"}]}<\/script>\n<!-- \/ Yoast SEO plugin. -->","yoast_head_json":{"title":"El Gobierno fren\u00f3 la exportaci\u00f3n de leche. | Proagro","robots":{"index":"index","follow":"follow","max-snippet":"max-snippet:-1","max-image-preview":"max-image-preview:large","max-video-preview":"max-video-preview:-1"},"canonical":"https:\/\/proagrolab.com.ar\/en\/el-gobierno-freno-la-exportacion-de-leche\/","og_locale":"en_US","og_type":"article","og_title":"El Gobierno fren\u00f3 la exportaci\u00f3n de leche. | Proagro","og_description":"La estrategia es provocar una baja de los precios internos. Luego de haber limitado durante casi tres semanas las exportaciones de carne, cuyos permisos para vender al exterior volvieron a ser lentamente aprobados, el Gobierno ahora decidi\u00f3 restringir el comercio de leche en polvo. Lo hace en un momento con precios r\u00e9cord en el mundo para este producto, pero en cambio con valores internos atrasados para los tamberos en su materia prima tras la devaluaci\u00f3n. Seg\u00fan fuentes empresarias, en las \u00faltimas horas desde la Secretar\u00eda de Comercio lleg\u00f3 el mensaje de que estaban trabadas las autorizaciones de nuevos permisos de exportaci\u00f3n hasta fines de marzo. La noticia circul\u00f3 r\u00e1pidamente entre los industriales, quienes frente a esta situaci\u00f3n estar\u00edan buscando que el Gobierno por lo menos habilite para marzo de 2014 la exportaci\u00f3n del mismo volumen que se vendi\u00f3 en igual mes de 2013. En marzo del a\u00f1o pasado fueron al exterior casi 12.000 toneladas. En tanto, en todo 2013 se exportaron 205.297 toneladas de leche en polvo. El objetivo del Gobierno es provocar una sobreoferta interna para que caigan los precios al p\u00fablico, si bien ya hay una brecha importante entre lo que cobran los tamberos y el precio final. [&hellip;]","og_url":"https:\/\/proagrolab.com.ar\/el-gobierno-freno-la-exportacion-de-leche\/","og_site_name":"Proagro","article_publisher":"http:\/\/www.facebook.com\/proagrolab","article_published_time":"2014-02-27T00:00:01+00:00","og_image":[{"width":450,"height":208,"url":"https:\/\/proagrolab.com.ar\/wp-content\/uploads\/2015\/01\/g_8v6tscevi__Lecheras-32.jpg","type":"image\/jpeg"}],"author":"proagrolab","twitter_card":"summary_large_image","twitter_misc":{"Written by":"proagrolab","Est. reading time":"1 minute"},"schema":{"@context":"https:\/\/schema.org","@graph":[{"@type":"Article","@id":"https:\/\/proagrolab.com.ar\/el-gobierno-freno-la-exportacion-de-leche\/#article","isPartOf":{"@id":"https:\/\/proagrolab.com.ar\/el-gobierno-freno-la-exportacion-de-leche\/"},"author":{"name":"proagrolab","@id":"https:\/\/proagrolab.com.ar\/#\/schema\/person\/38003ff90bf80381f71c7d922d207444"},"headline":"El Gobierno fren\u00f3 la exportaci\u00f3n de leche.","datePublished":"2014-02-27T00:00:01+00:00","mainEntityOfPage":{"@id":"https:\/\/proagrolab.com.ar\/el-gobierno-freno-la-exportacion-de-leche\/"},"wordCount":279,"publisher":{"@id":"https:\/\/proagrolab.com.ar\/#organization"},"image":{"@id":"https:\/\/proagrolab.com.ar\/el-gobierno-freno-la-exportacion-de-leche\/#primaryimage"},"thumbnailUrl":"https:\/\/proagrolab.com.ar\/wp-content\/uploads\/2015\/01\/g_8v6tscevi__Lecheras-32.jpg","articleSection":["News"],"inLanguage":"en-US"},{"@type":"WebPage","@id":"https:\/\/proagrolab.com.ar\/el-gobierno-freno-la-exportacion-de-leche\/","url":"https:\/\/proagrolab.com.ar\/el-gobierno-freno-la-exportacion-de-leche\/","name":"El Gobierno fren\u00f3 la exportaci\u00f3n de leche. | Proagro","isPartOf":{"@id":"https:\/\/proagrolab.com.ar\/#website"},"primaryImageOfPage":{"@id":"https:\/\/proagrolab.com.ar\/el-gobierno-freno-la-exportacion-de-leche\/#primaryimage"},"image":{"@id":"https:\/\/proagrolab.com.ar\/el-gobierno-freno-la-exportacion-de-leche\/#primaryimage"},"thumbnailUrl":"https:\/\/proagrolab.com.ar\/wp-content\/uploads\/2015\/01\/g_8v6tscevi__Lecheras-32.jpg","datePublished":"2014-02-27T00:00:01+00:00","breadcrumb":{"@id":"https:\/\/proagrolab.com.ar\/el-gobierno-freno-la-exportacion-de-leche\/#breadcrumb"},"inLanguage":"en-US","potentialAction":[{"@type":"ReadAction","target":["https:\/\/proagrolab.com.ar\/el-gobierno-freno-la-exportacion-de-leche\/"]}]},{"@type":"ImageObject","inLanguage":"en-US","@id":"https:\/\/proagrolab.com.ar\/el-gobierno-freno-la-exportacion-de-leche\/#primaryimage","url":"https:\/\/proagrolab.com.ar\/wp-content\/uploads\/2015\/01\/g_8v6tscevi__Lecheras-32.jpg","contentUrl":"https:\/\/proagrolab.com.ar\/wp-content\/uploads\/2015\/01\/g_8v6tscevi__Lecheras-32.jpg","width":450,"height":208},{"@type":"BreadcrumbList","@id":"https:\/\/proagrolab.com.ar\/el-gobierno-freno-la-exportacion-de-leche\/#breadcrumb","itemListElement":[{"@type":"ListItem","position":1,"name":"Portada","item":"https:\/\/proagrolab.com.ar\/"},{"@type":"ListItem","position":2,"name":"El Gobierno fren\u00f3 la exportaci\u00f3n de leche."}]},{"@type":"WebSite","@id":"https:\/\/proagrolab.com.ar\/#website","url":"https:\/\/proagrolab.com.ar\/","name":"Proagro Laboratorio Veterinario","description":"Veterinary laboratory","publisher":{"@id":"https:\/\/proagrolab.com.ar\/#organization"},"potentialAction":[{"@type":"SearchAction","target":{"@type":"EntryPoint","urlTemplate":"https:\/\/proagrolab.com.ar\/?s={search_term_string}"},"query-input":{"@type":"PropertyValueSpecification","valueRequired":true,"valueName":"search_term_string"}}],"inLanguage":"en-US"},{"@type":"Organization","@id":"https:\/\/proagrolab.com.ar\/#organization","name":"Proagro","url":"https:\/\/proagrolab.com.ar\/","logo":{"@type":"ImageObject","inLanguage":"en-US","@id":"https:\/\/proagrolab.com.ar\/#\/schema\/logo\/image\/","url":"https:\/\/proagrolab.com.ar\/wp-content\/uploads\/2020\/04\/logo-retina.png","contentUrl":"https:\/\/proagrolab.com.ar\/wp-content\/uploads\/2020\/04\/logo-retina.png","width":478,"height":120,"caption":"Proagro"},"image":{"@id":"https:\/\/proagrolab.com.ar\/#\/schema\/logo\/image\/"},"sameAs":["http:\/\/www.facebook.com\/proagrolab","https:\/\/www.instagram.com\/proagrolab\/","https:\/\/www.linkedin.com\/company\/laboratorio-proagro-s-a\/"]},{"@type":"Person","@id":"https:\/\/proagrolab.com.ar\/#\/schema\/person\/38003ff90bf80381f71c7d922d207444","name":"proagrolab"}]}},"_links":{"self":[{"href":"https:\/\/proagrolab.com.ar\/en\/wp-json\/wp\/v2\/posts\/5974","targetHints":{"allow":["GET"]}}],"collection":[{"href":"https:\/\/proagrolab.com.ar\/en\/wp-json\/wp\/v2\/posts"}],"about":[{"href":"https:\/\/proagrolab.com.ar\/en\/wp-json\/wp\/v2\/types\/post"}],"author":[{"embeddable":true,"href":"https:\/\/proagrolab.com.ar\/en\/wp-json\/wp\/v2\/users\/2"}],"replies":[{"embeddable":true,"href":"https:\/\/proagrolab.com.ar\/en\/wp-json\/wp\/v2\/comments?post=5974"}],"version-history":[{"count":0,"href":"https:\/\/proagrolab.com.ar\/en\/wp-json\/wp\/v2\/posts\/5974\/revisions"}],"wp:featuredmedia":[{"embeddable":true,"href":"https:\/\/proagrolab.com.ar\/en\/wp-json\/wp\/v2\/media\/2460"}],"wp:attachment":[{"href":"https:\/\/proagrolab.com.ar\/en\/wp-json\/wp\/v2\/media?parent=5974"}],"wp:term":[{"taxonomy":"category","embeddable":true,"href":"https:\/\/proagrolab.com.ar\/en\/wp-json\/wp\/v2\/categories?post=5974"},{"taxonomy":"post_tag","embeddable":true,"href":"https:\/\/proagrolab.com.ar\/en\/wp-json\/wp\/v2\/tags?post=5974"}],"curies":[{"name":"wp","href":"https:\/\/api.w.org\/{rel}","templated":true}]}}