{"id":5971,"date":"2014-02-26T00:00:01","date_gmt":"2014-02-26T00:00:01","guid":{"rendered":"https:\/\/proagrolab.com.ar\/fracasada-la-baja-de-los-precios-piden-un-acuerdo-por-la-carne\/"},"modified":"2014-02-26T00:00:01","modified_gmt":"2014-02-26T00:00:01","slug":"fracasada-la-baja-de-los-precios-piden-un-acuerdo-por-la-carne","status":"publish","type":"post","link":"https:\/\/proagrolab.com.ar\/en\/fracasada-la-baja-de-los-precios-piden-un-acuerdo-por-la-carne\/","title":{"rendered":"Fracasada la baja de los precios, piden un acuerdo por la carne."},"content":{"rendered":"<p class=\"qtranxs-available-languages-message qtranxs-available-languages-message-en\"> <\/p><p>El jefe de Gabinete solicit\u00f3 a la cadena del sector que presente propuestas.<\/p>\n<p>Por Fernando Bertello.<\/p>\n<p>Por orden de la presidenta Cristina Kirchner, el Gobierno decidi\u00f3 cambiar de estrategia por la carne y ahora busca que sean los mismos miembros de la cadena que agrupa a frigor\u00edficos, carniceros, exportadores y los trabajadores del sector quienes presenten propuestas para cerrar un acuerdo que permita frenar las subas de precios en el mercado interno, a cambio de liberar exportaciones.<\/p>\n<p>En enero pasado, cuando los precios de la carne al p\u00fablico registraron subas del 20%, el Gobierno presion\u00f3 a frigor\u00edficos y supermercados para que los precios retrocedieran al nivel anterior a los aumentos. Fue en vano: en los mostradores no hubo bajas. Por otra parte, trab\u00f3 las exportaciones, pero aun as\u00ed no cayeron los valores.<\/p>\n<p>Ayer, luego de aclarar que la Presidenta hab\u00eda pedido el encuentro, el jefe de Gabinete, Jorge Capitanich, habl\u00f3 con representantes de la cadena c\u00e1rnica. Lo acompa\u00f1aron el ministro de Econom\u00eda, Axel Kicillof, y los secretarios Augusto Costa, de Comercio, y Gabriel Delgado, de Agricultura.<\/p>\n<p>&#8220;Tenemos medidas para tomar, pero queremos que haya algo armonizado y eso salga de la cadena. Traigan propuestas&#8221;, fue el mensaje de Capitanich.<\/p>\n<p>El jefe de Gabinete insisti\u00f3 en un eje que les qued\u00f3 claro a los presentes: si hay propuestas que garanticen que no habr\u00e1 aumentos, las autoridades habilitar\u00e1n m\u00e1s exportaciones. &#8220;Quieren que les llevemos algo que les d\u00e9 tranquilidad en los precios y propuestas para la exportaci\u00f3n&#8221;, cont\u00f3 uno de los asistentes.<\/p>\n<p>El tema de las exportaciones estuvo presente. Directivos de frigor\u00edficos dijeron que limitar las ventas al exterior cuando representan menos del 6% de lo que se consume no influye en el mercado.<\/p>\n<p>Eso mismo le dijo m\u00e1s temprano un grupo de industriales al subsecretario de Comercio, Ariel Langer. &#8220;\u00bfPor qu\u00e9 toman como variable de ajuste la exportaci\u00f3n?&#8221;, le plantearon. Langer prometi\u00f3 agilizar ventas trabadas.<\/p>\n<p><i>Por la mitad<\/i><br \/>Seg\u00fan datos de Miguel Schiariti, presidente de la C\u00e1mara de la Industria y el Comercio de Carnes (Ciccra), en medio del freno a las exportaciones, en lo que va de febrero se vendieron 8000 toneladas, la mitad de las 16.000 toneladas exportadas en enero pasado.<\/p>\n<p>En el encuentro con Capitanich muchos de los asistentes fueron quienes iban a &#8220;la escuelita&#8221; convocada por el ex secretario Guillermo Moreno. &#8220;Lo de hoy fue un encuentro de ex compa\u00f1eros de la escuelita&#8221;, ironiz\u00f3 una fuente. Tras la reuni\u00f3n, operadores del sector quedaron en hablar para elaborar propuestas para el Gobierno.<\/p>\n<p>Como en otras oportunidades, ayer los productores no fueron convocados. En un comunicado, la Comisi\u00f3n de Enlace se quej\u00f3 por las trabas a las exportaciones y dijo que, al igual que los consumidores, los productores tambi\u00e9n son &#8220;v\u00edctimas de la pol\u00edtica ganadera oficial&#8221;. Y agreg\u00f3: &#8220;Los valores que percibimos los productores son iguales a los de hace dos a\u00f1os&#8221;.<\/p>\n<p>Tambi\u00e9n fustig\u00f3 al ministro de Agricultura, Carlos Casamiquela, porque &#8220;se re\u00fane con todos los eslabones de la cadena de la carne, menos con los representantes de los productores&#8221;. Y destac\u00f3 que Casamiquela no avanz\u00f3 en la promesa de darles fluidez a los registros de exportaci\u00f3n que traba Comercio.<\/p>\n<p><i>Marcha atr\u00e1s por la Presidenta<\/i><br \/>Durante el encuentro con toda la cadena productiva de la carne no se abord\u00f3 la propuesta para aplicar un aumento de 5% en los cortes que integran el programa Precios Cuidados. El aumento reclamado por los supermercados ya hab\u00eda obtenido el visto bueno de la Secretar\u00eda de Comercio, que lidera Augusto Costa, pero a \u00faltimo momento la conferencia en la que el funcionario iba a anunciar el aumento fue postergada. &#8220;Tuvimos la orden de Cristina de postergar el anuncio&#8221;, explicaron en el equipo econ\u00f3mico. La marcha atr\u00e1s con el anuncio fue la publicaci\u00f3n del anticipo de la noticia en LA NACION y Tiempo Argentino.<\/p>\n<p>Fuente: La Naci\u00f3n, 26 de febrero.<br \/><\/p>","protected":false},"excerpt":{"rendered":"<p>El jefe de Gabinete solicit\u00f3 a la cadena del sector que presente propuestas. Por Fernando Bertello. Por orden de la presidenta Cristina Kirchner, el Gobierno decidi\u00f3 cambiar de estrategia por la carne y ahora busca que sean los mismos miembros de la cadena que agrupa a frigor\u00edficos, carniceros, exportadores y los trabajadores del sector quienes presenten propuestas para cerrar un acuerdo que permita frenar las subas de precios en el mercado interno, a cambio de liberar exportaciones. En enero pasado, cuando los precios de la carne al p\u00fablico registraron subas del 20%, el Gobierno presion\u00f3 a frigor\u00edficos y supermercados para que los precios retrocedieran al nivel anterior a los aumentos. Fue en vano: en los mostradores no hubo bajas. Por otra parte, trab\u00f3 las exportaciones, pero aun as\u00ed no cayeron los valores. Ayer, luego de aclarar que la Presidenta hab\u00eda pedido el encuentro, el jefe de Gabinete, Jorge Capitanich, habl\u00f3 con representantes de la cadena c\u00e1rnica. Lo acompa\u00f1aron el ministro de Econom\u00eda, Axel Kicillof, y los secretarios Augusto Costa, de Comercio, y Gabriel Delgado, de Agricultura. &#8220;Tenemos medidas para tomar, pero queremos que haya algo armonizado y eso salga de la cadena. Traigan propuestas&#8221;, fue el mensaje de Capitanich. El [&hellip;]<\/p>\n","protected":false},"author":2,"featured_media":2457,"comment_status":"closed","ping_status":"open","sticky":false,"template":"","format":"standard","meta":{"_acf_changed":false,"footnotes":""},"categories":[56],"tags":[],"class_list":["post-5971","post","type-post","status-publish","format-standard","has-post-thumbnail","hentry","category-infoganadero"],"acf":[],"yoast_head":"<!-- This site is optimized with the Yoast SEO plugin v27.4 - https:\/\/yoast.com\/product\/yoast-seo-wordpress\/ -->\n<title>Fracasada la baja de los precios, piden un acuerdo por la carne. | Proagro<\/title>\n<meta name=\"robots\" content=\"index, follow, max-snippet:-1, max-image-preview:large, max-video-preview:-1\" \/>\n<link rel=\"canonical\" href=\"https:\/\/proagrolab.com.ar\/en\/fracasada-la-baja-de-los-precios-piden-un-acuerdo-por-la-carne\/\" \/>\n<meta property=\"og:locale\" content=\"en_US\" \/>\n<meta property=\"og:type\" content=\"article\" \/>\n<meta property=\"og:title\" content=\"Fracasada la baja de los precios, piden un acuerdo por la carne. | Proagro\" \/>\n<meta property=\"og:description\" content=\"El jefe de Gabinete solicit\u00f3 a la cadena del sector que presente propuestas. Por Fernando Bertello. Por orden de la presidenta Cristina Kirchner, el Gobierno decidi\u00f3 cambiar de estrategia por la carne y ahora busca que sean los mismos miembros de la cadena que agrupa a frigor\u00edficos, carniceros, exportadores y los trabajadores del sector quienes presenten propuestas para cerrar un acuerdo que permita frenar las subas de precios en el mercado interno, a cambio de liberar exportaciones. En enero pasado, cuando los precios de la carne al p\u00fablico registraron subas del 20%, el Gobierno presion\u00f3 a frigor\u00edficos y supermercados para que los precios retrocedieran al nivel anterior a los aumentos. Fue en vano: en los mostradores no hubo bajas. Por otra parte, trab\u00f3 las exportaciones, pero aun as\u00ed no cayeron los valores. Ayer, luego de aclarar que la Presidenta hab\u00eda pedido el encuentro, el jefe de Gabinete, Jorge Capitanich, habl\u00f3 con representantes de la cadena c\u00e1rnica. Lo acompa\u00f1aron el ministro de Econom\u00eda, Axel Kicillof, y los secretarios Augusto Costa, de Comercio, y Gabriel Delgado, de Agricultura. &#8220;Tenemos medidas para tomar, pero queremos que haya algo armonizado y eso salga de la cadena. Traigan propuestas&#8221;, fue el mensaje de Capitanich. El [&hellip;]\" \/>\n<meta property=\"og:url\" content=\"https:\/\/proagrolab.com.ar\/fracasada-la-baja-de-los-precios-piden-un-acuerdo-por-la-carne\/\" \/>\n<meta property=\"og:site_name\" content=\"Proagro\" \/>\n<meta property=\"article:publisher\" content=\"http:\/\/www.facebook.com\/proagrolab\" \/>\n<meta property=\"article:published_time\" content=\"2014-02-26T00:00:01+00:00\" \/>\n<meta property=\"og:image\" content=\"https:\/\/proagrolab.com.ar\/wp-content\/uploads\/2015\/01\/g_jpd5kpzo7__Consumo.jpg\" \/>\n\t<meta property=\"og:image:width\" content=\"450\" \/>\n\t<meta property=\"og:image:height\" content=\"208\" \/>\n\t<meta property=\"og:image:type\" content=\"image\/jpeg\" \/>\n<meta name=\"author\" content=\"proagrolab\" \/>\n<meta name=\"twitter:card\" content=\"summary_large_image\" \/>\n<meta name=\"twitter:label1\" content=\"Written by\" \/>\n\t<meta name=\"twitter:data1\" content=\"proagrolab\" \/>\n\t<meta name=\"twitter:label2\" content=\"Est. reading time\" \/>\n\t<meta name=\"twitter:data2\" content=\"3 minutes\" \/>\n<script type=\"application\/ld+json\" class=\"yoast-schema-graph\">{\"@context\":\"https:\\\/\\\/schema.org\",\"@graph\":[{\"@type\":\"Article\",\"@id\":\"https:\\\/\\\/proagrolab.com.ar\\\/fracasada-la-baja-de-los-precios-piden-un-acuerdo-por-la-carne\\\/#article\",\"isPartOf\":{\"@id\":\"https:\\\/\\\/proagrolab.com.ar\\\/fracasada-la-baja-de-los-precios-piden-un-acuerdo-por-la-carne\\\/\"},\"author\":{\"name\":\"proagrolab\",\"@id\":\"https:\\\/\\\/proagrolab.com.ar\\\/#\\\/schema\\\/person\\\/38003ff90bf80381f71c7d922d207444\"},\"headline\":\"Fracasada la baja de los precios, piden un acuerdo por la carne.\",\"datePublished\":\"2014-02-26T00:00:01+00:00\",\"mainEntityOfPage\":{\"@id\":\"https:\\\/\\\/proagrolab.com.ar\\\/fracasada-la-baja-de-los-precios-piden-un-acuerdo-por-la-carne\\\/\"},\"wordCount\":674,\"publisher\":{\"@id\":\"https:\\\/\\\/proagrolab.com.ar\\\/#organization\"},\"image\":{\"@id\":\"https:\\\/\\\/proagrolab.com.ar\\\/fracasada-la-baja-de-los-precios-piden-un-acuerdo-por-la-carne\\\/#primaryimage\"},\"thumbnailUrl\":\"https:\\\/\\\/proagrolab.com.ar\\\/wp-content\\\/uploads\\\/2015\\\/01\\\/g_jpd5kpzo7__Consumo.jpg\",\"articleSection\":[\"News\"],\"inLanguage\":\"en-US\"},{\"@type\":\"WebPage\",\"@id\":\"https:\\\/\\\/proagrolab.com.ar\\\/fracasada-la-baja-de-los-precios-piden-un-acuerdo-por-la-carne\\\/\",\"url\":\"https:\\\/\\\/proagrolab.com.ar\\\/fracasada-la-baja-de-los-precios-piden-un-acuerdo-por-la-carne\\\/\",\"name\":\"Fracasada la baja de los precios, piden un acuerdo por la carne. | Proagro\",\"isPartOf\":{\"@id\":\"https:\\\/\\\/proagrolab.com.ar\\\/#website\"},\"primaryImageOfPage\":{\"@id\":\"https:\\\/\\\/proagrolab.com.ar\\\/fracasada-la-baja-de-los-precios-piden-un-acuerdo-por-la-carne\\\/#primaryimage\"},\"image\":{\"@id\":\"https:\\\/\\\/proagrolab.com.ar\\\/fracasada-la-baja-de-los-precios-piden-un-acuerdo-por-la-carne\\\/#primaryimage\"},\"thumbnailUrl\":\"https:\\\/\\\/proagrolab.com.ar\\\/wp-content\\\/uploads\\\/2015\\\/01\\\/g_jpd5kpzo7__Consumo.jpg\",\"datePublished\":\"2014-02-26T00:00:01+00:00\",\"breadcrumb\":{\"@id\":\"https:\\\/\\\/proagrolab.com.ar\\\/fracasada-la-baja-de-los-precios-piden-un-acuerdo-por-la-carne\\\/#breadcrumb\"},\"inLanguage\":\"en-US\",\"potentialAction\":[{\"@type\":\"ReadAction\",\"target\":[\"https:\\\/\\\/proagrolab.com.ar\\\/fracasada-la-baja-de-los-precios-piden-un-acuerdo-por-la-carne\\\/\"]}]},{\"@type\":\"ImageObject\",\"inLanguage\":\"en-US\",\"@id\":\"https:\\\/\\\/proagrolab.com.ar\\\/fracasada-la-baja-de-los-precios-piden-un-acuerdo-por-la-carne\\\/#primaryimage\",\"url\":\"https:\\\/\\\/proagrolab.com.ar\\\/wp-content\\\/uploads\\\/2015\\\/01\\\/g_jpd5kpzo7__Consumo.jpg\",\"contentUrl\":\"https:\\\/\\\/proagrolab.com.ar\\\/wp-content\\\/uploads\\\/2015\\\/01\\\/g_jpd5kpzo7__Consumo.jpg\",\"width\":450,\"height\":208},{\"@type\":\"BreadcrumbList\",\"@id\":\"https:\\\/\\\/proagrolab.com.ar\\\/fracasada-la-baja-de-los-precios-piden-un-acuerdo-por-la-carne\\\/#breadcrumb\",\"itemListElement\":[{\"@type\":\"ListItem\",\"position\":1,\"name\":\"Portada\",\"item\":\"https:\\\/\\\/proagrolab.com.ar\\\/\"},{\"@type\":\"ListItem\",\"position\":2,\"name\":\"Fracasada la baja de los precios, piden un acuerdo por la carne.\"}]},{\"@type\":\"WebSite\",\"@id\":\"https:\\\/\\\/proagrolab.com.ar\\\/#website\",\"url\":\"https:\\\/\\\/proagrolab.com.ar\\\/\",\"name\":\"Proagro Laboratorio Veterinario\",\"description\":\"Veterinary laboratory\",\"publisher\":{\"@id\":\"https:\\\/\\\/proagrolab.com.ar\\\/#organization\"},\"potentialAction\":[{\"@type\":\"SearchAction\",\"target\":{\"@type\":\"EntryPoint\",\"urlTemplate\":\"https:\\\/\\\/proagrolab.com.ar\\\/?s={search_term_string}\"},\"query-input\":{\"@type\":\"PropertyValueSpecification\",\"valueRequired\":true,\"valueName\":\"search_term_string\"}}],\"inLanguage\":\"en-US\"},{\"@type\":\"Organization\",\"@id\":\"https:\\\/\\\/proagrolab.com.ar\\\/#organization\",\"name\":\"Proagro\",\"url\":\"https:\\\/\\\/proagrolab.com.ar\\\/\",\"logo\":{\"@type\":\"ImageObject\",\"inLanguage\":\"en-US\",\"@id\":\"https:\\\/\\\/proagrolab.com.ar\\\/#\\\/schema\\\/logo\\\/image\\\/\",\"url\":\"https:\\\/\\\/proagrolab.com.ar\\\/wp-content\\\/uploads\\\/2020\\\/04\\\/logo-retina.png\",\"contentUrl\":\"https:\\\/\\\/proagrolab.com.ar\\\/wp-content\\\/uploads\\\/2020\\\/04\\\/logo-retina.png\",\"width\":478,\"height\":120,\"caption\":\"Proagro\"},\"image\":{\"@id\":\"https:\\\/\\\/proagrolab.com.ar\\\/#\\\/schema\\\/logo\\\/image\\\/\"},\"sameAs\":[\"http:\\\/\\\/www.facebook.com\\\/proagrolab\",\"https:\\\/\\\/www.instagram.com\\\/proagrolab\\\/\",\"https:\\\/\\\/www.linkedin.com\\\/company\\\/laboratorio-proagro-s-a\\\/\"]},{\"@type\":\"Person\",\"@id\":\"https:\\\/\\\/proagrolab.com.ar\\\/#\\\/schema\\\/person\\\/38003ff90bf80381f71c7d922d207444\",\"name\":\"proagrolab\"}]}<\/script>\n<!-- \/ Yoast SEO plugin. -->","yoast_head_json":{"title":"Fracasada la baja de los precios, piden un acuerdo por la carne. | Proagro","robots":{"index":"index","follow":"follow","max-snippet":"max-snippet:-1","max-image-preview":"max-image-preview:large","max-video-preview":"max-video-preview:-1"},"canonical":"https:\/\/proagrolab.com.ar\/en\/fracasada-la-baja-de-los-precios-piden-un-acuerdo-por-la-carne\/","og_locale":"en_US","og_type":"article","og_title":"Fracasada la baja de los precios, piden un acuerdo por la carne. | Proagro","og_description":"El jefe de Gabinete solicit\u00f3 a la cadena del sector que presente propuestas. Por Fernando Bertello. Por orden de la presidenta Cristina Kirchner, el Gobierno decidi\u00f3 cambiar de estrategia por la carne y ahora busca que sean los mismos miembros de la cadena que agrupa a frigor\u00edficos, carniceros, exportadores y los trabajadores del sector quienes presenten propuestas para cerrar un acuerdo que permita frenar las subas de precios en el mercado interno, a cambio de liberar exportaciones. En enero pasado, cuando los precios de la carne al p\u00fablico registraron subas del 20%, el Gobierno presion\u00f3 a frigor\u00edficos y supermercados para que los precios retrocedieran al nivel anterior a los aumentos. Fue en vano: en los mostradores no hubo bajas. Por otra parte, trab\u00f3 las exportaciones, pero aun as\u00ed no cayeron los valores. Ayer, luego de aclarar que la Presidenta hab\u00eda pedido el encuentro, el jefe de Gabinete, Jorge Capitanich, habl\u00f3 con representantes de la cadena c\u00e1rnica. Lo acompa\u00f1aron el ministro de Econom\u00eda, Axel Kicillof, y los secretarios Augusto Costa, de Comercio, y Gabriel Delgado, de Agricultura. &#8220;Tenemos medidas para tomar, pero queremos que haya algo armonizado y eso salga de la cadena. Traigan propuestas&#8221;, fue el mensaje de Capitanich. El [&hellip;]","og_url":"https:\/\/proagrolab.com.ar\/fracasada-la-baja-de-los-precios-piden-un-acuerdo-por-la-carne\/","og_site_name":"Proagro","article_publisher":"http:\/\/www.facebook.com\/proagrolab","article_published_time":"2014-02-26T00:00:01+00:00","og_image":[{"width":450,"height":208,"url":"https:\/\/proagrolab.com.ar\/wp-content\/uploads\/2015\/01\/g_jpd5kpzo7__Consumo.jpg","type":"image\/jpeg"}],"author":"proagrolab","twitter_card":"summary_large_image","twitter_misc":{"Written by":"proagrolab","Est. reading time":"3 minutes"},"schema":{"@context":"https:\/\/schema.org","@graph":[{"@type":"Article","@id":"https:\/\/proagrolab.com.ar\/fracasada-la-baja-de-los-precios-piden-un-acuerdo-por-la-carne\/#article","isPartOf":{"@id":"https:\/\/proagrolab.com.ar\/fracasada-la-baja-de-los-precios-piden-un-acuerdo-por-la-carne\/"},"author":{"name":"proagrolab","@id":"https:\/\/proagrolab.com.ar\/#\/schema\/person\/38003ff90bf80381f71c7d922d207444"},"headline":"Fracasada la baja de los precios, piden un acuerdo por la carne.","datePublished":"2014-02-26T00:00:01+00:00","mainEntityOfPage":{"@id":"https:\/\/proagrolab.com.ar\/fracasada-la-baja-de-los-precios-piden-un-acuerdo-por-la-carne\/"},"wordCount":674,"publisher":{"@id":"https:\/\/proagrolab.com.ar\/#organization"},"image":{"@id":"https:\/\/proagrolab.com.ar\/fracasada-la-baja-de-los-precios-piden-un-acuerdo-por-la-carne\/#primaryimage"},"thumbnailUrl":"https:\/\/proagrolab.com.ar\/wp-content\/uploads\/2015\/01\/g_jpd5kpzo7__Consumo.jpg","articleSection":["News"],"inLanguage":"en-US"},{"@type":"WebPage","@id":"https:\/\/proagrolab.com.ar\/fracasada-la-baja-de-los-precios-piden-un-acuerdo-por-la-carne\/","url":"https:\/\/proagrolab.com.ar\/fracasada-la-baja-de-los-precios-piden-un-acuerdo-por-la-carne\/","name":"Fracasada la baja de los precios, piden un acuerdo por la carne. | Proagro","isPartOf":{"@id":"https:\/\/proagrolab.com.ar\/#website"},"primaryImageOfPage":{"@id":"https:\/\/proagrolab.com.ar\/fracasada-la-baja-de-los-precios-piden-un-acuerdo-por-la-carne\/#primaryimage"},"image":{"@id":"https:\/\/proagrolab.com.ar\/fracasada-la-baja-de-los-precios-piden-un-acuerdo-por-la-carne\/#primaryimage"},"thumbnailUrl":"https:\/\/proagrolab.com.ar\/wp-content\/uploads\/2015\/01\/g_jpd5kpzo7__Consumo.jpg","datePublished":"2014-02-26T00:00:01+00:00","breadcrumb":{"@id":"https:\/\/proagrolab.com.ar\/fracasada-la-baja-de-los-precios-piden-un-acuerdo-por-la-carne\/#breadcrumb"},"inLanguage":"en-US","potentialAction":[{"@type":"ReadAction","target":["https:\/\/proagrolab.com.ar\/fracasada-la-baja-de-los-precios-piden-un-acuerdo-por-la-carne\/"]}]},{"@type":"ImageObject","inLanguage":"en-US","@id":"https:\/\/proagrolab.com.ar\/fracasada-la-baja-de-los-precios-piden-un-acuerdo-por-la-carne\/#primaryimage","url":"https:\/\/proagrolab.com.ar\/wp-content\/uploads\/2015\/01\/g_jpd5kpzo7__Consumo.jpg","contentUrl":"https:\/\/proagrolab.com.ar\/wp-content\/uploads\/2015\/01\/g_jpd5kpzo7__Consumo.jpg","width":450,"height":208},{"@type":"BreadcrumbList","@id":"https:\/\/proagrolab.com.ar\/fracasada-la-baja-de-los-precios-piden-un-acuerdo-por-la-carne\/#breadcrumb","itemListElement":[{"@type":"ListItem","position":1,"name":"Portada","item":"https:\/\/proagrolab.com.ar\/"},{"@type":"ListItem","position":2,"name":"Fracasada la baja de los precios, piden un acuerdo por la carne."}]},{"@type":"WebSite","@id":"https:\/\/proagrolab.com.ar\/#website","url":"https:\/\/proagrolab.com.ar\/","name":"Proagro Laboratorio Veterinario","description":"Veterinary laboratory","publisher":{"@id":"https:\/\/proagrolab.com.ar\/#organization"},"potentialAction":[{"@type":"SearchAction","target":{"@type":"EntryPoint","urlTemplate":"https:\/\/proagrolab.com.ar\/?s={search_term_string}"},"query-input":{"@type":"PropertyValueSpecification","valueRequired":true,"valueName":"search_term_string"}}],"inLanguage":"en-US"},{"@type":"Organization","@id":"https:\/\/proagrolab.com.ar\/#organization","name":"Proagro","url":"https:\/\/proagrolab.com.ar\/","logo":{"@type":"ImageObject","inLanguage":"en-US","@id":"https:\/\/proagrolab.com.ar\/#\/schema\/logo\/image\/","url":"https:\/\/proagrolab.com.ar\/wp-content\/uploads\/2020\/04\/logo-retina.png","contentUrl":"https:\/\/proagrolab.com.ar\/wp-content\/uploads\/2020\/04\/logo-retina.png","width":478,"height":120,"caption":"Proagro"},"image":{"@id":"https:\/\/proagrolab.com.ar\/#\/schema\/logo\/image\/"},"sameAs":["http:\/\/www.facebook.com\/proagrolab","https:\/\/www.instagram.com\/proagrolab\/","https:\/\/www.linkedin.com\/company\/laboratorio-proagro-s-a\/"]},{"@type":"Person","@id":"https:\/\/proagrolab.com.ar\/#\/schema\/person\/38003ff90bf80381f71c7d922d207444","name":"proagrolab"}]}},"_links":{"self":[{"href":"https:\/\/proagrolab.com.ar\/en\/wp-json\/wp\/v2\/posts\/5971","targetHints":{"allow":["GET"]}}],"collection":[{"href":"https:\/\/proagrolab.com.ar\/en\/wp-json\/wp\/v2\/posts"}],"about":[{"href":"https:\/\/proagrolab.com.ar\/en\/wp-json\/wp\/v2\/types\/post"}],"author":[{"embeddable":true,"href":"https:\/\/proagrolab.com.ar\/en\/wp-json\/wp\/v2\/users\/2"}],"replies":[{"embeddable":true,"href":"https:\/\/proagrolab.com.ar\/en\/wp-json\/wp\/v2\/comments?post=5971"}],"version-history":[{"count":0,"href":"https:\/\/proagrolab.com.ar\/en\/wp-json\/wp\/v2\/posts\/5971\/revisions"}],"wp:featuredmedia":[{"embeddable":true,"href":"https:\/\/proagrolab.com.ar\/en\/wp-json\/wp\/v2\/media\/2457"}],"wp:attachment":[{"href":"https:\/\/proagrolab.com.ar\/en\/wp-json\/wp\/v2\/media?parent=5971"}],"wp:term":[{"taxonomy":"category","embeddable":true,"href":"https:\/\/proagrolab.com.ar\/en\/wp-json\/wp\/v2\/categories?post=5971"},{"taxonomy":"post_tag","embeddable":true,"href":"https:\/\/proagrolab.com.ar\/en\/wp-json\/wp\/v2\/tags?post=5971"}],"curies":[{"name":"wp","href":"https:\/\/api.w.org\/{rel}","templated":true}]}}