{"id":5968,"date":"2014-02-25T00:00:01","date_gmt":"2014-02-25T00:00:01","guid":{"rendered":"https:\/\/proagrolab.com.ar\/argentina-insolita-habra-una-caida-en-la-produccion-local-de-leche-con-precios-internacionales-record\/"},"modified":"2014-02-25T00:00:01","modified_gmt":"2014-02-25T00:00:01","slug":"argentina-insolita-habra-una-caida-en-la-produccion-local-de-leche-con-precios-internacionales-record","status":"publish","type":"post","link":"https:\/\/proagrolab.com.ar\/en\/argentina-insolita-habra-una-caida-en-la-produccion-local-de-leche-con-precios-internacionales-record\/","title":{"rendered":"Argentina ins\u00f3lita: habr\u00e1 una ca\u00edda en la producci\u00f3n local de leche con precios internacionales r\u00e9cord."},"content":{"rendered":"<p class=\"qtranxs-available-languages-message qtranxs-available-languages-message-en\"> <\/p><p>El elevado costo de la pol\u00edtica de \u0093vivir con lo nuestro\u0094.<\/p>\n<p>En el mundo civilizado la lecher\u00eda est\u00e1 volando en primera con precios r\u00e9cord de la leche en polvo entera. En la Argentina, en cambio, vamos camino a una desaceleraci\u00f3n productiva a causa de una creciente p\u00e9rdida de competitividad.<\/p>\n<p>\u0093Los tambos argentinos ven\u00edan sufriendo una suba de los costos totales de producci\u00f3n superior al aumento del precio de la leche en 2013 y la devaluaci\u00f3n y la elevada inflaci\u00f3n de 2014 erosionar\u00e1n a\u00fan m\u00e1s el bajo resultado econ\u00f3mico de la actividad\u0094, indic\u00f3 un comunicado enviado hoy lunes por el Movimiento CREA.<\/p>\n<p>La lecher\u00eda est\u00e1 en el horno: al menos un 60% de los costos productivos de la actividad est\u00e1n dolarizados (suplementaci\u00f3n, fertilizantes, agroqu\u00edmicos y semillas), mientras que los ingresos, adem\u00e1s de estar 100% pesificados, se lic\u00faan por efecto de la inflaci\u00f3n.<\/p>\n<p>En muchos casos existe un plazo de cobro de la leche de 40 a 45 d\u00edas. \u0093Como los insumos para alimentaci\u00f3n, sanidad, etc\u00e9tera, hay que pagarlos al contado, se debe recurrir al cr\u00e9dito con una tasa de inter\u00e9s superior al 35% anual, muy por encima del ritmo de aumento del precio de la leche\u0094, explica el comunicado.<\/p>\n<p>La situaci\u00f3n \u0093llevar\u00e1 a muchos tamberos a un c\u00edrculo vicioso que comienza con la suspensi\u00f3n de las inversiones, para luego dejar de mantener las instalaciones y las mejores fijas. Finalmente, se termina reduciendo los costos variables \u0096por ejemplo aplicaci\u00f3n de fertilizantes en las pasturas\u0096 lo que genera una ca\u00edda de la productividad general y un achicamiento muy dif\u00edcil de revertir posteriormente\u0094, a\u00f1ade.<\/p>\n<p>En diciembre de 2013 \u0096\u00faltimo dato disponible\u0096 el precio de la leche promedio en la Argentina fue equivalente a 0,33 u$s\/litro (teniendo en cuenta el tipo de cambio oficial), por debajo de los 39 centavos\/litro de Chile, 44 de Uruguay, 46 de EE.UU., 48 de Brasil, 52 de Nueva Zelanda y 54 centavos de la Uni\u00f3n Europea.<\/p>\n<p>Fuente: Valorsoja.com, 25 de febrero.<br \/><\/p>","protected":false},"excerpt":{"rendered":"<p>El elevado costo de la pol\u00edtica de \u0093vivir con lo nuestro\u0094. En el mundo civilizado la lecher\u00eda est\u00e1 volando en primera con precios r\u00e9cord de la leche en polvo entera. En la Argentina, en cambio, vamos camino a una desaceleraci\u00f3n productiva a causa de una creciente p\u00e9rdida de competitividad. \u0093Los tambos argentinos ven\u00edan sufriendo una suba de los costos totales de producci\u00f3n superior al aumento del precio de la leche en 2013 y la devaluaci\u00f3n y la elevada inflaci\u00f3n de 2014 erosionar\u00e1n a\u00fan m\u00e1s el bajo resultado econ\u00f3mico de la actividad\u0094, indic\u00f3 un comunicado enviado hoy lunes por el Movimiento CREA. La lecher\u00eda est\u00e1 en el horno: al menos un 60% de los costos productivos de la actividad est\u00e1n dolarizados (suplementaci\u00f3n, fertilizantes, agroqu\u00edmicos y semillas), mientras que los ingresos, adem\u00e1s de estar 100% pesificados, se lic\u00faan por efecto de la inflaci\u00f3n. En muchos casos existe un plazo de cobro de la leche de 40 a 45 d\u00edas. \u0093Como los insumos para alimentaci\u00f3n, sanidad, etc\u00e9tera, hay que pagarlos al contado, se debe recurrir al cr\u00e9dito con una tasa de inter\u00e9s superior al 35% anual, muy por encima del ritmo de aumento del precio de la leche\u0094, explica el comunicado. La situaci\u00f3n [&hellip;]<\/p>\n","protected":false},"author":2,"featured_media":2454,"comment_status":"closed","ping_status":"open","sticky":false,"template":"","format":"standard","meta":{"_acf_changed":false,"footnotes":""},"categories":[56],"tags":[],"class_list":["post-5968","post","type-post","status-publish","format-standard","has-post-thumbnail","hentry","category-infoganadero"],"acf":[],"yoast_head":"<!-- This site is optimized with the Yoast SEO plugin v27.4 - https:\/\/yoast.com\/product\/yoast-seo-wordpress\/ -->\n<title>Argentina ins\u00f3lita: habr\u00e1 una ca\u00edda en la producci\u00f3n local de leche con precios internacionales r\u00e9cord. | Proagro<\/title>\n<meta name=\"robots\" content=\"index, follow, max-snippet:-1, max-image-preview:large, max-video-preview:-1\" \/>\n<link rel=\"canonical\" href=\"https:\/\/proagrolab.com.ar\/en\/argentina-insolita-habra-una-caida-en-la-produccion-local-de-leche-con-precios-internacionales-record\/\" \/>\n<meta property=\"og:locale\" content=\"en_US\" \/>\n<meta property=\"og:type\" content=\"article\" \/>\n<meta property=\"og:title\" content=\"Argentina ins\u00f3lita: habr\u00e1 una ca\u00edda en la producci\u00f3n local de leche con precios internacionales r\u00e9cord. | Proagro\" \/>\n<meta property=\"og:description\" content=\"El elevado costo de la pol\u00edtica de \u0093vivir con lo nuestro\u0094. En el mundo civilizado la lecher\u00eda est\u00e1 volando en primera con precios r\u00e9cord de la leche en polvo entera. En la Argentina, en cambio, vamos camino a una desaceleraci\u00f3n productiva a causa de una creciente p\u00e9rdida de competitividad. \u0093Los tambos argentinos ven\u00edan sufriendo una suba de los costos totales de producci\u00f3n superior al aumento del precio de la leche en 2013 y la devaluaci\u00f3n y la elevada inflaci\u00f3n de 2014 erosionar\u00e1n a\u00fan m\u00e1s el bajo resultado econ\u00f3mico de la actividad\u0094, indic\u00f3 un comunicado enviado hoy lunes por el Movimiento CREA. La lecher\u00eda est\u00e1 en el horno: al menos un 60% de los costos productivos de la actividad est\u00e1n dolarizados (suplementaci\u00f3n, fertilizantes, agroqu\u00edmicos y semillas), mientras que los ingresos, adem\u00e1s de estar 100% pesificados, se lic\u00faan por efecto de la inflaci\u00f3n. En muchos casos existe un plazo de cobro de la leche de 40 a 45 d\u00edas. \u0093Como los insumos para alimentaci\u00f3n, sanidad, etc\u00e9tera, hay que pagarlos al contado, se debe recurrir al cr\u00e9dito con una tasa de inter\u00e9s superior al 35% anual, muy por encima del ritmo de aumento del precio de la leche\u0094, explica el comunicado. La situaci\u00f3n [&hellip;]\" \/>\n<meta property=\"og:url\" content=\"https:\/\/proagrolab.com.ar\/argentina-insolita-habra-una-caida-en-la-produccion-local-de-leche-con-precios-internacionales-record\/\" \/>\n<meta property=\"og:site_name\" content=\"Proagro\" \/>\n<meta property=\"article:publisher\" content=\"http:\/\/www.facebook.com\/proagrolab\" \/>\n<meta property=\"article:published_time\" content=\"2014-02-25T00:00:01+00:00\" \/>\n<meta property=\"og:image\" content=\"https:\/\/proagrolab.com.ar\/wp-content\/uploads\/2015\/01\/g_qeh9w3eak__Comiendo.jpg\" \/>\n\t<meta property=\"og:image:width\" content=\"450\" \/>\n\t<meta property=\"og:image:height\" content=\"208\" \/>\n\t<meta property=\"og:image:type\" content=\"image\/jpeg\" \/>\n<meta name=\"author\" content=\"proagrolab\" \/>\n<meta name=\"twitter:card\" content=\"summary_large_image\" \/>\n<meta name=\"twitter:label1\" content=\"Written by\" \/>\n\t<meta name=\"twitter:data1\" content=\"proagrolab\" \/>\n\t<meta name=\"twitter:label2\" content=\"Est. reading time\" \/>\n\t<meta name=\"twitter:data2\" content=\"2 minutes\" \/>\n<script type=\"application\/ld+json\" class=\"yoast-schema-graph\">{\"@context\":\"https:\\\/\\\/schema.org\",\"@graph\":[{\"@type\":\"Article\",\"@id\":\"https:\\\/\\\/proagrolab.com.ar\\\/argentina-insolita-habra-una-caida-en-la-produccion-local-de-leche-con-precios-internacionales-record\\\/#article\",\"isPartOf\":{\"@id\":\"https:\\\/\\\/proagrolab.com.ar\\\/argentina-insolita-habra-una-caida-en-la-produccion-local-de-leche-con-precios-internacionales-record\\\/\"},\"author\":{\"name\":\"proagrolab\",\"@id\":\"https:\\\/\\\/proagrolab.com.ar\\\/#\\\/schema\\\/person\\\/38003ff90bf80381f71c7d922d207444\"},\"headline\":\"Argentina ins\u00f3lita: habr\u00e1 una ca\u00edda en la producci\u00f3n local de leche con precios internacionales r\u00e9cord.\",\"datePublished\":\"2014-02-25T00:00:01+00:00\",\"mainEntityOfPage\":{\"@id\":\"https:\\\/\\\/proagrolab.com.ar\\\/argentina-insolita-habra-una-caida-en-la-produccion-local-de-leche-con-precios-internacionales-record\\\/\"},\"wordCount\":363,\"publisher\":{\"@id\":\"https:\\\/\\\/proagrolab.com.ar\\\/#organization\"},\"image\":{\"@id\":\"https:\\\/\\\/proagrolab.com.ar\\\/argentina-insolita-habra-una-caida-en-la-produccion-local-de-leche-con-precios-internacionales-record\\\/#primaryimage\"},\"thumbnailUrl\":\"https:\\\/\\\/proagrolab.com.ar\\\/wp-content\\\/uploads\\\/2015\\\/01\\\/g_qeh9w3eak__Comiendo.jpg\",\"articleSection\":[\"News\"],\"inLanguage\":\"en-US\"},{\"@type\":\"WebPage\",\"@id\":\"https:\\\/\\\/proagrolab.com.ar\\\/argentina-insolita-habra-una-caida-en-la-produccion-local-de-leche-con-precios-internacionales-record\\\/\",\"url\":\"https:\\\/\\\/proagrolab.com.ar\\\/argentina-insolita-habra-una-caida-en-la-produccion-local-de-leche-con-precios-internacionales-record\\\/\",\"name\":\"Argentina ins\u00f3lita: habr\u00e1 una ca\u00edda en la producci\u00f3n local de leche con precios internacionales r\u00e9cord. | Proagro\",\"isPartOf\":{\"@id\":\"https:\\\/\\\/proagrolab.com.ar\\\/#website\"},\"primaryImageOfPage\":{\"@id\":\"https:\\\/\\\/proagrolab.com.ar\\\/argentina-insolita-habra-una-caida-en-la-produccion-local-de-leche-con-precios-internacionales-record\\\/#primaryimage\"},\"image\":{\"@id\":\"https:\\\/\\\/proagrolab.com.ar\\\/argentina-insolita-habra-una-caida-en-la-produccion-local-de-leche-con-precios-internacionales-record\\\/#primaryimage\"},\"thumbnailUrl\":\"https:\\\/\\\/proagrolab.com.ar\\\/wp-content\\\/uploads\\\/2015\\\/01\\\/g_qeh9w3eak__Comiendo.jpg\",\"datePublished\":\"2014-02-25T00:00:01+00:00\",\"breadcrumb\":{\"@id\":\"https:\\\/\\\/proagrolab.com.ar\\\/argentina-insolita-habra-una-caida-en-la-produccion-local-de-leche-con-precios-internacionales-record\\\/#breadcrumb\"},\"inLanguage\":\"en-US\",\"potentialAction\":[{\"@type\":\"ReadAction\",\"target\":[\"https:\\\/\\\/proagrolab.com.ar\\\/argentina-insolita-habra-una-caida-en-la-produccion-local-de-leche-con-precios-internacionales-record\\\/\"]}]},{\"@type\":\"ImageObject\",\"inLanguage\":\"en-US\",\"@id\":\"https:\\\/\\\/proagrolab.com.ar\\\/argentina-insolita-habra-una-caida-en-la-produccion-local-de-leche-con-precios-internacionales-record\\\/#primaryimage\",\"url\":\"https:\\\/\\\/proagrolab.com.ar\\\/wp-content\\\/uploads\\\/2015\\\/01\\\/g_qeh9w3eak__Comiendo.jpg\",\"contentUrl\":\"https:\\\/\\\/proagrolab.com.ar\\\/wp-content\\\/uploads\\\/2015\\\/01\\\/g_qeh9w3eak__Comiendo.jpg\",\"width\":450,\"height\":208},{\"@type\":\"BreadcrumbList\",\"@id\":\"https:\\\/\\\/proagrolab.com.ar\\\/argentina-insolita-habra-una-caida-en-la-produccion-local-de-leche-con-precios-internacionales-record\\\/#breadcrumb\",\"itemListElement\":[{\"@type\":\"ListItem\",\"position\":1,\"name\":\"Portada\",\"item\":\"https:\\\/\\\/proagrolab.com.ar\\\/\"},{\"@type\":\"ListItem\",\"position\":2,\"name\":\"Argentina ins\u00f3lita: habr\u00e1 una ca\u00edda en la producci\u00f3n local de leche con precios internacionales r\u00e9cord.\"}]},{\"@type\":\"WebSite\",\"@id\":\"https:\\\/\\\/proagrolab.com.ar\\\/#website\",\"url\":\"https:\\\/\\\/proagrolab.com.ar\\\/\",\"name\":\"Proagro Laboratorio Veterinario\",\"description\":\"Veterinary laboratory\",\"publisher\":{\"@id\":\"https:\\\/\\\/proagrolab.com.ar\\\/#organization\"},\"potentialAction\":[{\"@type\":\"SearchAction\",\"target\":{\"@type\":\"EntryPoint\",\"urlTemplate\":\"https:\\\/\\\/proagrolab.com.ar\\\/?s={search_term_string}\"},\"query-input\":{\"@type\":\"PropertyValueSpecification\",\"valueRequired\":true,\"valueName\":\"search_term_string\"}}],\"inLanguage\":\"en-US\"},{\"@type\":\"Organization\",\"@id\":\"https:\\\/\\\/proagrolab.com.ar\\\/#organization\",\"name\":\"Proagro\",\"url\":\"https:\\\/\\\/proagrolab.com.ar\\\/\",\"logo\":{\"@type\":\"ImageObject\",\"inLanguage\":\"en-US\",\"@id\":\"https:\\\/\\\/proagrolab.com.ar\\\/#\\\/schema\\\/logo\\\/image\\\/\",\"url\":\"https:\\\/\\\/proagrolab.com.ar\\\/wp-content\\\/uploads\\\/2020\\\/04\\\/logo-retina.png\",\"contentUrl\":\"https:\\\/\\\/proagrolab.com.ar\\\/wp-content\\\/uploads\\\/2020\\\/04\\\/logo-retina.png\",\"width\":478,\"height\":120,\"caption\":\"Proagro\"},\"image\":{\"@id\":\"https:\\\/\\\/proagrolab.com.ar\\\/#\\\/schema\\\/logo\\\/image\\\/\"},\"sameAs\":[\"http:\\\/\\\/www.facebook.com\\\/proagrolab\",\"https:\\\/\\\/www.instagram.com\\\/proagrolab\\\/\",\"https:\\\/\\\/www.linkedin.com\\\/company\\\/laboratorio-proagro-s-a\\\/\"]},{\"@type\":\"Person\",\"@id\":\"https:\\\/\\\/proagrolab.com.ar\\\/#\\\/schema\\\/person\\\/38003ff90bf80381f71c7d922d207444\",\"name\":\"proagrolab\"}]}<\/script>\n<!-- \/ Yoast SEO plugin. -->","yoast_head_json":{"title":"Argentina ins\u00f3lita: habr\u00e1 una ca\u00edda en la producci\u00f3n local de leche con precios internacionales r\u00e9cord. | Proagro","robots":{"index":"index","follow":"follow","max-snippet":"max-snippet:-1","max-image-preview":"max-image-preview:large","max-video-preview":"max-video-preview:-1"},"canonical":"https:\/\/proagrolab.com.ar\/en\/argentina-insolita-habra-una-caida-en-la-produccion-local-de-leche-con-precios-internacionales-record\/","og_locale":"en_US","og_type":"article","og_title":"Argentina ins\u00f3lita: habr\u00e1 una ca\u00edda en la producci\u00f3n local de leche con precios internacionales r\u00e9cord. | Proagro","og_description":"El elevado costo de la pol\u00edtica de \u0093vivir con lo nuestro\u0094. En el mundo civilizado la lecher\u00eda est\u00e1 volando en primera con precios r\u00e9cord de la leche en polvo entera. En la Argentina, en cambio, vamos camino a una desaceleraci\u00f3n productiva a causa de una creciente p\u00e9rdida de competitividad. \u0093Los tambos argentinos ven\u00edan sufriendo una suba de los costos totales de producci\u00f3n superior al aumento del precio de la leche en 2013 y la devaluaci\u00f3n y la elevada inflaci\u00f3n de 2014 erosionar\u00e1n a\u00fan m\u00e1s el bajo resultado econ\u00f3mico de la actividad\u0094, indic\u00f3 un comunicado enviado hoy lunes por el Movimiento CREA. La lecher\u00eda est\u00e1 en el horno: al menos un 60% de los costos productivos de la actividad est\u00e1n dolarizados (suplementaci\u00f3n, fertilizantes, agroqu\u00edmicos y semillas), mientras que los ingresos, adem\u00e1s de estar 100% pesificados, se lic\u00faan por efecto de la inflaci\u00f3n. En muchos casos existe un plazo de cobro de la leche de 40 a 45 d\u00edas. \u0093Como los insumos para alimentaci\u00f3n, sanidad, etc\u00e9tera, hay que pagarlos al contado, se debe recurrir al cr\u00e9dito con una tasa de inter\u00e9s superior al 35% anual, muy por encima del ritmo de aumento del precio de la leche\u0094, explica el comunicado. La situaci\u00f3n [&hellip;]","og_url":"https:\/\/proagrolab.com.ar\/argentina-insolita-habra-una-caida-en-la-produccion-local-de-leche-con-precios-internacionales-record\/","og_site_name":"Proagro","article_publisher":"http:\/\/www.facebook.com\/proagrolab","article_published_time":"2014-02-25T00:00:01+00:00","og_image":[{"width":450,"height":208,"url":"https:\/\/proagrolab.com.ar\/wp-content\/uploads\/2015\/01\/g_qeh9w3eak__Comiendo.jpg","type":"image\/jpeg"}],"author":"proagrolab","twitter_card":"summary_large_image","twitter_misc":{"Written by":"proagrolab","Est. reading time":"2 minutes"},"schema":{"@context":"https:\/\/schema.org","@graph":[{"@type":"Article","@id":"https:\/\/proagrolab.com.ar\/argentina-insolita-habra-una-caida-en-la-produccion-local-de-leche-con-precios-internacionales-record\/#article","isPartOf":{"@id":"https:\/\/proagrolab.com.ar\/argentina-insolita-habra-una-caida-en-la-produccion-local-de-leche-con-precios-internacionales-record\/"},"author":{"name":"proagrolab","@id":"https:\/\/proagrolab.com.ar\/#\/schema\/person\/38003ff90bf80381f71c7d922d207444"},"headline":"Argentina ins\u00f3lita: habr\u00e1 una ca\u00edda en la producci\u00f3n local de leche con precios internacionales r\u00e9cord.","datePublished":"2014-02-25T00:00:01+00:00","mainEntityOfPage":{"@id":"https:\/\/proagrolab.com.ar\/argentina-insolita-habra-una-caida-en-la-produccion-local-de-leche-con-precios-internacionales-record\/"},"wordCount":363,"publisher":{"@id":"https:\/\/proagrolab.com.ar\/#organization"},"image":{"@id":"https:\/\/proagrolab.com.ar\/argentina-insolita-habra-una-caida-en-la-produccion-local-de-leche-con-precios-internacionales-record\/#primaryimage"},"thumbnailUrl":"https:\/\/proagrolab.com.ar\/wp-content\/uploads\/2015\/01\/g_qeh9w3eak__Comiendo.jpg","articleSection":["News"],"inLanguage":"en-US"},{"@type":"WebPage","@id":"https:\/\/proagrolab.com.ar\/argentina-insolita-habra-una-caida-en-la-produccion-local-de-leche-con-precios-internacionales-record\/","url":"https:\/\/proagrolab.com.ar\/argentina-insolita-habra-una-caida-en-la-produccion-local-de-leche-con-precios-internacionales-record\/","name":"Argentina ins\u00f3lita: habr\u00e1 una ca\u00edda en la producci\u00f3n local de leche con precios internacionales r\u00e9cord. | Proagro","isPartOf":{"@id":"https:\/\/proagrolab.com.ar\/#website"},"primaryImageOfPage":{"@id":"https:\/\/proagrolab.com.ar\/argentina-insolita-habra-una-caida-en-la-produccion-local-de-leche-con-precios-internacionales-record\/#primaryimage"},"image":{"@id":"https:\/\/proagrolab.com.ar\/argentina-insolita-habra-una-caida-en-la-produccion-local-de-leche-con-precios-internacionales-record\/#primaryimage"},"thumbnailUrl":"https:\/\/proagrolab.com.ar\/wp-content\/uploads\/2015\/01\/g_qeh9w3eak__Comiendo.jpg","datePublished":"2014-02-25T00:00:01+00:00","breadcrumb":{"@id":"https:\/\/proagrolab.com.ar\/argentina-insolita-habra-una-caida-en-la-produccion-local-de-leche-con-precios-internacionales-record\/#breadcrumb"},"inLanguage":"en-US","potentialAction":[{"@type":"ReadAction","target":["https:\/\/proagrolab.com.ar\/argentina-insolita-habra-una-caida-en-la-produccion-local-de-leche-con-precios-internacionales-record\/"]}]},{"@type":"ImageObject","inLanguage":"en-US","@id":"https:\/\/proagrolab.com.ar\/argentina-insolita-habra-una-caida-en-la-produccion-local-de-leche-con-precios-internacionales-record\/#primaryimage","url":"https:\/\/proagrolab.com.ar\/wp-content\/uploads\/2015\/01\/g_qeh9w3eak__Comiendo.jpg","contentUrl":"https:\/\/proagrolab.com.ar\/wp-content\/uploads\/2015\/01\/g_qeh9w3eak__Comiendo.jpg","width":450,"height":208},{"@type":"BreadcrumbList","@id":"https:\/\/proagrolab.com.ar\/argentina-insolita-habra-una-caida-en-la-produccion-local-de-leche-con-precios-internacionales-record\/#breadcrumb","itemListElement":[{"@type":"ListItem","position":1,"name":"Portada","item":"https:\/\/proagrolab.com.ar\/"},{"@type":"ListItem","position":2,"name":"Argentina ins\u00f3lita: habr\u00e1 una ca\u00edda en la producci\u00f3n local de leche con precios internacionales r\u00e9cord."}]},{"@type":"WebSite","@id":"https:\/\/proagrolab.com.ar\/#website","url":"https:\/\/proagrolab.com.ar\/","name":"Proagro Laboratorio Veterinario","description":"Veterinary laboratory","publisher":{"@id":"https:\/\/proagrolab.com.ar\/#organization"},"potentialAction":[{"@type":"SearchAction","target":{"@type":"EntryPoint","urlTemplate":"https:\/\/proagrolab.com.ar\/?s={search_term_string}"},"query-input":{"@type":"PropertyValueSpecification","valueRequired":true,"valueName":"search_term_string"}}],"inLanguage":"en-US"},{"@type":"Organization","@id":"https:\/\/proagrolab.com.ar\/#organization","name":"Proagro","url":"https:\/\/proagrolab.com.ar\/","logo":{"@type":"ImageObject","inLanguage":"en-US","@id":"https:\/\/proagrolab.com.ar\/#\/schema\/logo\/image\/","url":"https:\/\/proagrolab.com.ar\/wp-content\/uploads\/2020\/04\/logo-retina.png","contentUrl":"https:\/\/proagrolab.com.ar\/wp-content\/uploads\/2020\/04\/logo-retina.png","width":478,"height":120,"caption":"Proagro"},"image":{"@id":"https:\/\/proagrolab.com.ar\/#\/schema\/logo\/image\/"},"sameAs":["http:\/\/www.facebook.com\/proagrolab","https:\/\/www.instagram.com\/proagrolab\/","https:\/\/www.linkedin.com\/company\/laboratorio-proagro-s-a\/"]},{"@type":"Person","@id":"https:\/\/proagrolab.com.ar\/#\/schema\/person\/38003ff90bf80381f71c7d922d207444","name":"proagrolab"}]}},"_links":{"self":[{"href":"https:\/\/proagrolab.com.ar\/en\/wp-json\/wp\/v2\/posts\/5968","targetHints":{"allow":["GET"]}}],"collection":[{"href":"https:\/\/proagrolab.com.ar\/en\/wp-json\/wp\/v2\/posts"}],"about":[{"href":"https:\/\/proagrolab.com.ar\/en\/wp-json\/wp\/v2\/types\/post"}],"author":[{"embeddable":true,"href":"https:\/\/proagrolab.com.ar\/en\/wp-json\/wp\/v2\/users\/2"}],"replies":[{"embeddable":true,"href":"https:\/\/proagrolab.com.ar\/en\/wp-json\/wp\/v2\/comments?post=5968"}],"version-history":[{"count":0,"href":"https:\/\/proagrolab.com.ar\/en\/wp-json\/wp\/v2\/posts\/5968\/revisions"}],"wp:featuredmedia":[{"embeddable":true,"href":"https:\/\/proagrolab.com.ar\/en\/wp-json\/wp\/v2\/media\/2454"}],"wp:attachment":[{"href":"https:\/\/proagrolab.com.ar\/en\/wp-json\/wp\/v2\/media?parent=5968"}],"wp:term":[{"taxonomy":"category","embeddable":true,"href":"https:\/\/proagrolab.com.ar\/en\/wp-json\/wp\/v2\/categories?post=5968"},{"taxonomy":"post_tag","embeddable":true,"href":"https:\/\/proagrolab.com.ar\/en\/wp-json\/wp\/v2\/tags?post=5968"}],"curies":[{"name":"wp","href":"https:\/\/api.w.org\/{rel}","templated":true}]}}