{"id":5965,"date":"2014-02-25T00:00:01","date_gmt":"2014-02-25T00:00:01","guid":{"rendered":"https:\/\/proagrolab.com.ar\/se-concreto-en-corrientes-el-26o-remate-por-tv-del-nea\/"},"modified":"2014-02-25T00:00:01","modified_gmt":"2014-02-25T00:00:01","slug":"se-concreto-en-corrientes-el-26o-remate-por-tv-del-nea","status":"publish","type":"post","link":"https:\/\/proagrolab.com.ar\/en\/se-concreto-en-corrientes-el-26o-remate-por-tv-del-nea\/","title":{"rendered":"Se concret\u00f3 en Corrientes el 26\u00ba Remate por TV del NEA."},"content":{"rendered":"<p class=\"qtranxs-available-languages-message qtranxs-available-languages-message-en\"> <\/p><p>En la Sociedad Rural de Corrientes, la firma Colombo y Magliano SA concret\u00f3 el jueves pasado el 26\u00ba Remate por TV del NEA, donde se vendieron 14.300 de los 16.000 vacunos remitidos desde diferentes provincias del norte argentino. <\/p>\n<p>Junto con el representante de la consignataria en la ciudad de Corrientes, Mario Gim\u00e9nez, condujeron la subasta los martilleros Juan Pedro Colombo, Hern\u00e1n Vassallo y Carlos J. Colombo (h). <\/p>\n<p>Participaron compradores de diversas zonas pecuarias de Buenos Aires, Entre R\u00edos, Formosa, Chaco, Santiago del Estero, Salta, Santa Fe, C\u00f3rdoba y de Corrientes. <\/p>\n<p><i>A continuaci\u00f3n se detallan los valores m\u00ednimo y m\u00e1ximo obtenidos en cada categor\u00eda<\/i>: <br \/>terneros con 140\/180 kilos, de $ 17,35 a 20,05; con 180\/200 kg, de $ 15,60 a 17,95; con 200\/220 kg, de $ 14,80 a 17,80; <br \/>terneras con 140\/170 kg, de $ 15,55 a 19,10; con 180\/200 kg, de $ 14,75 a 17,90; con 210\/220 kg, de $ 13,80 a 17; <br \/>terneros y terneras con 140\/180 kg, de $ 16,70 a 19,70; con 180\/200 kg, de $ 15,35 a 17,85; <br \/>novillitos con 210\/240 kg, de $14,60 a 16,75; <br \/>novillitos con 240\/280 kg, de $ 13,65 a 15,90; <br \/>novillitos con 280\/310 kg, de $13,30 a 15,50; <br \/>novillos con 310\/350 kg, de $12,60 a 14,70; con 360\/390 kg, de $ 12,00 a 13,95; novillos con 470\/500 kg, de $ 11,25 a 13,65; <br \/>vaquillonas con 210\/245 kg, de $ 13,50 a 15,95; <br \/>vaquillonas con 250\/290 kg, de $ 12,80 a 15,60; <br \/>vacas de invernada, de $ 7,55 a 9,80; <br \/>vaquillonas pre\u00f1adas, de ?$ 5850 a 6700; <br \/>vacas con cr\u00eda, de $ 2700 a 3450, lo que pisa, <br \/>y vacas pre\u00f1adas, de 3950 a 6000 pesos.<\/p>\n<p>Fuente: La Naci\u00f3n, 25 de febrero.<br \/><\/p>","protected":false},"excerpt":{"rendered":"<p>En la Sociedad Rural de Corrientes, la firma Colombo y Magliano SA concret\u00f3 el jueves pasado el 26\u00ba Remate por TV del NEA, donde se vendieron 14.300 de los 16.000 vacunos remitidos desde diferentes provincias del norte argentino. Junto con el representante de la consignataria en la ciudad de Corrientes, Mario Gim\u00e9nez, condujeron la subasta los martilleros Juan Pedro Colombo, Hern\u00e1n Vassallo y Carlos J. Colombo (h). Participaron compradores de diversas zonas pecuarias de Buenos Aires, Entre R\u00edos, Formosa, Chaco, Santiago del Estero, Salta, Santa Fe, C\u00f3rdoba y de Corrientes. A continuaci\u00f3n se detallan los valores m\u00ednimo y m\u00e1ximo obtenidos en cada categor\u00eda: terneros con 140\/180 kilos, de $ 17,35 a 20,05; con 180\/200 kg, de $ 15,60 a 17,95; con 200\/220 kg, de $ 14,80 a 17,80; terneras con 140\/170 kg, de $ 15,55 a 19,10; con 180\/200 kg, de $ 14,75 a 17,90; con 210\/220 kg, de $ 13,80 a 17; terneros y terneras con 140\/180 kg, de $ 16,70 a 19,70; con 180\/200 kg, de $ 15,35 a 17,85; novillitos con 210\/240 kg, de $14,60 a 16,75; novillitos con 240\/280 kg, de $ 13,65 a 15,90; novillitos con 280\/310 kg, de $13,30 a 15,50; novillos con 310\/350 [&hellip;]<\/p>\n","protected":false},"author":2,"featured_media":2451,"comment_status":"closed","ping_status":"open","sticky":false,"template":"","format":"standard","meta":{"_acf_changed":false,"footnotes":""},"categories":[56],"tags":[],"class_list":["post-5965","post","type-post","status-publish","format-standard","has-post-thumbnail","hentry","category-infoganadero"],"acf":[],"yoast_head":"<!-- This site is optimized with the Yoast SEO plugin v27.4 - https:\/\/yoast.com\/product\/yoast-seo-wordpress\/ -->\n<title>Se concret\u00f3 en Corrientes el 26\u00ba Remate por TV del NEA. | Proagro<\/title>\n<meta name=\"robots\" content=\"index, follow, max-snippet:-1, max-image-preview:large, max-video-preview:-1\" \/>\n<link rel=\"canonical\" href=\"https:\/\/proagrolab.com.ar\/en\/se-concreto-en-corrientes-el-26o-remate-por-tv-del-nea\/\" \/>\n<meta property=\"og:locale\" content=\"en_US\" \/>\n<meta property=\"og:type\" content=\"article\" \/>\n<meta property=\"og:title\" content=\"Se concret\u00f3 en Corrientes el 26\u00ba Remate por TV del NEA. | Proagro\" \/>\n<meta property=\"og:description\" content=\"En la Sociedad Rural de Corrientes, la firma Colombo y Magliano SA concret\u00f3 el jueves pasado el 26\u00ba Remate por TV del NEA, donde se vendieron 14.300 de los 16.000 vacunos remitidos desde diferentes provincias del norte argentino. Junto con el representante de la consignataria en la ciudad de Corrientes, Mario Gim\u00e9nez, condujeron la subasta los martilleros Juan Pedro Colombo, Hern\u00e1n Vassallo y Carlos J. Colombo (h). Participaron compradores de diversas zonas pecuarias de Buenos Aires, Entre R\u00edos, Formosa, Chaco, Santiago del Estero, Salta, Santa Fe, C\u00f3rdoba y de Corrientes. A continuaci\u00f3n se detallan los valores m\u00ednimo y m\u00e1ximo obtenidos en cada categor\u00eda: terneros con 140\/180 kilos, de $ 17,35 a 20,05; con 180\/200 kg, de $ 15,60 a 17,95; con 200\/220 kg, de $ 14,80 a 17,80; terneras con 140\/170 kg, de $ 15,55 a 19,10; con 180\/200 kg, de $ 14,75 a 17,90; con 210\/220 kg, de $ 13,80 a 17; terneros y terneras con 140\/180 kg, de $ 16,70 a 19,70; con 180\/200 kg, de $ 15,35 a 17,85; novillitos con 210\/240 kg, de $14,60 a 16,75; novillitos con 240\/280 kg, de $ 13,65 a 15,90; novillitos con 280\/310 kg, de $13,30 a 15,50; novillos con 310\/350 [&hellip;]\" \/>\n<meta property=\"og:url\" content=\"https:\/\/proagrolab.com.ar\/se-concreto-en-corrientes-el-26o-remate-por-tv-del-nea\/\" \/>\n<meta property=\"og:site_name\" content=\"Proagro\" \/>\n<meta property=\"article:publisher\" content=\"http:\/\/www.facebook.com\/proagrolab\" \/>\n<meta property=\"article:published_time\" content=\"2014-02-25T00:00:01+00:00\" \/>\n<meta property=\"og:image\" content=\"https:\/\/proagrolab.com.ar\/wp-content\/uploads\/2015\/01\/g_gchynu8e0__Remate-6.jpg\" \/>\n\t<meta property=\"og:image:width\" content=\"450\" \/>\n\t<meta property=\"og:image:height\" content=\"208\" \/>\n\t<meta property=\"og:image:type\" content=\"image\/jpeg\" \/>\n<meta name=\"author\" content=\"proagrolab\" \/>\n<meta name=\"twitter:card\" content=\"summary_large_image\" \/>\n<meta name=\"twitter:label1\" content=\"Written by\" \/>\n\t<meta name=\"twitter:data1\" content=\"proagrolab\" \/>\n\t<meta name=\"twitter:label2\" content=\"Est. reading time\" \/>\n\t<meta name=\"twitter:data2\" content=\"1 minute\" \/>\n<script type=\"application\/ld+json\" class=\"yoast-schema-graph\">{\"@context\":\"https:\\\/\\\/schema.org\",\"@graph\":[{\"@type\":\"Article\",\"@id\":\"https:\\\/\\\/proagrolab.com.ar\\\/se-concreto-en-corrientes-el-26o-remate-por-tv-del-nea\\\/#article\",\"isPartOf\":{\"@id\":\"https:\\\/\\\/proagrolab.com.ar\\\/se-concreto-en-corrientes-el-26o-remate-por-tv-del-nea\\\/\"},\"author\":{\"name\":\"proagrolab\",\"@id\":\"https:\\\/\\\/proagrolab.com.ar\\\/#\\\/schema\\\/person\\\/38003ff90bf80381f71c7d922d207444\"},\"headline\":\"Se concret\u00f3 en Corrientes el 26\u00ba Remate por TV del NEA.\",\"datePublished\":\"2014-02-25T00:00:01+00:00\",\"mainEntityOfPage\":{\"@id\":\"https:\\\/\\\/proagrolab.com.ar\\\/se-concreto-en-corrientes-el-26o-remate-por-tv-del-nea\\\/\"},\"wordCount\":226,\"publisher\":{\"@id\":\"https:\\\/\\\/proagrolab.com.ar\\\/#organization\"},\"image\":{\"@id\":\"https:\\\/\\\/proagrolab.com.ar\\\/se-concreto-en-corrientes-el-26o-remate-por-tv-del-nea\\\/#primaryimage\"},\"thumbnailUrl\":\"https:\\\/\\\/proagrolab.com.ar\\\/wp-content\\\/uploads\\\/2015\\\/01\\\/g_gchynu8e0__Remate-6.jpg\",\"articleSection\":[\"News\"],\"inLanguage\":\"en-US\"},{\"@type\":\"WebPage\",\"@id\":\"https:\\\/\\\/proagrolab.com.ar\\\/se-concreto-en-corrientes-el-26o-remate-por-tv-del-nea\\\/\",\"url\":\"https:\\\/\\\/proagrolab.com.ar\\\/se-concreto-en-corrientes-el-26o-remate-por-tv-del-nea\\\/\",\"name\":\"Se concret\u00f3 en Corrientes el 26\u00ba Remate por TV del NEA. | Proagro\",\"isPartOf\":{\"@id\":\"https:\\\/\\\/proagrolab.com.ar\\\/#website\"},\"primaryImageOfPage\":{\"@id\":\"https:\\\/\\\/proagrolab.com.ar\\\/se-concreto-en-corrientes-el-26o-remate-por-tv-del-nea\\\/#primaryimage\"},\"image\":{\"@id\":\"https:\\\/\\\/proagrolab.com.ar\\\/se-concreto-en-corrientes-el-26o-remate-por-tv-del-nea\\\/#primaryimage\"},\"thumbnailUrl\":\"https:\\\/\\\/proagrolab.com.ar\\\/wp-content\\\/uploads\\\/2015\\\/01\\\/g_gchynu8e0__Remate-6.jpg\",\"datePublished\":\"2014-02-25T00:00:01+00:00\",\"breadcrumb\":{\"@id\":\"https:\\\/\\\/proagrolab.com.ar\\\/se-concreto-en-corrientes-el-26o-remate-por-tv-del-nea\\\/#breadcrumb\"},\"inLanguage\":\"en-US\",\"potentialAction\":[{\"@type\":\"ReadAction\",\"target\":[\"https:\\\/\\\/proagrolab.com.ar\\\/se-concreto-en-corrientes-el-26o-remate-por-tv-del-nea\\\/\"]}]},{\"@type\":\"ImageObject\",\"inLanguage\":\"en-US\",\"@id\":\"https:\\\/\\\/proagrolab.com.ar\\\/se-concreto-en-corrientes-el-26o-remate-por-tv-del-nea\\\/#primaryimage\",\"url\":\"https:\\\/\\\/proagrolab.com.ar\\\/wp-content\\\/uploads\\\/2015\\\/01\\\/g_gchynu8e0__Remate-6.jpg\",\"contentUrl\":\"https:\\\/\\\/proagrolab.com.ar\\\/wp-content\\\/uploads\\\/2015\\\/01\\\/g_gchynu8e0__Remate-6.jpg\",\"width\":450,\"height\":208},{\"@type\":\"BreadcrumbList\",\"@id\":\"https:\\\/\\\/proagrolab.com.ar\\\/se-concreto-en-corrientes-el-26o-remate-por-tv-del-nea\\\/#breadcrumb\",\"itemListElement\":[{\"@type\":\"ListItem\",\"position\":1,\"name\":\"Portada\",\"item\":\"https:\\\/\\\/proagrolab.com.ar\\\/\"},{\"@type\":\"ListItem\",\"position\":2,\"name\":\"Se concret\u00f3 en Corrientes el 26\u00ba Remate por TV del NEA.\"}]},{\"@type\":\"WebSite\",\"@id\":\"https:\\\/\\\/proagrolab.com.ar\\\/#website\",\"url\":\"https:\\\/\\\/proagrolab.com.ar\\\/\",\"name\":\"Proagro Laboratorio Veterinario\",\"description\":\"Veterinary laboratory\",\"publisher\":{\"@id\":\"https:\\\/\\\/proagrolab.com.ar\\\/#organization\"},\"potentialAction\":[{\"@type\":\"SearchAction\",\"target\":{\"@type\":\"EntryPoint\",\"urlTemplate\":\"https:\\\/\\\/proagrolab.com.ar\\\/?s={search_term_string}\"},\"query-input\":{\"@type\":\"PropertyValueSpecification\",\"valueRequired\":true,\"valueName\":\"search_term_string\"}}],\"inLanguage\":\"en-US\"},{\"@type\":\"Organization\",\"@id\":\"https:\\\/\\\/proagrolab.com.ar\\\/#organization\",\"name\":\"Proagro\",\"url\":\"https:\\\/\\\/proagrolab.com.ar\\\/\",\"logo\":{\"@type\":\"ImageObject\",\"inLanguage\":\"en-US\",\"@id\":\"https:\\\/\\\/proagrolab.com.ar\\\/#\\\/schema\\\/logo\\\/image\\\/\",\"url\":\"https:\\\/\\\/proagrolab.com.ar\\\/wp-content\\\/uploads\\\/2020\\\/04\\\/logo-retina.png\",\"contentUrl\":\"https:\\\/\\\/proagrolab.com.ar\\\/wp-content\\\/uploads\\\/2020\\\/04\\\/logo-retina.png\",\"width\":478,\"height\":120,\"caption\":\"Proagro\"},\"image\":{\"@id\":\"https:\\\/\\\/proagrolab.com.ar\\\/#\\\/schema\\\/logo\\\/image\\\/\"},\"sameAs\":[\"http:\\\/\\\/www.facebook.com\\\/proagrolab\",\"https:\\\/\\\/www.instagram.com\\\/proagrolab\\\/\",\"https:\\\/\\\/www.linkedin.com\\\/company\\\/laboratorio-proagro-s-a\\\/\"]},{\"@type\":\"Person\",\"@id\":\"https:\\\/\\\/proagrolab.com.ar\\\/#\\\/schema\\\/person\\\/38003ff90bf80381f71c7d922d207444\",\"name\":\"proagrolab\"}]}<\/script>\n<!-- \/ Yoast SEO plugin. -->","yoast_head_json":{"title":"Se concret\u00f3 en Corrientes el 26\u00ba Remate por TV del NEA. | Proagro","robots":{"index":"index","follow":"follow","max-snippet":"max-snippet:-1","max-image-preview":"max-image-preview:large","max-video-preview":"max-video-preview:-1"},"canonical":"https:\/\/proagrolab.com.ar\/en\/se-concreto-en-corrientes-el-26o-remate-por-tv-del-nea\/","og_locale":"en_US","og_type":"article","og_title":"Se concret\u00f3 en Corrientes el 26\u00ba Remate por TV del NEA. | Proagro","og_description":"En la Sociedad Rural de Corrientes, la firma Colombo y Magliano SA concret\u00f3 el jueves pasado el 26\u00ba Remate por TV del NEA, donde se vendieron 14.300 de los 16.000 vacunos remitidos desde diferentes provincias del norte argentino. Junto con el representante de la consignataria en la ciudad de Corrientes, Mario Gim\u00e9nez, condujeron la subasta los martilleros Juan Pedro Colombo, Hern\u00e1n Vassallo y Carlos J. Colombo (h). Participaron compradores de diversas zonas pecuarias de Buenos Aires, Entre R\u00edos, Formosa, Chaco, Santiago del Estero, Salta, Santa Fe, C\u00f3rdoba y de Corrientes. A continuaci\u00f3n se detallan los valores m\u00ednimo y m\u00e1ximo obtenidos en cada categor\u00eda: terneros con 140\/180 kilos, de $ 17,35 a 20,05; con 180\/200 kg, de $ 15,60 a 17,95; con 200\/220 kg, de $ 14,80 a 17,80; terneras con 140\/170 kg, de $ 15,55 a 19,10; con 180\/200 kg, de $ 14,75 a 17,90; con 210\/220 kg, de $ 13,80 a 17; terneros y terneras con 140\/180 kg, de $ 16,70 a 19,70; con 180\/200 kg, de $ 15,35 a 17,85; novillitos con 210\/240 kg, de $14,60 a 16,75; novillitos con 240\/280 kg, de $ 13,65 a 15,90; novillitos con 280\/310 kg, de $13,30 a 15,50; novillos con 310\/350 [&hellip;]","og_url":"https:\/\/proagrolab.com.ar\/se-concreto-en-corrientes-el-26o-remate-por-tv-del-nea\/","og_site_name":"Proagro","article_publisher":"http:\/\/www.facebook.com\/proagrolab","article_published_time":"2014-02-25T00:00:01+00:00","og_image":[{"width":450,"height":208,"url":"https:\/\/proagrolab.com.ar\/wp-content\/uploads\/2015\/01\/g_gchynu8e0__Remate-6.jpg","type":"image\/jpeg"}],"author":"proagrolab","twitter_card":"summary_large_image","twitter_misc":{"Written by":"proagrolab","Est. reading time":"1 minute"},"schema":{"@context":"https:\/\/schema.org","@graph":[{"@type":"Article","@id":"https:\/\/proagrolab.com.ar\/se-concreto-en-corrientes-el-26o-remate-por-tv-del-nea\/#article","isPartOf":{"@id":"https:\/\/proagrolab.com.ar\/se-concreto-en-corrientes-el-26o-remate-por-tv-del-nea\/"},"author":{"name":"proagrolab","@id":"https:\/\/proagrolab.com.ar\/#\/schema\/person\/38003ff90bf80381f71c7d922d207444"},"headline":"Se concret\u00f3 en Corrientes el 26\u00ba Remate por TV del NEA.","datePublished":"2014-02-25T00:00:01+00:00","mainEntityOfPage":{"@id":"https:\/\/proagrolab.com.ar\/se-concreto-en-corrientes-el-26o-remate-por-tv-del-nea\/"},"wordCount":226,"publisher":{"@id":"https:\/\/proagrolab.com.ar\/#organization"},"image":{"@id":"https:\/\/proagrolab.com.ar\/se-concreto-en-corrientes-el-26o-remate-por-tv-del-nea\/#primaryimage"},"thumbnailUrl":"https:\/\/proagrolab.com.ar\/wp-content\/uploads\/2015\/01\/g_gchynu8e0__Remate-6.jpg","articleSection":["News"],"inLanguage":"en-US"},{"@type":"WebPage","@id":"https:\/\/proagrolab.com.ar\/se-concreto-en-corrientes-el-26o-remate-por-tv-del-nea\/","url":"https:\/\/proagrolab.com.ar\/se-concreto-en-corrientes-el-26o-remate-por-tv-del-nea\/","name":"Se concret\u00f3 en Corrientes el 26\u00ba Remate por TV del NEA. | Proagro","isPartOf":{"@id":"https:\/\/proagrolab.com.ar\/#website"},"primaryImageOfPage":{"@id":"https:\/\/proagrolab.com.ar\/se-concreto-en-corrientes-el-26o-remate-por-tv-del-nea\/#primaryimage"},"image":{"@id":"https:\/\/proagrolab.com.ar\/se-concreto-en-corrientes-el-26o-remate-por-tv-del-nea\/#primaryimage"},"thumbnailUrl":"https:\/\/proagrolab.com.ar\/wp-content\/uploads\/2015\/01\/g_gchynu8e0__Remate-6.jpg","datePublished":"2014-02-25T00:00:01+00:00","breadcrumb":{"@id":"https:\/\/proagrolab.com.ar\/se-concreto-en-corrientes-el-26o-remate-por-tv-del-nea\/#breadcrumb"},"inLanguage":"en-US","potentialAction":[{"@type":"ReadAction","target":["https:\/\/proagrolab.com.ar\/se-concreto-en-corrientes-el-26o-remate-por-tv-del-nea\/"]}]},{"@type":"ImageObject","inLanguage":"en-US","@id":"https:\/\/proagrolab.com.ar\/se-concreto-en-corrientes-el-26o-remate-por-tv-del-nea\/#primaryimage","url":"https:\/\/proagrolab.com.ar\/wp-content\/uploads\/2015\/01\/g_gchynu8e0__Remate-6.jpg","contentUrl":"https:\/\/proagrolab.com.ar\/wp-content\/uploads\/2015\/01\/g_gchynu8e0__Remate-6.jpg","width":450,"height":208},{"@type":"BreadcrumbList","@id":"https:\/\/proagrolab.com.ar\/se-concreto-en-corrientes-el-26o-remate-por-tv-del-nea\/#breadcrumb","itemListElement":[{"@type":"ListItem","position":1,"name":"Portada","item":"https:\/\/proagrolab.com.ar\/"},{"@type":"ListItem","position":2,"name":"Se concret\u00f3 en Corrientes el 26\u00ba Remate por TV del NEA."}]},{"@type":"WebSite","@id":"https:\/\/proagrolab.com.ar\/#website","url":"https:\/\/proagrolab.com.ar\/","name":"Proagro Laboratorio Veterinario","description":"Veterinary laboratory","publisher":{"@id":"https:\/\/proagrolab.com.ar\/#organization"},"potentialAction":[{"@type":"SearchAction","target":{"@type":"EntryPoint","urlTemplate":"https:\/\/proagrolab.com.ar\/?s={search_term_string}"},"query-input":{"@type":"PropertyValueSpecification","valueRequired":true,"valueName":"search_term_string"}}],"inLanguage":"en-US"},{"@type":"Organization","@id":"https:\/\/proagrolab.com.ar\/#organization","name":"Proagro","url":"https:\/\/proagrolab.com.ar\/","logo":{"@type":"ImageObject","inLanguage":"en-US","@id":"https:\/\/proagrolab.com.ar\/#\/schema\/logo\/image\/","url":"https:\/\/proagrolab.com.ar\/wp-content\/uploads\/2020\/04\/logo-retina.png","contentUrl":"https:\/\/proagrolab.com.ar\/wp-content\/uploads\/2020\/04\/logo-retina.png","width":478,"height":120,"caption":"Proagro"},"image":{"@id":"https:\/\/proagrolab.com.ar\/#\/schema\/logo\/image\/"},"sameAs":["http:\/\/www.facebook.com\/proagrolab","https:\/\/www.instagram.com\/proagrolab\/","https:\/\/www.linkedin.com\/company\/laboratorio-proagro-s-a\/"]},{"@type":"Person","@id":"https:\/\/proagrolab.com.ar\/#\/schema\/person\/38003ff90bf80381f71c7d922d207444","name":"proagrolab"}]}},"_links":{"self":[{"href":"https:\/\/proagrolab.com.ar\/en\/wp-json\/wp\/v2\/posts\/5965","targetHints":{"allow":["GET"]}}],"collection":[{"href":"https:\/\/proagrolab.com.ar\/en\/wp-json\/wp\/v2\/posts"}],"about":[{"href":"https:\/\/proagrolab.com.ar\/en\/wp-json\/wp\/v2\/types\/post"}],"author":[{"embeddable":true,"href":"https:\/\/proagrolab.com.ar\/en\/wp-json\/wp\/v2\/users\/2"}],"replies":[{"embeddable":true,"href":"https:\/\/proagrolab.com.ar\/en\/wp-json\/wp\/v2\/comments?post=5965"}],"version-history":[{"count":0,"href":"https:\/\/proagrolab.com.ar\/en\/wp-json\/wp\/v2\/posts\/5965\/revisions"}],"wp:featuredmedia":[{"embeddable":true,"href":"https:\/\/proagrolab.com.ar\/en\/wp-json\/wp\/v2\/media\/2451"}],"wp:attachment":[{"href":"https:\/\/proagrolab.com.ar\/en\/wp-json\/wp\/v2\/media?parent=5965"}],"wp:term":[{"taxonomy":"category","embeddable":true,"href":"https:\/\/proagrolab.com.ar\/en\/wp-json\/wp\/v2\/categories?post=5965"},{"taxonomy":"post_tag","embeddable":true,"href":"https:\/\/proagrolab.com.ar\/en\/wp-json\/wp\/v2\/tags?post=5965"}],"curies":[{"name":"wp","href":"https:\/\/api.w.org\/{rel}","templated":true}]}}