{"id":5964,"date":"2014-02-25T00:00:01","date_gmt":"2014-02-25T00:00:01","guid":{"rendered":"https:\/\/proagrolab.com.ar\/la-devaluacion-afecto-a-los-tambos-y-los-productores-amenazan-con-protestas\/"},"modified":"2014-02-25T00:00:01","modified_gmt":"2014-02-25T00:00:01","slug":"la-devaluacion-afecto-a-los-tambos-y-los-productores-amenazan-con-protestas","status":"publish","type":"post","link":"https:\/\/proagrolab.com.ar\/en\/la-devaluacion-afecto-a-los-tambos-y-los-productores-amenazan-con-protestas\/","title":{"rendered":"La devaluaci\u00f3n afect\u00f3 a los tambos y los productores amenazan con protestas."},"content":{"rendered":"<p class=\"qtranxs-available-languages-message qtranxs-available-languages-message-en\"> <\/p><p>Advierten que los precios que cobran no compensan la suba de costos; tienen un 60% de insumos dolarizados.<\/p>\n<p>Por Fernando Bertello.<\/p>\n<p>Los tamberos est\u00e1n al borde de volver a las protestas. Por la crisis en el sector, agravada en las \u00faltimas semanas por la devaluaci\u00f3n -ya que los productores cobran en pesos y en un plazo de 30 a 40 d\u00edas con el 60% de los costos dolarizados-, har\u00e1n en los pr\u00f3ximos quince d\u00edas asambleas en las principales cuencas lecheras y all\u00ed decidir\u00e1n los pasos gremiales por seguir.<\/p>\n<p>La primera de esa serie de reuniones ser\u00e1 ma\u00f1ana en la localidad de Alicia, provincia de C\u00f3rdoba. La convoc\u00f3 la Federaci\u00f3n Agraria Argentina (FAA) en su sede de esa ciudad. Tambi\u00e9n ma\u00f1ana, pero en Suardi, Santa Fe, tamberos que representan un movimiento zonal se encontrar\u00e1n en el sal\u00f3n de la Cooperativa El\u00e9ctrica local.<\/p>\n<p>Tanto en Alicia como en Suardi lo que se pondr\u00e1 en escena es el deterioro del sector, donde los precios cobrados por los productores quedaron rezagados frente a los costos.<\/p>\n<p>Un informe de los Consorcios Regionales de Experimentaci\u00f3n Agr\u00edcola (CREA) puso ayer la situaci\u00f3n en perspectiva. Mientras en la segunda mitad de 2013 el costo de producci\u00f3n de la leche aument\u00f3 a una tasa de 2,8% mensual, el precio de venta de la materia prima lo hizo a 1,5 por ciento.<\/p>\n<p>Y la ecuaci\u00f3n se complic\u00f3 a\u00fan m\u00e1s luego de la devaluaci\u00f3n. En rigor, de acuerdo con CREA, para un modelo tambero de Santa Fe de alta tecnolog\u00eda, los costos subieron 16,1% tomando en comparaci\u00f3n enero de 2014 versus diciembre de 2013. En los costos que responden a la variaci\u00f3n del d\u00f3lar hay granos (ma\u00edz), agroqu\u00edmicos y semillas, entre otros insumos. En contrapartida, el precio de la leche corri\u00f3 atr\u00e1s y aument\u00f3 como m\u00e1ximo un 5,6 por ciento.<\/p>\n<p>&#8220;La situaci\u00f3n ya ven\u00eda complicada y ahora es cr\u00edtica. Por eso decidimos hacer reuniones en las distintas cuencas tamberas para definir qu\u00e9 vamos a hacer&#8221;, indic\u00f3 Guillermo Giannasi, director y referente de lecher\u00eda de la Federaci\u00f3n Agraria. Giannasi, que se quej\u00f3 de que &#8220;el Gobierno mira para otro lado&#8221;, dijo que en el marco de esos encuentros se decidir\u00e1n los pasos que se seguir\u00e1n a nivel gremial.<\/p>\n<p>Los tamberos afirman que sus precios quedaron desfasados. En diciembre pasado, seg\u00fan el Ministerio de Agricultura, el valor promedio que cobraron tranqueras adentro fue $ 2,301. Hoy, de acuerdo con fuentes privadas, se estar\u00eda en un rango de $ 2,40 a $ 2,70, seg\u00fan las regiones.<\/p>\n<p>&#8220;La leche deber\u00eda estar como m\u00ednimo en 2,80 pesos por litro para que se frene esta crisis o por lo menos no se agrave m\u00e1s. Y pensamos que en 3 o 3,2 pesos por litro se dar\u00edan nuevamente buenas relaciones de precios para que la producci\u00f3n vuelva a crecer&#8221;, dijo Mat\u00edas Cardini, presidente de la Sociedad Rural de Trenque Lauquen.<\/p>\n<p>Cardini agreg\u00f3 que en esa zona productora los tamberos cobran $ 2,40 por litro producido.<\/p>\n<p>El consultor Jos\u00e9 Quintana precis\u00f3 que para que se tenga la misma relaci\u00f3n precios\/costos de septiembre pasado el valor de la materia prima deber\u00eda estar en 3 pesos el litro. Y agreg\u00f3: &#8220;Vamos camino a otro estancamiento de la producci\u00f3n con una leche debajo de los 3 pesos&#8221;.<\/p>\n<p>En l\u00ednea con lo expresado por Quintana, Gonzalo Elizondo, t\u00e9cnico de la consultora MAB, pronostic\u00f3 que, sin adecuaci\u00f3n de los precios, habr\u00e1 &#8220;irremediablemente menor producci\u00f3n en el corto plazo&#8221;.<\/p>\n<p>Por ello, los tamberos insisten en una mejora de los precios que perciben. Y desde la FAA Giannasi cree que tendr\u00edan que estar bastante m\u00e1s arriba de los 3 pesos. &#8220;Se tendr\u00eda que cobrar 3,50 pesos para tener rentabilidad&#8221;, proyect\u00f3. El dirigente gremial estim\u00f3 que en los \u00faltimos diez a\u00f1os quedaron en el camino 8000 tamberos (calcul\u00f3 que hab\u00eda ca\u00eddo de 18.000 a 10.000 la cantidad de productores) y que ya no se puede perder un productor m\u00e1s.<\/p>\n<p><i>Peor pagos<\/i><br \/>Seg\u00fan el estudio de CREA, en diciembre pasado, con un valor equivalente en d\u00f3lares a 33 centavos, los productores argentinos cobraron menos que sus pares de la regi\u00f3n e incluso de los Estados Unidos y Europa.<\/p>\n<p>&#8220;La devaluaci\u00f3n de enero de 2014 deprimi\u00f3 a\u00fan m\u00e1s el precio de la leche cobrado por los productores argentinos, para ubicarse en 28\/30 centavos de d\u00f3lar por litro&#8221;, advirti\u00f3 la entidad en un informe..<\/p>\n<p>Fuente: La naci\u00f3n, 25 de febrero.<br \/><\/p>","protected":false},"excerpt":{"rendered":"<p>Advierten que los precios que cobran no compensan la suba de costos; tienen un 60% de insumos dolarizados. Por Fernando Bertello. Los tamberos est\u00e1n al borde de volver a las protestas. Por la crisis en el sector, agravada en las \u00faltimas semanas por la devaluaci\u00f3n -ya que los productores cobran en pesos y en un plazo de 30 a 40 d\u00edas con el 60% de los costos dolarizados-, har\u00e1n en los pr\u00f3ximos quince d\u00edas asambleas en las principales cuencas lecheras y all\u00ed decidir\u00e1n los pasos gremiales por seguir. La primera de esa serie de reuniones ser\u00e1 ma\u00f1ana en la localidad de Alicia, provincia de C\u00f3rdoba. La convoc\u00f3 la Federaci\u00f3n Agraria Argentina (FAA) en su sede de esa ciudad. Tambi\u00e9n ma\u00f1ana, pero en Suardi, Santa Fe, tamberos que representan un movimiento zonal se encontrar\u00e1n en el sal\u00f3n de la Cooperativa El\u00e9ctrica local. Tanto en Alicia como en Suardi lo que se pondr\u00e1 en escena es el deterioro del sector, donde los precios cobrados por los productores quedaron rezagados frente a los costos. Un informe de los Consorcios Regionales de Experimentaci\u00f3n Agr\u00edcola (CREA) puso ayer la situaci\u00f3n en perspectiva. Mientras en la segunda mitad de 2013 el costo de producci\u00f3n de la [&hellip;]<\/p>\n","protected":false},"author":2,"featured_media":2450,"comment_status":"closed","ping_status":"open","sticky":false,"template":"","format":"standard","meta":{"_acf_changed":false,"footnotes":""},"categories":[56],"tags":[],"class_list":["post-5964","post","type-post","status-publish","format-standard","has-post-thumbnail","hentry","category-infoganadero"],"acf":[],"yoast_head":"<!-- This site is optimized with the Yoast SEO plugin v27.4 - https:\/\/yoast.com\/product\/yoast-seo-wordpress\/ -->\n<title>La devaluaci\u00f3n afect\u00f3 a los tambos y los productores amenazan con protestas. | Proagro<\/title>\n<meta name=\"robots\" content=\"index, follow, max-snippet:-1, max-image-preview:large, max-video-preview:-1\" \/>\n<link rel=\"canonical\" href=\"https:\/\/proagrolab.com.ar\/en\/la-devaluacion-afecto-a-los-tambos-y-los-productores-amenazan-con-protestas\/\" \/>\n<meta property=\"og:locale\" content=\"en_US\" \/>\n<meta property=\"og:type\" content=\"article\" \/>\n<meta property=\"og:title\" content=\"La devaluaci\u00f3n afect\u00f3 a los tambos y los productores amenazan con protestas. | Proagro\" \/>\n<meta property=\"og:description\" content=\"Advierten que los precios que cobran no compensan la suba de costos; tienen un 60% de insumos dolarizados. Por Fernando Bertello. Los tamberos est\u00e1n al borde de volver a las protestas. Por la crisis en el sector, agravada en las \u00faltimas semanas por la devaluaci\u00f3n -ya que los productores cobran en pesos y en un plazo de 30 a 40 d\u00edas con el 60% de los costos dolarizados-, har\u00e1n en los pr\u00f3ximos quince d\u00edas asambleas en las principales cuencas lecheras y all\u00ed decidir\u00e1n los pasos gremiales por seguir. La primera de esa serie de reuniones ser\u00e1 ma\u00f1ana en la localidad de Alicia, provincia de C\u00f3rdoba. La convoc\u00f3 la Federaci\u00f3n Agraria Argentina (FAA) en su sede de esa ciudad. Tambi\u00e9n ma\u00f1ana, pero en Suardi, Santa Fe, tamberos que representan un movimiento zonal se encontrar\u00e1n en el sal\u00f3n de la Cooperativa El\u00e9ctrica local. Tanto en Alicia como en Suardi lo que se pondr\u00e1 en escena es el deterioro del sector, donde los precios cobrados por los productores quedaron rezagados frente a los costos. Un informe de los Consorcios Regionales de Experimentaci\u00f3n Agr\u00edcola (CREA) puso ayer la situaci\u00f3n en perspectiva. Mientras en la segunda mitad de 2013 el costo de producci\u00f3n de la [&hellip;]\" \/>\n<meta property=\"og:url\" content=\"https:\/\/proagrolab.com.ar\/la-devaluacion-afecto-a-los-tambos-y-los-productores-amenazan-con-protestas\/\" \/>\n<meta property=\"og:site_name\" content=\"Proagro\" \/>\n<meta property=\"article:publisher\" content=\"http:\/\/www.facebook.com\/proagrolab\" \/>\n<meta property=\"article:published_time\" content=\"2014-02-25T00:00:01+00:00\" \/>\n<meta property=\"og:image\" content=\"https:\/\/proagrolab.com.ar\/wp-content\/uploads\/2015\/01\/g_fj1dv27hx__Lecheras-18.jpg\" \/>\n\t<meta property=\"og:image:width\" content=\"450\" \/>\n\t<meta property=\"og:image:height\" content=\"208\" \/>\n\t<meta property=\"og:image:type\" content=\"image\/jpeg\" \/>\n<meta name=\"author\" content=\"proagrolab\" \/>\n<meta name=\"twitter:card\" content=\"summary_large_image\" \/>\n<meta name=\"twitter:label1\" content=\"Written by\" \/>\n\t<meta name=\"twitter:data1\" content=\"proagrolab\" \/>\n\t<meta name=\"twitter:label2\" content=\"Est. reading time\" \/>\n\t<meta name=\"twitter:data2\" content=\"4 minutes\" \/>\n<script type=\"application\/ld+json\" class=\"yoast-schema-graph\">{\"@context\":\"https:\\\/\\\/schema.org\",\"@graph\":[{\"@type\":\"Article\",\"@id\":\"https:\\\/\\\/proagrolab.com.ar\\\/la-devaluacion-afecto-a-los-tambos-y-los-productores-amenazan-con-protestas\\\/#article\",\"isPartOf\":{\"@id\":\"https:\\\/\\\/proagrolab.com.ar\\\/la-devaluacion-afecto-a-los-tambos-y-los-productores-amenazan-con-protestas\\\/\"},\"author\":{\"name\":\"proagrolab\",\"@id\":\"https:\\\/\\\/proagrolab.com.ar\\\/#\\\/schema\\\/person\\\/38003ff90bf80381f71c7d922d207444\"},\"headline\":\"La devaluaci\u00f3n afect\u00f3 a los tambos y los productores amenazan con protestas.\",\"datePublished\":\"2014-02-25T00:00:01+00:00\",\"mainEntityOfPage\":{\"@id\":\"https:\\\/\\\/proagrolab.com.ar\\\/la-devaluacion-afecto-a-los-tambos-y-los-productores-amenazan-con-protestas\\\/\"},\"wordCount\":770,\"publisher\":{\"@id\":\"https:\\\/\\\/proagrolab.com.ar\\\/#organization\"},\"image\":{\"@id\":\"https:\\\/\\\/proagrolab.com.ar\\\/la-devaluacion-afecto-a-los-tambos-y-los-productores-amenazan-con-protestas\\\/#primaryimage\"},\"thumbnailUrl\":\"https:\\\/\\\/proagrolab.com.ar\\\/wp-content\\\/uploads\\\/2015\\\/01\\\/g_fj1dv27hx__Lecheras-18.jpg\",\"articleSection\":[\"News\"],\"inLanguage\":\"en-US\"},{\"@type\":\"WebPage\",\"@id\":\"https:\\\/\\\/proagrolab.com.ar\\\/la-devaluacion-afecto-a-los-tambos-y-los-productores-amenazan-con-protestas\\\/\",\"url\":\"https:\\\/\\\/proagrolab.com.ar\\\/la-devaluacion-afecto-a-los-tambos-y-los-productores-amenazan-con-protestas\\\/\",\"name\":\"La devaluaci\u00f3n afect\u00f3 a los tambos y los productores amenazan con protestas. | Proagro\",\"isPartOf\":{\"@id\":\"https:\\\/\\\/proagrolab.com.ar\\\/#website\"},\"primaryImageOfPage\":{\"@id\":\"https:\\\/\\\/proagrolab.com.ar\\\/la-devaluacion-afecto-a-los-tambos-y-los-productores-amenazan-con-protestas\\\/#primaryimage\"},\"image\":{\"@id\":\"https:\\\/\\\/proagrolab.com.ar\\\/la-devaluacion-afecto-a-los-tambos-y-los-productores-amenazan-con-protestas\\\/#primaryimage\"},\"thumbnailUrl\":\"https:\\\/\\\/proagrolab.com.ar\\\/wp-content\\\/uploads\\\/2015\\\/01\\\/g_fj1dv27hx__Lecheras-18.jpg\",\"datePublished\":\"2014-02-25T00:00:01+00:00\",\"breadcrumb\":{\"@id\":\"https:\\\/\\\/proagrolab.com.ar\\\/la-devaluacion-afecto-a-los-tambos-y-los-productores-amenazan-con-protestas\\\/#breadcrumb\"},\"inLanguage\":\"en-US\",\"potentialAction\":[{\"@type\":\"ReadAction\",\"target\":[\"https:\\\/\\\/proagrolab.com.ar\\\/la-devaluacion-afecto-a-los-tambos-y-los-productores-amenazan-con-protestas\\\/\"]}]},{\"@type\":\"ImageObject\",\"inLanguage\":\"en-US\",\"@id\":\"https:\\\/\\\/proagrolab.com.ar\\\/la-devaluacion-afecto-a-los-tambos-y-los-productores-amenazan-con-protestas\\\/#primaryimage\",\"url\":\"https:\\\/\\\/proagrolab.com.ar\\\/wp-content\\\/uploads\\\/2015\\\/01\\\/g_fj1dv27hx__Lecheras-18.jpg\",\"contentUrl\":\"https:\\\/\\\/proagrolab.com.ar\\\/wp-content\\\/uploads\\\/2015\\\/01\\\/g_fj1dv27hx__Lecheras-18.jpg\",\"width\":450,\"height\":208},{\"@type\":\"BreadcrumbList\",\"@id\":\"https:\\\/\\\/proagrolab.com.ar\\\/la-devaluacion-afecto-a-los-tambos-y-los-productores-amenazan-con-protestas\\\/#breadcrumb\",\"itemListElement\":[{\"@type\":\"ListItem\",\"position\":1,\"name\":\"Portada\",\"item\":\"https:\\\/\\\/proagrolab.com.ar\\\/\"},{\"@type\":\"ListItem\",\"position\":2,\"name\":\"La devaluaci\u00f3n afect\u00f3 a los tambos y los productores amenazan con protestas.\"}]},{\"@type\":\"WebSite\",\"@id\":\"https:\\\/\\\/proagrolab.com.ar\\\/#website\",\"url\":\"https:\\\/\\\/proagrolab.com.ar\\\/\",\"name\":\"Proagro Laboratorio Veterinario\",\"description\":\"Veterinary laboratory\",\"publisher\":{\"@id\":\"https:\\\/\\\/proagrolab.com.ar\\\/#organization\"},\"potentialAction\":[{\"@type\":\"SearchAction\",\"target\":{\"@type\":\"EntryPoint\",\"urlTemplate\":\"https:\\\/\\\/proagrolab.com.ar\\\/?s={search_term_string}\"},\"query-input\":{\"@type\":\"PropertyValueSpecification\",\"valueRequired\":true,\"valueName\":\"search_term_string\"}}],\"inLanguage\":\"en-US\"},{\"@type\":\"Organization\",\"@id\":\"https:\\\/\\\/proagrolab.com.ar\\\/#organization\",\"name\":\"Proagro\",\"url\":\"https:\\\/\\\/proagrolab.com.ar\\\/\",\"logo\":{\"@type\":\"ImageObject\",\"inLanguage\":\"en-US\",\"@id\":\"https:\\\/\\\/proagrolab.com.ar\\\/#\\\/schema\\\/logo\\\/image\\\/\",\"url\":\"https:\\\/\\\/proagrolab.com.ar\\\/wp-content\\\/uploads\\\/2020\\\/04\\\/logo-retina.png\",\"contentUrl\":\"https:\\\/\\\/proagrolab.com.ar\\\/wp-content\\\/uploads\\\/2020\\\/04\\\/logo-retina.png\",\"width\":478,\"height\":120,\"caption\":\"Proagro\"},\"image\":{\"@id\":\"https:\\\/\\\/proagrolab.com.ar\\\/#\\\/schema\\\/logo\\\/image\\\/\"},\"sameAs\":[\"http:\\\/\\\/www.facebook.com\\\/proagrolab\",\"https:\\\/\\\/www.instagram.com\\\/proagrolab\\\/\",\"https:\\\/\\\/www.linkedin.com\\\/company\\\/laboratorio-proagro-s-a\\\/\"]},{\"@type\":\"Person\",\"@id\":\"https:\\\/\\\/proagrolab.com.ar\\\/#\\\/schema\\\/person\\\/38003ff90bf80381f71c7d922d207444\",\"name\":\"proagrolab\"}]}<\/script>\n<!-- \/ Yoast SEO plugin. -->","yoast_head_json":{"title":"La devaluaci\u00f3n afect\u00f3 a los tambos y los productores amenazan con protestas. | Proagro","robots":{"index":"index","follow":"follow","max-snippet":"max-snippet:-1","max-image-preview":"max-image-preview:large","max-video-preview":"max-video-preview:-1"},"canonical":"https:\/\/proagrolab.com.ar\/en\/la-devaluacion-afecto-a-los-tambos-y-los-productores-amenazan-con-protestas\/","og_locale":"en_US","og_type":"article","og_title":"La devaluaci\u00f3n afect\u00f3 a los tambos y los productores amenazan con protestas. | Proagro","og_description":"Advierten que los precios que cobran no compensan la suba de costos; tienen un 60% de insumos dolarizados. Por Fernando Bertello. Los tamberos est\u00e1n al borde de volver a las protestas. Por la crisis en el sector, agravada en las \u00faltimas semanas por la devaluaci\u00f3n -ya que los productores cobran en pesos y en un plazo de 30 a 40 d\u00edas con el 60% de los costos dolarizados-, har\u00e1n en los pr\u00f3ximos quince d\u00edas asambleas en las principales cuencas lecheras y all\u00ed decidir\u00e1n los pasos gremiales por seguir. La primera de esa serie de reuniones ser\u00e1 ma\u00f1ana en la localidad de Alicia, provincia de C\u00f3rdoba. La convoc\u00f3 la Federaci\u00f3n Agraria Argentina (FAA) en su sede de esa ciudad. Tambi\u00e9n ma\u00f1ana, pero en Suardi, Santa Fe, tamberos que representan un movimiento zonal se encontrar\u00e1n en el sal\u00f3n de la Cooperativa El\u00e9ctrica local. Tanto en Alicia como en Suardi lo que se pondr\u00e1 en escena es el deterioro del sector, donde los precios cobrados por los productores quedaron rezagados frente a los costos. Un informe de los Consorcios Regionales de Experimentaci\u00f3n Agr\u00edcola (CREA) puso ayer la situaci\u00f3n en perspectiva. Mientras en la segunda mitad de 2013 el costo de producci\u00f3n de la [&hellip;]","og_url":"https:\/\/proagrolab.com.ar\/la-devaluacion-afecto-a-los-tambos-y-los-productores-amenazan-con-protestas\/","og_site_name":"Proagro","article_publisher":"http:\/\/www.facebook.com\/proagrolab","article_published_time":"2014-02-25T00:00:01+00:00","og_image":[{"width":450,"height":208,"url":"https:\/\/proagrolab.com.ar\/wp-content\/uploads\/2015\/01\/g_fj1dv27hx__Lecheras-18.jpg","type":"image\/jpeg"}],"author":"proagrolab","twitter_card":"summary_large_image","twitter_misc":{"Written by":"proagrolab","Est. reading time":"4 minutes"},"schema":{"@context":"https:\/\/schema.org","@graph":[{"@type":"Article","@id":"https:\/\/proagrolab.com.ar\/la-devaluacion-afecto-a-los-tambos-y-los-productores-amenazan-con-protestas\/#article","isPartOf":{"@id":"https:\/\/proagrolab.com.ar\/la-devaluacion-afecto-a-los-tambos-y-los-productores-amenazan-con-protestas\/"},"author":{"name":"proagrolab","@id":"https:\/\/proagrolab.com.ar\/#\/schema\/person\/38003ff90bf80381f71c7d922d207444"},"headline":"La devaluaci\u00f3n afect\u00f3 a los tambos y los productores amenazan con protestas.","datePublished":"2014-02-25T00:00:01+00:00","mainEntityOfPage":{"@id":"https:\/\/proagrolab.com.ar\/la-devaluacion-afecto-a-los-tambos-y-los-productores-amenazan-con-protestas\/"},"wordCount":770,"publisher":{"@id":"https:\/\/proagrolab.com.ar\/#organization"},"image":{"@id":"https:\/\/proagrolab.com.ar\/la-devaluacion-afecto-a-los-tambos-y-los-productores-amenazan-con-protestas\/#primaryimage"},"thumbnailUrl":"https:\/\/proagrolab.com.ar\/wp-content\/uploads\/2015\/01\/g_fj1dv27hx__Lecheras-18.jpg","articleSection":["News"],"inLanguage":"en-US"},{"@type":"WebPage","@id":"https:\/\/proagrolab.com.ar\/la-devaluacion-afecto-a-los-tambos-y-los-productores-amenazan-con-protestas\/","url":"https:\/\/proagrolab.com.ar\/la-devaluacion-afecto-a-los-tambos-y-los-productores-amenazan-con-protestas\/","name":"La devaluaci\u00f3n afect\u00f3 a los tambos y los productores amenazan con protestas. | Proagro","isPartOf":{"@id":"https:\/\/proagrolab.com.ar\/#website"},"primaryImageOfPage":{"@id":"https:\/\/proagrolab.com.ar\/la-devaluacion-afecto-a-los-tambos-y-los-productores-amenazan-con-protestas\/#primaryimage"},"image":{"@id":"https:\/\/proagrolab.com.ar\/la-devaluacion-afecto-a-los-tambos-y-los-productores-amenazan-con-protestas\/#primaryimage"},"thumbnailUrl":"https:\/\/proagrolab.com.ar\/wp-content\/uploads\/2015\/01\/g_fj1dv27hx__Lecheras-18.jpg","datePublished":"2014-02-25T00:00:01+00:00","breadcrumb":{"@id":"https:\/\/proagrolab.com.ar\/la-devaluacion-afecto-a-los-tambos-y-los-productores-amenazan-con-protestas\/#breadcrumb"},"inLanguage":"en-US","potentialAction":[{"@type":"ReadAction","target":["https:\/\/proagrolab.com.ar\/la-devaluacion-afecto-a-los-tambos-y-los-productores-amenazan-con-protestas\/"]}]},{"@type":"ImageObject","inLanguage":"en-US","@id":"https:\/\/proagrolab.com.ar\/la-devaluacion-afecto-a-los-tambos-y-los-productores-amenazan-con-protestas\/#primaryimage","url":"https:\/\/proagrolab.com.ar\/wp-content\/uploads\/2015\/01\/g_fj1dv27hx__Lecheras-18.jpg","contentUrl":"https:\/\/proagrolab.com.ar\/wp-content\/uploads\/2015\/01\/g_fj1dv27hx__Lecheras-18.jpg","width":450,"height":208},{"@type":"BreadcrumbList","@id":"https:\/\/proagrolab.com.ar\/la-devaluacion-afecto-a-los-tambos-y-los-productores-amenazan-con-protestas\/#breadcrumb","itemListElement":[{"@type":"ListItem","position":1,"name":"Portada","item":"https:\/\/proagrolab.com.ar\/"},{"@type":"ListItem","position":2,"name":"La devaluaci\u00f3n afect\u00f3 a los tambos y los productores amenazan con protestas."}]},{"@type":"WebSite","@id":"https:\/\/proagrolab.com.ar\/#website","url":"https:\/\/proagrolab.com.ar\/","name":"Proagro Laboratorio Veterinario","description":"Veterinary laboratory","publisher":{"@id":"https:\/\/proagrolab.com.ar\/#organization"},"potentialAction":[{"@type":"SearchAction","target":{"@type":"EntryPoint","urlTemplate":"https:\/\/proagrolab.com.ar\/?s={search_term_string}"},"query-input":{"@type":"PropertyValueSpecification","valueRequired":true,"valueName":"search_term_string"}}],"inLanguage":"en-US"},{"@type":"Organization","@id":"https:\/\/proagrolab.com.ar\/#organization","name":"Proagro","url":"https:\/\/proagrolab.com.ar\/","logo":{"@type":"ImageObject","inLanguage":"en-US","@id":"https:\/\/proagrolab.com.ar\/#\/schema\/logo\/image\/","url":"https:\/\/proagrolab.com.ar\/wp-content\/uploads\/2020\/04\/logo-retina.png","contentUrl":"https:\/\/proagrolab.com.ar\/wp-content\/uploads\/2020\/04\/logo-retina.png","width":478,"height":120,"caption":"Proagro"},"image":{"@id":"https:\/\/proagrolab.com.ar\/#\/schema\/logo\/image\/"},"sameAs":["http:\/\/www.facebook.com\/proagrolab","https:\/\/www.instagram.com\/proagrolab\/","https:\/\/www.linkedin.com\/company\/laboratorio-proagro-s-a\/"]},{"@type":"Person","@id":"https:\/\/proagrolab.com.ar\/#\/schema\/person\/38003ff90bf80381f71c7d922d207444","name":"proagrolab"}]}},"_links":{"self":[{"href":"https:\/\/proagrolab.com.ar\/en\/wp-json\/wp\/v2\/posts\/5964","targetHints":{"allow":["GET"]}}],"collection":[{"href":"https:\/\/proagrolab.com.ar\/en\/wp-json\/wp\/v2\/posts"}],"about":[{"href":"https:\/\/proagrolab.com.ar\/en\/wp-json\/wp\/v2\/types\/post"}],"author":[{"embeddable":true,"href":"https:\/\/proagrolab.com.ar\/en\/wp-json\/wp\/v2\/users\/2"}],"replies":[{"embeddable":true,"href":"https:\/\/proagrolab.com.ar\/en\/wp-json\/wp\/v2\/comments?post=5964"}],"version-history":[{"count":0,"href":"https:\/\/proagrolab.com.ar\/en\/wp-json\/wp\/v2\/posts\/5964\/revisions"}],"wp:featuredmedia":[{"embeddable":true,"href":"https:\/\/proagrolab.com.ar\/en\/wp-json\/wp\/v2\/media\/2450"}],"wp:attachment":[{"href":"https:\/\/proagrolab.com.ar\/en\/wp-json\/wp\/v2\/media?parent=5964"}],"wp:term":[{"taxonomy":"category","embeddable":true,"href":"https:\/\/proagrolab.com.ar\/en\/wp-json\/wp\/v2\/categories?post=5964"},{"taxonomy":"post_tag","embeddable":true,"href":"https:\/\/proagrolab.com.ar\/en\/wp-json\/wp\/v2\/tags?post=5964"}],"curies":[{"name":"wp","href":"https:\/\/api.w.org\/{rel}","templated":true}]}}