{"id":5961,"date":"2014-02-21T00:00:01","date_gmt":"2014-02-21T00:00:01","guid":{"rendered":"https:\/\/proagrolab.com.ar\/santa-fe-el-precio-de-referencia-de-la-leche-fue-de-246-litro\/"},"modified":"2014-02-21T00:00:01","modified_gmt":"2014-02-21T00:00:01","slug":"santa-fe-el-precio-de-referencia-de-la-leche-fue-de-246-litro","status":"publish","type":"post","link":"https:\/\/proagrolab.com.ar\/en\/santa-fe-el-precio-de-referencia-de-la-leche-fue-de-246-litro\/","title":{"rendered":"Santa Fe: el precio de referencia de la leche fue de 2,46 $\/litro."},"content":{"rendered":"<p class=\"qtranxs-available-languages-message qtranxs-available-languages-message-en\"> <\/p><p>El precio de referencia de la leche cobrado por tamberos de Santa Fe fue en enero pasado de 2,46 $\/litro, seg\u00fan datos difundidos por el Ministerio de la Producci\u00f3n de dicha provincia.<\/p>\n<p>El mes pasado se necesitaron en promedio 2,26 kilos de ma\u00edz para comprar un litro de leche versus 2,11 y 2,09 kilos en diciembre y noviembre de 2013 respectivamente.<\/p>\n<p>En el primer mes del a\u00f1o el precio relativo de la leche se recuper\u00f3 de manera significativa con respecto al \u00faltimo bimestre de 2013. Pero no lleg\u00f3 a superar el nivel registrado entre agosto y octubre del a\u00f1o pasado.Pero el partido crucial para el sector se est\u00e1 jugando en el presente mes de febrero porque, debido a la devaluaci\u00f3n del peso argentino, el valor nominal interno del ma\u00edz -medido en moneda local- se ajust\u00f3 a la par del alza del tipo de cambio oficial.<\/p>\n<p>Eso implica que, con los nuevos valores del cereal, el precio de la leche en el presente mes de febrero deber\u00eda ubicarse en 2,85 $\/litro para que la relaci\u00f3n leche\/ma\u00edz se mantenga en un nivel equivalente al de enero pasado.<\/p>\n<p>Y para que regrese a la situaci\u00f3n presente en agosto\/septiembre de 2013, deber\u00eda ubicarse en torno a 3,0 $\/litro. Desde enero de 2012 la relaci\u00f3n leche\/ma\u00edz no logra superar los 2,50 kilos.<\/p>\n<p>En los \u00faltimos dos a\u00f1os el peor momento para la actividad se registr\u00f3 entre septiembre de 2012 y enero de 2013 (cuando la relaci\u00f3n no super\u00f3 los 1,80 kilos).<\/p>\n<p>Las autoridades del Servicio Nacional de Sanidad y Calidad Agroalimentaria (Senasa), del Ministerio de la Producci\u00f3n de la provincia de Santa Fe, y representantes de peque\u00f1os y medianos empresarios l\u00e1cteos delinearon una agenda de trabajo com\u00fan para reimpulsar el desarrollo de la actividad en la regi\u00f3n y asegurar la inocuidad y calidad de esa producci\u00f3n.<\/p>\n<p>En las instalaciones del Centro Regional Santa Fe del Senasa, realizada el mi\u00e9rcoles 12 de febrero, participaron, Ernesto Ferrarese, director de la instituci\u00f3n anfitriona; el secretario del Sistema Agropecuario, Agroalimentos y Biocombustibles del Gobierno de Santa Fe, Luis Contigiani; el presidente de la Asociaci\u00f3n de Peque\u00f1os y Medianos Industriales L\u00e1cteos (APyMIL), Mariano Viroglio; y el titular de la Empresa L\u00e1cteos Roc\u00edo del Campo, Javier Ceaglio.Durante la reuni\u00f3n, los peque\u00f1os y medianos empresarios expusieron a las autoridades presentes sus necesidades e inquietudes para mejorar la calidad de sus productos.<\/p>\n<p>Adem\u00e1s hicieron hincapi\u00e9 en la importancia de promover y fomentar v\u00ednculos institucionales. En este sentido, tanto desde el Senasa como el Gobierno Provincial garantizaron acciones tendientes a fortalecer la capacitaci\u00f3n del personal en sanidad y buenas pr\u00e1cticas en manufacturas.<\/p>\n<p>En esta oportunidad, Ferrarese expres\u00f3 la importancia que representa para el Senasa apoyar el desarrollo de estos emprendimientos: &#8220;Nuestra instituci\u00f3n est\u00e1 disponible para atender sus necesidades y ser la herramienta que permita lograr su desarrollo&#8221;, sostuvo.<\/p>\n<p>A su vez Contigiani destac\u00f3 la relevancia de trabajar en conjunto y los representantes de los peque\u00f1os y medianos empresarios agradecieron la predisposici\u00f3n del sector p\u00fablico, nacional y provincial, para colaborar activamente en el desarrollo del sector. <\/p>\n<p>Fuente: Infortambo, 18 de febrero.<br \/><\/p>","protected":false},"excerpt":{"rendered":"<p>El precio de referencia de la leche cobrado por tamberos de Santa Fe fue en enero pasado de 2,46 $\/litro, seg\u00fan datos difundidos por el Ministerio de la Producci\u00f3n de dicha provincia. El mes pasado se necesitaron en promedio 2,26 kilos de ma\u00edz para comprar un litro de leche versus 2,11 y 2,09 kilos en diciembre y noviembre de 2013 respectivamente. En el primer mes del a\u00f1o el precio relativo de la leche se recuper\u00f3 de manera significativa con respecto al \u00faltimo bimestre de 2013. Pero no lleg\u00f3 a superar el nivel registrado entre agosto y octubre del a\u00f1o pasado.Pero el partido crucial para el sector se est\u00e1 jugando en el presente mes de febrero porque, debido a la devaluaci\u00f3n del peso argentino, el valor nominal interno del ma\u00edz -medido en moneda local- se ajust\u00f3 a la par del alza del tipo de cambio oficial. Eso implica que, con los nuevos valores del cereal, el precio de la leche en el presente mes de febrero deber\u00eda ubicarse en 2,85 $\/litro para que la relaci\u00f3n leche\/ma\u00edz se mantenga en un nivel equivalente al de enero pasado. Y para que regrese a la situaci\u00f3n presente en agosto\/septiembre de 2013, deber\u00eda ubicarse en [&hellip;]<\/p>\n","protected":false},"author":2,"featured_media":2447,"comment_status":"closed","ping_status":"open","sticky":false,"template":"","format":"standard","meta":{"_acf_changed":false,"footnotes":""},"categories":[56],"tags":[],"class_list":["post-5961","post","type-post","status-publish","format-standard","has-post-thumbnail","hentry","category-infoganadero"],"acf":[],"yoast_head":"<!-- This site is optimized with the Yoast SEO plugin v27.4 - https:\/\/yoast.com\/product\/yoast-seo-wordpress\/ -->\n<title>Santa Fe: el precio de referencia de la leche fue de 2,46 $\/litro. | Proagro<\/title>\n<meta name=\"robots\" content=\"index, follow, max-snippet:-1, max-image-preview:large, max-video-preview:-1\" \/>\n<link rel=\"canonical\" href=\"https:\/\/proagrolab.com.ar\/en\/santa-fe-el-precio-de-referencia-de-la-leche-fue-de-246-litro\/\" \/>\n<meta property=\"og:locale\" content=\"en_US\" \/>\n<meta property=\"og:type\" content=\"article\" \/>\n<meta property=\"og:title\" content=\"Santa Fe: el precio de referencia de la leche fue de 2,46 $\/litro. | Proagro\" \/>\n<meta property=\"og:description\" content=\"El precio de referencia de la leche cobrado por tamberos de Santa Fe fue en enero pasado de 2,46 $\/litro, seg\u00fan datos difundidos por el Ministerio de la Producci\u00f3n de dicha provincia. El mes pasado se necesitaron en promedio 2,26 kilos de ma\u00edz para comprar un litro de leche versus 2,11 y 2,09 kilos en diciembre y noviembre de 2013 respectivamente. En el primer mes del a\u00f1o el precio relativo de la leche se recuper\u00f3 de manera significativa con respecto al \u00faltimo bimestre de 2013. Pero no lleg\u00f3 a superar el nivel registrado entre agosto y octubre del a\u00f1o pasado.Pero el partido crucial para el sector se est\u00e1 jugando en el presente mes de febrero porque, debido a la devaluaci\u00f3n del peso argentino, el valor nominal interno del ma\u00edz -medido en moneda local- se ajust\u00f3 a la par del alza del tipo de cambio oficial. Eso implica que, con los nuevos valores del cereal, el precio de la leche en el presente mes de febrero deber\u00eda ubicarse en 2,85 $\/litro para que la relaci\u00f3n leche\/ma\u00edz se mantenga en un nivel equivalente al de enero pasado. Y para que regrese a la situaci\u00f3n presente en agosto\/septiembre de 2013, deber\u00eda ubicarse en [&hellip;]\" \/>\n<meta property=\"og:url\" content=\"https:\/\/proagrolab.com.ar\/santa-fe-el-precio-de-referencia-de-la-leche-fue-de-246-litro\/\" \/>\n<meta property=\"og:site_name\" content=\"Proagro\" \/>\n<meta property=\"article:publisher\" content=\"http:\/\/www.facebook.com\/proagrolab\" \/>\n<meta property=\"article:published_time\" content=\"2014-02-21T00:00:01+00:00\" \/>\n<meta property=\"og:image\" content=\"https:\/\/proagrolab.com.ar\/wp-content\/uploads\/2015\/01\/g_j0nbeesp7__Lecheras-15.jpg\" \/>\n\t<meta property=\"og:image:width\" content=\"450\" \/>\n\t<meta property=\"og:image:height\" content=\"208\" \/>\n\t<meta property=\"og:image:type\" content=\"image\/jpeg\" \/>\n<meta name=\"author\" content=\"proagrolab\" \/>\n<meta name=\"twitter:card\" content=\"summary_large_image\" \/>\n<meta name=\"twitter:label1\" content=\"Written by\" \/>\n\t<meta name=\"twitter:data1\" content=\"proagrolab\" \/>\n\t<meta name=\"twitter:label2\" content=\"Est. reading time\" \/>\n\t<meta name=\"twitter:data2\" content=\"3 minutes\" \/>\n<script type=\"application\/ld+json\" class=\"yoast-schema-graph\">{\"@context\":\"https:\\\/\\\/schema.org\",\"@graph\":[{\"@type\":\"Article\",\"@id\":\"https:\\\/\\\/proagrolab.com.ar\\\/santa-fe-el-precio-de-referencia-de-la-leche-fue-de-246-litro\\\/#article\",\"isPartOf\":{\"@id\":\"https:\\\/\\\/proagrolab.com.ar\\\/santa-fe-el-precio-de-referencia-de-la-leche-fue-de-246-litro\\\/\"},\"author\":{\"name\":\"proagrolab\",\"@id\":\"https:\\\/\\\/proagrolab.com.ar\\\/#\\\/schema\\\/person\\\/38003ff90bf80381f71c7d922d207444\"},\"headline\":\"Santa Fe: el precio de referencia de la leche fue de 2,46 $\\\/litro.\",\"datePublished\":\"2014-02-21T00:00:01+00:00\",\"mainEntityOfPage\":{\"@id\":\"https:\\\/\\\/proagrolab.com.ar\\\/santa-fe-el-precio-de-referencia-de-la-leche-fue-de-246-litro\\\/\"},\"wordCount\":546,\"publisher\":{\"@id\":\"https:\\\/\\\/proagrolab.com.ar\\\/#organization\"},\"image\":{\"@id\":\"https:\\\/\\\/proagrolab.com.ar\\\/santa-fe-el-precio-de-referencia-de-la-leche-fue-de-246-litro\\\/#primaryimage\"},\"thumbnailUrl\":\"https:\\\/\\\/proagrolab.com.ar\\\/wp-content\\\/uploads\\\/2015\\\/01\\\/g_j0nbeesp7__Lecheras-15.jpg\",\"articleSection\":[\"News\"],\"inLanguage\":\"en-US\"},{\"@type\":\"WebPage\",\"@id\":\"https:\\\/\\\/proagrolab.com.ar\\\/santa-fe-el-precio-de-referencia-de-la-leche-fue-de-246-litro\\\/\",\"url\":\"https:\\\/\\\/proagrolab.com.ar\\\/santa-fe-el-precio-de-referencia-de-la-leche-fue-de-246-litro\\\/\",\"name\":\"Santa Fe: el precio de referencia de la leche fue de 2,46 $\\\/litro. | Proagro\",\"isPartOf\":{\"@id\":\"https:\\\/\\\/proagrolab.com.ar\\\/#website\"},\"primaryImageOfPage\":{\"@id\":\"https:\\\/\\\/proagrolab.com.ar\\\/santa-fe-el-precio-de-referencia-de-la-leche-fue-de-246-litro\\\/#primaryimage\"},\"image\":{\"@id\":\"https:\\\/\\\/proagrolab.com.ar\\\/santa-fe-el-precio-de-referencia-de-la-leche-fue-de-246-litro\\\/#primaryimage\"},\"thumbnailUrl\":\"https:\\\/\\\/proagrolab.com.ar\\\/wp-content\\\/uploads\\\/2015\\\/01\\\/g_j0nbeesp7__Lecheras-15.jpg\",\"datePublished\":\"2014-02-21T00:00:01+00:00\",\"breadcrumb\":{\"@id\":\"https:\\\/\\\/proagrolab.com.ar\\\/santa-fe-el-precio-de-referencia-de-la-leche-fue-de-246-litro\\\/#breadcrumb\"},\"inLanguage\":\"en-US\",\"potentialAction\":[{\"@type\":\"ReadAction\",\"target\":[\"https:\\\/\\\/proagrolab.com.ar\\\/santa-fe-el-precio-de-referencia-de-la-leche-fue-de-246-litro\\\/\"]}]},{\"@type\":\"ImageObject\",\"inLanguage\":\"en-US\",\"@id\":\"https:\\\/\\\/proagrolab.com.ar\\\/santa-fe-el-precio-de-referencia-de-la-leche-fue-de-246-litro\\\/#primaryimage\",\"url\":\"https:\\\/\\\/proagrolab.com.ar\\\/wp-content\\\/uploads\\\/2015\\\/01\\\/g_j0nbeesp7__Lecheras-15.jpg\",\"contentUrl\":\"https:\\\/\\\/proagrolab.com.ar\\\/wp-content\\\/uploads\\\/2015\\\/01\\\/g_j0nbeesp7__Lecheras-15.jpg\",\"width\":450,\"height\":208},{\"@type\":\"BreadcrumbList\",\"@id\":\"https:\\\/\\\/proagrolab.com.ar\\\/santa-fe-el-precio-de-referencia-de-la-leche-fue-de-246-litro\\\/#breadcrumb\",\"itemListElement\":[{\"@type\":\"ListItem\",\"position\":1,\"name\":\"Portada\",\"item\":\"https:\\\/\\\/proagrolab.com.ar\\\/\"},{\"@type\":\"ListItem\",\"position\":2,\"name\":\"Santa Fe: el precio de referencia de la leche fue de 2,46 $\\\/litro.\"}]},{\"@type\":\"WebSite\",\"@id\":\"https:\\\/\\\/proagrolab.com.ar\\\/#website\",\"url\":\"https:\\\/\\\/proagrolab.com.ar\\\/\",\"name\":\"Proagro Laboratorio Veterinario\",\"description\":\"Veterinary laboratory\",\"publisher\":{\"@id\":\"https:\\\/\\\/proagrolab.com.ar\\\/#organization\"},\"potentialAction\":[{\"@type\":\"SearchAction\",\"target\":{\"@type\":\"EntryPoint\",\"urlTemplate\":\"https:\\\/\\\/proagrolab.com.ar\\\/?s={search_term_string}\"},\"query-input\":{\"@type\":\"PropertyValueSpecification\",\"valueRequired\":true,\"valueName\":\"search_term_string\"}}],\"inLanguage\":\"en-US\"},{\"@type\":\"Organization\",\"@id\":\"https:\\\/\\\/proagrolab.com.ar\\\/#organization\",\"name\":\"Proagro\",\"url\":\"https:\\\/\\\/proagrolab.com.ar\\\/\",\"logo\":{\"@type\":\"ImageObject\",\"inLanguage\":\"en-US\",\"@id\":\"https:\\\/\\\/proagrolab.com.ar\\\/#\\\/schema\\\/logo\\\/image\\\/\",\"url\":\"https:\\\/\\\/proagrolab.com.ar\\\/wp-content\\\/uploads\\\/2020\\\/04\\\/logo-retina.png\",\"contentUrl\":\"https:\\\/\\\/proagrolab.com.ar\\\/wp-content\\\/uploads\\\/2020\\\/04\\\/logo-retina.png\",\"width\":478,\"height\":120,\"caption\":\"Proagro\"},\"image\":{\"@id\":\"https:\\\/\\\/proagrolab.com.ar\\\/#\\\/schema\\\/logo\\\/image\\\/\"},\"sameAs\":[\"http:\\\/\\\/www.facebook.com\\\/proagrolab\",\"https:\\\/\\\/www.instagram.com\\\/proagrolab\\\/\",\"https:\\\/\\\/www.linkedin.com\\\/company\\\/laboratorio-proagro-s-a\\\/\"]},{\"@type\":\"Person\",\"@id\":\"https:\\\/\\\/proagrolab.com.ar\\\/#\\\/schema\\\/person\\\/38003ff90bf80381f71c7d922d207444\",\"name\":\"proagrolab\"}]}<\/script>\n<!-- \/ Yoast SEO plugin. -->","yoast_head_json":{"title":"Santa Fe: el precio de referencia de la leche fue de 2,46 $\/litro. | Proagro","robots":{"index":"index","follow":"follow","max-snippet":"max-snippet:-1","max-image-preview":"max-image-preview:large","max-video-preview":"max-video-preview:-1"},"canonical":"https:\/\/proagrolab.com.ar\/en\/santa-fe-el-precio-de-referencia-de-la-leche-fue-de-246-litro\/","og_locale":"en_US","og_type":"article","og_title":"Santa Fe: el precio de referencia de la leche fue de 2,46 $\/litro. | Proagro","og_description":"El precio de referencia de la leche cobrado por tamberos de Santa Fe fue en enero pasado de 2,46 $\/litro, seg\u00fan datos difundidos por el Ministerio de la Producci\u00f3n de dicha provincia. El mes pasado se necesitaron en promedio 2,26 kilos de ma\u00edz para comprar un litro de leche versus 2,11 y 2,09 kilos en diciembre y noviembre de 2013 respectivamente. En el primer mes del a\u00f1o el precio relativo de la leche se recuper\u00f3 de manera significativa con respecto al \u00faltimo bimestre de 2013. Pero no lleg\u00f3 a superar el nivel registrado entre agosto y octubre del a\u00f1o pasado.Pero el partido crucial para el sector se est\u00e1 jugando en el presente mes de febrero porque, debido a la devaluaci\u00f3n del peso argentino, el valor nominal interno del ma\u00edz -medido en moneda local- se ajust\u00f3 a la par del alza del tipo de cambio oficial. Eso implica que, con los nuevos valores del cereal, el precio de la leche en el presente mes de febrero deber\u00eda ubicarse en 2,85 $\/litro para que la relaci\u00f3n leche\/ma\u00edz se mantenga en un nivel equivalente al de enero pasado. Y para que regrese a la situaci\u00f3n presente en agosto\/septiembre de 2013, deber\u00eda ubicarse en [&hellip;]","og_url":"https:\/\/proagrolab.com.ar\/santa-fe-el-precio-de-referencia-de-la-leche-fue-de-246-litro\/","og_site_name":"Proagro","article_publisher":"http:\/\/www.facebook.com\/proagrolab","article_published_time":"2014-02-21T00:00:01+00:00","og_image":[{"width":450,"height":208,"url":"https:\/\/proagrolab.com.ar\/wp-content\/uploads\/2015\/01\/g_j0nbeesp7__Lecheras-15.jpg","type":"image\/jpeg"}],"author":"proagrolab","twitter_card":"summary_large_image","twitter_misc":{"Written by":"proagrolab","Est. reading time":"3 minutes"},"schema":{"@context":"https:\/\/schema.org","@graph":[{"@type":"Article","@id":"https:\/\/proagrolab.com.ar\/santa-fe-el-precio-de-referencia-de-la-leche-fue-de-246-litro\/#article","isPartOf":{"@id":"https:\/\/proagrolab.com.ar\/santa-fe-el-precio-de-referencia-de-la-leche-fue-de-246-litro\/"},"author":{"name":"proagrolab","@id":"https:\/\/proagrolab.com.ar\/#\/schema\/person\/38003ff90bf80381f71c7d922d207444"},"headline":"Santa Fe: el precio de referencia de la leche fue de 2,46 $\/litro.","datePublished":"2014-02-21T00:00:01+00:00","mainEntityOfPage":{"@id":"https:\/\/proagrolab.com.ar\/santa-fe-el-precio-de-referencia-de-la-leche-fue-de-246-litro\/"},"wordCount":546,"publisher":{"@id":"https:\/\/proagrolab.com.ar\/#organization"},"image":{"@id":"https:\/\/proagrolab.com.ar\/santa-fe-el-precio-de-referencia-de-la-leche-fue-de-246-litro\/#primaryimage"},"thumbnailUrl":"https:\/\/proagrolab.com.ar\/wp-content\/uploads\/2015\/01\/g_j0nbeesp7__Lecheras-15.jpg","articleSection":["News"],"inLanguage":"en-US"},{"@type":"WebPage","@id":"https:\/\/proagrolab.com.ar\/santa-fe-el-precio-de-referencia-de-la-leche-fue-de-246-litro\/","url":"https:\/\/proagrolab.com.ar\/santa-fe-el-precio-de-referencia-de-la-leche-fue-de-246-litro\/","name":"Santa Fe: el precio de referencia de la leche fue de 2,46 $\/litro. | Proagro","isPartOf":{"@id":"https:\/\/proagrolab.com.ar\/#website"},"primaryImageOfPage":{"@id":"https:\/\/proagrolab.com.ar\/santa-fe-el-precio-de-referencia-de-la-leche-fue-de-246-litro\/#primaryimage"},"image":{"@id":"https:\/\/proagrolab.com.ar\/santa-fe-el-precio-de-referencia-de-la-leche-fue-de-246-litro\/#primaryimage"},"thumbnailUrl":"https:\/\/proagrolab.com.ar\/wp-content\/uploads\/2015\/01\/g_j0nbeesp7__Lecheras-15.jpg","datePublished":"2014-02-21T00:00:01+00:00","breadcrumb":{"@id":"https:\/\/proagrolab.com.ar\/santa-fe-el-precio-de-referencia-de-la-leche-fue-de-246-litro\/#breadcrumb"},"inLanguage":"en-US","potentialAction":[{"@type":"ReadAction","target":["https:\/\/proagrolab.com.ar\/santa-fe-el-precio-de-referencia-de-la-leche-fue-de-246-litro\/"]}]},{"@type":"ImageObject","inLanguage":"en-US","@id":"https:\/\/proagrolab.com.ar\/santa-fe-el-precio-de-referencia-de-la-leche-fue-de-246-litro\/#primaryimage","url":"https:\/\/proagrolab.com.ar\/wp-content\/uploads\/2015\/01\/g_j0nbeesp7__Lecheras-15.jpg","contentUrl":"https:\/\/proagrolab.com.ar\/wp-content\/uploads\/2015\/01\/g_j0nbeesp7__Lecheras-15.jpg","width":450,"height":208},{"@type":"BreadcrumbList","@id":"https:\/\/proagrolab.com.ar\/santa-fe-el-precio-de-referencia-de-la-leche-fue-de-246-litro\/#breadcrumb","itemListElement":[{"@type":"ListItem","position":1,"name":"Portada","item":"https:\/\/proagrolab.com.ar\/"},{"@type":"ListItem","position":2,"name":"Santa Fe: el precio de referencia de la leche fue de 2,46 $\/litro."}]},{"@type":"WebSite","@id":"https:\/\/proagrolab.com.ar\/#website","url":"https:\/\/proagrolab.com.ar\/","name":"Proagro Laboratorio Veterinario","description":"Veterinary laboratory","publisher":{"@id":"https:\/\/proagrolab.com.ar\/#organization"},"potentialAction":[{"@type":"SearchAction","target":{"@type":"EntryPoint","urlTemplate":"https:\/\/proagrolab.com.ar\/?s={search_term_string}"},"query-input":{"@type":"PropertyValueSpecification","valueRequired":true,"valueName":"search_term_string"}}],"inLanguage":"en-US"},{"@type":"Organization","@id":"https:\/\/proagrolab.com.ar\/#organization","name":"Proagro","url":"https:\/\/proagrolab.com.ar\/","logo":{"@type":"ImageObject","inLanguage":"en-US","@id":"https:\/\/proagrolab.com.ar\/#\/schema\/logo\/image\/","url":"https:\/\/proagrolab.com.ar\/wp-content\/uploads\/2020\/04\/logo-retina.png","contentUrl":"https:\/\/proagrolab.com.ar\/wp-content\/uploads\/2020\/04\/logo-retina.png","width":478,"height":120,"caption":"Proagro"},"image":{"@id":"https:\/\/proagrolab.com.ar\/#\/schema\/logo\/image\/"},"sameAs":["http:\/\/www.facebook.com\/proagrolab","https:\/\/www.instagram.com\/proagrolab\/","https:\/\/www.linkedin.com\/company\/laboratorio-proagro-s-a\/"]},{"@type":"Person","@id":"https:\/\/proagrolab.com.ar\/#\/schema\/person\/38003ff90bf80381f71c7d922d207444","name":"proagrolab"}]}},"_links":{"self":[{"href":"https:\/\/proagrolab.com.ar\/en\/wp-json\/wp\/v2\/posts\/5961","targetHints":{"allow":["GET"]}}],"collection":[{"href":"https:\/\/proagrolab.com.ar\/en\/wp-json\/wp\/v2\/posts"}],"about":[{"href":"https:\/\/proagrolab.com.ar\/en\/wp-json\/wp\/v2\/types\/post"}],"author":[{"embeddable":true,"href":"https:\/\/proagrolab.com.ar\/en\/wp-json\/wp\/v2\/users\/2"}],"replies":[{"embeddable":true,"href":"https:\/\/proagrolab.com.ar\/en\/wp-json\/wp\/v2\/comments?post=5961"}],"version-history":[{"count":0,"href":"https:\/\/proagrolab.com.ar\/en\/wp-json\/wp\/v2\/posts\/5961\/revisions"}],"wp:featuredmedia":[{"embeddable":true,"href":"https:\/\/proagrolab.com.ar\/en\/wp-json\/wp\/v2\/media\/2447"}],"wp:attachment":[{"href":"https:\/\/proagrolab.com.ar\/en\/wp-json\/wp\/v2\/media?parent=5961"}],"wp:term":[{"taxonomy":"category","embeddable":true,"href":"https:\/\/proagrolab.com.ar\/en\/wp-json\/wp\/v2\/categories?post=5961"},{"taxonomy":"post_tag","embeddable":true,"href":"https:\/\/proagrolab.com.ar\/en\/wp-json\/wp\/v2\/tags?post=5961"}],"curies":[{"name":"wp","href":"https:\/\/api.w.org\/{rel}","templated":true}]}}