{"id":5954,"date":"2014-02-19T00:00:01","date_gmt":"2014-02-19T00:00:01","guid":{"rendered":"https:\/\/proagrolab.com.ar\/amplian-cepo-a-la-exportacion-de-carne-para-que-baje-el-precio\/"},"modified":"2014-02-19T00:00:01","modified_gmt":"2014-02-19T00:00:01","slug":"amplian-cepo-a-la-exportacion-de-carne-para-que-baje-el-precio","status":"publish","type":"post","link":"https:\/\/proagrolab.com.ar\/en\/amplian-cepo-a-la-exportacion-de-carne-para-que-baje-el-precio\/","title":{"rendered":"Ampl\u00edan cepo a la exportaci\u00f3n de carne para que baje el precio."},"content":{"rendered":"<p class=\"qtranxs-available-languages-message qtranxs-available-languages-message-en\"> <\/p><p>El Gobierno acord\u00f3 con frigor\u00edficos un nuevo plan de entregas al mercado interno y controlar exportaciones.<\/p>\n<p>on gran disgusto tomamos nota de que el gobierno argentino otra vez est\u00e1 entrando como tercera parte en el negocio entre empresas internacionales en la forma de rechazar o denegar las licencias de exportaci\u00f3n (ROEs), indica el primer p\u00e1rrafo de una carta fechada el lunes, que tiene como destinatario al secretario de Comercio Interior, Augusto Costa. El remitente es Karl Georg Imke, representante de la compa\u00f1\u00eda importadora de carne alemana Hanseatische Fleisch-Handelsgesellschaft, que lleva m\u00e1s de 30 a\u00f1os comprando carne al pa\u00eds.<\/p>\n<p>Desde que comenzaron a subir los precios en el Mercado de Liniers los permisos de exportaci\u00f3n de carne se entregaron a cuentagotas, y en los \u00faltimos siete d\u00edas, la sequ\u00eda de ROEs para que los frigor\u00edficos embarquen cortes de alta calidad fue a\u00fan m\u00e1s notoria.<\/p>\n<p>Ustedes est\u00e1n quebrando y violando convenciones y arreglos internacionales del WTO (Organizaci\u00f3n Mundial de Comercio, por sus siglas en ingl\u00e9s), escribi\u00f3 el empresario.<\/p>\n<p>La Argentina comenz\u00f3 a controlar las exportaciones de carne en 2006, y los acuerdos de precios que se sucedieron desde 2007 hasta hoy mantuvieron la pol\u00edtica de recortar las ventas externas para incrementar la oferta local, salvo por un &#145;veranito&#145; que vivi\u00f3 el sector en 2009. As\u00ed, la Argentina pas\u00f3 de enviar al exterior casi 500.000 toneladas (peso producto) a las poco m\u00e1s de132.000 toneladas del a\u00f1o pasado. En el per\u00edodo, pas\u00f3 de ser el tercer exportador mundial de carne vacuna a apenas ara\u00f1ar su permanencia en el d\u00e9cimo puesto.<\/p>\n<p>El plan de carne barata para el mercado local tampoco contempl\u00f3 el desincentivo a la producci\u00f3n, hecho que, sumado a una de las peores sequ\u00edas de la historia del pa\u00eds, dej\u00f3 un saldo cercano a las 50 millones de cabezas de ganado en 2013, contra las 59,7 cabezas del rodeo argentino contabilizadas en la primera vacunaci\u00f3n antiaftosa del a\u00f1o 2006.<\/p>\n<p>En declaraciones El Cronista, Imke agreg\u00f3 que es la segunda vez que el Gobierno est\u00e1 meti\u00e9ndose en contratos pendientes de carne enfriada entre compa\u00f1\u00edas privadas. Unos dos a\u00f1os atr\u00e1s, bajo el se\u00f1or (Guillermo) Moreno fue la primera vez que contenedores con carne enfriada fueron bloqueados en el puerto de Buenos Aires por no tener ROEs. Algunas de estos contenedores con carne enfriada fueron embarcados con una demora de m\u00e1s de cuatro semanas, con poca fecha de vencimiento y por esto debieron ser vendidos a precios muy reducidos, indic\u00f3.<\/p>\n<p>Los permisos de exportaci\u00f3n, primero otorgados por la Oncca y, tras su disoluci\u00f3n, por la Unidad de Coordinaci\u00f3n y Evaluaci\u00f3n de Subsidios al Consumo Interno (Ucesci), funcionan como la herramienta de control y presi\u00f3n sobre el sector de la carne.<\/p>\n<p>Hace poco menos de un mes, tras la devaluaci\u00f3n, la hacienda subi\u00f3 no solamente por la referencia del valor internacional, sino tambi\u00e9n porque los animales se engordan, cada vez m\u00e1s, con granos que se referencian en d\u00f3lares. Para paliar la suba, el equipo econ\u00f3mico acord\u00f3 con los frigor\u00edficos un nuevo esquema de transferencia de cortes m\u00e1s baratos al mercado interno que, prometen, entrar\u00e1 en vigencia esta misma semana. Pero en el medio, por la restricci\u00f3n de los permisos, quedan contratos sin cumplir con los compradores internacionales por la venta de cortes que incluye la Cuota Hilton, los de mayor calidad, que se env\u00edan envasados al vac\u00edo a importadores que pagan cerca de u$s 14.500 por tonelada.<\/p>\n<p>Antes de que subieran los precios, los exportadores deb\u00edan dejar 3,5 kilos de cortes de baja calidad, como brazuelo, cogote, falda, tortuguita y osobuco, por cada kilo de carne de exportaci\u00f3n. Ahora, el nuevo acuerdo impone dejar asado, vac\u00edo, matambre y entra\u00f1a de todos los animales faenados para exportaci\u00f3n, para liberar el resto. Esos cortes deber\u00edan llegar al p\u00fablico de carnicer\u00edas, supermercados y distribuidores seleccionados a no m\u00e1s de $ 38 por kilo de asado, $ 45 el kilo de vac\u00edo y $ 50 el kilo de matambre o entra\u00f1a.<\/p>\n<p>Si bien desde un sector de los exportadores aseguraron que el cuerdo les sirve, porque sacrifican parte de la ganancia en cortes que no exportan para ganarse el permiso, otros se mostraron dudosos. Por la sensibilidad del tema, todos los consultados pidieron mantener un estricto off the record.<\/p>\n<p>Seg\u00fan explic\u00f3 Imke a este diario, la compa\u00f1\u00eda cuenta con otros proveedores, como Estados Unidos, Brasil e Irlanda, pero nosotros siempre hemos tratado de halar la bandera argentina por arriba, pero tenemos la impresi\u00f3n de que el Gobierno quiere matar a nuestros proveedores frigor\u00edficos de exportaci\u00f3n, con toda su consecuencia de desempleo, dijo.<\/p>\n<p>En la carta a Costa, el empresario indic\u00f3: entendemos que pueden ustedes decidir prohibir las exportaciones pero s\u00f3lo para nuevos contratos, y ya todo el mercado sabiendo esto, nadie m\u00e1s negociar\u00e1 nuevos compromisos con exportadores de Argentina.<\/p>\n<p>Fuente: Edici\u00f3n rural, 19 de febrero.<br \/><\/p>","protected":false},"excerpt":{"rendered":"<p>El Gobierno acord\u00f3 con frigor\u00edficos un nuevo plan de entregas al mercado interno y controlar exportaciones. on gran disgusto tomamos nota de que el gobierno argentino otra vez est\u00e1 entrando como tercera parte en el negocio entre empresas internacionales en la forma de rechazar o denegar las licencias de exportaci\u00f3n (ROEs), indica el primer p\u00e1rrafo de una carta fechada el lunes, que tiene como destinatario al secretario de Comercio Interior, Augusto Costa. El remitente es Karl Georg Imke, representante de la compa\u00f1\u00eda importadora de carne alemana Hanseatische Fleisch-Handelsgesellschaft, que lleva m\u00e1s de 30 a\u00f1os comprando carne al pa\u00eds. Desde que comenzaron a subir los precios en el Mercado de Liniers los permisos de exportaci\u00f3n de carne se entregaron a cuentagotas, y en los \u00faltimos siete d\u00edas, la sequ\u00eda de ROEs para que los frigor\u00edficos embarquen cortes de alta calidad fue a\u00fan m\u00e1s notoria. Ustedes est\u00e1n quebrando y violando convenciones y arreglos internacionales del WTO (Organizaci\u00f3n Mundial de Comercio, por sus siglas en ingl\u00e9s), escribi\u00f3 el empresario. La Argentina comenz\u00f3 a controlar las exportaciones de carne en 2006, y los acuerdos de precios que se sucedieron desde 2007 hasta hoy mantuvieron la pol\u00edtica de recortar las ventas externas para incrementar la [&hellip;]<\/p>\n","protected":false},"author":2,"featured_media":2440,"comment_status":"closed","ping_status":"open","sticky":false,"template":"","format":"standard","meta":{"_acf_changed":false,"footnotes":""},"categories":[56],"tags":[],"class_list":["post-5954","post","type-post","status-publish","format-standard","has-post-thumbnail","hentry","category-infoganadero"],"acf":[],"yoast_head":"<!-- This site is optimized with the Yoast SEO plugin v27.4 - https:\/\/yoast.com\/product\/yoast-seo-wordpress\/ -->\n<title>Ampl\u00edan cepo a la exportaci\u00f3n de carne para que baje el precio. | Proagro<\/title>\n<meta name=\"robots\" content=\"index, follow, max-snippet:-1, max-image-preview:large, max-video-preview:-1\" \/>\n<link rel=\"canonical\" href=\"https:\/\/proagrolab.com.ar\/en\/amplian-cepo-a-la-exportacion-de-carne-para-que-baje-el-precio\/\" \/>\n<meta property=\"og:locale\" content=\"en_US\" \/>\n<meta property=\"og:type\" content=\"article\" \/>\n<meta property=\"og:title\" content=\"Ampl\u00edan cepo a la exportaci\u00f3n de carne para que baje el precio. | Proagro\" \/>\n<meta property=\"og:description\" content=\"El Gobierno acord\u00f3 con frigor\u00edficos un nuevo plan de entregas al mercado interno y controlar exportaciones. on gran disgusto tomamos nota de que el gobierno argentino otra vez est\u00e1 entrando como tercera parte en el negocio entre empresas internacionales en la forma de rechazar o denegar las licencias de exportaci\u00f3n (ROEs), indica el primer p\u00e1rrafo de una carta fechada el lunes, que tiene como destinatario al secretario de Comercio Interior, Augusto Costa. El remitente es Karl Georg Imke, representante de la compa\u00f1\u00eda importadora de carne alemana Hanseatische Fleisch-Handelsgesellschaft, que lleva m\u00e1s de 30 a\u00f1os comprando carne al pa\u00eds. Desde que comenzaron a subir los precios en el Mercado de Liniers los permisos de exportaci\u00f3n de carne se entregaron a cuentagotas, y en los \u00faltimos siete d\u00edas, la sequ\u00eda de ROEs para que los frigor\u00edficos embarquen cortes de alta calidad fue a\u00fan m\u00e1s notoria. Ustedes est\u00e1n quebrando y violando convenciones y arreglos internacionales del WTO (Organizaci\u00f3n Mundial de Comercio, por sus siglas en ingl\u00e9s), escribi\u00f3 el empresario. La Argentina comenz\u00f3 a controlar las exportaciones de carne en 2006, y los acuerdos de precios que se sucedieron desde 2007 hasta hoy mantuvieron la pol\u00edtica de recortar las ventas externas para incrementar la [&hellip;]\" \/>\n<meta property=\"og:url\" content=\"https:\/\/proagrolab.com.ar\/amplian-cepo-a-la-exportacion-de-carne-para-que-baje-el-precio\/\" \/>\n<meta property=\"og:site_name\" content=\"Proagro\" \/>\n<meta property=\"article:publisher\" content=\"http:\/\/www.facebook.com\/proagrolab\" \/>\n<meta property=\"article:published_time\" content=\"2014-02-19T00:00:01+00:00\" \/>\n<meta property=\"og:image\" content=\"https:\/\/proagrolab.com.ar\/wp-content\/uploads\/2015\/01\/g_cv6s3z1qv__Frigor\u00edfico-3.jpg\" \/>\n\t<meta property=\"og:image:width\" content=\"1\" \/>\n\t<meta property=\"og:image:height\" content=\"1\" \/>\n\t<meta property=\"og:image:type\" content=\"image\/jpeg\" \/>\n<meta name=\"author\" content=\"proagrolab\" \/>\n<meta name=\"twitter:card\" content=\"summary_large_image\" \/>\n<meta name=\"twitter:label1\" content=\"Written by\" \/>\n\t<meta name=\"twitter:data1\" content=\"proagrolab\" \/>\n\t<meta name=\"twitter:label2\" content=\"Est. reading time\" \/>\n\t<meta name=\"twitter:data2\" content=\"4 minutes\" \/>\n<script type=\"application\/ld+json\" class=\"yoast-schema-graph\">{\"@context\":\"https:\\\/\\\/schema.org\",\"@graph\":[{\"@type\":\"Article\",\"@id\":\"https:\\\/\\\/proagrolab.com.ar\\\/amplian-cepo-a-la-exportacion-de-carne-para-que-baje-el-precio\\\/#article\",\"isPartOf\":{\"@id\":\"https:\\\/\\\/proagrolab.com.ar\\\/amplian-cepo-a-la-exportacion-de-carne-para-que-baje-el-precio\\\/\"},\"author\":{\"name\":\"proagrolab\",\"@id\":\"https:\\\/\\\/proagrolab.com.ar\\\/#\\\/schema\\\/person\\\/38003ff90bf80381f71c7d922d207444\"},\"headline\":\"Ampl\u00edan cepo a la exportaci\u00f3n de carne para que baje el precio.\",\"datePublished\":\"2014-02-19T00:00:01+00:00\",\"mainEntityOfPage\":{\"@id\":\"https:\\\/\\\/proagrolab.com.ar\\\/amplian-cepo-a-la-exportacion-de-carne-para-que-baje-el-precio\\\/\"},\"wordCount\":858,\"publisher\":{\"@id\":\"https:\\\/\\\/proagrolab.com.ar\\\/#organization\"},\"image\":{\"@id\":\"https:\\\/\\\/proagrolab.com.ar\\\/amplian-cepo-a-la-exportacion-de-carne-para-que-baje-el-precio\\\/#primaryimage\"},\"thumbnailUrl\":\"https:\\\/\\\/proagrolab.com.ar\\\/wp-content\\\/uploads\\\/2015\\\/01\\\/g_cv6s3z1qv__Frigor\u00edfico-3.jpg\",\"articleSection\":[\"News\"],\"inLanguage\":\"en-US\"},{\"@type\":\"WebPage\",\"@id\":\"https:\\\/\\\/proagrolab.com.ar\\\/amplian-cepo-a-la-exportacion-de-carne-para-que-baje-el-precio\\\/\",\"url\":\"https:\\\/\\\/proagrolab.com.ar\\\/amplian-cepo-a-la-exportacion-de-carne-para-que-baje-el-precio\\\/\",\"name\":\"Ampl\u00edan cepo a la exportaci\u00f3n de carne para que baje el precio. | Proagro\",\"isPartOf\":{\"@id\":\"https:\\\/\\\/proagrolab.com.ar\\\/#website\"},\"primaryImageOfPage\":{\"@id\":\"https:\\\/\\\/proagrolab.com.ar\\\/amplian-cepo-a-la-exportacion-de-carne-para-que-baje-el-precio\\\/#primaryimage\"},\"image\":{\"@id\":\"https:\\\/\\\/proagrolab.com.ar\\\/amplian-cepo-a-la-exportacion-de-carne-para-que-baje-el-precio\\\/#primaryimage\"},\"thumbnailUrl\":\"https:\\\/\\\/proagrolab.com.ar\\\/wp-content\\\/uploads\\\/2015\\\/01\\\/g_cv6s3z1qv__Frigor\u00edfico-3.jpg\",\"datePublished\":\"2014-02-19T00:00:01+00:00\",\"breadcrumb\":{\"@id\":\"https:\\\/\\\/proagrolab.com.ar\\\/amplian-cepo-a-la-exportacion-de-carne-para-que-baje-el-precio\\\/#breadcrumb\"},\"inLanguage\":\"en-US\",\"potentialAction\":[{\"@type\":\"ReadAction\",\"target\":[\"https:\\\/\\\/proagrolab.com.ar\\\/amplian-cepo-a-la-exportacion-de-carne-para-que-baje-el-precio\\\/\"]}]},{\"@type\":\"ImageObject\",\"inLanguage\":\"en-US\",\"@id\":\"https:\\\/\\\/proagrolab.com.ar\\\/amplian-cepo-a-la-exportacion-de-carne-para-que-baje-el-precio\\\/#primaryimage\",\"url\":\"https:\\\/\\\/proagrolab.com.ar\\\/wp-content\\\/uploads\\\/2015\\\/01\\\/g_cv6s3z1qv__Frigor\u00edfico-3.jpg\",\"contentUrl\":\"https:\\\/\\\/proagrolab.com.ar\\\/wp-content\\\/uploads\\\/2015\\\/01\\\/g_cv6s3z1qv__Frigor\u00edfico-3.jpg\"},{\"@type\":\"BreadcrumbList\",\"@id\":\"https:\\\/\\\/proagrolab.com.ar\\\/amplian-cepo-a-la-exportacion-de-carne-para-que-baje-el-precio\\\/#breadcrumb\",\"itemListElement\":[{\"@type\":\"ListItem\",\"position\":1,\"name\":\"Portada\",\"item\":\"https:\\\/\\\/proagrolab.com.ar\\\/\"},{\"@type\":\"ListItem\",\"position\":2,\"name\":\"Ampl\u00edan cepo a la exportaci\u00f3n de carne para que baje el precio.\"}]},{\"@type\":\"WebSite\",\"@id\":\"https:\\\/\\\/proagrolab.com.ar\\\/#website\",\"url\":\"https:\\\/\\\/proagrolab.com.ar\\\/\",\"name\":\"Proagro Laboratorio Veterinario\",\"description\":\"Veterinary laboratory\",\"publisher\":{\"@id\":\"https:\\\/\\\/proagrolab.com.ar\\\/#organization\"},\"potentialAction\":[{\"@type\":\"SearchAction\",\"target\":{\"@type\":\"EntryPoint\",\"urlTemplate\":\"https:\\\/\\\/proagrolab.com.ar\\\/?s={search_term_string}\"},\"query-input\":{\"@type\":\"PropertyValueSpecification\",\"valueRequired\":true,\"valueName\":\"search_term_string\"}}],\"inLanguage\":\"en-US\"},{\"@type\":\"Organization\",\"@id\":\"https:\\\/\\\/proagrolab.com.ar\\\/#organization\",\"name\":\"Proagro\",\"url\":\"https:\\\/\\\/proagrolab.com.ar\\\/\",\"logo\":{\"@type\":\"ImageObject\",\"inLanguage\":\"en-US\",\"@id\":\"https:\\\/\\\/proagrolab.com.ar\\\/#\\\/schema\\\/logo\\\/image\\\/\",\"url\":\"https:\\\/\\\/proagrolab.com.ar\\\/wp-content\\\/uploads\\\/2020\\\/04\\\/logo-retina.png\",\"contentUrl\":\"https:\\\/\\\/proagrolab.com.ar\\\/wp-content\\\/uploads\\\/2020\\\/04\\\/logo-retina.png\",\"width\":478,\"height\":120,\"caption\":\"Proagro\"},\"image\":{\"@id\":\"https:\\\/\\\/proagrolab.com.ar\\\/#\\\/schema\\\/logo\\\/image\\\/\"},\"sameAs\":[\"http:\\\/\\\/www.facebook.com\\\/proagrolab\",\"https:\\\/\\\/www.instagram.com\\\/proagrolab\\\/\",\"https:\\\/\\\/www.linkedin.com\\\/company\\\/laboratorio-proagro-s-a\\\/\"]},{\"@type\":\"Person\",\"@id\":\"https:\\\/\\\/proagrolab.com.ar\\\/#\\\/schema\\\/person\\\/38003ff90bf80381f71c7d922d207444\",\"name\":\"proagrolab\"}]}<\/script>\n<!-- \/ Yoast SEO plugin. -->","yoast_head_json":{"title":"Ampl\u00edan cepo a la exportaci\u00f3n de carne para que baje el precio. | Proagro","robots":{"index":"index","follow":"follow","max-snippet":"max-snippet:-1","max-image-preview":"max-image-preview:large","max-video-preview":"max-video-preview:-1"},"canonical":"https:\/\/proagrolab.com.ar\/en\/amplian-cepo-a-la-exportacion-de-carne-para-que-baje-el-precio\/","og_locale":"en_US","og_type":"article","og_title":"Ampl\u00edan cepo a la exportaci\u00f3n de carne para que baje el precio. | Proagro","og_description":"El Gobierno acord\u00f3 con frigor\u00edficos un nuevo plan de entregas al mercado interno y controlar exportaciones. on gran disgusto tomamos nota de que el gobierno argentino otra vez est\u00e1 entrando como tercera parte en el negocio entre empresas internacionales en la forma de rechazar o denegar las licencias de exportaci\u00f3n (ROEs), indica el primer p\u00e1rrafo de una carta fechada el lunes, que tiene como destinatario al secretario de Comercio Interior, Augusto Costa. El remitente es Karl Georg Imke, representante de la compa\u00f1\u00eda importadora de carne alemana Hanseatische Fleisch-Handelsgesellschaft, que lleva m\u00e1s de 30 a\u00f1os comprando carne al pa\u00eds. Desde que comenzaron a subir los precios en el Mercado de Liniers los permisos de exportaci\u00f3n de carne se entregaron a cuentagotas, y en los \u00faltimos siete d\u00edas, la sequ\u00eda de ROEs para que los frigor\u00edficos embarquen cortes de alta calidad fue a\u00fan m\u00e1s notoria. Ustedes est\u00e1n quebrando y violando convenciones y arreglos internacionales del WTO (Organizaci\u00f3n Mundial de Comercio, por sus siglas en ingl\u00e9s), escribi\u00f3 el empresario. La Argentina comenz\u00f3 a controlar las exportaciones de carne en 2006, y los acuerdos de precios que se sucedieron desde 2007 hasta hoy mantuvieron la pol\u00edtica de recortar las ventas externas para incrementar la [&hellip;]","og_url":"https:\/\/proagrolab.com.ar\/amplian-cepo-a-la-exportacion-de-carne-para-que-baje-el-precio\/","og_site_name":"Proagro","article_publisher":"http:\/\/www.facebook.com\/proagrolab","article_published_time":"2014-02-19T00:00:01+00:00","og_image":[{"url":"https:\/\/proagrolab.com.ar\/wp-content\/uploads\/2015\/01\/g_cv6s3z1qv__Frigor\u00edfico-3.jpg","width":1,"height":1,"type":"image\/jpeg"}],"author":"proagrolab","twitter_card":"summary_large_image","twitter_misc":{"Written by":"proagrolab","Est. reading time":"4 minutes"},"schema":{"@context":"https:\/\/schema.org","@graph":[{"@type":"Article","@id":"https:\/\/proagrolab.com.ar\/amplian-cepo-a-la-exportacion-de-carne-para-que-baje-el-precio\/#article","isPartOf":{"@id":"https:\/\/proagrolab.com.ar\/amplian-cepo-a-la-exportacion-de-carne-para-que-baje-el-precio\/"},"author":{"name":"proagrolab","@id":"https:\/\/proagrolab.com.ar\/#\/schema\/person\/38003ff90bf80381f71c7d922d207444"},"headline":"Ampl\u00edan cepo a la exportaci\u00f3n de carne para que baje el precio.","datePublished":"2014-02-19T00:00:01+00:00","mainEntityOfPage":{"@id":"https:\/\/proagrolab.com.ar\/amplian-cepo-a-la-exportacion-de-carne-para-que-baje-el-precio\/"},"wordCount":858,"publisher":{"@id":"https:\/\/proagrolab.com.ar\/#organization"},"image":{"@id":"https:\/\/proagrolab.com.ar\/amplian-cepo-a-la-exportacion-de-carne-para-que-baje-el-precio\/#primaryimage"},"thumbnailUrl":"https:\/\/proagrolab.com.ar\/wp-content\/uploads\/2015\/01\/g_cv6s3z1qv__Frigor\u00edfico-3.jpg","articleSection":["News"],"inLanguage":"en-US"},{"@type":"WebPage","@id":"https:\/\/proagrolab.com.ar\/amplian-cepo-a-la-exportacion-de-carne-para-que-baje-el-precio\/","url":"https:\/\/proagrolab.com.ar\/amplian-cepo-a-la-exportacion-de-carne-para-que-baje-el-precio\/","name":"Ampl\u00edan cepo a la exportaci\u00f3n de carne para que baje el precio. | Proagro","isPartOf":{"@id":"https:\/\/proagrolab.com.ar\/#website"},"primaryImageOfPage":{"@id":"https:\/\/proagrolab.com.ar\/amplian-cepo-a-la-exportacion-de-carne-para-que-baje-el-precio\/#primaryimage"},"image":{"@id":"https:\/\/proagrolab.com.ar\/amplian-cepo-a-la-exportacion-de-carne-para-que-baje-el-precio\/#primaryimage"},"thumbnailUrl":"https:\/\/proagrolab.com.ar\/wp-content\/uploads\/2015\/01\/g_cv6s3z1qv__Frigor\u00edfico-3.jpg","datePublished":"2014-02-19T00:00:01+00:00","breadcrumb":{"@id":"https:\/\/proagrolab.com.ar\/amplian-cepo-a-la-exportacion-de-carne-para-que-baje-el-precio\/#breadcrumb"},"inLanguage":"en-US","potentialAction":[{"@type":"ReadAction","target":["https:\/\/proagrolab.com.ar\/amplian-cepo-a-la-exportacion-de-carne-para-que-baje-el-precio\/"]}]},{"@type":"ImageObject","inLanguage":"en-US","@id":"https:\/\/proagrolab.com.ar\/amplian-cepo-a-la-exportacion-de-carne-para-que-baje-el-precio\/#primaryimage","url":"https:\/\/proagrolab.com.ar\/wp-content\/uploads\/2015\/01\/g_cv6s3z1qv__Frigor\u00edfico-3.jpg","contentUrl":"https:\/\/proagrolab.com.ar\/wp-content\/uploads\/2015\/01\/g_cv6s3z1qv__Frigor\u00edfico-3.jpg"},{"@type":"BreadcrumbList","@id":"https:\/\/proagrolab.com.ar\/amplian-cepo-a-la-exportacion-de-carne-para-que-baje-el-precio\/#breadcrumb","itemListElement":[{"@type":"ListItem","position":1,"name":"Portada","item":"https:\/\/proagrolab.com.ar\/"},{"@type":"ListItem","position":2,"name":"Ampl\u00edan cepo a la exportaci\u00f3n de carne para que baje el precio."}]},{"@type":"WebSite","@id":"https:\/\/proagrolab.com.ar\/#website","url":"https:\/\/proagrolab.com.ar\/","name":"Proagro Laboratorio Veterinario","description":"Veterinary laboratory","publisher":{"@id":"https:\/\/proagrolab.com.ar\/#organization"},"potentialAction":[{"@type":"SearchAction","target":{"@type":"EntryPoint","urlTemplate":"https:\/\/proagrolab.com.ar\/?s={search_term_string}"},"query-input":{"@type":"PropertyValueSpecification","valueRequired":true,"valueName":"search_term_string"}}],"inLanguage":"en-US"},{"@type":"Organization","@id":"https:\/\/proagrolab.com.ar\/#organization","name":"Proagro","url":"https:\/\/proagrolab.com.ar\/","logo":{"@type":"ImageObject","inLanguage":"en-US","@id":"https:\/\/proagrolab.com.ar\/#\/schema\/logo\/image\/","url":"https:\/\/proagrolab.com.ar\/wp-content\/uploads\/2020\/04\/logo-retina.png","contentUrl":"https:\/\/proagrolab.com.ar\/wp-content\/uploads\/2020\/04\/logo-retina.png","width":478,"height":120,"caption":"Proagro"},"image":{"@id":"https:\/\/proagrolab.com.ar\/#\/schema\/logo\/image\/"},"sameAs":["http:\/\/www.facebook.com\/proagrolab","https:\/\/www.instagram.com\/proagrolab\/","https:\/\/www.linkedin.com\/company\/laboratorio-proagro-s-a\/"]},{"@type":"Person","@id":"https:\/\/proagrolab.com.ar\/#\/schema\/person\/38003ff90bf80381f71c7d922d207444","name":"proagrolab"}]}},"_links":{"self":[{"href":"https:\/\/proagrolab.com.ar\/en\/wp-json\/wp\/v2\/posts\/5954","targetHints":{"allow":["GET"]}}],"collection":[{"href":"https:\/\/proagrolab.com.ar\/en\/wp-json\/wp\/v2\/posts"}],"about":[{"href":"https:\/\/proagrolab.com.ar\/en\/wp-json\/wp\/v2\/types\/post"}],"author":[{"embeddable":true,"href":"https:\/\/proagrolab.com.ar\/en\/wp-json\/wp\/v2\/users\/2"}],"replies":[{"embeddable":true,"href":"https:\/\/proagrolab.com.ar\/en\/wp-json\/wp\/v2\/comments?post=5954"}],"version-history":[{"count":0,"href":"https:\/\/proagrolab.com.ar\/en\/wp-json\/wp\/v2\/posts\/5954\/revisions"}],"wp:featuredmedia":[{"embeddable":true,"href":"https:\/\/proagrolab.com.ar\/en\/wp-json\/wp\/v2\/media\/2440"}],"wp:attachment":[{"href":"https:\/\/proagrolab.com.ar\/en\/wp-json\/wp\/v2\/media?parent=5954"}],"wp:term":[{"taxonomy":"category","embeddable":true,"href":"https:\/\/proagrolab.com.ar\/en\/wp-json\/wp\/v2\/categories?post=5954"},{"taxonomy":"post_tag","embeddable":true,"href":"https:\/\/proagrolab.com.ar\/en\/wp-json\/wp\/v2\/tags?post=5954"}],"curies":[{"name":"wp","href":"https:\/\/api.w.org\/{rel}","templated":true}]}}