{"id":5950,"date":"2014-02-17T00:00:01","date_gmt":"2014-02-17T00:00:01","guid":{"rendered":"https:\/\/proagrolab.com.ar\/una-dosis-de-optimismo-que-choca-con-la-realidad\/"},"modified":"2014-02-17T00:00:01","modified_gmt":"2014-02-17T00:00:01","slug":"una-dosis-de-optimismo-que-choca-con-la-realidad","status":"publish","type":"post","link":"https:\/\/proagrolab.com.ar\/en\/una-dosis-de-optimismo-que-choca-con-la-realidad\/","title":{"rendered":"Una dosis de optimismo que choca con la realidad."},"content":{"rendered":"<p class=\"qtranxs-available-languages-message qtranxs-available-languages-message-en\"> <\/p><p>Por Cristian Mira.<\/p>\n<p>Pol\u00edticos y economistas que pretenden inyectar una dosis de optimismo se alegran porque la cosecha de granos alcanzar\u00e1 este a\u00f1o un r\u00e9cord, siempre y cuando, claro est\u00e1, que las lluvias no sigan complicando la campa\u00f1a agr\u00edcola. Se imaginan que a partir de marzo\/abril comenzar\u00e1n a brotar los d\u00f3lares del campo y se derramar\u00e1n sobre el resto de la econom\u00eda.<\/p>\n<p>Sin embargo, quienes conocen al detalle los n\u00fameros de la actividad agropecuaria afirman que en esta campa\u00f1a habr\u00e1 m\u00e1s riesgos que la anterior. &#8220;Hay varias certidumbres sobre lo que va a pasar: el trigo no se podr\u00e1 vender, la devaluaci\u00f3n no compensar\u00e1 el aumento de la inflaci\u00f3n, los precios de los insumos y los servicios ir\u00e1n subiendo y el desabastecimiento de repuestos para maquinaria y de insumos se mantendr\u00e1&#8221;, se\u00f1ala Ernesto Ambrosetti, economista de la Sociedad Rural Argentina (SRA).<\/p>\n<p>En 2014 la cautela en materia de gastos e inversiones ser\u00e1 igual o mayor que la del a\u00f1o pasado, seg\u00fan el economista.<\/p>\n<p>Hasta el momento, las se\u00f1ales que dio el Gobierno est\u00e1n lejos de promover certidumbre en el sentido inverso al apuntado por Ambrosetti. En octubre pasado la Presidenta dijo que no iba a devaluar y, desde entonces, el peso se depreci\u00f3 alrededor de un 30 por ciento. Tambi\u00e9n mantuvo el cepo exportador al trigo y todav\u00eda no precis\u00f3 el volumen autorizado para embarcar ma\u00edz.<\/p>\n<p>Peor todav\u00eda: el oficialismo volvi\u00f3 reflotar sobre la actividad las acusaciones de avaros o especuladores y hubo quienes, promovieron la recreaci\u00f3n de la Junta Nacional de Granos (JNG), un instrumento de la d\u00e9cada del 30 del siglo pasado, cuando predominaba el comercio entre estados y el proteccionismo econ\u00f3mico en el nivel mundial estaba en su m\u00e1ximo esplendor. El jefe de Gabinete, Jorge Capitanich, dijo esta semana que &#8220;por el momento&#8221; no hab\u00eda ning\u00fan proyecto oficial para estatizar el comercio de granos. Sin embargo, otros kirchneristas creen que hay que apelar a las recetas del pasado para intentar resolver problemas nuevos.<\/p>\n<p>En ese contexto de incertidumbre, la soja se convertir\u00e1 en la moneda m\u00e1s segura para defenderse de la devaluaci\u00f3n y de la inflaci\u00f3n, estima Ambrosetti. Otro componente que afectar\u00e1 la ecuaci\u00f3n de la campa\u00f1a ser\u00e1 el de los fletes, a\u00f1ade, que comenzar\u00e1n a negociarse antes de levantarse la cosecha. Los transportistas pujar\u00e1n para compensar el aumento del combustible y de sus insumos, como las cubiertas, advierte el economista de la SRA.<\/p>\n<p>El Gobierno viene desperdiciando las oportunidades que se le presentan para transformar al campo en un aliado.<\/p>\n<p>En otros lugares no muy distantes de la Argentina piensan de un modo diferente. La presidenta de Brasil, Dilma Rousseff, a quien no se la puede acusar de ser neoliberal, precisamente, esta semana se subi\u00f3 a una cosechadora en un campo de Mato Grosso para dar formalmente inaugurada la cosecha de granos 2013\/14 y trill\u00f3 soja junto con un productor. Orgullosa de la actividad agropecuaria, anunci\u00f3 que Brasil alcanzar\u00e1 una cosecha r\u00e9cord de granos de 193,6 millones de toneladas. Habl\u00f3 frente a productores agropecuarios, que la aplaudieron, y destac\u00f3 el aumento de la competitividad del &#8220;agronegocio brasile\u00f1o&#8221; en los \u00faltimos 20 a\u00f1os: triplic\u00f3 la producci\u00f3n con un crecimiento de 21% del \u00e1rea sembrada. Y no escondi\u00f3 los problemas: reconoci\u00f3 la burocracia que pervive en el estado brasile\u00f1o y anunci\u00f3 inversiones para enfrentar las trabas de la infraestructura, uno de los talones de Aquiles del gigante del Mercosur.<\/p>\n<p>La falta de visi\u00f3n de largo plazo del gobierno argentino se confirm\u00f3 en los \u00faltimos d\u00edas con el precio de la carne. Nuevamente se cerraron los ROE rojo para presionar a la industria frigor\u00edfica a un nuevo acuerdo de precios para cortes vacunos. Con apenas el 7% de la producci\u00f3n, la exportaci\u00f3n no es el vector que vehiculiza la suba de preciosa los consumidores. Por el contrario, podr\u00eda ser la soluci\u00f3n para mantener abastecido el mercado interno a valores razonables si se alentara un ciclo ganadero de expansi\u00f3n y no de compresi\u00f3n. Luego de lograr un acuerdo con los frigor\u00edficos para abastecer a los supermercados con cortes econ\u00f3micos, la Secretar\u00eda de Comercio volvi\u00f3 a autorizar los ROE rojo. Todav\u00eda se est\u00e1 lejos de recuperar el 20% para la exportaci\u00f3n tal como pretend\u00eda el Ministerio de Agricultura. El fantasma de Guillermo Moreno sigue vigente.<\/p>\n<p>Fuente: La Naci\u00f3n, suple campo, 15 de febrero.<br \/><\/p>","protected":false},"excerpt":{"rendered":"<p>Por Cristian Mira. Pol\u00edticos y economistas que pretenden inyectar una dosis de optimismo se alegran porque la cosecha de granos alcanzar\u00e1 este a\u00f1o un r\u00e9cord, siempre y cuando, claro est\u00e1, que las lluvias no sigan complicando la campa\u00f1a agr\u00edcola. Se imaginan que a partir de marzo\/abril comenzar\u00e1n a brotar los d\u00f3lares del campo y se derramar\u00e1n sobre el resto de la econom\u00eda. Sin embargo, quienes conocen al detalle los n\u00fameros de la actividad agropecuaria afirman que en esta campa\u00f1a habr\u00e1 m\u00e1s riesgos que la anterior. &#8220;Hay varias certidumbres sobre lo que va a pasar: el trigo no se podr\u00e1 vender, la devaluaci\u00f3n no compensar\u00e1 el aumento de la inflaci\u00f3n, los precios de los insumos y los servicios ir\u00e1n subiendo y el desabastecimiento de repuestos para maquinaria y de insumos se mantendr\u00e1&#8221;, se\u00f1ala Ernesto Ambrosetti, economista de la Sociedad Rural Argentina (SRA). En 2014 la cautela en materia de gastos e inversiones ser\u00e1 igual o mayor que la del a\u00f1o pasado, seg\u00fan el economista. Hasta el momento, las se\u00f1ales que dio el Gobierno est\u00e1n lejos de promover certidumbre en el sentido inverso al apuntado por Ambrosetti. En octubre pasado la Presidenta dijo que no iba a devaluar y, desde entonces, el [&hellip;]<\/p>\n","protected":false},"author":2,"featured_media":2436,"comment_status":"closed","ping_status":"open","sticky":false,"template":"","format":"standard","meta":{"_acf_changed":false,"footnotes":""},"categories":[56],"tags":[],"class_list":["post-5950","post","type-post","status-publish","format-standard","has-post-thumbnail","hentry","category-infoganadero"],"acf":[],"yoast_head":"<!-- This site is optimized with the Yoast SEO plugin v27.5 - https:\/\/yoast.com\/product\/yoast-seo-wordpress\/ -->\n<title>Una dosis de optimismo que choca con la realidad. | Proagro<\/title>\n<meta name=\"robots\" content=\"index, follow, max-snippet:-1, max-image-preview:large, max-video-preview:-1\" \/>\n<link rel=\"canonical\" href=\"https:\/\/proagrolab.com.ar\/en\/una-dosis-de-optimismo-que-choca-con-la-realidad\/\" \/>\n<meta property=\"og:locale\" content=\"en_US\" \/>\n<meta property=\"og:type\" content=\"article\" \/>\n<meta property=\"og:title\" content=\"Una dosis de optimismo que choca con la realidad. | Proagro\" \/>\n<meta property=\"og:description\" content=\"Por Cristian Mira. Pol\u00edticos y economistas que pretenden inyectar una dosis de optimismo se alegran porque la cosecha de granos alcanzar\u00e1 este a\u00f1o un r\u00e9cord, siempre y cuando, claro est\u00e1, que las lluvias no sigan complicando la campa\u00f1a agr\u00edcola. Se imaginan que a partir de marzo\/abril comenzar\u00e1n a brotar los d\u00f3lares del campo y se derramar\u00e1n sobre el resto de la econom\u00eda. Sin embargo, quienes conocen al detalle los n\u00fameros de la actividad agropecuaria afirman que en esta campa\u00f1a habr\u00e1 m\u00e1s riesgos que la anterior. &#8220;Hay varias certidumbres sobre lo que va a pasar: el trigo no se podr\u00e1 vender, la devaluaci\u00f3n no compensar\u00e1 el aumento de la inflaci\u00f3n, los precios de los insumos y los servicios ir\u00e1n subiendo y el desabastecimiento de repuestos para maquinaria y de insumos se mantendr\u00e1&#8221;, se\u00f1ala Ernesto Ambrosetti, economista de la Sociedad Rural Argentina (SRA). En 2014 la cautela en materia de gastos e inversiones ser\u00e1 igual o mayor que la del a\u00f1o pasado, seg\u00fan el economista. Hasta el momento, las se\u00f1ales que dio el Gobierno est\u00e1n lejos de promover certidumbre en el sentido inverso al apuntado por Ambrosetti. En octubre pasado la Presidenta dijo que no iba a devaluar y, desde entonces, el [&hellip;]\" \/>\n<meta property=\"og:url\" content=\"https:\/\/proagrolab.com.ar\/una-dosis-de-optimismo-que-choca-con-la-realidad\/\" \/>\n<meta property=\"og:site_name\" content=\"Proagro\" \/>\n<meta property=\"article:publisher\" content=\"http:\/\/www.facebook.com\/proagrolab\" \/>\n<meta property=\"article:published_time\" content=\"2014-02-17T00:00:01+00:00\" \/>\n<meta property=\"og:image\" content=\"https:\/\/proagrolab.com.ar\/wp-content\/uploads\/2015\/01\/g_odi1e0n2m__Vacas-3.jpg\" \/>\n\t<meta property=\"og:image:width\" content=\"450\" \/>\n\t<meta property=\"og:image:height\" content=\"208\" \/>\n\t<meta property=\"og:image:type\" content=\"image\/jpeg\" \/>\n<meta name=\"author\" content=\"proagrolab\" \/>\n<meta name=\"twitter:card\" content=\"summary_large_image\" \/>\n<meta name=\"twitter:label1\" content=\"Written by\" \/>\n\t<meta name=\"twitter:data1\" content=\"proagrolab\" \/>\n\t<meta name=\"twitter:label2\" content=\"Est. reading time\" \/>\n\t<meta name=\"twitter:data2\" content=\"4 minutes\" \/>\n<script type=\"application\/ld+json\" class=\"yoast-schema-graph\">{\"@context\":\"https:\\\/\\\/schema.org\",\"@graph\":[{\"@type\":\"Article\",\"@id\":\"https:\\\/\\\/proagrolab.com.ar\\\/una-dosis-de-optimismo-que-choca-con-la-realidad\\\/#article\",\"isPartOf\":{\"@id\":\"https:\\\/\\\/proagrolab.com.ar\\\/una-dosis-de-optimismo-que-choca-con-la-realidad\\\/\"},\"author\":{\"name\":\"proagrolab\",\"@id\":\"https:\\\/\\\/proagrolab.com.ar\\\/#\\\/schema\\\/person\\\/38003ff90bf80381f71c7d922d207444\"},\"headline\":\"Una dosis de optimismo que choca con la realidad.\",\"datePublished\":\"2014-02-17T00:00:01+00:00\",\"mainEntityOfPage\":{\"@id\":\"https:\\\/\\\/proagrolab.com.ar\\\/una-dosis-de-optimismo-que-choca-con-la-realidad\\\/\"},\"wordCount\":771,\"publisher\":{\"@id\":\"https:\\\/\\\/proagrolab.com.ar\\\/#organization\"},\"image\":{\"@id\":\"https:\\\/\\\/proagrolab.com.ar\\\/una-dosis-de-optimismo-que-choca-con-la-realidad\\\/#primaryimage\"},\"thumbnailUrl\":\"https:\\\/\\\/proagrolab.com.ar\\\/wp-content\\\/uploads\\\/2015\\\/01\\\/g_odi1e0n2m__Vacas-3.jpg\",\"articleSection\":[\"News\"],\"inLanguage\":\"en-US\"},{\"@type\":\"WebPage\",\"@id\":\"https:\\\/\\\/proagrolab.com.ar\\\/una-dosis-de-optimismo-que-choca-con-la-realidad\\\/\",\"url\":\"https:\\\/\\\/proagrolab.com.ar\\\/una-dosis-de-optimismo-que-choca-con-la-realidad\\\/\",\"name\":\"Una dosis de optimismo que choca con la realidad. | Proagro\",\"isPartOf\":{\"@id\":\"https:\\\/\\\/proagrolab.com.ar\\\/#website\"},\"primaryImageOfPage\":{\"@id\":\"https:\\\/\\\/proagrolab.com.ar\\\/una-dosis-de-optimismo-que-choca-con-la-realidad\\\/#primaryimage\"},\"image\":{\"@id\":\"https:\\\/\\\/proagrolab.com.ar\\\/una-dosis-de-optimismo-que-choca-con-la-realidad\\\/#primaryimage\"},\"thumbnailUrl\":\"https:\\\/\\\/proagrolab.com.ar\\\/wp-content\\\/uploads\\\/2015\\\/01\\\/g_odi1e0n2m__Vacas-3.jpg\",\"datePublished\":\"2014-02-17T00:00:01+00:00\",\"breadcrumb\":{\"@id\":\"https:\\\/\\\/proagrolab.com.ar\\\/una-dosis-de-optimismo-que-choca-con-la-realidad\\\/#breadcrumb\"},\"inLanguage\":\"en-US\",\"potentialAction\":[{\"@type\":\"ReadAction\",\"target\":[\"https:\\\/\\\/proagrolab.com.ar\\\/una-dosis-de-optimismo-que-choca-con-la-realidad\\\/\"]}]},{\"@type\":\"ImageObject\",\"inLanguage\":\"en-US\",\"@id\":\"https:\\\/\\\/proagrolab.com.ar\\\/una-dosis-de-optimismo-que-choca-con-la-realidad\\\/#primaryimage\",\"url\":\"https:\\\/\\\/proagrolab.com.ar\\\/wp-content\\\/uploads\\\/2015\\\/01\\\/g_odi1e0n2m__Vacas-3.jpg\",\"contentUrl\":\"https:\\\/\\\/proagrolab.com.ar\\\/wp-content\\\/uploads\\\/2015\\\/01\\\/g_odi1e0n2m__Vacas-3.jpg\",\"width\":450,\"height\":208},{\"@type\":\"BreadcrumbList\",\"@id\":\"https:\\\/\\\/proagrolab.com.ar\\\/una-dosis-de-optimismo-que-choca-con-la-realidad\\\/#breadcrumb\",\"itemListElement\":[{\"@type\":\"ListItem\",\"position\":1,\"name\":\"Portada\",\"item\":\"https:\\\/\\\/proagrolab.com.ar\\\/\"},{\"@type\":\"ListItem\",\"position\":2,\"name\":\"Una dosis de optimismo que choca con la realidad.\"}]},{\"@type\":\"WebSite\",\"@id\":\"https:\\\/\\\/proagrolab.com.ar\\\/#website\",\"url\":\"https:\\\/\\\/proagrolab.com.ar\\\/\",\"name\":\"Proagro Laboratorio Veterinario\",\"description\":\"Veterinary laboratory\",\"publisher\":{\"@id\":\"https:\\\/\\\/proagrolab.com.ar\\\/#organization\"},\"potentialAction\":[{\"@type\":\"SearchAction\",\"target\":{\"@type\":\"EntryPoint\",\"urlTemplate\":\"https:\\\/\\\/proagrolab.com.ar\\\/?s={search_term_string}\"},\"query-input\":{\"@type\":\"PropertyValueSpecification\",\"valueRequired\":true,\"valueName\":\"search_term_string\"}}],\"inLanguage\":\"en-US\"},{\"@type\":\"Organization\",\"@id\":\"https:\\\/\\\/proagrolab.com.ar\\\/#organization\",\"name\":\"Proagro\",\"url\":\"https:\\\/\\\/proagrolab.com.ar\\\/\",\"logo\":{\"@type\":\"ImageObject\",\"inLanguage\":\"en-US\",\"@id\":\"https:\\\/\\\/proagrolab.com.ar\\\/#\\\/schema\\\/logo\\\/image\\\/\",\"url\":\"https:\\\/\\\/proagrolab.com.ar\\\/wp-content\\\/uploads\\\/2020\\\/04\\\/logo-retina.png\",\"contentUrl\":\"https:\\\/\\\/proagrolab.com.ar\\\/wp-content\\\/uploads\\\/2020\\\/04\\\/logo-retina.png\",\"width\":478,\"height\":120,\"caption\":\"Proagro\"},\"image\":{\"@id\":\"https:\\\/\\\/proagrolab.com.ar\\\/#\\\/schema\\\/logo\\\/image\\\/\"},\"sameAs\":[\"http:\\\/\\\/www.facebook.com\\\/proagrolab\",\"https:\\\/\\\/www.instagram.com\\\/proagrolab\\\/\",\"https:\\\/\\\/www.linkedin.com\\\/company\\\/laboratorio-proagro-s-a\\\/\"]},{\"@type\":\"Person\",\"@id\":\"https:\\\/\\\/proagrolab.com.ar\\\/#\\\/schema\\\/person\\\/38003ff90bf80381f71c7d922d207444\",\"name\":\"proagrolab\"}]}<\/script>\n<!-- \/ Yoast SEO plugin. -->","yoast_head_json":{"title":"Una dosis de optimismo que choca con la realidad. | Proagro","robots":{"index":"index","follow":"follow","max-snippet":"max-snippet:-1","max-image-preview":"max-image-preview:large","max-video-preview":"max-video-preview:-1"},"canonical":"https:\/\/proagrolab.com.ar\/en\/una-dosis-de-optimismo-que-choca-con-la-realidad\/","og_locale":"en_US","og_type":"article","og_title":"Una dosis de optimismo que choca con la realidad. | Proagro","og_description":"Por Cristian Mira. Pol\u00edticos y economistas que pretenden inyectar una dosis de optimismo se alegran porque la cosecha de granos alcanzar\u00e1 este a\u00f1o un r\u00e9cord, siempre y cuando, claro est\u00e1, que las lluvias no sigan complicando la campa\u00f1a agr\u00edcola. Se imaginan que a partir de marzo\/abril comenzar\u00e1n a brotar los d\u00f3lares del campo y se derramar\u00e1n sobre el resto de la econom\u00eda. Sin embargo, quienes conocen al detalle los n\u00fameros de la actividad agropecuaria afirman que en esta campa\u00f1a habr\u00e1 m\u00e1s riesgos que la anterior. &#8220;Hay varias certidumbres sobre lo que va a pasar: el trigo no se podr\u00e1 vender, la devaluaci\u00f3n no compensar\u00e1 el aumento de la inflaci\u00f3n, los precios de los insumos y los servicios ir\u00e1n subiendo y el desabastecimiento de repuestos para maquinaria y de insumos se mantendr\u00e1&#8221;, se\u00f1ala Ernesto Ambrosetti, economista de la Sociedad Rural Argentina (SRA). En 2014 la cautela en materia de gastos e inversiones ser\u00e1 igual o mayor que la del a\u00f1o pasado, seg\u00fan el economista. Hasta el momento, las se\u00f1ales que dio el Gobierno est\u00e1n lejos de promover certidumbre en el sentido inverso al apuntado por Ambrosetti. En octubre pasado la Presidenta dijo que no iba a devaluar y, desde entonces, el [&hellip;]","og_url":"https:\/\/proagrolab.com.ar\/una-dosis-de-optimismo-que-choca-con-la-realidad\/","og_site_name":"Proagro","article_publisher":"http:\/\/www.facebook.com\/proagrolab","article_published_time":"2014-02-17T00:00:01+00:00","og_image":[{"width":450,"height":208,"url":"https:\/\/proagrolab.com.ar\/wp-content\/uploads\/2015\/01\/g_odi1e0n2m__Vacas-3.jpg","type":"image\/jpeg"}],"author":"proagrolab","twitter_card":"summary_large_image","twitter_misc":{"Written by":"proagrolab","Est. reading time":"4 minutes"},"schema":{"@context":"https:\/\/schema.org","@graph":[{"@type":"Article","@id":"https:\/\/proagrolab.com.ar\/una-dosis-de-optimismo-que-choca-con-la-realidad\/#article","isPartOf":{"@id":"https:\/\/proagrolab.com.ar\/una-dosis-de-optimismo-que-choca-con-la-realidad\/"},"author":{"name":"proagrolab","@id":"https:\/\/proagrolab.com.ar\/#\/schema\/person\/38003ff90bf80381f71c7d922d207444"},"headline":"Una dosis de optimismo que choca con la realidad.","datePublished":"2014-02-17T00:00:01+00:00","mainEntityOfPage":{"@id":"https:\/\/proagrolab.com.ar\/una-dosis-de-optimismo-que-choca-con-la-realidad\/"},"wordCount":771,"publisher":{"@id":"https:\/\/proagrolab.com.ar\/#organization"},"image":{"@id":"https:\/\/proagrolab.com.ar\/una-dosis-de-optimismo-que-choca-con-la-realidad\/#primaryimage"},"thumbnailUrl":"https:\/\/proagrolab.com.ar\/wp-content\/uploads\/2015\/01\/g_odi1e0n2m__Vacas-3.jpg","articleSection":["News"],"inLanguage":"en-US"},{"@type":"WebPage","@id":"https:\/\/proagrolab.com.ar\/una-dosis-de-optimismo-que-choca-con-la-realidad\/","url":"https:\/\/proagrolab.com.ar\/una-dosis-de-optimismo-que-choca-con-la-realidad\/","name":"Una dosis de optimismo que choca con la realidad. | Proagro","isPartOf":{"@id":"https:\/\/proagrolab.com.ar\/#website"},"primaryImageOfPage":{"@id":"https:\/\/proagrolab.com.ar\/una-dosis-de-optimismo-que-choca-con-la-realidad\/#primaryimage"},"image":{"@id":"https:\/\/proagrolab.com.ar\/una-dosis-de-optimismo-que-choca-con-la-realidad\/#primaryimage"},"thumbnailUrl":"https:\/\/proagrolab.com.ar\/wp-content\/uploads\/2015\/01\/g_odi1e0n2m__Vacas-3.jpg","datePublished":"2014-02-17T00:00:01+00:00","breadcrumb":{"@id":"https:\/\/proagrolab.com.ar\/una-dosis-de-optimismo-que-choca-con-la-realidad\/#breadcrumb"},"inLanguage":"en-US","potentialAction":[{"@type":"ReadAction","target":["https:\/\/proagrolab.com.ar\/una-dosis-de-optimismo-que-choca-con-la-realidad\/"]}]},{"@type":"ImageObject","inLanguage":"en-US","@id":"https:\/\/proagrolab.com.ar\/una-dosis-de-optimismo-que-choca-con-la-realidad\/#primaryimage","url":"https:\/\/proagrolab.com.ar\/wp-content\/uploads\/2015\/01\/g_odi1e0n2m__Vacas-3.jpg","contentUrl":"https:\/\/proagrolab.com.ar\/wp-content\/uploads\/2015\/01\/g_odi1e0n2m__Vacas-3.jpg","width":450,"height":208},{"@type":"BreadcrumbList","@id":"https:\/\/proagrolab.com.ar\/una-dosis-de-optimismo-que-choca-con-la-realidad\/#breadcrumb","itemListElement":[{"@type":"ListItem","position":1,"name":"Portada","item":"https:\/\/proagrolab.com.ar\/"},{"@type":"ListItem","position":2,"name":"Una dosis de optimismo que choca con la realidad."}]},{"@type":"WebSite","@id":"https:\/\/proagrolab.com.ar\/#website","url":"https:\/\/proagrolab.com.ar\/","name":"Proagro Laboratorio Veterinario","description":"Veterinary laboratory","publisher":{"@id":"https:\/\/proagrolab.com.ar\/#organization"},"potentialAction":[{"@type":"SearchAction","target":{"@type":"EntryPoint","urlTemplate":"https:\/\/proagrolab.com.ar\/?s={search_term_string}"},"query-input":{"@type":"PropertyValueSpecification","valueRequired":true,"valueName":"search_term_string"}}],"inLanguage":"en-US"},{"@type":"Organization","@id":"https:\/\/proagrolab.com.ar\/#organization","name":"Proagro","url":"https:\/\/proagrolab.com.ar\/","logo":{"@type":"ImageObject","inLanguage":"en-US","@id":"https:\/\/proagrolab.com.ar\/#\/schema\/logo\/image\/","url":"https:\/\/proagrolab.com.ar\/wp-content\/uploads\/2020\/04\/logo-retina.png","contentUrl":"https:\/\/proagrolab.com.ar\/wp-content\/uploads\/2020\/04\/logo-retina.png","width":478,"height":120,"caption":"Proagro"},"image":{"@id":"https:\/\/proagrolab.com.ar\/#\/schema\/logo\/image\/"},"sameAs":["http:\/\/www.facebook.com\/proagrolab","https:\/\/www.instagram.com\/proagrolab\/","https:\/\/www.linkedin.com\/company\/laboratorio-proagro-s-a\/"]},{"@type":"Person","@id":"https:\/\/proagrolab.com.ar\/#\/schema\/person\/38003ff90bf80381f71c7d922d207444","name":"proagrolab"}]}},"_links":{"self":[{"href":"https:\/\/proagrolab.com.ar\/en\/wp-json\/wp\/v2\/posts\/5950","targetHints":{"allow":["GET"]}}],"collection":[{"href":"https:\/\/proagrolab.com.ar\/en\/wp-json\/wp\/v2\/posts"}],"about":[{"href":"https:\/\/proagrolab.com.ar\/en\/wp-json\/wp\/v2\/types\/post"}],"author":[{"embeddable":true,"href":"https:\/\/proagrolab.com.ar\/en\/wp-json\/wp\/v2\/users\/2"}],"replies":[{"embeddable":true,"href":"https:\/\/proagrolab.com.ar\/en\/wp-json\/wp\/v2\/comments?post=5950"}],"version-history":[{"count":0,"href":"https:\/\/proagrolab.com.ar\/en\/wp-json\/wp\/v2\/posts\/5950\/revisions"}],"wp:featuredmedia":[{"embeddable":true,"href":"https:\/\/proagrolab.com.ar\/en\/wp-json\/wp\/v2\/media\/2436"}],"wp:attachment":[{"href":"https:\/\/proagrolab.com.ar\/en\/wp-json\/wp\/v2\/media?parent=5950"}],"wp:term":[{"taxonomy":"category","embeddable":true,"href":"https:\/\/proagrolab.com.ar\/en\/wp-json\/wp\/v2\/categories?post=5950"},{"taxonomy":"post_tag","embeddable":true,"href":"https:\/\/proagrolab.com.ar\/en\/wp-json\/wp\/v2\/tags?post=5950"}],"curies":[{"name":"wp","href":"https:\/\/api.w.org\/{rel}","templated":true}]}}