{"id":5946,"date":"2014-02-14T00:00:01","date_gmt":"2014-02-14T00:00:01","guid":{"rendered":"https:\/\/proagrolab.com.ar\/en-buenos-aires-se-reactivo-la-mesa-provincial-de-lecheria\/"},"modified":"2014-02-14T00:00:01","modified_gmt":"2014-02-14T00:00:01","slug":"en-buenos-aires-se-reactivo-la-mesa-provincial-de-lecheria","status":"publish","type":"post","link":"https:\/\/proagrolab.com.ar\/en\/en-buenos-aires-se-reactivo-la-mesa-provincial-de-lecheria\/","title":{"rendered":"En Buenos Aires, se reactiv\u00f3 la Mesa Provincial de Lecher\u00eda."},"content":{"rendered":"<p class=\"qtranxs-available-languages-message qtranxs-available-languages-message-en\"> <\/p><p>El ministro de Asuntos Agrarios, Alejandro &#8220;Topo&#8221; Rodr\u00edguez, encabez\u00f3 hoy en la sede de la Sociedad Rural de Trenque Lauquen, una reuni\u00f3n de trabajo de la Mesa Provincial de Lecher\u00eda, en la que participaron entidades rurales, productores, representantes de la industria y de las pymes de las distintas cuencas lecheras bonaerenses.<\/p>\n<p>Se acord\u00f3 trabajar en el an\u00e1lisis de datos sobre el desempe\u00f1o del sector y la conformaci\u00f3n de la cadena de valor para reducir asimetr\u00edas entre el,precio que recibe el productor y el que termina pagando el consumidor.<\/p>\n<p>Tambi\u00e9n se abord\u00f3 la asistencia t\u00e9cnica para la implementaci\u00f3n de normas y est\u00e1ndares vigentes establecidos por la Autoridad del Agua para el funcionamiento de tambos; y el trabajo conjunto para la prevenci\u00f3n de la brucelosis junto al Senasa.<\/p>\n<p>Por otra parte, se consensu\u00f3 la importancia de coordinar esfuerzos con el Banco de la Provincia para la asistencia crediticia al sector lechero.<\/p>\n<p>&#8220;El Gobernador Daniel Scioli nos ha pedido recrear la cultura del di\u00e1logo y la filosof\u00eda del encuentro como m\u00e9todo de trabajo para dar respuestas a nuevos problemas, entendiendo que la producci\u00f3n, el agregado de valor en origen y la generaci\u00f3n de empleo son prioritarios&#8221;, destac\u00f3 el ministro Topo Rodr\u00edguez.<\/p>\n<p>El titular de la cartera estuvo acompa\u00f1ado por el director de Producci\u00f3n L\u00e1ctea, Marcelo Lioi; por el representante local del Senasa, Gustavo Altuna, y por el director de la Producci\u00f3n municipal, Miguel Angel Barrenengoa.<\/p>\n<p>Participaron tambi\u00e9n de la reuni\u00f3n de la Mesa, Gustavo Altamira (Senasa); Claudio Ersinger, Santiago Padilla, Alejandro Est\u00e9fano y Santiago Peyr\u00e9 (Cuenca Mar y Sierras); Marcelo Cibeira y Rub\u00e9n Bonafina (Asociaci\u00f3n Peque\u00f1os y Medianos Empresarios L\u00e1cteos); An\u00edbal Schaller y Edgardo Pironello (Sancor); Flavio Mastellone (La Seren\u00edsima); Andrea Pasarini y Juan Linari (Carbap); Francisco Tamborenea, Jos\u00e9 Di Nucci, Daniel Vilulla, Dante Calvo y Elena Brandes (Cuenca Oeste); Guillermo Giannasi (FAA); Ezequiel De Freijo (SRA); Gonzalo Elizondo y Patricio Sincler (SRA Trenque Lauquen).<\/p>\n<p>Fuente: Agrositio, 12 de febrero.<br \/><\/p>","protected":false},"excerpt":{"rendered":"<p>El ministro de Asuntos Agrarios, Alejandro &#8220;Topo&#8221; Rodr\u00edguez, encabez\u00f3 hoy en la sede de la Sociedad Rural de Trenque Lauquen, una reuni\u00f3n de trabajo de la Mesa Provincial de Lecher\u00eda, en la que participaron entidades rurales, productores, representantes de la industria y de las pymes de las distintas cuencas lecheras bonaerenses. Se acord\u00f3 trabajar en el an\u00e1lisis de datos sobre el desempe\u00f1o del sector y la conformaci\u00f3n de la cadena de valor para reducir asimetr\u00edas entre el,precio que recibe el productor y el que termina pagando el consumidor. Tambi\u00e9n se abord\u00f3 la asistencia t\u00e9cnica para la implementaci\u00f3n de normas y est\u00e1ndares vigentes establecidos por la Autoridad del Agua para el funcionamiento de tambos; y el trabajo conjunto para la prevenci\u00f3n de la brucelosis junto al Senasa. Por otra parte, se consensu\u00f3 la importancia de coordinar esfuerzos con el Banco de la Provincia para la asistencia crediticia al sector lechero. &#8220;El Gobernador Daniel Scioli nos ha pedido recrear la cultura del di\u00e1logo y la filosof\u00eda del encuentro como m\u00e9todo de trabajo para dar respuestas a nuevos problemas, entendiendo que la producci\u00f3n, el agregado de valor en origen y la generaci\u00f3n de empleo son prioritarios&#8221;, destac\u00f3 el ministro Topo Rodr\u00edguez. El titular [&hellip;]<\/p>\n","protected":false},"author":2,"featured_media":2432,"comment_status":"closed","ping_status":"open","sticky":false,"template":"","format":"standard","meta":{"_acf_changed":false,"footnotes":""},"categories":[56],"tags":[],"class_list":["post-5946","post","type-post","status-publish","format-standard","has-post-thumbnail","hentry","category-infoganadero"],"acf":[],"yoast_head":"<!-- This site is optimized with the Yoast SEO plugin v27.4 - https:\/\/yoast.com\/product\/yoast-seo-wordpress\/ -->\n<title>En Buenos Aires, se reactiv\u00f3 la Mesa Provincial de Lecher\u00eda. | Proagro<\/title>\n<meta name=\"robots\" content=\"index, follow, max-snippet:-1, max-image-preview:large, max-video-preview:-1\" \/>\n<link rel=\"canonical\" href=\"https:\/\/proagrolab.com.ar\/en\/en-buenos-aires-se-reactivo-la-mesa-provincial-de-lecheria\/\" \/>\n<meta property=\"og:locale\" content=\"en_US\" \/>\n<meta property=\"og:type\" content=\"article\" \/>\n<meta property=\"og:title\" content=\"En Buenos Aires, se reactiv\u00f3 la Mesa Provincial de Lecher\u00eda. | Proagro\" \/>\n<meta property=\"og:description\" content=\"El ministro de Asuntos Agrarios, Alejandro &#8220;Topo&#8221; Rodr\u00edguez, encabez\u00f3 hoy en la sede de la Sociedad Rural de Trenque Lauquen, una reuni\u00f3n de trabajo de la Mesa Provincial de Lecher\u00eda, en la que participaron entidades rurales, productores, representantes de la industria y de las pymes de las distintas cuencas lecheras bonaerenses. Se acord\u00f3 trabajar en el an\u00e1lisis de datos sobre el desempe\u00f1o del sector y la conformaci\u00f3n de la cadena de valor para reducir asimetr\u00edas entre el,precio que recibe el productor y el que termina pagando el consumidor. Tambi\u00e9n se abord\u00f3 la asistencia t\u00e9cnica para la implementaci\u00f3n de normas y est\u00e1ndares vigentes establecidos por la Autoridad del Agua para el funcionamiento de tambos; y el trabajo conjunto para la prevenci\u00f3n de la brucelosis junto al Senasa. Por otra parte, se consensu\u00f3 la importancia de coordinar esfuerzos con el Banco de la Provincia para la asistencia crediticia al sector lechero. &#8220;El Gobernador Daniel Scioli nos ha pedido recrear la cultura del di\u00e1logo y la filosof\u00eda del encuentro como m\u00e9todo de trabajo para dar respuestas a nuevos problemas, entendiendo que la producci\u00f3n, el agregado de valor en origen y la generaci\u00f3n de empleo son prioritarios&#8221;, destac\u00f3 el ministro Topo Rodr\u00edguez. El titular [&hellip;]\" \/>\n<meta property=\"og:url\" content=\"https:\/\/proagrolab.com.ar\/en-buenos-aires-se-reactivo-la-mesa-provincial-de-lecheria\/\" \/>\n<meta property=\"og:site_name\" content=\"Proagro\" \/>\n<meta property=\"article:publisher\" content=\"http:\/\/www.facebook.com\/proagrolab\" \/>\n<meta property=\"article:published_time\" content=\"2014-02-14T00:00:01+00:00\" \/>\n<meta property=\"og:image\" content=\"https:\/\/proagrolab.com.ar\/wp-content\/uploads\/2015\/01\/g_jlkukrrm7__Lecheras-13.jpg\" \/>\n\t<meta property=\"og:image:width\" content=\"450\" \/>\n\t<meta property=\"og:image:height\" content=\"208\" \/>\n\t<meta property=\"og:image:type\" content=\"image\/jpeg\" \/>\n<meta name=\"author\" content=\"proagrolab\" \/>\n<meta name=\"twitter:card\" content=\"summary_large_image\" \/>\n<meta name=\"twitter:label1\" content=\"Written by\" \/>\n\t<meta name=\"twitter:data1\" content=\"proagrolab\" \/>\n\t<meta name=\"twitter:label2\" content=\"Est. reading time\" \/>\n\t<meta name=\"twitter:data2\" content=\"2 minutes\" \/>\n<script type=\"application\/ld+json\" class=\"yoast-schema-graph\">{\"@context\":\"https:\\\/\\\/schema.org\",\"@graph\":[{\"@type\":\"Article\",\"@id\":\"https:\\\/\\\/proagrolab.com.ar\\\/en-buenos-aires-se-reactivo-la-mesa-provincial-de-lecheria\\\/#article\",\"isPartOf\":{\"@id\":\"https:\\\/\\\/proagrolab.com.ar\\\/en-buenos-aires-se-reactivo-la-mesa-provincial-de-lecheria\\\/\"},\"author\":{\"name\":\"proagrolab\",\"@id\":\"https:\\\/\\\/proagrolab.com.ar\\\/#\\\/schema\\\/person\\\/38003ff90bf80381f71c7d922d207444\"},\"headline\":\"En Buenos Aires, se reactiv\u00f3 la Mesa Provincial de Lecher\u00eda.\",\"datePublished\":\"2014-02-14T00:00:01+00:00\",\"mainEntityOfPage\":{\"@id\":\"https:\\\/\\\/proagrolab.com.ar\\\/en-buenos-aires-se-reactivo-la-mesa-provincial-de-lecheria\\\/\"},\"wordCount\":359,\"publisher\":{\"@id\":\"https:\\\/\\\/proagrolab.com.ar\\\/#organization\"},\"image\":{\"@id\":\"https:\\\/\\\/proagrolab.com.ar\\\/en-buenos-aires-se-reactivo-la-mesa-provincial-de-lecheria\\\/#primaryimage\"},\"thumbnailUrl\":\"https:\\\/\\\/proagrolab.com.ar\\\/wp-content\\\/uploads\\\/2015\\\/01\\\/g_jlkukrrm7__Lecheras-13.jpg\",\"articleSection\":[\"News\"],\"inLanguage\":\"en-US\"},{\"@type\":\"WebPage\",\"@id\":\"https:\\\/\\\/proagrolab.com.ar\\\/en-buenos-aires-se-reactivo-la-mesa-provincial-de-lecheria\\\/\",\"url\":\"https:\\\/\\\/proagrolab.com.ar\\\/en-buenos-aires-se-reactivo-la-mesa-provincial-de-lecheria\\\/\",\"name\":\"En Buenos Aires, se reactiv\u00f3 la Mesa Provincial de Lecher\u00eda. | Proagro\",\"isPartOf\":{\"@id\":\"https:\\\/\\\/proagrolab.com.ar\\\/#website\"},\"primaryImageOfPage\":{\"@id\":\"https:\\\/\\\/proagrolab.com.ar\\\/en-buenos-aires-se-reactivo-la-mesa-provincial-de-lecheria\\\/#primaryimage\"},\"image\":{\"@id\":\"https:\\\/\\\/proagrolab.com.ar\\\/en-buenos-aires-se-reactivo-la-mesa-provincial-de-lecheria\\\/#primaryimage\"},\"thumbnailUrl\":\"https:\\\/\\\/proagrolab.com.ar\\\/wp-content\\\/uploads\\\/2015\\\/01\\\/g_jlkukrrm7__Lecheras-13.jpg\",\"datePublished\":\"2014-02-14T00:00:01+00:00\",\"breadcrumb\":{\"@id\":\"https:\\\/\\\/proagrolab.com.ar\\\/en-buenos-aires-se-reactivo-la-mesa-provincial-de-lecheria\\\/#breadcrumb\"},\"inLanguage\":\"en-US\",\"potentialAction\":[{\"@type\":\"ReadAction\",\"target\":[\"https:\\\/\\\/proagrolab.com.ar\\\/en-buenos-aires-se-reactivo-la-mesa-provincial-de-lecheria\\\/\"]}]},{\"@type\":\"ImageObject\",\"inLanguage\":\"en-US\",\"@id\":\"https:\\\/\\\/proagrolab.com.ar\\\/en-buenos-aires-se-reactivo-la-mesa-provincial-de-lecheria\\\/#primaryimage\",\"url\":\"https:\\\/\\\/proagrolab.com.ar\\\/wp-content\\\/uploads\\\/2015\\\/01\\\/g_jlkukrrm7__Lecheras-13.jpg\",\"contentUrl\":\"https:\\\/\\\/proagrolab.com.ar\\\/wp-content\\\/uploads\\\/2015\\\/01\\\/g_jlkukrrm7__Lecheras-13.jpg\",\"width\":450,\"height\":208},{\"@type\":\"BreadcrumbList\",\"@id\":\"https:\\\/\\\/proagrolab.com.ar\\\/en-buenos-aires-se-reactivo-la-mesa-provincial-de-lecheria\\\/#breadcrumb\",\"itemListElement\":[{\"@type\":\"ListItem\",\"position\":1,\"name\":\"Portada\",\"item\":\"https:\\\/\\\/proagrolab.com.ar\\\/\"},{\"@type\":\"ListItem\",\"position\":2,\"name\":\"En Buenos Aires, se reactiv\u00f3 la Mesa Provincial de Lecher\u00eda.\"}]},{\"@type\":\"WebSite\",\"@id\":\"https:\\\/\\\/proagrolab.com.ar\\\/#website\",\"url\":\"https:\\\/\\\/proagrolab.com.ar\\\/\",\"name\":\"Proagro Laboratorio Veterinario\",\"description\":\"Veterinary laboratory\",\"publisher\":{\"@id\":\"https:\\\/\\\/proagrolab.com.ar\\\/#organization\"},\"potentialAction\":[{\"@type\":\"SearchAction\",\"target\":{\"@type\":\"EntryPoint\",\"urlTemplate\":\"https:\\\/\\\/proagrolab.com.ar\\\/?s={search_term_string}\"},\"query-input\":{\"@type\":\"PropertyValueSpecification\",\"valueRequired\":true,\"valueName\":\"search_term_string\"}}],\"inLanguage\":\"en-US\"},{\"@type\":\"Organization\",\"@id\":\"https:\\\/\\\/proagrolab.com.ar\\\/#organization\",\"name\":\"Proagro\",\"url\":\"https:\\\/\\\/proagrolab.com.ar\\\/\",\"logo\":{\"@type\":\"ImageObject\",\"inLanguage\":\"en-US\",\"@id\":\"https:\\\/\\\/proagrolab.com.ar\\\/#\\\/schema\\\/logo\\\/image\\\/\",\"url\":\"https:\\\/\\\/proagrolab.com.ar\\\/wp-content\\\/uploads\\\/2020\\\/04\\\/logo-retina.png\",\"contentUrl\":\"https:\\\/\\\/proagrolab.com.ar\\\/wp-content\\\/uploads\\\/2020\\\/04\\\/logo-retina.png\",\"width\":478,\"height\":120,\"caption\":\"Proagro\"},\"image\":{\"@id\":\"https:\\\/\\\/proagrolab.com.ar\\\/#\\\/schema\\\/logo\\\/image\\\/\"},\"sameAs\":[\"http:\\\/\\\/www.facebook.com\\\/proagrolab\",\"https:\\\/\\\/www.instagram.com\\\/proagrolab\\\/\",\"https:\\\/\\\/www.linkedin.com\\\/company\\\/laboratorio-proagro-s-a\\\/\"]},{\"@type\":\"Person\",\"@id\":\"https:\\\/\\\/proagrolab.com.ar\\\/#\\\/schema\\\/person\\\/38003ff90bf80381f71c7d922d207444\",\"name\":\"proagrolab\"}]}<\/script>\n<!-- \/ Yoast SEO plugin. -->","yoast_head_json":{"title":"En Buenos Aires, se reactiv\u00f3 la Mesa Provincial de Lecher\u00eda. | Proagro","robots":{"index":"index","follow":"follow","max-snippet":"max-snippet:-1","max-image-preview":"max-image-preview:large","max-video-preview":"max-video-preview:-1"},"canonical":"https:\/\/proagrolab.com.ar\/en\/en-buenos-aires-se-reactivo-la-mesa-provincial-de-lecheria\/","og_locale":"en_US","og_type":"article","og_title":"En Buenos Aires, se reactiv\u00f3 la Mesa Provincial de Lecher\u00eda. | Proagro","og_description":"El ministro de Asuntos Agrarios, Alejandro &#8220;Topo&#8221; Rodr\u00edguez, encabez\u00f3 hoy en la sede de la Sociedad Rural de Trenque Lauquen, una reuni\u00f3n de trabajo de la Mesa Provincial de Lecher\u00eda, en la que participaron entidades rurales, productores, representantes de la industria y de las pymes de las distintas cuencas lecheras bonaerenses. Se acord\u00f3 trabajar en el an\u00e1lisis de datos sobre el desempe\u00f1o del sector y la conformaci\u00f3n de la cadena de valor para reducir asimetr\u00edas entre el,precio que recibe el productor y el que termina pagando el consumidor. Tambi\u00e9n se abord\u00f3 la asistencia t\u00e9cnica para la implementaci\u00f3n de normas y est\u00e1ndares vigentes establecidos por la Autoridad del Agua para el funcionamiento de tambos; y el trabajo conjunto para la prevenci\u00f3n de la brucelosis junto al Senasa. Por otra parte, se consensu\u00f3 la importancia de coordinar esfuerzos con el Banco de la Provincia para la asistencia crediticia al sector lechero. &#8220;El Gobernador Daniel Scioli nos ha pedido recrear la cultura del di\u00e1logo y la filosof\u00eda del encuentro como m\u00e9todo de trabajo para dar respuestas a nuevos problemas, entendiendo que la producci\u00f3n, el agregado de valor en origen y la generaci\u00f3n de empleo son prioritarios&#8221;, destac\u00f3 el ministro Topo Rodr\u00edguez. El titular [&hellip;]","og_url":"https:\/\/proagrolab.com.ar\/en-buenos-aires-se-reactivo-la-mesa-provincial-de-lecheria\/","og_site_name":"Proagro","article_publisher":"http:\/\/www.facebook.com\/proagrolab","article_published_time":"2014-02-14T00:00:01+00:00","og_image":[{"width":450,"height":208,"url":"https:\/\/proagrolab.com.ar\/wp-content\/uploads\/2015\/01\/g_jlkukrrm7__Lecheras-13.jpg","type":"image\/jpeg"}],"author":"proagrolab","twitter_card":"summary_large_image","twitter_misc":{"Written by":"proagrolab","Est. reading time":"2 minutes"},"schema":{"@context":"https:\/\/schema.org","@graph":[{"@type":"Article","@id":"https:\/\/proagrolab.com.ar\/en-buenos-aires-se-reactivo-la-mesa-provincial-de-lecheria\/#article","isPartOf":{"@id":"https:\/\/proagrolab.com.ar\/en-buenos-aires-se-reactivo-la-mesa-provincial-de-lecheria\/"},"author":{"name":"proagrolab","@id":"https:\/\/proagrolab.com.ar\/#\/schema\/person\/38003ff90bf80381f71c7d922d207444"},"headline":"En Buenos Aires, se reactiv\u00f3 la Mesa Provincial de Lecher\u00eda.","datePublished":"2014-02-14T00:00:01+00:00","mainEntityOfPage":{"@id":"https:\/\/proagrolab.com.ar\/en-buenos-aires-se-reactivo-la-mesa-provincial-de-lecheria\/"},"wordCount":359,"publisher":{"@id":"https:\/\/proagrolab.com.ar\/#organization"},"image":{"@id":"https:\/\/proagrolab.com.ar\/en-buenos-aires-se-reactivo-la-mesa-provincial-de-lecheria\/#primaryimage"},"thumbnailUrl":"https:\/\/proagrolab.com.ar\/wp-content\/uploads\/2015\/01\/g_jlkukrrm7__Lecheras-13.jpg","articleSection":["News"],"inLanguage":"en-US"},{"@type":"WebPage","@id":"https:\/\/proagrolab.com.ar\/en-buenos-aires-se-reactivo-la-mesa-provincial-de-lecheria\/","url":"https:\/\/proagrolab.com.ar\/en-buenos-aires-se-reactivo-la-mesa-provincial-de-lecheria\/","name":"En Buenos Aires, se reactiv\u00f3 la Mesa Provincial de Lecher\u00eda. | Proagro","isPartOf":{"@id":"https:\/\/proagrolab.com.ar\/#website"},"primaryImageOfPage":{"@id":"https:\/\/proagrolab.com.ar\/en-buenos-aires-se-reactivo-la-mesa-provincial-de-lecheria\/#primaryimage"},"image":{"@id":"https:\/\/proagrolab.com.ar\/en-buenos-aires-se-reactivo-la-mesa-provincial-de-lecheria\/#primaryimage"},"thumbnailUrl":"https:\/\/proagrolab.com.ar\/wp-content\/uploads\/2015\/01\/g_jlkukrrm7__Lecheras-13.jpg","datePublished":"2014-02-14T00:00:01+00:00","breadcrumb":{"@id":"https:\/\/proagrolab.com.ar\/en-buenos-aires-se-reactivo-la-mesa-provincial-de-lecheria\/#breadcrumb"},"inLanguage":"en-US","potentialAction":[{"@type":"ReadAction","target":["https:\/\/proagrolab.com.ar\/en-buenos-aires-se-reactivo-la-mesa-provincial-de-lecheria\/"]}]},{"@type":"ImageObject","inLanguage":"en-US","@id":"https:\/\/proagrolab.com.ar\/en-buenos-aires-se-reactivo-la-mesa-provincial-de-lecheria\/#primaryimage","url":"https:\/\/proagrolab.com.ar\/wp-content\/uploads\/2015\/01\/g_jlkukrrm7__Lecheras-13.jpg","contentUrl":"https:\/\/proagrolab.com.ar\/wp-content\/uploads\/2015\/01\/g_jlkukrrm7__Lecheras-13.jpg","width":450,"height":208},{"@type":"BreadcrumbList","@id":"https:\/\/proagrolab.com.ar\/en-buenos-aires-se-reactivo-la-mesa-provincial-de-lecheria\/#breadcrumb","itemListElement":[{"@type":"ListItem","position":1,"name":"Portada","item":"https:\/\/proagrolab.com.ar\/"},{"@type":"ListItem","position":2,"name":"En Buenos Aires, se reactiv\u00f3 la Mesa Provincial de Lecher\u00eda."}]},{"@type":"WebSite","@id":"https:\/\/proagrolab.com.ar\/#website","url":"https:\/\/proagrolab.com.ar\/","name":"Proagro Laboratorio Veterinario","description":"Veterinary laboratory","publisher":{"@id":"https:\/\/proagrolab.com.ar\/#organization"},"potentialAction":[{"@type":"SearchAction","target":{"@type":"EntryPoint","urlTemplate":"https:\/\/proagrolab.com.ar\/?s={search_term_string}"},"query-input":{"@type":"PropertyValueSpecification","valueRequired":true,"valueName":"search_term_string"}}],"inLanguage":"en-US"},{"@type":"Organization","@id":"https:\/\/proagrolab.com.ar\/#organization","name":"Proagro","url":"https:\/\/proagrolab.com.ar\/","logo":{"@type":"ImageObject","inLanguage":"en-US","@id":"https:\/\/proagrolab.com.ar\/#\/schema\/logo\/image\/","url":"https:\/\/proagrolab.com.ar\/wp-content\/uploads\/2020\/04\/logo-retina.png","contentUrl":"https:\/\/proagrolab.com.ar\/wp-content\/uploads\/2020\/04\/logo-retina.png","width":478,"height":120,"caption":"Proagro"},"image":{"@id":"https:\/\/proagrolab.com.ar\/#\/schema\/logo\/image\/"},"sameAs":["http:\/\/www.facebook.com\/proagrolab","https:\/\/www.instagram.com\/proagrolab\/","https:\/\/www.linkedin.com\/company\/laboratorio-proagro-s-a\/"]},{"@type":"Person","@id":"https:\/\/proagrolab.com.ar\/#\/schema\/person\/38003ff90bf80381f71c7d922d207444","name":"proagrolab"}]}},"_links":{"self":[{"href":"https:\/\/proagrolab.com.ar\/en\/wp-json\/wp\/v2\/posts\/5946","targetHints":{"allow":["GET"]}}],"collection":[{"href":"https:\/\/proagrolab.com.ar\/en\/wp-json\/wp\/v2\/posts"}],"about":[{"href":"https:\/\/proagrolab.com.ar\/en\/wp-json\/wp\/v2\/types\/post"}],"author":[{"embeddable":true,"href":"https:\/\/proagrolab.com.ar\/en\/wp-json\/wp\/v2\/users\/2"}],"replies":[{"embeddable":true,"href":"https:\/\/proagrolab.com.ar\/en\/wp-json\/wp\/v2\/comments?post=5946"}],"version-history":[{"count":0,"href":"https:\/\/proagrolab.com.ar\/en\/wp-json\/wp\/v2\/posts\/5946\/revisions"}],"wp:featuredmedia":[{"embeddable":true,"href":"https:\/\/proagrolab.com.ar\/en\/wp-json\/wp\/v2\/media\/2432"}],"wp:attachment":[{"href":"https:\/\/proagrolab.com.ar\/en\/wp-json\/wp\/v2\/media?parent=5946"}],"wp:term":[{"taxonomy":"category","embeddable":true,"href":"https:\/\/proagrolab.com.ar\/en\/wp-json\/wp\/v2\/categories?post=5946"},{"taxonomy":"post_tag","embeddable":true,"href":"https:\/\/proagrolab.com.ar\/en\/wp-json\/wp\/v2\/tags?post=5946"}],"curies":[{"name":"wp","href":"https:\/\/api.w.org\/{rel}","templated":true}]}}