{"id":5945,"date":"2014-02-14T00:00:01","date_gmt":"2014-02-14T00:00:01","guid":{"rendered":"https:\/\/proagrolab.com.ar\/lecheria-se-profundiza-la-crisis-de-los-productores-tamberos-argentinos\/"},"modified":"2014-02-14T00:00:01","modified_gmt":"2014-02-14T00:00:01","slug":"lecheria-se-profundiza-la-crisis-de-los-productores-tamberos-argentinos","status":"publish","type":"post","link":"https:\/\/proagrolab.com.ar\/en\/lecheria-se-profundiza-la-crisis-de-los-productores-tamberos-argentinos\/","title":{"rendered":"Lecher\u00eda: Se profundiza la crisis de los productores tamberos argentinos."},"content":{"rendered":"<p class=\"qtranxs-available-languages-message qtranxs-available-languages-message-en\"> <\/p><p>La Comisi\u00f3n Nacional de Lecher\u00eda de la Federaci\u00f3n Agraria Argentina se reuni\u00f3 en la ciudad de Rosario, con la presencia de representantes de las distintas cuencas lecheras.<\/p>\n<p>Advirtieron que la situaci\u00f3n de los tamberos es desesperante, tras a\u00f1os de pol\u00edticas sectoriales equivocadas y de que el proceso de desaparici\u00f3n de tambos se acelerara tras la devaluaci\u00f3n.<\/p>\n<p>Los tamberos de la Federaci\u00f3n Agraria calificaron como asfixiante la situaci\u00f3n actual y expresaron que la falta de respuestas del gobierno ha llevado al extremo, la vulnerabilidad del productor, encontr\u00e1ndose hoy indefenso frente al caos generado por la devaluaci\u00f3n y la creciente inflaci\u00f3n. \u0093Los costos de producci\u00f3n que tenemos han aumentado al comp\u00e1s del d\u00f3lar, sigue creciendo en forma alarmante el endeudamiento y los precios que cobramos est\u00e1n muy por debajo de nuestros costos, en un contexto donde el mercado interno sufrir\u00e1 las consecuencias de este ajuste inflacionario y donde nosotros volcamos el 85 % de nuestra producci\u00f3n. Advertimos que el pa\u00eds no se puede dar el lujo de perder un tambero mas, pero que bajo este panorama, lamentablemente se acelera el proceso de desaparici\u00f3n de tambos\u0094, expreso Guillermo Giannasi, director a cargo de la Comisi\u00f3n.<\/p>\n<p>Desde la Comisi\u00f3n de Lecher\u00eda de FAA, comunicaron que en las reuniones que se mantuvieron en el Ministerio no se obtuvieron las respuestas deseadas, por el contrario se sigue construyendo un relato, desconociendo la realidad que padecemos los productores. \u0093Nada se dice sobre el fracaso en las pol\u00edticas oficiales que han permitido que los intermediarios entre el consumidor y el productor se queden con exorbitantes ganancias, y tampoco explican como nos encontramos estancados con la misma la producci\u00f3n de hace diez a\u00f1os, con menos tambos y una creciente concentraci\u00f3n en pocas manos, a diferencia de lo que ocurre en los pa\u00edses vecinos que crecen impulsados por pol\u00edticas adecuadas. Desde el gobierno hablan de \u0093precios cuidados\u0094, pero no se dice nada sobre la distorsi\u00f3n de precios que existe entre lo que paga el consumidor y lo que realmente cobra el productor tambero\u0094 afirmo Carlos Gonz\u00e1lez, miembro de la comisi\u00f3n y representante ante el MNPL.<\/p>\n<p>Los federados resolvieron solicitar de manera urgente audiencias con los Ministros de Agricultura de la provincia de C\u00f3rdoba, Entre R\u00edos y Santa Fe, d\u00e1ndole continuidad a la que se realizo en el d\u00eda de ayer con el Ministro de Asuntos Agrarios de la provincia de Buenos Aires, para transmitir la preocupante situaci\u00f3n y las consecuencias a corto plazo que esto genera, como la perdida de cientos de puestos de trabajo, el desarraigo en los pueblos del interior engrosando los bolsones de pobreza en los grandes centros urbanos y la concentraci\u00f3n de la actividad en pocas manos. De la misma manera se declara en alerta y movilizaci\u00f3n, realizando distintas asambleas regionales para definir los pasos gremiales a seguir. \u0093Lamentamos profundamente que mas all\u00e1 de la llamada \u0093d\u00e9cada ganada\u0094, este gobierno no disponga los recursos necesarios para mejorar el precio que cobramos los tamberos, recibimos migajas mientras vemos que aumentan los precios de los l\u00e1cteos en g\u00f3ndola. Es evidente que Argentina carece de pol\u00edticas p\u00fablicas hacia la lecher\u00eda y principalmente que defiendan al productor tambero\u0094 culminaron los federados.<\/p>\n<p>Fuente: Agrositio, 13 de febrero.<br \/><\/p>","protected":false},"excerpt":{"rendered":"<p>La Comisi\u00f3n Nacional de Lecher\u00eda de la Federaci\u00f3n Agraria Argentina se reuni\u00f3 en la ciudad de Rosario, con la presencia de representantes de las distintas cuencas lecheras. Advirtieron que la situaci\u00f3n de los tamberos es desesperante, tras a\u00f1os de pol\u00edticas sectoriales equivocadas y de que el proceso de desaparici\u00f3n de tambos se acelerara tras la devaluaci\u00f3n. Los tamberos de la Federaci\u00f3n Agraria calificaron como asfixiante la situaci\u00f3n actual y expresaron que la falta de respuestas del gobierno ha llevado al extremo, la vulnerabilidad del productor, encontr\u00e1ndose hoy indefenso frente al caos generado por la devaluaci\u00f3n y la creciente inflaci\u00f3n. \u0093Los costos de producci\u00f3n que tenemos han aumentado al comp\u00e1s del d\u00f3lar, sigue creciendo en forma alarmante el endeudamiento y los precios que cobramos est\u00e1n muy por debajo de nuestros costos, en un contexto donde el mercado interno sufrir\u00e1 las consecuencias de este ajuste inflacionario y donde nosotros volcamos el 85 % de nuestra producci\u00f3n. Advertimos que el pa\u00eds no se puede dar el lujo de perder un tambero mas, pero que bajo este panorama, lamentablemente se acelera el proceso de desaparici\u00f3n de tambos\u0094, expreso Guillermo Giannasi, director a cargo de la Comisi\u00f3n. Desde la Comisi\u00f3n de Lecher\u00eda de FAA, comunicaron [&hellip;]<\/p>\n","protected":false},"author":2,"featured_media":2431,"comment_status":"closed","ping_status":"open","sticky":false,"template":"","format":"standard","meta":{"_acf_changed":false,"footnotes":""},"categories":[56],"tags":[],"class_list":["post-5945","post","type-post","status-publish","format-standard","has-post-thumbnail","hentry","category-infoganadero"],"acf":[],"yoast_head":"<!-- This site is optimized with the Yoast SEO plugin v27.4 - https:\/\/yoast.com\/product\/yoast-seo-wordpress\/ -->\n<title>Lecher\u00eda: Se profundiza la crisis de los productores tamberos argentinos. | Proagro<\/title>\n<meta name=\"robots\" content=\"index, follow, max-snippet:-1, max-image-preview:large, max-video-preview:-1\" \/>\n<link rel=\"canonical\" href=\"https:\/\/proagrolab.com.ar\/en\/lecheria-se-profundiza-la-crisis-de-los-productores-tamberos-argentinos\/\" \/>\n<meta property=\"og:locale\" content=\"en_US\" \/>\n<meta property=\"og:type\" content=\"article\" \/>\n<meta property=\"og:title\" content=\"Lecher\u00eda: Se profundiza la crisis de los productores tamberos argentinos. | Proagro\" \/>\n<meta property=\"og:description\" content=\"La Comisi\u00f3n Nacional de Lecher\u00eda de la Federaci\u00f3n Agraria Argentina se reuni\u00f3 en la ciudad de Rosario, con la presencia de representantes de las distintas cuencas lecheras. Advirtieron que la situaci\u00f3n de los tamberos es desesperante, tras a\u00f1os de pol\u00edticas sectoriales equivocadas y de que el proceso de desaparici\u00f3n de tambos se acelerara tras la devaluaci\u00f3n. Los tamberos de la Federaci\u00f3n Agraria calificaron como asfixiante la situaci\u00f3n actual y expresaron que la falta de respuestas del gobierno ha llevado al extremo, la vulnerabilidad del productor, encontr\u00e1ndose hoy indefenso frente al caos generado por la devaluaci\u00f3n y la creciente inflaci\u00f3n. \u0093Los costos de producci\u00f3n que tenemos han aumentado al comp\u00e1s del d\u00f3lar, sigue creciendo en forma alarmante el endeudamiento y los precios que cobramos est\u00e1n muy por debajo de nuestros costos, en un contexto donde el mercado interno sufrir\u00e1 las consecuencias de este ajuste inflacionario y donde nosotros volcamos el 85 % de nuestra producci\u00f3n. Advertimos que el pa\u00eds no se puede dar el lujo de perder un tambero mas, pero que bajo este panorama, lamentablemente se acelera el proceso de desaparici\u00f3n de tambos\u0094, expreso Guillermo Giannasi, director a cargo de la Comisi\u00f3n. Desde la Comisi\u00f3n de Lecher\u00eda de FAA, comunicaron [&hellip;]\" \/>\n<meta property=\"og:url\" content=\"https:\/\/proagrolab.com.ar\/lecheria-se-profundiza-la-crisis-de-los-productores-tamberos-argentinos\/\" \/>\n<meta property=\"og:site_name\" content=\"Proagro\" \/>\n<meta property=\"article:publisher\" content=\"http:\/\/www.facebook.com\/proagrolab\" \/>\n<meta property=\"article:published_time\" content=\"2014-02-14T00:00:01+00:00\" \/>\n<meta property=\"og:image\" content=\"https:\/\/proagrolab.com.ar\/wp-content\/uploads\/2015\/01\/g_n8rawnpq4__Lecheras-16.jpg\" \/>\n\t<meta property=\"og:image:width\" content=\"450\" \/>\n\t<meta property=\"og:image:height\" content=\"208\" \/>\n\t<meta property=\"og:image:type\" content=\"image\/jpeg\" \/>\n<meta name=\"author\" content=\"proagrolab\" \/>\n<meta name=\"twitter:card\" content=\"summary_large_image\" \/>\n<meta name=\"twitter:label1\" content=\"Written by\" \/>\n\t<meta name=\"twitter:data1\" content=\"proagrolab\" \/>\n\t<meta name=\"twitter:label2\" content=\"Est. reading time\" \/>\n\t<meta name=\"twitter:data2\" content=\"3 minutes\" \/>\n<script type=\"application\/ld+json\" class=\"yoast-schema-graph\">{\"@context\":\"https:\\\/\\\/schema.org\",\"@graph\":[{\"@type\":\"Article\",\"@id\":\"https:\\\/\\\/proagrolab.com.ar\\\/lecheria-se-profundiza-la-crisis-de-los-productores-tamberos-argentinos\\\/#article\",\"isPartOf\":{\"@id\":\"https:\\\/\\\/proagrolab.com.ar\\\/lecheria-se-profundiza-la-crisis-de-los-productores-tamberos-argentinos\\\/\"},\"author\":{\"name\":\"proagrolab\",\"@id\":\"https:\\\/\\\/proagrolab.com.ar\\\/#\\\/schema\\\/person\\\/38003ff90bf80381f71c7d922d207444\"},\"headline\":\"Lecher\u00eda: Se profundiza la crisis de los productores tamberos argentinos.\",\"datePublished\":\"2014-02-14T00:00:01+00:00\",\"mainEntityOfPage\":{\"@id\":\"https:\\\/\\\/proagrolab.com.ar\\\/lecheria-se-profundiza-la-crisis-de-los-productores-tamberos-argentinos\\\/\"},\"wordCount\":579,\"publisher\":{\"@id\":\"https:\\\/\\\/proagrolab.com.ar\\\/#organization\"},\"image\":{\"@id\":\"https:\\\/\\\/proagrolab.com.ar\\\/lecheria-se-profundiza-la-crisis-de-los-productores-tamberos-argentinos\\\/#primaryimage\"},\"thumbnailUrl\":\"https:\\\/\\\/proagrolab.com.ar\\\/wp-content\\\/uploads\\\/2015\\\/01\\\/g_n8rawnpq4__Lecheras-16.jpg\",\"articleSection\":[\"News\"],\"inLanguage\":\"en-US\"},{\"@type\":\"WebPage\",\"@id\":\"https:\\\/\\\/proagrolab.com.ar\\\/lecheria-se-profundiza-la-crisis-de-los-productores-tamberos-argentinos\\\/\",\"url\":\"https:\\\/\\\/proagrolab.com.ar\\\/lecheria-se-profundiza-la-crisis-de-los-productores-tamberos-argentinos\\\/\",\"name\":\"Lecher\u00eda: Se profundiza la crisis de los productores tamberos argentinos. | Proagro\",\"isPartOf\":{\"@id\":\"https:\\\/\\\/proagrolab.com.ar\\\/#website\"},\"primaryImageOfPage\":{\"@id\":\"https:\\\/\\\/proagrolab.com.ar\\\/lecheria-se-profundiza-la-crisis-de-los-productores-tamberos-argentinos\\\/#primaryimage\"},\"image\":{\"@id\":\"https:\\\/\\\/proagrolab.com.ar\\\/lecheria-se-profundiza-la-crisis-de-los-productores-tamberos-argentinos\\\/#primaryimage\"},\"thumbnailUrl\":\"https:\\\/\\\/proagrolab.com.ar\\\/wp-content\\\/uploads\\\/2015\\\/01\\\/g_n8rawnpq4__Lecheras-16.jpg\",\"datePublished\":\"2014-02-14T00:00:01+00:00\",\"breadcrumb\":{\"@id\":\"https:\\\/\\\/proagrolab.com.ar\\\/lecheria-se-profundiza-la-crisis-de-los-productores-tamberos-argentinos\\\/#breadcrumb\"},\"inLanguage\":\"en-US\",\"potentialAction\":[{\"@type\":\"ReadAction\",\"target\":[\"https:\\\/\\\/proagrolab.com.ar\\\/lecheria-se-profundiza-la-crisis-de-los-productores-tamberos-argentinos\\\/\"]}]},{\"@type\":\"ImageObject\",\"inLanguage\":\"en-US\",\"@id\":\"https:\\\/\\\/proagrolab.com.ar\\\/lecheria-se-profundiza-la-crisis-de-los-productores-tamberos-argentinos\\\/#primaryimage\",\"url\":\"https:\\\/\\\/proagrolab.com.ar\\\/wp-content\\\/uploads\\\/2015\\\/01\\\/g_n8rawnpq4__Lecheras-16.jpg\",\"contentUrl\":\"https:\\\/\\\/proagrolab.com.ar\\\/wp-content\\\/uploads\\\/2015\\\/01\\\/g_n8rawnpq4__Lecheras-16.jpg\",\"width\":450,\"height\":208},{\"@type\":\"BreadcrumbList\",\"@id\":\"https:\\\/\\\/proagrolab.com.ar\\\/lecheria-se-profundiza-la-crisis-de-los-productores-tamberos-argentinos\\\/#breadcrumb\",\"itemListElement\":[{\"@type\":\"ListItem\",\"position\":1,\"name\":\"Portada\",\"item\":\"https:\\\/\\\/proagrolab.com.ar\\\/\"},{\"@type\":\"ListItem\",\"position\":2,\"name\":\"Lecher\u00eda: Se profundiza la crisis de los productores tamberos argentinos.\"}]},{\"@type\":\"WebSite\",\"@id\":\"https:\\\/\\\/proagrolab.com.ar\\\/#website\",\"url\":\"https:\\\/\\\/proagrolab.com.ar\\\/\",\"name\":\"Proagro Laboratorio Veterinario\",\"description\":\"Veterinary laboratory\",\"publisher\":{\"@id\":\"https:\\\/\\\/proagrolab.com.ar\\\/#organization\"},\"potentialAction\":[{\"@type\":\"SearchAction\",\"target\":{\"@type\":\"EntryPoint\",\"urlTemplate\":\"https:\\\/\\\/proagrolab.com.ar\\\/?s={search_term_string}\"},\"query-input\":{\"@type\":\"PropertyValueSpecification\",\"valueRequired\":true,\"valueName\":\"search_term_string\"}}],\"inLanguage\":\"en-US\"},{\"@type\":\"Organization\",\"@id\":\"https:\\\/\\\/proagrolab.com.ar\\\/#organization\",\"name\":\"Proagro\",\"url\":\"https:\\\/\\\/proagrolab.com.ar\\\/\",\"logo\":{\"@type\":\"ImageObject\",\"inLanguage\":\"en-US\",\"@id\":\"https:\\\/\\\/proagrolab.com.ar\\\/#\\\/schema\\\/logo\\\/image\\\/\",\"url\":\"https:\\\/\\\/proagrolab.com.ar\\\/wp-content\\\/uploads\\\/2020\\\/04\\\/logo-retina.png\",\"contentUrl\":\"https:\\\/\\\/proagrolab.com.ar\\\/wp-content\\\/uploads\\\/2020\\\/04\\\/logo-retina.png\",\"width\":478,\"height\":120,\"caption\":\"Proagro\"},\"image\":{\"@id\":\"https:\\\/\\\/proagrolab.com.ar\\\/#\\\/schema\\\/logo\\\/image\\\/\"},\"sameAs\":[\"http:\\\/\\\/www.facebook.com\\\/proagrolab\",\"https:\\\/\\\/www.instagram.com\\\/proagrolab\\\/\",\"https:\\\/\\\/www.linkedin.com\\\/company\\\/laboratorio-proagro-s-a\\\/\"]},{\"@type\":\"Person\",\"@id\":\"https:\\\/\\\/proagrolab.com.ar\\\/#\\\/schema\\\/person\\\/38003ff90bf80381f71c7d922d207444\",\"name\":\"proagrolab\"}]}<\/script>\n<!-- \/ Yoast SEO plugin. -->","yoast_head_json":{"title":"Lecher\u00eda: Se profundiza la crisis de los productores tamberos argentinos. | Proagro","robots":{"index":"index","follow":"follow","max-snippet":"max-snippet:-1","max-image-preview":"max-image-preview:large","max-video-preview":"max-video-preview:-1"},"canonical":"https:\/\/proagrolab.com.ar\/en\/lecheria-se-profundiza-la-crisis-de-los-productores-tamberos-argentinos\/","og_locale":"en_US","og_type":"article","og_title":"Lecher\u00eda: Se profundiza la crisis de los productores tamberos argentinos. | Proagro","og_description":"La Comisi\u00f3n Nacional de Lecher\u00eda de la Federaci\u00f3n Agraria Argentina se reuni\u00f3 en la ciudad de Rosario, con la presencia de representantes de las distintas cuencas lecheras. Advirtieron que la situaci\u00f3n de los tamberos es desesperante, tras a\u00f1os de pol\u00edticas sectoriales equivocadas y de que el proceso de desaparici\u00f3n de tambos se acelerara tras la devaluaci\u00f3n. Los tamberos de la Federaci\u00f3n Agraria calificaron como asfixiante la situaci\u00f3n actual y expresaron que la falta de respuestas del gobierno ha llevado al extremo, la vulnerabilidad del productor, encontr\u00e1ndose hoy indefenso frente al caos generado por la devaluaci\u00f3n y la creciente inflaci\u00f3n. \u0093Los costos de producci\u00f3n que tenemos han aumentado al comp\u00e1s del d\u00f3lar, sigue creciendo en forma alarmante el endeudamiento y los precios que cobramos est\u00e1n muy por debajo de nuestros costos, en un contexto donde el mercado interno sufrir\u00e1 las consecuencias de este ajuste inflacionario y donde nosotros volcamos el 85 % de nuestra producci\u00f3n. Advertimos que el pa\u00eds no se puede dar el lujo de perder un tambero mas, pero que bajo este panorama, lamentablemente se acelera el proceso de desaparici\u00f3n de tambos\u0094, expreso Guillermo Giannasi, director a cargo de la Comisi\u00f3n. Desde la Comisi\u00f3n de Lecher\u00eda de FAA, comunicaron [&hellip;]","og_url":"https:\/\/proagrolab.com.ar\/lecheria-se-profundiza-la-crisis-de-los-productores-tamberos-argentinos\/","og_site_name":"Proagro","article_publisher":"http:\/\/www.facebook.com\/proagrolab","article_published_time":"2014-02-14T00:00:01+00:00","og_image":[{"width":450,"height":208,"url":"https:\/\/proagrolab.com.ar\/wp-content\/uploads\/2015\/01\/g_n8rawnpq4__Lecheras-16.jpg","type":"image\/jpeg"}],"author":"proagrolab","twitter_card":"summary_large_image","twitter_misc":{"Written by":"proagrolab","Est. reading time":"3 minutes"},"schema":{"@context":"https:\/\/schema.org","@graph":[{"@type":"Article","@id":"https:\/\/proagrolab.com.ar\/lecheria-se-profundiza-la-crisis-de-los-productores-tamberos-argentinos\/#article","isPartOf":{"@id":"https:\/\/proagrolab.com.ar\/lecheria-se-profundiza-la-crisis-de-los-productores-tamberos-argentinos\/"},"author":{"name":"proagrolab","@id":"https:\/\/proagrolab.com.ar\/#\/schema\/person\/38003ff90bf80381f71c7d922d207444"},"headline":"Lecher\u00eda: Se profundiza la crisis de los productores tamberos argentinos.","datePublished":"2014-02-14T00:00:01+00:00","mainEntityOfPage":{"@id":"https:\/\/proagrolab.com.ar\/lecheria-se-profundiza-la-crisis-de-los-productores-tamberos-argentinos\/"},"wordCount":579,"publisher":{"@id":"https:\/\/proagrolab.com.ar\/#organization"},"image":{"@id":"https:\/\/proagrolab.com.ar\/lecheria-se-profundiza-la-crisis-de-los-productores-tamberos-argentinos\/#primaryimage"},"thumbnailUrl":"https:\/\/proagrolab.com.ar\/wp-content\/uploads\/2015\/01\/g_n8rawnpq4__Lecheras-16.jpg","articleSection":["News"],"inLanguage":"en-US"},{"@type":"WebPage","@id":"https:\/\/proagrolab.com.ar\/lecheria-se-profundiza-la-crisis-de-los-productores-tamberos-argentinos\/","url":"https:\/\/proagrolab.com.ar\/lecheria-se-profundiza-la-crisis-de-los-productores-tamberos-argentinos\/","name":"Lecher\u00eda: Se profundiza la crisis de los productores tamberos argentinos. | Proagro","isPartOf":{"@id":"https:\/\/proagrolab.com.ar\/#website"},"primaryImageOfPage":{"@id":"https:\/\/proagrolab.com.ar\/lecheria-se-profundiza-la-crisis-de-los-productores-tamberos-argentinos\/#primaryimage"},"image":{"@id":"https:\/\/proagrolab.com.ar\/lecheria-se-profundiza-la-crisis-de-los-productores-tamberos-argentinos\/#primaryimage"},"thumbnailUrl":"https:\/\/proagrolab.com.ar\/wp-content\/uploads\/2015\/01\/g_n8rawnpq4__Lecheras-16.jpg","datePublished":"2014-02-14T00:00:01+00:00","breadcrumb":{"@id":"https:\/\/proagrolab.com.ar\/lecheria-se-profundiza-la-crisis-de-los-productores-tamberos-argentinos\/#breadcrumb"},"inLanguage":"en-US","potentialAction":[{"@type":"ReadAction","target":["https:\/\/proagrolab.com.ar\/lecheria-se-profundiza-la-crisis-de-los-productores-tamberos-argentinos\/"]}]},{"@type":"ImageObject","inLanguage":"en-US","@id":"https:\/\/proagrolab.com.ar\/lecheria-se-profundiza-la-crisis-de-los-productores-tamberos-argentinos\/#primaryimage","url":"https:\/\/proagrolab.com.ar\/wp-content\/uploads\/2015\/01\/g_n8rawnpq4__Lecheras-16.jpg","contentUrl":"https:\/\/proagrolab.com.ar\/wp-content\/uploads\/2015\/01\/g_n8rawnpq4__Lecheras-16.jpg","width":450,"height":208},{"@type":"BreadcrumbList","@id":"https:\/\/proagrolab.com.ar\/lecheria-se-profundiza-la-crisis-de-los-productores-tamberos-argentinos\/#breadcrumb","itemListElement":[{"@type":"ListItem","position":1,"name":"Portada","item":"https:\/\/proagrolab.com.ar\/"},{"@type":"ListItem","position":2,"name":"Lecher\u00eda: Se profundiza la crisis de los productores tamberos argentinos."}]},{"@type":"WebSite","@id":"https:\/\/proagrolab.com.ar\/#website","url":"https:\/\/proagrolab.com.ar\/","name":"Proagro Laboratorio Veterinario","description":"Veterinary laboratory","publisher":{"@id":"https:\/\/proagrolab.com.ar\/#organization"},"potentialAction":[{"@type":"SearchAction","target":{"@type":"EntryPoint","urlTemplate":"https:\/\/proagrolab.com.ar\/?s={search_term_string}"},"query-input":{"@type":"PropertyValueSpecification","valueRequired":true,"valueName":"search_term_string"}}],"inLanguage":"en-US"},{"@type":"Organization","@id":"https:\/\/proagrolab.com.ar\/#organization","name":"Proagro","url":"https:\/\/proagrolab.com.ar\/","logo":{"@type":"ImageObject","inLanguage":"en-US","@id":"https:\/\/proagrolab.com.ar\/#\/schema\/logo\/image\/","url":"https:\/\/proagrolab.com.ar\/wp-content\/uploads\/2020\/04\/logo-retina.png","contentUrl":"https:\/\/proagrolab.com.ar\/wp-content\/uploads\/2020\/04\/logo-retina.png","width":478,"height":120,"caption":"Proagro"},"image":{"@id":"https:\/\/proagrolab.com.ar\/#\/schema\/logo\/image\/"},"sameAs":["http:\/\/www.facebook.com\/proagrolab","https:\/\/www.instagram.com\/proagrolab\/","https:\/\/www.linkedin.com\/company\/laboratorio-proagro-s-a\/"]},{"@type":"Person","@id":"https:\/\/proagrolab.com.ar\/#\/schema\/person\/38003ff90bf80381f71c7d922d207444","name":"proagrolab"}]}},"_links":{"self":[{"href":"https:\/\/proagrolab.com.ar\/en\/wp-json\/wp\/v2\/posts\/5945","targetHints":{"allow":["GET"]}}],"collection":[{"href":"https:\/\/proagrolab.com.ar\/en\/wp-json\/wp\/v2\/posts"}],"about":[{"href":"https:\/\/proagrolab.com.ar\/en\/wp-json\/wp\/v2\/types\/post"}],"author":[{"embeddable":true,"href":"https:\/\/proagrolab.com.ar\/en\/wp-json\/wp\/v2\/users\/2"}],"replies":[{"embeddable":true,"href":"https:\/\/proagrolab.com.ar\/en\/wp-json\/wp\/v2\/comments?post=5945"}],"version-history":[{"count":0,"href":"https:\/\/proagrolab.com.ar\/en\/wp-json\/wp\/v2\/posts\/5945\/revisions"}],"wp:featuredmedia":[{"embeddable":true,"href":"https:\/\/proagrolab.com.ar\/en\/wp-json\/wp\/v2\/media\/2431"}],"wp:attachment":[{"href":"https:\/\/proagrolab.com.ar\/en\/wp-json\/wp\/v2\/media?parent=5945"}],"wp:term":[{"taxonomy":"category","embeddable":true,"href":"https:\/\/proagrolab.com.ar\/en\/wp-json\/wp\/v2\/categories?post=5945"},{"taxonomy":"post_tag","embeddable":true,"href":"https:\/\/proagrolab.com.ar\/en\/wp-json\/wp\/v2\/tags?post=5945"}],"curies":[{"name":"wp","href":"https:\/\/api.w.org\/{rel}","templated":true}]}}