{"id":5944,"date":"2014-02-14T00:00:01","date_gmt":"2014-02-14T00:00:01","guid":{"rendered":"https:\/\/proagrolab.com.ar\/ciccra-la-secretaria-de-comercio-intervino-el-mercado-de-carnes-por-aumento-de-precios\/"},"modified":"2014-02-14T00:00:01","modified_gmt":"2014-02-14T00:00:01","slug":"ciccra-la-secretaria-de-comercio-intervino-el-mercado-de-carnes-por-aumento-de-precios","status":"publish","type":"post","link":"https:\/\/proagrolab.com.ar\/en\/ciccra-la-secretaria-de-comercio-intervino-el-mercado-de-carnes-por-aumento-de-precios\/","title":{"rendered":"CICCRA: La Secretar\u00eda de Comercio intervino el mercado de carnes por aumento de precios."},"content":{"rendered":"<p class=\"qtranxs-available-languages-message qtranxs-available-languages-message-en\"> <\/p><p>Informe econ\u00f3mico mensual N\u00ba 156 de la C\u00e1mara de la Industria y Comercio de Carnes y Derivados de la Rep\u00fablica Argentina (CICCRA).<\/p>\n<p>Coincidentemente con la fuerte devaluaci\u00f3n impulsada desde el ministerio de Econom\u00eda, la zona pampeana ha recibido copiosas lluvias que han beneficiado a los cultivos,&nbsp; pero que est\u00e1n provocando serias dificultades en el transporte y, por lo tanto, en el normal abastecimiento de los mercados ganaderos, y esto ha generado un fuerte aumento del precio del ganado que se ha traducido a su vez en un aumento del precio de la carne.<\/p>\n<p>Este acontecimiento ha vuelto a generar la intervenci\u00f3n en los mercados de ganados y carnes por parte de la secretar\u00eda de Comercio, hoy en manos de Augusto Costa, que de esta manera reitera lo realizado por Guillermo Moreno.<\/p>\n<p>S\u00f3lo para resumir los funestos resultados que gener\u00f3 la pol\u00edtica de Moreno en pocos datos, diremos que:<\/p>\n<p>\u0095P\u00e9rdida de 10 millones de cabezas de ganado; Cierre de 130 frigor\u00edficos; P\u00e9rdida de 15.600 puestos de trabajo; Ca\u00edda de 75% en las exportaciones; Aumento de 200% del precio al p\u00fablico; Ca\u00edda de 20% del consumo per c\u00e1pita.<\/p>\n<p>\u0093Nos cuesta creer que el secretario Costa repita las medidas implementadas por Moreno, cuyos resultados acabamos de resumir en el p\u00e1rrafo anterior. Esas medidas son: paralizaci\u00f3n de las exportaciones al entregar los ROES (permisos de exportaci\u00f3n) e intervenci\u00f3n en el mercado de Liniers, pidi\u00e9ndoles a los supermercadistas que no compren en ese mercado\u0094, afirma Miguel Schiaritti en el informe N\u00ba 156 de CICCRA.<\/p>\n<p>Entiendo que deber\u00eda calmarse el se\u00f1or Secretario y esperar a que mejore el clima, ya que a partir de la normalizaci\u00f3n del abasteciemto los precios al p\u00fablico se van a retrotraer, dado que el bolsillo del consumidor, luego de la devaluaci\u00f3n y de la inflaci\u00f3n de diciembre,&nbsp; enero y febrero, no va a poder convalidar los actuales valores en el mostrador. Estimamos un retroceso de los precios cercanos a 10%.<\/p>\n<p>Al respecto, ser\u00eda aconsejable que las autoridades nacionales se informaran correctamente sobre lo acontecido en el pasado reciente, tanto con el nivel general de precios como con los precios de la hacienda y de la carne vacuna en el mostrador, para contar con un diagn\u00f3stico adecuado que les permita adoptar decisiones que nos lleven a todos los ciudadanos a vivir en una situaci\u00f3n mejor.<\/p>\n<p>Entre puntas de 2011 el precio de la hacienda en pie subi\u00f3 9,5%, ubic\u00e1ndose en $ 7,985 por kilogramo en diciembre, y el precio de la carne vacuna hizo lo propio en 11%. En ambos casos, la suba se ubic\u00f3 bien por debajo del aumento del nivel general de precios al consumidor (IPC) publicado por el Congreso Nacional (23,6% anual). Luego, en el primer trimestre de 2012 el valor de la hacienda comenz\u00f3 a subir y lleg\u00f3 a un m\u00e1ximo de $ 8,976 por kilo en marzo, acumulando un aumento de 12,4% con relaci\u00f3n al cierre de 2011. Pero, a partir de ese momento (y si bien con idas y vueltas) comenz\u00f3 a descender y cerr\u00f3 el a\u00f1o en $ 7,862 por kilogramo, es decir 1,5% por debajo del cierre de 2011 (la carne vacuna en el mostrador exhibi\u00f3 un avance de 15% en el mismo per\u00edodo y el IPC Congreso tuvo un alza de 25,0% anual). Y en los primeros dos meses de 2013 tambi\u00e9n se observ\u00f3 una suba importante de la hacienda, que fue de 15,4%, pero para julio el precio de la hacienda ya hab\u00eda desandado casi todo el camino (-9,9% con relaci\u00f3n a marzo), al promediar $ 8,172 por kilogramo en pie.<\/p>\n<p>De lo expuesto se puede concluir que: 1. Argentina atraviesa un contexto de tasa de inflaci\u00f3n elevada y creciente (que aumenta la incertidumbre sobre el futuro y dificulta el funcionamiento correcto del sistema de precios); 2. El sector de ganados y carne vacuna enfrenta importantes oscilaciones estacionales de los valores, que parecen estar m\u00e1s explicadas por cuestiones del ciclo reproductivo de los animales y por el clima, m\u00e1s que por conspiraciones y manejos especulativos de los diferentes eslabones que integran la cadena de valor.<\/p>\n<p>En el primer mes del a\u00f1o la industria frigor\u00edfica vacuna faen\u00f3 1.058.000 cabezas de ganado aproximadamente, igualando el nivel de actividad de un a\u00f1o atr\u00e1s e interrumpiendo un proceso de quince meses consecutivos de recuperaci\u00f3n. El estancamiento de la actividad frigor\u00edfica se explic\u00f3 por una compensaci\u00f3n casi plena entre una mayor faena de hembras (8,5% anual) y una menor faena de machos (-6,3% anual).<\/p>\n<p>Asimismo, enero de 2014 fue el quinto mes consecutivo en que la participaci\u00f3n de las hembras en la faena total se ubic\u00f3 por encima del valor cr\u00edtico de 43%.<\/p>\n<p>En el comienzo del a\u00f1o la industria frigor\u00edfica produjo 237 mil tn r\/c\/h de carne vacuna, lo que represent\u00f3 un crecimiento de 7 mil toneladas con respecto a enero de 2013 (3,1%).<\/p>\n<p>Y en l\u00ednea con lo que viene ocurriendo en los \u00faltimos a\u00f1os, aproximadamente 93% de lo producido fue absorbido por el mercado interno. Asimismo, la expansi\u00f3n del consumo total se reflej\u00f3 en un nuevo avance del consumo por habitante. En enero de 2014, el promedio m\u00f3vil de 12 meses lleg\u00f3 a 63,3 kg de carne vacuna por a\u00f1o.<\/p>\n<p>En tanto, las exportaciones habr\u00edan ascendido a 16.600 tn r\/c\/h (7% de la producci\u00f3n total) en enero pasado, absorbiendo apenas 1,3% del aumento de la producci\u00f3n total registrado en el mes. Registraron un avance de 0,5% anual.<\/p>\n<p><i>1. Faena y producci\u00f3n de carne:<\/i><br \/>En ausencia de cambios sustanciales en la pol\u00edtica ganadera nacional, dif\u00edcilmente los productores decidan volver a retener vientres, tal como lo hicieron desde la primavera de 2009 hasta el invierno de 2013. M\u00e1s bien, los \u00faltimos guarismos parecen indicar que el&nbsp; sector pecuario est\u00e1 a pasos de ingresar en una nueva fase contractiva del ciclo, si no es que ya ingres\u00f3.<\/p>\n<p><i>2. Consumo interno:<\/i><br \/>Y en l\u00ednea con lo que viene ocurriendo en los \u00faltimos a\u00f1os, aproximadamente 93% de lo producido fue absorbido por el mercado interno, es decir 220,4 mil tn r\/c\/h (3,3% anual; +6,9 mil tn r\/c\/h). La participaci\u00f3n del consumo interno fue 0,2 puntos porcentuales superior a la registrada en el primer mes de 2013 y apenas 0,1 puntos porcentuales menor a la verificada en el inicio de 2012.<\/p>\n<p><i>3. Evoluci\u00f3n de las exportaciones:<\/i><br \/>En diciembre de 2013 se exportaron 8.841 toneladas peso producto (tn pp) de carne vacuna, es decir 18,1% m\u00e1s que en el cierre de 2012 (octavo avance en nueve meses). Los ingresos ascendieron a 71,5 millones de d\u00f3lares fob y resultaron 11% superiores a los de un a\u00f1o antes. El precio promedio de los embarques certificados se ubic\u00f3 en 8.087 d\u00f3lares fob por tn pp, lo que arroj\u00f3 una ca\u00edda de 5,8% anual. Medidas en toneladas res con hueso, las exportaciones de totalizaron 13.043 toneladas, es decir 16,1% m\u00e1s que en diciembre del a\u00f1o anterior.<\/p>\n<p>Los ingresos por exportaciones de cortes Hilton, frescos y procesados ascendieron a 1.017,9 millones de d\u00f3lares fob en 2013 y resultaron 4,2% mayores a los registrados en 2012. En tanto, el precio promedio se ubic\u00f3 en 7.694 d\u00f3lares fob por tn pp en 2013 y qued\u00f3 7,2% por debajo del promedio correspondiente a 2012.<\/p>\n<p>Los env\u00edos a la UE-27 dentro de la cuota Hilton totalizaron 1.534 tn pp en diciembre y fueron 4,5% inferiores a los de un a\u00f1o atr\u00e1s. En tanto, en 2013 totalizaron 22.131 tn pp, que resultaron apenas 1,4% superiores a las colocadas en 2012. Su importancia relativa descendi\u00f3 0,8 puntos porcentuales, hasta ubicarse en 9,2% del total.<\/p>\n<p>Fuente: Agrositio, 13 de febrero.<br \/><\/p>","protected":false},"excerpt":{"rendered":"<p>Informe econ\u00f3mico mensual N\u00ba 156 de la C\u00e1mara de la Industria y Comercio de Carnes y Derivados de la Rep\u00fablica Argentina (CICCRA). Coincidentemente con la fuerte devaluaci\u00f3n impulsada desde el ministerio de Econom\u00eda, la zona pampeana ha recibido copiosas lluvias que han beneficiado a los cultivos,&nbsp; pero que est\u00e1n provocando serias dificultades en el transporte y, por lo tanto, en el normal abastecimiento de los mercados ganaderos, y esto ha generado un fuerte aumento del precio del ganado que se ha traducido a su vez en un aumento del precio de la carne. Este acontecimiento ha vuelto a generar la intervenci\u00f3n en los mercados de ganados y carnes por parte de la secretar\u00eda de Comercio, hoy en manos de Augusto Costa, que de esta manera reitera lo realizado por Guillermo Moreno. S\u00f3lo para resumir los funestos resultados que gener\u00f3 la pol\u00edtica de Moreno en pocos datos, diremos que: \u0095P\u00e9rdida de 10 millones de cabezas de ganado; Cierre de 130 frigor\u00edficos; P\u00e9rdida de 15.600 puestos de trabajo; Ca\u00edda de 75% en las exportaciones; Aumento de 200% del precio al p\u00fablico; Ca\u00edda de 20% del consumo per c\u00e1pita. \u0093Nos cuesta creer que el secretario Costa repita las medidas implementadas por Moreno, cuyos [&hellip;]<\/p>\n","protected":false},"author":2,"featured_media":5981,"comment_status":"closed","ping_status":"open","sticky":false,"template":"","format":"standard","meta":{"_acf_changed":false,"footnotes":""},"categories":[56],"tags":[],"class_list":["post-5944","post","type-post","status-publish","format-standard","has-post-thumbnail","hentry","category-infoganadero"],"acf":[],"yoast_head":"<!-- This site is optimized with the Yoast SEO plugin v27.4 - https:\/\/yoast.com\/product\/yoast-seo-wordpress\/ -->\n<title>CICCRA: La Secretar\u00eda de Comercio intervino el mercado de carnes por aumento de precios. | Proagro<\/title>\n<meta name=\"robots\" content=\"index, follow, max-snippet:-1, max-image-preview:large, max-video-preview:-1\" \/>\n<link rel=\"canonical\" href=\"https:\/\/proagrolab.com.ar\/en\/ciccra-la-secretaria-de-comercio-intervino-el-mercado-de-carnes-por-aumento-de-precios\/\" \/>\n<meta property=\"og:locale\" content=\"en_US\" \/>\n<meta property=\"og:type\" content=\"article\" \/>\n<meta property=\"og:title\" content=\"CICCRA: La Secretar\u00eda de Comercio intervino el mercado de carnes por aumento de precios. | Proagro\" \/>\n<meta property=\"og:description\" content=\"Informe econ\u00f3mico mensual N\u00ba 156 de la C\u00e1mara de la Industria y Comercio de Carnes y Derivados de la Rep\u00fablica Argentina (CICCRA). Coincidentemente con la fuerte devaluaci\u00f3n impulsada desde el ministerio de Econom\u00eda, la zona pampeana ha recibido copiosas lluvias que han beneficiado a los cultivos,&nbsp; pero que est\u00e1n provocando serias dificultades en el transporte y, por lo tanto, en el normal abastecimiento de los mercados ganaderos, y esto ha generado un fuerte aumento del precio del ganado que se ha traducido a su vez en un aumento del precio de la carne. Este acontecimiento ha vuelto a generar la intervenci\u00f3n en los mercados de ganados y carnes por parte de la secretar\u00eda de Comercio, hoy en manos de Augusto Costa, que de esta manera reitera lo realizado por Guillermo Moreno. S\u00f3lo para resumir los funestos resultados que gener\u00f3 la pol\u00edtica de Moreno en pocos datos, diremos que: \u0095P\u00e9rdida de 10 millones de cabezas de ganado; Cierre de 130 frigor\u00edficos; P\u00e9rdida de 15.600 puestos de trabajo; Ca\u00edda de 75% en las exportaciones; Aumento de 200% del precio al p\u00fablico; Ca\u00edda de 20% del consumo per c\u00e1pita. \u0093Nos cuesta creer que el secretario Costa repita las medidas implementadas por Moreno, cuyos [&hellip;]\" \/>\n<meta property=\"og:url\" content=\"https:\/\/proagrolab.com.ar\/ciccra-la-secretaria-de-comercio-intervino-el-mercado-de-carnes-por-aumento-de-precios\/\" \/>\n<meta property=\"og:site_name\" content=\"Proagro\" \/>\n<meta property=\"article:publisher\" content=\"http:\/\/www.facebook.com\/proagrolab\" \/>\n<meta property=\"article:published_time\" content=\"2014-02-14T00:00:01+00:00\" \/>\n<meta name=\"author\" content=\"proagrolab\" \/>\n<meta name=\"twitter:card\" content=\"summary_large_image\" \/>\n<meta name=\"twitter:label1\" content=\"Written by\" \/>\n\t<meta name=\"twitter:data1\" content=\"proagrolab\" \/>\n\t<meta name=\"twitter:label2\" content=\"Est. reading time\" \/>\n\t<meta name=\"twitter:data2\" content=\"6 minutes\" \/>\n<script type=\"application\/ld+json\" class=\"yoast-schema-graph\">{\"@context\":\"https:\\\/\\\/schema.org\",\"@graph\":[{\"@type\":\"Article\",\"@id\":\"https:\\\/\\\/proagrolab.com.ar\\\/ciccra-la-secretaria-de-comercio-intervino-el-mercado-de-carnes-por-aumento-de-precios\\\/#article\",\"isPartOf\":{\"@id\":\"https:\\\/\\\/proagrolab.com.ar\\\/ciccra-la-secretaria-de-comercio-intervino-el-mercado-de-carnes-por-aumento-de-precios\\\/\"},\"author\":{\"name\":\"proagrolab\",\"@id\":\"https:\\\/\\\/proagrolab.com.ar\\\/#\\\/schema\\\/person\\\/38003ff90bf80381f71c7d922d207444\"},\"headline\":\"CICCRA: La Secretar\u00eda de Comercio intervino el mercado de carnes por aumento de precios.\",\"datePublished\":\"2014-02-14T00:00:01+00:00\",\"mainEntityOfPage\":{\"@id\":\"https:\\\/\\\/proagrolab.com.ar\\\/ciccra-la-secretaria-de-comercio-intervino-el-mercado-de-carnes-por-aumento-de-precios\\\/\"},\"wordCount\":1266,\"publisher\":{\"@id\":\"https:\\\/\\\/proagrolab.com.ar\\\/#organization\"},\"image\":{\"@id\":\"https:\\\/\\\/proagrolab.com.ar\\\/ciccra-la-secretaria-de-comercio-intervino-el-mercado-de-carnes-por-aumento-de-precios\\\/#primaryimage\"},\"thumbnailUrl\":\"\",\"articleSection\":[\"News\"],\"inLanguage\":\"en-US\"},{\"@type\":\"WebPage\",\"@id\":\"https:\\\/\\\/proagrolab.com.ar\\\/ciccra-la-secretaria-de-comercio-intervino-el-mercado-de-carnes-por-aumento-de-precios\\\/\",\"url\":\"https:\\\/\\\/proagrolab.com.ar\\\/ciccra-la-secretaria-de-comercio-intervino-el-mercado-de-carnes-por-aumento-de-precios\\\/\",\"name\":\"CICCRA: La Secretar\u00eda de Comercio intervino el mercado de carnes por aumento de precios. | Proagro\",\"isPartOf\":{\"@id\":\"https:\\\/\\\/proagrolab.com.ar\\\/#website\"},\"primaryImageOfPage\":{\"@id\":\"https:\\\/\\\/proagrolab.com.ar\\\/ciccra-la-secretaria-de-comercio-intervino-el-mercado-de-carnes-por-aumento-de-precios\\\/#primaryimage\"},\"image\":{\"@id\":\"https:\\\/\\\/proagrolab.com.ar\\\/ciccra-la-secretaria-de-comercio-intervino-el-mercado-de-carnes-por-aumento-de-precios\\\/#primaryimage\"},\"thumbnailUrl\":\"\",\"datePublished\":\"2014-02-14T00:00:01+00:00\",\"breadcrumb\":{\"@id\":\"https:\\\/\\\/proagrolab.com.ar\\\/ciccra-la-secretaria-de-comercio-intervino-el-mercado-de-carnes-por-aumento-de-precios\\\/#breadcrumb\"},\"inLanguage\":\"en-US\",\"potentialAction\":[{\"@type\":\"ReadAction\",\"target\":[\"https:\\\/\\\/proagrolab.com.ar\\\/ciccra-la-secretaria-de-comercio-intervino-el-mercado-de-carnes-por-aumento-de-precios\\\/\"]}]},{\"@type\":\"ImageObject\",\"inLanguage\":\"en-US\",\"@id\":\"https:\\\/\\\/proagrolab.com.ar\\\/ciccra-la-secretaria-de-comercio-intervino-el-mercado-de-carnes-por-aumento-de-precios\\\/#primaryimage\",\"url\":\"\",\"contentUrl\":\"\"},{\"@type\":\"BreadcrumbList\",\"@id\":\"https:\\\/\\\/proagrolab.com.ar\\\/ciccra-la-secretaria-de-comercio-intervino-el-mercado-de-carnes-por-aumento-de-precios\\\/#breadcrumb\",\"itemListElement\":[{\"@type\":\"ListItem\",\"position\":1,\"name\":\"Portada\",\"item\":\"https:\\\/\\\/proagrolab.com.ar\\\/\"},{\"@type\":\"ListItem\",\"position\":2,\"name\":\"CICCRA: La Secretar\u00eda de Comercio intervino el mercado de carnes por aumento de precios.\"}]},{\"@type\":\"WebSite\",\"@id\":\"https:\\\/\\\/proagrolab.com.ar\\\/#website\",\"url\":\"https:\\\/\\\/proagrolab.com.ar\\\/\",\"name\":\"Proagro Laboratorio Veterinario\",\"description\":\"Veterinary laboratory\",\"publisher\":{\"@id\":\"https:\\\/\\\/proagrolab.com.ar\\\/#organization\"},\"potentialAction\":[{\"@type\":\"SearchAction\",\"target\":{\"@type\":\"EntryPoint\",\"urlTemplate\":\"https:\\\/\\\/proagrolab.com.ar\\\/?s={search_term_string}\"},\"query-input\":{\"@type\":\"PropertyValueSpecification\",\"valueRequired\":true,\"valueName\":\"search_term_string\"}}],\"inLanguage\":\"en-US\"},{\"@type\":\"Organization\",\"@id\":\"https:\\\/\\\/proagrolab.com.ar\\\/#organization\",\"name\":\"Proagro\",\"url\":\"https:\\\/\\\/proagrolab.com.ar\\\/\",\"logo\":{\"@type\":\"ImageObject\",\"inLanguage\":\"en-US\",\"@id\":\"https:\\\/\\\/proagrolab.com.ar\\\/#\\\/schema\\\/logo\\\/image\\\/\",\"url\":\"https:\\\/\\\/proagrolab.com.ar\\\/wp-content\\\/uploads\\\/2020\\\/04\\\/logo-retina.png\",\"contentUrl\":\"https:\\\/\\\/proagrolab.com.ar\\\/wp-content\\\/uploads\\\/2020\\\/04\\\/logo-retina.png\",\"width\":478,\"height\":120,\"caption\":\"Proagro\"},\"image\":{\"@id\":\"https:\\\/\\\/proagrolab.com.ar\\\/#\\\/schema\\\/logo\\\/image\\\/\"},\"sameAs\":[\"http:\\\/\\\/www.facebook.com\\\/proagrolab\",\"https:\\\/\\\/www.instagram.com\\\/proagrolab\\\/\",\"https:\\\/\\\/www.linkedin.com\\\/company\\\/laboratorio-proagro-s-a\\\/\"]},{\"@type\":\"Person\",\"@id\":\"https:\\\/\\\/proagrolab.com.ar\\\/#\\\/schema\\\/person\\\/38003ff90bf80381f71c7d922d207444\",\"name\":\"proagrolab\"}]}<\/script>\n<!-- \/ Yoast SEO plugin. -->","yoast_head_json":{"title":"CICCRA: La Secretar\u00eda de Comercio intervino el mercado de carnes por aumento de precios. | Proagro","robots":{"index":"index","follow":"follow","max-snippet":"max-snippet:-1","max-image-preview":"max-image-preview:large","max-video-preview":"max-video-preview:-1"},"canonical":"https:\/\/proagrolab.com.ar\/en\/ciccra-la-secretaria-de-comercio-intervino-el-mercado-de-carnes-por-aumento-de-precios\/","og_locale":"en_US","og_type":"article","og_title":"CICCRA: La Secretar\u00eda de Comercio intervino el mercado de carnes por aumento de precios. | Proagro","og_description":"Informe econ\u00f3mico mensual N\u00ba 156 de la C\u00e1mara de la Industria y Comercio de Carnes y Derivados de la Rep\u00fablica Argentina (CICCRA). Coincidentemente con la fuerte devaluaci\u00f3n impulsada desde el ministerio de Econom\u00eda, la zona pampeana ha recibido copiosas lluvias que han beneficiado a los cultivos,&nbsp; pero que est\u00e1n provocando serias dificultades en el transporte y, por lo tanto, en el normal abastecimiento de los mercados ganaderos, y esto ha generado un fuerte aumento del precio del ganado que se ha traducido a su vez en un aumento del precio de la carne. Este acontecimiento ha vuelto a generar la intervenci\u00f3n en los mercados de ganados y carnes por parte de la secretar\u00eda de Comercio, hoy en manos de Augusto Costa, que de esta manera reitera lo realizado por Guillermo Moreno. S\u00f3lo para resumir los funestos resultados que gener\u00f3 la pol\u00edtica de Moreno en pocos datos, diremos que: \u0095P\u00e9rdida de 10 millones de cabezas de ganado; Cierre de 130 frigor\u00edficos; P\u00e9rdida de 15.600 puestos de trabajo; Ca\u00edda de 75% en las exportaciones; Aumento de 200% del precio al p\u00fablico; Ca\u00edda de 20% del consumo per c\u00e1pita. \u0093Nos cuesta creer que el secretario Costa repita las medidas implementadas por Moreno, cuyos [&hellip;]","og_url":"https:\/\/proagrolab.com.ar\/ciccra-la-secretaria-de-comercio-intervino-el-mercado-de-carnes-por-aumento-de-precios\/","og_site_name":"Proagro","article_publisher":"http:\/\/www.facebook.com\/proagrolab","article_published_time":"2014-02-14T00:00:01+00:00","author":"proagrolab","twitter_card":"summary_large_image","twitter_misc":{"Written by":"proagrolab","Est. reading time":"6 minutes"},"schema":{"@context":"https:\/\/schema.org","@graph":[{"@type":"Article","@id":"https:\/\/proagrolab.com.ar\/ciccra-la-secretaria-de-comercio-intervino-el-mercado-de-carnes-por-aumento-de-precios\/#article","isPartOf":{"@id":"https:\/\/proagrolab.com.ar\/ciccra-la-secretaria-de-comercio-intervino-el-mercado-de-carnes-por-aumento-de-precios\/"},"author":{"name":"proagrolab","@id":"https:\/\/proagrolab.com.ar\/#\/schema\/person\/38003ff90bf80381f71c7d922d207444"},"headline":"CICCRA: La Secretar\u00eda de Comercio intervino el mercado de carnes por aumento de precios.","datePublished":"2014-02-14T00:00:01+00:00","mainEntityOfPage":{"@id":"https:\/\/proagrolab.com.ar\/ciccra-la-secretaria-de-comercio-intervino-el-mercado-de-carnes-por-aumento-de-precios\/"},"wordCount":1266,"publisher":{"@id":"https:\/\/proagrolab.com.ar\/#organization"},"image":{"@id":"https:\/\/proagrolab.com.ar\/ciccra-la-secretaria-de-comercio-intervino-el-mercado-de-carnes-por-aumento-de-precios\/#primaryimage"},"thumbnailUrl":"","articleSection":["News"],"inLanguage":"en-US"},{"@type":"WebPage","@id":"https:\/\/proagrolab.com.ar\/ciccra-la-secretaria-de-comercio-intervino-el-mercado-de-carnes-por-aumento-de-precios\/","url":"https:\/\/proagrolab.com.ar\/ciccra-la-secretaria-de-comercio-intervino-el-mercado-de-carnes-por-aumento-de-precios\/","name":"CICCRA: La Secretar\u00eda de Comercio intervino el mercado de carnes por aumento de precios. | Proagro","isPartOf":{"@id":"https:\/\/proagrolab.com.ar\/#website"},"primaryImageOfPage":{"@id":"https:\/\/proagrolab.com.ar\/ciccra-la-secretaria-de-comercio-intervino-el-mercado-de-carnes-por-aumento-de-precios\/#primaryimage"},"image":{"@id":"https:\/\/proagrolab.com.ar\/ciccra-la-secretaria-de-comercio-intervino-el-mercado-de-carnes-por-aumento-de-precios\/#primaryimage"},"thumbnailUrl":"","datePublished":"2014-02-14T00:00:01+00:00","breadcrumb":{"@id":"https:\/\/proagrolab.com.ar\/ciccra-la-secretaria-de-comercio-intervino-el-mercado-de-carnes-por-aumento-de-precios\/#breadcrumb"},"inLanguage":"en-US","potentialAction":[{"@type":"ReadAction","target":["https:\/\/proagrolab.com.ar\/ciccra-la-secretaria-de-comercio-intervino-el-mercado-de-carnes-por-aumento-de-precios\/"]}]},{"@type":"ImageObject","inLanguage":"en-US","@id":"https:\/\/proagrolab.com.ar\/ciccra-la-secretaria-de-comercio-intervino-el-mercado-de-carnes-por-aumento-de-precios\/#primaryimage","url":"","contentUrl":""},{"@type":"BreadcrumbList","@id":"https:\/\/proagrolab.com.ar\/ciccra-la-secretaria-de-comercio-intervino-el-mercado-de-carnes-por-aumento-de-precios\/#breadcrumb","itemListElement":[{"@type":"ListItem","position":1,"name":"Portada","item":"https:\/\/proagrolab.com.ar\/"},{"@type":"ListItem","position":2,"name":"CICCRA: La Secretar\u00eda de Comercio intervino el mercado de carnes por aumento de precios."}]},{"@type":"WebSite","@id":"https:\/\/proagrolab.com.ar\/#website","url":"https:\/\/proagrolab.com.ar\/","name":"Proagro Laboratorio Veterinario","description":"Veterinary laboratory","publisher":{"@id":"https:\/\/proagrolab.com.ar\/#organization"},"potentialAction":[{"@type":"SearchAction","target":{"@type":"EntryPoint","urlTemplate":"https:\/\/proagrolab.com.ar\/?s={search_term_string}"},"query-input":{"@type":"PropertyValueSpecification","valueRequired":true,"valueName":"search_term_string"}}],"inLanguage":"en-US"},{"@type":"Organization","@id":"https:\/\/proagrolab.com.ar\/#organization","name":"Proagro","url":"https:\/\/proagrolab.com.ar\/","logo":{"@type":"ImageObject","inLanguage":"en-US","@id":"https:\/\/proagrolab.com.ar\/#\/schema\/logo\/image\/","url":"https:\/\/proagrolab.com.ar\/wp-content\/uploads\/2020\/04\/logo-retina.png","contentUrl":"https:\/\/proagrolab.com.ar\/wp-content\/uploads\/2020\/04\/logo-retina.png","width":478,"height":120,"caption":"Proagro"},"image":{"@id":"https:\/\/proagrolab.com.ar\/#\/schema\/logo\/image\/"},"sameAs":["http:\/\/www.facebook.com\/proagrolab","https:\/\/www.instagram.com\/proagrolab\/","https:\/\/www.linkedin.com\/company\/laboratorio-proagro-s-a\/"]},{"@type":"Person","@id":"https:\/\/proagrolab.com.ar\/#\/schema\/person\/38003ff90bf80381f71c7d922d207444","name":"proagrolab"}]}},"_links":{"self":[{"href":"https:\/\/proagrolab.com.ar\/en\/wp-json\/wp\/v2\/posts\/5944","targetHints":{"allow":["GET"]}}],"collection":[{"href":"https:\/\/proagrolab.com.ar\/en\/wp-json\/wp\/v2\/posts"}],"about":[{"href":"https:\/\/proagrolab.com.ar\/en\/wp-json\/wp\/v2\/types\/post"}],"author":[{"embeddable":true,"href":"https:\/\/proagrolab.com.ar\/en\/wp-json\/wp\/v2\/users\/2"}],"replies":[{"embeddable":true,"href":"https:\/\/proagrolab.com.ar\/en\/wp-json\/wp\/v2\/comments?post=5944"}],"version-history":[{"count":0,"href":"https:\/\/proagrolab.com.ar\/en\/wp-json\/wp\/v2\/posts\/5944\/revisions"}],"wp:featuredmedia":[{"embeddable":true,"href":"https:\/\/proagrolab.com.ar\/en\/wp-json\/wp\/v2\/posts\/5981"}],"wp:attachment":[{"href":"https:\/\/proagrolab.com.ar\/en\/wp-json\/wp\/v2\/media?parent=5944"}],"wp:term":[{"taxonomy":"category","embeddable":true,"href":"https:\/\/proagrolab.com.ar\/en\/wp-json\/wp\/v2\/categories?post=5944"},{"taxonomy":"post_tag","embeddable":true,"href":"https:\/\/proagrolab.com.ar\/en\/wp-json\/wp\/v2\/tags?post=5944"}],"curies":[{"name":"wp","href":"https:\/\/api.w.org\/{rel}","templated":true}]}}