{"id":5942,"date":"2014-02-13T00:00:01","date_gmt":"2014-02-13T00:00:01","guid":{"rendered":"https:\/\/proagrolab.com.ar\/argentina-marfrig-suspende-operaciones-en-dos-frigorificos-por-poca-previsibilidad-del-negocio\/"},"modified":"2014-02-13T00:00:01","modified_gmt":"2014-02-13T00:00:01","slug":"argentina-marfrig-suspende-operaciones-en-dos-frigorificos-por-poca-previsibilidad-del-negocio","status":"publish","type":"post","link":"https:\/\/proagrolab.com.ar\/en\/argentina-marfrig-suspende-operaciones-en-dos-frigorificos-por-poca-previsibilidad-del-negocio\/","title":{"rendered":"Argentina: Marfrig suspende operaciones en dos frigor\u00edficos por poca previsibilidad del negocio."},"content":{"rendered":"<p class=\"qtranxs-available-languages-message qtranxs-available-languages-message-en\"> <\/p><p>Marfrig Global Foods, la segunda mayor procesadora de carne en Brasil, recientemente suspendi\u00f3 operaciones en dos frigor\u00edficos de Argentina por &#8220;poca previsibilidad del negocio&#8221; en el pa\u00eds y transferir\u00e1 su unidad Beef Brasil al estado de S\u00e3o Paulo hasta a fines de marzo.<\/p>\n<p>Seg\u00fan el diario Clar\u00edn, la compa\u00f1\u00eda cerr\u00f3 por tiempo temporario su frigor\u00edfico en las ciudades de Hughes y Unquillo, en las provincias de Santa F\u00e9 y C\u00f3rdoba, respectivamente. La compa\u00f1\u00eda no dio declaraci\u00f3n sobre el asunto.<\/p>\n<p>El diario inform\u00f3 que este cierre temporal se debi\u00f3 a razones financieras, a la falta de ganado para sacrificio y a la &#8220;poca previsibilidad del negocio&#8221; en Argentina. Fuentes dijeron a Clar\u00edn que el gobierno deber\u00eda a Marfrig aproximadamente AR $ 10 millones (US$1,3 millones) por la retenci\u00f3n del Impuesto al Valor Agregado (IVA).<\/p>\n<p>Con el cierre temporal de dos unidades, Marfrig se queda con una planta en Argentina, ubicada en la ciudad de Villa Mercedes, provincia de San Luis.<\/p>\n<p>La unidad de negocios de Marfrig Beef Brasil tambi\u00e9n ser\u00e1 transferida de Santo Andr\u00e9 para Itupeva, ambos en el estado de Sao Paulo y a 97 kil\u00f3metros de distancia, actividad que se llevar\u00e1 a cabo a fines de marzo, Esto afectar\u00e1 a unos 280 empleados de los departamentos de recursos humanos, finanzas, negocios y tecnolog\u00eda inform\u00e1tica.<\/p>\n<p>Los funcionarios comunicaron que planean protestar frente a la sede de Marfrig, solicitando ayuda a la empresa en el translado a otra ciudad y la opci\u00f3n de Plan de Retiro Voluntario.<\/p>\n<p>Fuente: Carnetec, 13 de febrero.<br \/><\/p>","protected":false},"excerpt":{"rendered":"<p>Marfrig Global Foods, la segunda mayor procesadora de carne en Brasil, recientemente suspendi\u00f3 operaciones en dos frigor\u00edficos de Argentina por &#8220;poca previsibilidad del negocio&#8221; en el pa\u00eds y transferir\u00e1 su unidad Beef Brasil al estado de S\u00e3o Paulo hasta a fines de marzo. Seg\u00fan el diario Clar\u00edn, la compa\u00f1\u00eda cerr\u00f3 por tiempo temporario su frigor\u00edfico en las ciudades de Hughes y Unquillo, en las provincias de Santa F\u00e9 y C\u00f3rdoba, respectivamente. La compa\u00f1\u00eda no dio declaraci\u00f3n sobre el asunto. El diario inform\u00f3 que este cierre temporal se debi\u00f3 a razones financieras, a la falta de ganado para sacrificio y a la &#8220;poca previsibilidad del negocio&#8221; en Argentina. Fuentes dijeron a Clar\u00edn que el gobierno deber\u00eda a Marfrig aproximadamente AR $ 10 millones (US$1,3 millones) por la retenci\u00f3n del Impuesto al Valor Agregado (IVA). Con el cierre temporal de dos unidades, Marfrig se queda con una planta en Argentina, ubicada en la ciudad de Villa Mercedes, provincia de San Luis. La unidad de negocios de Marfrig Beef Brasil tambi\u00e9n ser\u00e1 transferida de Santo Andr\u00e9 para Itupeva, ambos en el estado de Sao Paulo y a 97 kil\u00f3metros de distancia, actividad que se llevar\u00e1 a cabo a fines de marzo, Esto afectar\u00e1 [&hellip;]<\/p>\n","protected":false},"author":2,"featured_media":2429,"comment_status":"closed","ping_status":"open","sticky":false,"template":"","format":"standard","meta":{"_acf_changed":false,"footnotes":""},"categories":[56],"tags":[],"class_list":["post-5942","post","type-post","status-publish","format-standard","has-post-thumbnail","hentry","category-infoganadero"],"acf":[],"yoast_head":"<!-- This site is optimized with the Yoast SEO plugin v27.4 - https:\/\/yoast.com\/product\/yoast-seo-wordpress\/ -->\n<title>Argentina: Marfrig suspende operaciones en dos frigor\u00edficos por poca previsibilidad del negocio. | Proagro<\/title>\n<meta name=\"robots\" content=\"index, follow, max-snippet:-1, max-image-preview:large, max-video-preview:-1\" \/>\n<link rel=\"canonical\" href=\"https:\/\/proagrolab.com.ar\/en\/argentina-marfrig-suspende-operaciones-en-dos-frigorificos-por-poca-previsibilidad-del-negocio\/\" \/>\n<meta property=\"og:locale\" content=\"en_US\" \/>\n<meta property=\"og:type\" content=\"article\" \/>\n<meta property=\"og:title\" content=\"Argentina: Marfrig suspende operaciones en dos frigor\u00edficos por poca previsibilidad del negocio. | Proagro\" \/>\n<meta property=\"og:description\" content=\"Marfrig Global Foods, la segunda mayor procesadora de carne en Brasil, recientemente suspendi\u00f3 operaciones en dos frigor\u00edficos de Argentina por &#8220;poca previsibilidad del negocio&#8221; en el pa\u00eds y transferir\u00e1 su unidad Beef Brasil al estado de S\u00e3o Paulo hasta a fines de marzo. Seg\u00fan el diario Clar\u00edn, la compa\u00f1\u00eda cerr\u00f3 por tiempo temporario su frigor\u00edfico en las ciudades de Hughes y Unquillo, en las provincias de Santa F\u00e9 y C\u00f3rdoba, respectivamente. La compa\u00f1\u00eda no dio declaraci\u00f3n sobre el asunto. El diario inform\u00f3 que este cierre temporal se debi\u00f3 a razones financieras, a la falta de ganado para sacrificio y a la &#8220;poca previsibilidad del negocio&#8221; en Argentina. Fuentes dijeron a Clar\u00edn que el gobierno deber\u00eda a Marfrig aproximadamente AR $ 10 millones (US$1,3 millones) por la retenci\u00f3n del Impuesto al Valor Agregado (IVA). Con el cierre temporal de dos unidades, Marfrig se queda con una planta en Argentina, ubicada en la ciudad de Villa Mercedes, provincia de San Luis. La unidad de negocios de Marfrig Beef Brasil tambi\u00e9n ser\u00e1 transferida de Santo Andr\u00e9 para Itupeva, ambos en el estado de Sao Paulo y a 97 kil\u00f3metros de distancia, actividad que se llevar\u00e1 a cabo a fines de marzo, Esto afectar\u00e1 [&hellip;]\" \/>\n<meta property=\"og:url\" content=\"https:\/\/proagrolab.com.ar\/argentina-marfrig-suspende-operaciones-en-dos-frigorificos-por-poca-previsibilidad-del-negocio\/\" \/>\n<meta property=\"og:site_name\" content=\"Proagro\" \/>\n<meta property=\"article:publisher\" content=\"http:\/\/www.facebook.com\/proagrolab\" \/>\n<meta property=\"article:published_time\" content=\"2014-02-13T00:00:01+00:00\" \/>\n<meta property=\"og:image\" content=\"https:\/\/proagrolab.com.ar\/wp-content\/uploads\/2015\/01\/g_cw5e2zmwy__Frigor\u00edfico-2.jpg\" \/>\n\t<meta property=\"og:image:width\" content=\"1\" \/>\n\t<meta property=\"og:image:height\" content=\"1\" \/>\n\t<meta property=\"og:image:type\" content=\"image\/jpeg\" \/>\n<meta name=\"author\" content=\"proagrolab\" \/>\n<meta name=\"twitter:card\" content=\"summary_large_image\" \/>\n<meta name=\"twitter:label1\" content=\"Written by\" \/>\n\t<meta name=\"twitter:data1\" content=\"proagrolab\" \/>\n\t<meta name=\"twitter:label2\" content=\"Est. reading time\" \/>\n\t<meta name=\"twitter:data2\" content=\"1 minute\" \/>\n<script type=\"application\/ld+json\" class=\"yoast-schema-graph\">{\"@context\":\"https:\\\/\\\/schema.org\",\"@graph\":[{\"@type\":\"Article\",\"@id\":\"https:\\\/\\\/proagrolab.com.ar\\\/argentina-marfrig-suspende-operaciones-en-dos-frigorificos-por-poca-previsibilidad-del-negocio\\\/#article\",\"isPartOf\":{\"@id\":\"https:\\\/\\\/proagrolab.com.ar\\\/argentina-marfrig-suspende-operaciones-en-dos-frigorificos-por-poca-previsibilidad-del-negocio\\\/\"},\"author\":{\"name\":\"proagrolab\",\"@id\":\"https:\\\/\\\/proagrolab.com.ar\\\/#\\\/schema\\\/person\\\/38003ff90bf80381f71c7d922d207444\"},\"headline\":\"Argentina: Marfrig suspende operaciones en dos frigor\u00edficos por poca previsibilidad del negocio.\",\"datePublished\":\"2014-02-13T00:00:01+00:00\",\"mainEntityOfPage\":{\"@id\":\"https:\\\/\\\/proagrolab.com.ar\\\/argentina-marfrig-suspende-operaciones-en-dos-frigorificos-por-poca-previsibilidad-del-negocio\\\/\"},\"wordCount\":277,\"publisher\":{\"@id\":\"https:\\\/\\\/proagrolab.com.ar\\\/#organization\"},\"image\":{\"@id\":\"https:\\\/\\\/proagrolab.com.ar\\\/argentina-marfrig-suspende-operaciones-en-dos-frigorificos-por-poca-previsibilidad-del-negocio\\\/#primaryimage\"},\"thumbnailUrl\":\"https:\\\/\\\/proagrolab.com.ar\\\/wp-content\\\/uploads\\\/2015\\\/01\\\/g_cw5e2zmwy__Frigor\u00edfico-2.jpg\",\"articleSection\":[\"News\"],\"inLanguage\":\"en-US\"},{\"@type\":\"WebPage\",\"@id\":\"https:\\\/\\\/proagrolab.com.ar\\\/argentina-marfrig-suspende-operaciones-en-dos-frigorificos-por-poca-previsibilidad-del-negocio\\\/\",\"url\":\"https:\\\/\\\/proagrolab.com.ar\\\/argentina-marfrig-suspende-operaciones-en-dos-frigorificos-por-poca-previsibilidad-del-negocio\\\/\",\"name\":\"Argentina: Marfrig suspende operaciones en dos frigor\u00edficos por poca previsibilidad del negocio. | Proagro\",\"isPartOf\":{\"@id\":\"https:\\\/\\\/proagrolab.com.ar\\\/#website\"},\"primaryImageOfPage\":{\"@id\":\"https:\\\/\\\/proagrolab.com.ar\\\/argentina-marfrig-suspende-operaciones-en-dos-frigorificos-por-poca-previsibilidad-del-negocio\\\/#primaryimage\"},\"image\":{\"@id\":\"https:\\\/\\\/proagrolab.com.ar\\\/argentina-marfrig-suspende-operaciones-en-dos-frigorificos-por-poca-previsibilidad-del-negocio\\\/#primaryimage\"},\"thumbnailUrl\":\"https:\\\/\\\/proagrolab.com.ar\\\/wp-content\\\/uploads\\\/2015\\\/01\\\/g_cw5e2zmwy__Frigor\u00edfico-2.jpg\",\"datePublished\":\"2014-02-13T00:00:01+00:00\",\"breadcrumb\":{\"@id\":\"https:\\\/\\\/proagrolab.com.ar\\\/argentina-marfrig-suspende-operaciones-en-dos-frigorificos-por-poca-previsibilidad-del-negocio\\\/#breadcrumb\"},\"inLanguage\":\"en-US\",\"potentialAction\":[{\"@type\":\"ReadAction\",\"target\":[\"https:\\\/\\\/proagrolab.com.ar\\\/argentina-marfrig-suspende-operaciones-en-dos-frigorificos-por-poca-previsibilidad-del-negocio\\\/\"]}]},{\"@type\":\"ImageObject\",\"inLanguage\":\"en-US\",\"@id\":\"https:\\\/\\\/proagrolab.com.ar\\\/argentina-marfrig-suspende-operaciones-en-dos-frigorificos-por-poca-previsibilidad-del-negocio\\\/#primaryimage\",\"url\":\"https:\\\/\\\/proagrolab.com.ar\\\/wp-content\\\/uploads\\\/2015\\\/01\\\/g_cw5e2zmwy__Frigor\u00edfico-2.jpg\",\"contentUrl\":\"https:\\\/\\\/proagrolab.com.ar\\\/wp-content\\\/uploads\\\/2015\\\/01\\\/g_cw5e2zmwy__Frigor\u00edfico-2.jpg\"},{\"@type\":\"BreadcrumbList\",\"@id\":\"https:\\\/\\\/proagrolab.com.ar\\\/argentina-marfrig-suspende-operaciones-en-dos-frigorificos-por-poca-previsibilidad-del-negocio\\\/#breadcrumb\",\"itemListElement\":[{\"@type\":\"ListItem\",\"position\":1,\"name\":\"Portada\",\"item\":\"https:\\\/\\\/proagrolab.com.ar\\\/\"},{\"@type\":\"ListItem\",\"position\":2,\"name\":\"Argentina: Marfrig suspende operaciones en dos frigor\u00edficos por poca previsibilidad del negocio.\"}]},{\"@type\":\"WebSite\",\"@id\":\"https:\\\/\\\/proagrolab.com.ar\\\/#website\",\"url\":\"https:\\\/\\\/proagrolab.com.ar\\\/\",\"name\":\"Proagro Laboratorio Veterinario\",\"description\":\"Veterinary laboratory\",\"publisher\":{\"@id\":\"https:\\\/\\\/proagrolab.com.ar\\\/#organization\"},\"potentialAction\":[{\"@type\":\"SearchAction\",\"target\":{\"@type\":\"EntryPoint\",\"urlTemplate\":\"https:\\\/\\\/proagrolab.com.ar\\\/?s={search_term_string}\"},\"query-input\":{\"@type\":\"PropertyValueSpecification\",\"valueRequired\":true,\"valueName\":\"search_term_string\"}}],\"inLanguage\":\"en-US\"},{\"@type\":\"Organization\",\"@id\":\"https:\\\/\\\/proagrolab.com.ar\\\/#organization\",\"name\":\"Proagro\",\"url\":\"https:\\\/\\\/proagrolab.com.ar\\\/\",\"logo\":{\"@type\":\"ImageObject\",\"inLanguage\":\"en-US\",\"@id\":\"https:\\\/\\\/proagrolab.com.ar\\\/#\\\/schema\\\/logo\\\/image\\\/\",\"url\":\"https:\\\/\\\/proagrolab.com.ar\\\/wp-content\\\/uploads\\\/2020\\\/04\\\/logo-retina.png\",\"contentUrl\":\"https:\\\/\\\/proagrolab.com.ar\\\/wp-content\\\/uploads\\\/2020\\\/04\\\/logo-retina.png\",\"width\":478,\"height\":120,\"caption\":\"Proagro\"},\"image\":{\"@id\":\"https:\\\/\\\/proagrolab.com.ar\\\/#\\\/schema\\\/logo\\\/image\\\/\"},\"sameAs\":[\"http:\\\/\\\/www.facebook.com\\\/proagrolab\",\"https:\\\/\\\/www.instagram.com\\\/proagrolab\\\/\",\"https:\\\/\\\/www.linkedin.com\\\/company\\\/laboratorio-proagro-s-a\\\/\"]},{\"@type\":\"Person\",\"@id\":\"https:\\\/\\\/proagrolab.com.ar\\\/#\\\/schema\\\/person\\\/38003ff90bf80381f71c7d922d207444\",\"name\":\"proagrolab\"}]}<\/script>\n<!-- \/ Yoast SEO plugin. -->","yoast_head_json":{"title":"Argentina: Marfrig suspende operaciones en dos frigor\u00edficos por poca previsibilidad del negocio. | Proagro","robots":{"index":"index","follow":"follow","max-snippet":"max-snippet:-1","max-image-preview":"max-image-preview:large","max-video-preview":"max-video-preview:-1"},"canonical":"https:\/\/proagrolab.com.ar\/en\/argentina-marfrig-suspende-operaciones-en-dos-frigorificos-por-poca-previsibilidad-del-negocio\/","og_locale":"en_US","og_type":"article","og_title":"Argentina: Marfrig suspende operaciones en dos frigor\u00edficos por poca previsibilidad del negocio. | Proagro","og_description":"Marfrig Global Foods, la segunda mayor procesadora de carne en Brasil, recientemente suspendi\u00f3 operaciones en dos frigor\u00edficos de Argentina por &#8220;poca previsibilidad del negocio&#8221; en el pa\u00eds y transferir\u00e1 su unidad Beef Brasil al estado de S\u00e3o Paulo hasta a fines de marzo. Seg\u00fan el diario Clar\u00edn, la compa\u00f1\u00eda cerr\u00f3 por tiempo temporario su frigor\u00edfico en las ciudades de Hughes y Unquillo, en las provincias de Santa F\u00e9 y C\u00f3rdoba, respectivamente. La compa\u00f1\u00eda no dio declaraci\u00f3n sobre el asunto. El diario inform\u00f3 que este cierre temporal se debi\u00f3 a razones financieras, a la falta de ganado para sacrificio y a la &#8220;poca previsibilidad del negocio&#8221; en Argentina. Fuentes dijeron a Clar\u00edn que el gobierno deber\u00eda a Marfrig aproximadamente AR $ 10 millones (US$1,3 millones) por la retenci\u00f3n del Impuesto al Valor Agregado (IVA). Con el cierre temporal de dos unidades, Marfrig se queda con una planta en Argentina, ubicada en la ciudad de Villa Mercedes, provincia de San Luis. La unidad de negocios de Marfrig Beef Brasil tambi\u00e9n ser\u00e1 transferida de Santo Andr\u00e9 para Itupeva, ambos en el estado de Sao Paulo y a 97 kil\u00f3metros de distancia, actividad que se llevar\u00e1 a cabo a fines de marzo, Esto afectar\u00e1 [&hellip;]","og_url":"https:\/\/proagrolab.com.ar\/argentina-marfrig-suspende-operaciones-en-dos-frigorificos-por-poca-previsibilidad-del-negocio\/","og_site_name":"Proagro","article_publisher":"http:\/\/www.facebook.com\/proagrolab","article_published_time":"2014-02-13T00:00:01+00:00","og_image":[{"url":"https:\/\/proagrolab.com.ar\/wp-content\/uploads\/2015\/01\/g_cw5e2zmwy__Frigor\u00edfico-2.jpg","width":1,"height":1,"type":"image\/jpeg"}],"author":"proagrolab","twitter_card":"summary_large_image","twitter_misc":{"Written by":"proagrolab","Est. reading time":"1 minute"},"schema":{"@context":"https:\/\/schema.org","@graph":[{"@type":"Article","@id":"https:\/\/proagrolab.com.ar\/argentina-marfrig-suspende-operaciones-en-dos-frigorificos-por-poca-previsibilidad-del-negocio\/#article","isPartOf":{"@id":"https:\/\/proagrolab.com.ar\/argentina-marfrig-suspende-operaciones-en-dos-frigorificos-por-poca-previsibilidad-del-negocio\/"},"author":{"name":"proagrolab","@id":"https:\/\/proagrolab.com.ar\/#\/schema\/person\/38003ff90bf80381f71c7d922d207444"},"headline":"Argentina: Marfrig suspende operaciones en dos frigor\u00edficos por poca previsibilidad del negocio.","datePublished":"2014-02-13T00:00:01+00:00","mainEntityOfPage":{"@id":"https:\/\/proagrolab.com.ar\/argentina-marfrig-suspende-operaciones-en-dos-frigorificos-por-poca-previsibilidad-del-negocio\/"},"wordCount":277,"publisher":{"@id":"https:\/\/proagrolab.com.ar\/#organization"},"image":{"@id":"https:\/\/proagrolab.com.ar\/argentina-marfrig-suspende-operaciones-en-dos-frigorificos-por-poca-previsibilidad-del-negocio\/#primaryimage"},"thumbnailUrl":"https:\/\/proagrolab.com.ar\/wp-content\/uploads\/2015\/01\/g_cw5e2zmwy__Frigor\u00edfico-2.jpg","articleSection":["News"],"inLanguage":"en-US"},{"@type":"WebPage","@id":"https:\/\/proagrolab.com.ar\/argentina-marfrig-suspende-operaciones-en-dos-frigorificos-por-poca-previsibilidad-del-negocio\/","url":"https:\/\/proagrolab.com.ar\/argentina-marfrig-suspende-operaciones-en-dos-frigorificos-por-poca-previsibilidad-del-negocio\/","name":"Argentina: Marfrig suspende operaciones en dos frigor\u00edficos por poca previsibilidad del negocio. | Proagro","isPartOf":{"@id":"https:\/\/proagrolab.com.ar\/#website"},"primaryImageOfPage":{"@id":"https:\/\/proagrolab.com.ar\/argentina-marfrig-suspende-operaciones-en-dos-frigorificos-por-poca-previsibilidad-del-negocio\/#primaryimage"},"image":{"@id":"https:\/\/proagrolab.com.ar\/argentina-marfrig-suspende-operaciones-en-dos-frigorificos-por-poca-previsibilidad-del-negocio\/#primaryimage"},"thumbnailUrl":"https:\/\/proagrolab.com.ar\/wp-content\/uploads\/2015\/01\/g_cw5e2zmwy__Frigor\u00edfico-2.jpg","datePublished":"2014-02-13T00:00:01+00:00","breadcrumb":{"@id":"https:\/\/proagrolab.com.ar\/argentina-marfrig-suspende-operaciones-en-dos-frigorificos-por-poca-previsibilidad-del-negocio\/#breadcrumb"},"inLanguage":"en-US","potentialAction":[{"@type":"ReadAction","target":["https:\/\/proagrolab.com.ar\/argentina-marfrig-suspende-operaciones-en-dos-frigorificos-por-poca-previsibilidad-del-negocio\/"]}]},{"@type":"ImageObject","inLanguage":"en-US","@id":"https:\/\/proagrolab.com.ar\/argentina-marfrig-suspende-operaciones-en-dos-frigorificos-por-poca-previsibilidad-del-negocio\/#primaryimage","url":"https:\/\/proagrolab.com.ar\/wp-content\/uploads\/2015\/01\/g_cw5e2zmwy__Frigor\u00edfico-2.jpg","contentUrl":"https:\/\/proagrolab.com.ar\/wp-content\/uploads\/2015\/01\/g_cw5e2zmwy__Frigor\u00edfico-2.jpg"},{"@type":"BreadcrumbList","@id":"https:\/\/proagrolab.com.ar\/argentina-marfrig-suspende-operaciones-en-dos-frigorificos-por-poca-previsibilidad-del-negocio\/#breadcrumb","itemListElement":[{"@type":"ListItem","position":1,"name":"Portada","item":"https:\/\/proagrolab.com.ar\/"},{"@type":"ListItem","position":2,"name":"Argentina: Marfrig suspende operaciones en dos frigor\u00edficos por poca previsibilidad del negocio."}]},{"@type":"WebSite","@id":"https:\/\/proagrolab.com.ar\/#website","url":"https:\/\/proagrolab.com.ar\/","name":"Proagro Laboratorio Veterinario","description":"Veterinary laboratory","publisher":{"@id":"https:\/\/proagrolab.com.ar\/#organization"},"potentialAction":[{"@type":"SearchAction","target":{"@type":"EntryPoint","urlTemplate":"https:\/\/proagrolab.com.ar\/?s={search_term_string}"},"query-input":{"@type":"PropertyValueSpecification","valueRequired":true,"valueName":"search_term_string"}}],"inLanguage":"en-US"},{"@type":"Organization","@id":"https:\/\/proagrolab.com.ar\/#organization","name":"Proagro","url":"https:\/\/proagrolab.com.ar\/","logo":{"@type":"ImageObject","inLanguage":"en-US","@id":"https:\/\/proagrolab.com.ar\/#\/schema\/logo\/image\/","url":"https:\/\/proagrolab.com.ar\/wp-content\/uploads\/2020\/04\/logo-retina.png","contentUrl":"https:\/\/proagrolab.com.ar\/wp-content\/uploads\/2020\/04\/logo-retina.png","width":478,"height":120,"caption":"Proagro"},"image":{"@id":"https:\/\/proagrolab.com.ar\/#\/schema\/logo\/image\/"},"sameAs":["http:\/\/www.facebook.com\/proagrolab","https:\/\/www.instagram.com\/proagrolab\/","https:\/\/www.linkedin.com\/company\/laboratorio-proagro-s-a\/"]},{"@type":"Person","@id":"https:\/\/proagrolab.com.ar\/#\/schema\/person\/38003ff90bf80381f71c7d922d207444","name":"proagrolab"}]}},"_links":{"self":[{"href":"https:\/\/proagrolab.com.ar\/en\/wp-json\/wp\/v2\/posts\/5942","targetHints":{"allow":["GET"]}}],"collection":[{"href":"https:\/\/proagrolab.com.ar\/en\/wp-json\/wp\/v2\/posts"}],"about":[{"href":"https:\/\/proagrolab.com.ar\/en\/wp-json\/wp\/v2\/types\/post"}],"author":[{"embeddable":true,"href":"https:\/\/proagrolab.com.ar\/en\/wp-json\/wp\/v2\/users\/2"}],"replies":[{"embeddable":true,"href":"https:\/\/proagrolab.com.ar\/en\/wp-json\/wp\/v2\/comments?post=5942"}],"version-history":[{"count":0,"href":"https:\/\/proagrolab.com.ar\/en\/wp-json\/wp\/v2\/posts\/5942\/revisions"}],"wp:featuredmedia":[{"embeddable":true,"href":"https:\/\/proagrolab.com.ar\/en\/wp-json\/wp\/v2\/media\/2429"}],"wp:attachment":[{"href":"https:\/\/proagrolab.com.ar\/en\/wp-json\/wp\/v2\/media?parent=5942"}],"wp:term":[{"taxonomy":"category","embeddable":true,"href":"https:\/\/proagrolab.com.ar\/en\/wp-json\/wp\/v2\/categories?post=5942"},{"taxonomy":"post_tag","embeddable":true,"href":"https:\/\/proagrolab.com.ar\/en\/wp-json\/wp\/v2\/tags?post=5942"}],"curies":[{"name":"wp","href":"https:\/\/api.w.org\/{rel}","templated":true}]}}