{"id":5941,"date":"2014-02-13T00:00:01","date_gmt":"2014-02-13T00:00:01","guid":{"rendered":"https:\/\/proagrolab.com.ar\/abogada-teme-por-su-vida-por-un-caso-que-lleva-en-reconquista\/"},"modified":"2014-02-13T00:00:01","modified_gmt":"2014-02-13T00:00:01","slug":"abogada-teme-por-su-vida-por-un-caso-que-lleva-en-reconquista","status":"publish","type":"post","link":"https:\/\/proagrolab.com.ar\/en\/abogada-teme-por-su-vida-por-un-caso-que-lleva-en-reconquista\/","title":{"rendered":"Abogada teme por su vida por un caso que lleva en Reconquista."},"content":{"rendered":"<p class=\"qtranxs-available-languages-message qtranxs-available-languages-message-en\"> <\/p><p>Desde 2009 Luciana Gonz\u00e1lez tiene a su cargo una causa por abigeato, famosa en el norte santafesino porque propici\u00f3 el desplazamiento de un juez y complica a funcionarios del Senasa y a polic\u00edas rurales. Pero ahora tiene miedo, le cortaron los frenos de su auto.<\/p>\n<p>Luciana Gonz\u00e1lez es una abogada rosarina que teme por su vida por un caso que lleva adelante en Reconquista. Desde 2009, la letrada tiene a su cargo una causa por abigeato, famosa en el norte santafesino porque propici\u00f3 el desplazamiento de un juez y complica a funcionarios del Servicio Nacional de Sanidad y Calidad Agroalimentaria (Senasa) y a polic\u00edas rurales. Pero ahora tiene miedo. Se\u00f1al\u00f3 que las amenazas en su contra se multiplican. En dos oportunidades intentaron robarle las pruebas del caso e incluso le cortaron los frenos de su auto. Cree que desde el Colegio de Abogados le soltaron la mano y se siente indefensa.<\/p>\n<p>En di\u00e1logo con Radi\u00f3polis, el programa que conduce Roberto Caferra por Radio 2, Gonz\u00e1lez se\u00f1al\u00f3 que desde que comenz\u00f3 el proceso \u0096por el robo de 1.264 cabezas de ganado en el marco de un juicio sucesorio\u0096 fue blanco de amenazas. Sin embargo, no fue hasta hace poco m\u00e1s de una semana, que los mensajes intimidatorios tomaron otro color. Uno m\u00e1s oscuro.<\/p>\n<p>El 1\u00ba de febrero \u0096cont\u00f3\u0096, regres\u00f3 a la casa que alquila en Reconquista, donde se queda cuando necesita trabajar en el caso, pero ya en la puerta not\u00f3 algo raro. Las luces que hab\u00eda dejado prendidas estaban apagadas y adem\u00e1s, la cerradura estaba trabada. Cuanto entr\u00f3, not\u00f3 que sus papeles y carpetas hab\u00edan sido movidas de lugar. \u0093Todo muy sigiloso, como para que no me de cuenta\u0094, apunt\u00f3.<\/p>\n<p>Pero lo que sucedi\u00f3 al d\u00eda siguiente la dej\u00f3 helada. Por consejo de un colega llev\u00f3 su auto al taller. El mec\u00e1nico le dijo que los frenos ABS del coche hab\u00edan sido cortados.<\/p>\n<p>Para la letrada fue la gota que colm\u00f3 el vaso. Ya con el apartamiento del juez Virgilio Palud por irregularidades e incumplimiento de sus deberes de funcionario p\u00fablico \u0096ahora sigue el caso el juez Jorge Galbucera\u0096, las amenazas se hab\u00edan intensificado con llamadas agresivas en fechas especiales \u0096como su cumplea\u00f1os\u0096 hasta visitas a su propia casa.<\/p>\n<p>El 23 de diciembre de 2012, apenas 15 minutos luego de abandonar un domicilio que ten\u00eda en Romang, cuatro personas intentaron ingresar a su casa, tal vez con el objetivo \u0096desliz\u00f3\u0096 de robarle la documental de su custodia.<\/p>\n<p>No obstante, nunca pens\u00f3 que planearan atentar contra su vida. Por ello, ante la falta de respuestas del Colegio de Abogados local, decidi\u00f3 pedir protecci\u00f3n a la Justicia y a tal efecto present\u00f3 una nota el 5 de febrero pasado. Tampoco obtuvo respuestas.<\/p>\n<p>Sorprendido por esto \u00faltimo, Juan Manuel Constantini, vocal por la oposici\u00f3n del Colegio, se\u00f1al\u00f3, tambi\u00e9n en contacto con la radio, que el directorio nunca inform\u00f3 a sus miembros sobre tal pedido y asegur\u00f3 que la instituci\u00f3n tiene la \u0093obligaci\u00f3n, desde el punto de vista humano y del ejercicio profesional\u0094, de tender una ayuda a la colega. Tambi\u00e9n pidi\u00f3 por la intervenci\u00f3n del Ministerio de Justicia.<\/p>\n<p>Fuente: Rosario3.com, 13 de febrero.<br \/><\/p>","protected":false},"excerpt":{"rendered":"<p>Desde 2009 Luciana Gonz\u00e1lez tiene a su cargo una causa por abigeato, famosa en el norte santafesino porque propici\u00f3 el desplazamiento de un juez y complica a funcionarios del Senasa y a polic\u00edas rurales. Pero ahora tiene miedo, le cortaron los frenos de su auto. Luciana Gonz\u00e1lez es una abogada rosarina que teme por su vida por un caso que lleva adelante en Reconquista. Desde 2009, la letrada tiene a su cargo una causa por abigeato, famosa en el norte santafesino porque propici\u00f3 el desplazamiento de un juez y complica a funcionarios del Servicio Nacional de Sanidad y Calidad Agroalimentaria (Senasa) y a polic\u00edas rurales. Pero ahora tiene miedo. Se\u00f1al\u00f3 que las amenazas en su contra se multiplican. En dos oportunidades intentaron robarle las pruebas del caso e incluso le cortaron los frenos de su auto. Cree que desde el Colegio de Abogados le soltaron la mano y se siente indefensa. En di\u00e1logo con Radi\u00f3polis, el programa que conduce Roberto Caferra por Radio 2, Gonz\u00e1lez se\u00f1al\u00f3 que desde que comenz\u00f3 el proceso \u0096por el robo de 1.264 cabezas de ganado en el marco de un juicio sucesorio\u0096 fue blanco de amenazas. Sin embargo, no fue hasta hace poco m\u00e1s de [&hellip;]<\/p>\n","protected":false},"author":2,"featured_media":2428,"comment_status":"closed","ping_status":"open","sticky":false,"template":"","format":"standard","meta":{"_acf_changed":false,"footnotes":""},"categories":[56],"tags":[],"class_list":["post-5941","post","type-post","status-publish","format-standard","has-post-thumbnail","hentry","category-infoganadero"],"acf":[],"yoast_head":"<!-- This site is optimized with the Yoast SEO plugin v27.4 - https:\/\/yoast.com\/product\/yoast-seo-wordpress\/ -->\n<title>Abogada teme por su vida por un caso que lleva en Reconquista. | Proagro<\/title>\n<meta name=\"robots\" content=\"index, follow, max-snippet:-1, max-image-preview:large, max-video-preview:-1\" \/>\n<link rel=\"canonical\" href=\"https:\/\/proagrolab.com.ar\/en\/abogada-teme-por-su-vida-por-un-caso-que-lleva-en-reconquista\/\" \/>\n<meta property=\"og:locale\" content=\"en_US\" \/>\n<meta property=\"og:type\" content=\"article\" \/>\n<meta property=\"og:title\" content=\"Abogada teme por su vida por un caso que lleva en Reconquista. | Proagro\" \/>\n<meta property=\"og:description\" content=\"Desde 2009 Luciana Gonz\u00e1lez tiene a su cargo una causa por abigeato, famosa en el norte santafesino porque propici\u00f3 el desplazamiento de un juez y complica a funcionarios del Senasa y a polic\u00edas rurales. Pero ahora tiene miedo, le cortaron los frenos de su auto. Luciana Gonz\u00e1lez es una abogada rosarina que teme por su vida por un caso que lleva adelante en Reconquista. Desde 2009, la letrada tiene a su cargo una causa por abigeato, famosa en el norte santafesino porque propici\u00f3 el desplazamiento de un juez y complica a funcionarios del Servicio Nacional de Sanidad y Calidad Agroalimentaria (Senasa) y a polic\u00edas rurales. Pero ahora tiene miedo. Se\u00f1al\u00f3 que las amenazas en su contra se multiplican. En dos oportunidades intentaron robarle las pruebas del caso e incluso le cortaron los frenos de su auto. Cree que desde el Colegio de Abogados le soltaron la mano y se siente indefensa. En di\u00e1logo con Radi\u00f3polis, el programa que conduce Roberto Caferra por Radio 2, Gonz\u00e1lez se\u00f1al\u00f3 que desde que comenz\u00f3 el proceso \u0096por el robo de 1.264 cabezas de ganado en el marco de un juicio sucesorio\u0096 fue blanco de amenazas. Sin embargo, no fue hasta hace poco m\u00e1s de [&hellip;]\" \/>\n<meta property=\"og:url\" content=\"https:\/\/proagrolab.com.ar\/abogada-teme-por-su-vida-por-un-caso-que-lleva-en-reconquista\/\" \/>\n<meta property=\"og:site_name\" content=\"Proagro\" \/>\n<meta property=\"article:publisher\" content=\"http:\/\/www.facebook.com\/proagrolab\" \/>\n<meta property=\"article:published_time\" content=\"2014-02-13T00:00:01+00:00\" \/>\n<meta property=\"og:image\" content=\"https:\/\/proagrolab.com.ar\/wp-content\/uploads\/2015\/01\/g_6oqt1skf7__Vacas-2.jpg\" \/>\n\t<meta property=\"og:image:width\" content=\"450\" \/>\n\t<meta property=\"og:image:height\" content=\"208\" \/>\n\t<meta property=\"og:image:type\" content=\"image\/jpeg\" \/>\n<meta name=\"author\" content=\"proagrolab\" \/>\n<meta name=\"twitter:card\" content=\"summary_large_image\" \/>\n<meta name=\"twitter:label1\" content=\"Written by\" \/>\n\t<meta name=\"twitter:data1\" content=\"proagrolab\" \/>\n\t<meta name=\"twitter:label2\" content=\"Est. reading time\" \/>\n\t<meta name=\"twitter:data2\" content=\"3 minutes\" \/>\n<script type=\"application\/ld+json\" class=\"yoast-schema-graph\">{\"@context\":\"https:\\\/\\\/schema.org\",\"@graph\":[{\"@type\":\"Article\",\"@id\":\"https:\\\/\\\/proagrolab.com.ar\\\/abogada-teme-por-su-vida-por-un-caso-que-lleva-en-reconquista\\\/#article\",\"isPartOf\":{\"@id\":\"https:\\\/\\\/proagrolab.com.ar\\\/abogada-teme-por-su-vida-por-un-caso-que-lleva-en-reconquista\\\/\"},\"author\":{\"name\":\"proagrolab\",\"@id\":\"https:\\\/\\\/proagrolab.com.ar\\\/#\\\/schema\\\/person\\\/38003ff90bf80381f71c7d922d207444\"},\"headline\":\"Abogada teme por su vida por un caso que lleva en Reconquista.\",\"datePublished\":\"2014-02-13T00:00:01+00:00\",\"mainEntityOfPage\":{\"@id\":\"https:\\\/\\\/proagrolab.com.ar\\\/abogada-teme-por-su-vida-por-un-caso-que-lleva-en-reconquista\\\/\"},\"wordCount\":552,\"publisher\":{\"@id\":\"https:\\\/\\\/proagrolab.com.ar\\\/#organization\"},\"image\":{\"@id\":\"https:\\\/\\\/proagrolab.com.ar\\\/abogada-teme-por-su-vida-por-un-caso-que-lleva-en-reconquista\\\/#primaryimage\"},\"thumbnailUrl\":\"https:\\\/\\\/proagrolab.com.ar\\\/wp-content\\\/uploads\\\/2015\\\/01\\\/g_6oqt1skf7__Vacas-2.jpg\",\"articleSection\":[\"News\"],\"inLanguage\":\"en-US\"},{\"@type\":\"WebPage\",\"@id\":\"https:\\\/\\\/proagrolab.com.ar\\\/abogada-teme-por-su-vida-por-un-caso-que-lleva-en-reconquista\\\/\",\"url\":\"https:\\\/\\\/proagrolab.com.ar\\\/abogada-teme-por-su-vida-por-un-caso-que-lleva-en-reconquista\\\/\",\"name\":\"Abogada teme por su vida por un caso que lleva en Reconquista. | Proagro\",\"isPartOf\":{\"@id\":\"https:\\\/\\\/proagrolab.com.ar\\\/#website\"},\"primaryImageOfPage\":{\"@id\":\"https:\\\/\\\/proagrolab.com.ar\\\/abogada-teme-por-su-vida-por-un-caso-que-lleva-en-reconquista\\\/#primaryimage\"},\"image\":{\"@id\":\"https:\\\/\\\/proagrolab.com.ar\\\/abogada-teme-por-su-vida-por-un-caso-que-lleva-en-reconquista\\\/#primaryimage\"},\"thumbnailUrl\":\"https:\\\/\\\/proagrolab.com.ar\\\/wp-content\\\/uploads\\\/2015\\\/01\\\/g_6oqt1skf7__Vacas-2.jpg\",\"datePublished\":\"2014-02-13T00:00:01+00:00\",\"breadcrumb\":{\"@id\":\"https:\\\/\\\/proagrolab.com.ar\\\/abogada-teme-por-su-vida-por-un-caso-que-lleva-en-reconquista\\\/#breadcrumb\"},\"inLanguage\":\"en-US\",\"potentialAction\":[{\"@type\":\"ReadAction\",\"target\":[\"https:\\\/\\\/proagrolab.com.ar\\\/abogada-teme-por-su-vida-por-un-caso-que-lleva-en-reconquista\\\/\"]}]},{\"@type\":\"ImageObject\",\"inLanguage\":\"en-US\",\"@id\":\"https:\\\/\\\/proagrolab.com.ar\\\/abogada-teme-por-su-vida-por-un-caso-que-lleva-en-reconquista\\\/#primaryimage\",\"url\":\"https:\\\/\\\/proagrolab.com.ar\\\/wp-content\\\/uploads\\\/2015\\\/01\\\/g_6oqt1skf7__Vacas-2.jpg\",\"contentUrl\":\"https:\\\/\\\/proagrolab.com.ar\\\/wp-content\\\/uploads\\\/2015\\\/01\\\/g_6oqt1skf7__Vacas-2.jpg\",\"width\":450,\"height\":208},{\"@type\":\"BreadcrumbList\",\"@id\":\"https:\\\/\\\/proagrolab.com.ar\\\/abogada-teme-por-su-vida-por-un-caso-que-lleva-en-reconquista\\\/#breadcrumb\",\"itemListElement\":[{\"@type\":\"ListItem\",\"position\":1,\"name\":\"Portada\",\"item\":\"https:\\\/\\\/proagrolab.com.ar\\\/\"},{\"@type\":\"ListItem\",\"position\":2,\"name\":\"Abogada teme por su vida por un caso que lleva en Reconquista.\"}]},{\"@type\":\"WebSite\",\"@id\":\"https:\\\/\\\/proagrolab.com.ar\\\/#website\",\"url\":\"https:\\\/\\\/proagrolab.com.ar\\\/\",\"name\":\"Proagro Laboratorio Veterinario\",\"description\":\"Veterinary laboratory\",\"publisher\":{\"@id\":\"https:\\\/\\\/proagrolab.com.ar\\\/#organization\"},\"potentialAction\":[{\"@type\":\"SearchAction\",\"target\":{\"@type\":\"EntryPoint\",\"urlTemplate\":\"https:\\\/\\\/proagrolab.com.ar\\\/?s={search_term_string}\"},\"query-input\":{\"@type\":\"PropertyValueSpecification\",\"valueRequired\":true,\"valueName\":\"search_term_string\"}}],\"inLanguage\":\"en-US\"},{\"@type\":\"Organization\",\"@id\":\"https:\\\/\\\/proagrolab.com.ar\\\/#organization\",\"name\":\"Proagro\",\"url\":\"https:\\\/\\\/proagrolab.com.ar\\\/\",\"logo\":{\"@type\":\"ImageObject\",\"inLanguage\":\"en-US\",\"@id\":\"https:\\\/\\\/proagrolab.com.ar\\\/#\\\/schema\\\/logo\\\/image\\\/\",\"url\":\"https:\\\/\\\/proagrolab.com.ar\\\/wp-content\\\/uploads\\\/2020\\\/04\\\/logo-retina.png\",\"contentUrl\":\"https:\\\/\\\/proagrolab.com.ar\\\/wp-content\\\/uploads\\\/2020\\\/04\\\/logo-retina.png\",\"width\":478,\"height\":120,\"caption\":\"Proagro\"},\"image\":{\"@id\":\"https:\\\/\\\/proagrolab.com.ar\\\/#\\\/schema\\\/logo\\\/image\\\/\"},\"sameAs\":[\"http:\\\/\\\/www.facebook.com\\\/proagrolab\",\"https:\\\/\\\/www.instagram.com\\\/proagrolab\\\/\",\"https:\\\/\\\/www.linkedin.com\\\/company\\\/laboratorio-proagro-s-a\\\/\"]},{\"@type\":\"Person\",\"@id\":\"https:\\\/\\\/proagrolab.com.ar\\\/#\\\/schema\\\/person\\\/38003ff90bf80381f71c7d922d207444\",\"name\":\"proagrolab\"}]}<\/script>\n<!-- \/ Yoast SEO plugin. -->","yoast_head_json":{"title":"Abogada teme por su vida por un caso que lleva en Reconquista. | Proagro","robots":{"index":"index","follow":"follow","max-snippet":"max-snippet:-1","max-image-preview":"max-image-preview:large","max-video-preview":"max-video-preview:-1"},"canonical":"https:\/\/proagrolab.com.ar\/en\/abogada-teme-por-su-vida-por-un-caso-que-lleva-en-reconquista\/","og_locale":"en_US","og_type":"article","og_title":"Abogada teme por su vida por un caso que lleva en Reconquista. | Proagro","og_description":"Desde 2009 Luciana Gonz\u00e1lez tiene a su cargo una causa por abigeato, famosa en el norte santafesino porque propici\u00f3 el desplazamiento de un juez y complica a funcionarios del Senasa y a polic\u00edas rurales. Pero ahora tiene miedo, le cortaron los frenos de su auto. Luciana Gonz\u00e1lez es una abogada rosarina que teme por su vida por un caso que lleva adelante en Reconquista. Desde 2009, la letrada tiene a su cargo una causa por abigeato, famosa en el norte santafesino porque propici\u00f3 el desplazamiento de un juez y complica a funcionarios del Servicio Nacional de Sanidad y Calidad Agroalimentaria (Senasa) y a polic\u00edas rurales. Pero ahora tiene miedo. Se\u00f1al\u00f3 que las amenazas en su contra se multiplican. En dos oportunidades intentaron robarle las pruebas del caso e incluso le cortaron los frenos de su auto. Cree que desde el Colegio de Abogados le soltaron la mano y se siente indefensa. En di\u00e1logo con Radi\u00f3polis, el programa que conduce Roberto Caferra por Radio 2, Gonz\u00e1lez se\u00f1al\u00f3 que desde que comenz\u00f3 el proceso \u0096por el robo de 1.264 cabezas de ganado en el marco de un juicio sucesorio\u0096 fue blanco de amenazas. Sin embargo, no fue hasta hace poco m\u00e1s de [&hellip;]","og_url":"https:\/\/proagrolab.com.ar\/abogada-teme-por-su-vida-por-un-caso-que-lleva-en-reconquista\/","og_site_name":"Proagro","article_publisher":"http:\/\/www.facebook.com\/proagrolab","article_published_time":"2014-02-13T00:00:01+00:00","og_image":[{"width":450,"height":208,"url":"https:\/\/proagrolab.com.ar\/wp-content\/uploads\/2015\/01\/g_6oqt1skf7__Vacas-2.jpg","type":"image\/jpeg"}],"author":"proagrolab","twitter_card":"summary_large_image","twitter_misc":{"Written by":"proagrolab","Est. reading time":"3 minutes"},"schema":{"@context":"https:\/\/schema.org","@graph":[{"@type":"Article","@id":"https:\/\/proagrolab.com.ar\/abogada-teme-por-su-vida-por-un-caso-que-lleva-en-reconquista\/#article","isPartOf":{"@id":"https:\/\/proagrolab.com.ar\/abogada-teme-por-su-vida-por-un-caso-que-lleva-en-reconquista\/"},"author":{"name":"proagrolab","@id":"https:\/\/proagrolab.com.ar\/#\/schema\/person\/38003ff90bf80381f71c7d922d207444"},"headline":"Abogada teme por su vida por un caso que lleva en Reconquista.","datePublished":"2014-02-13T00:00:01+00:00","mainEntityOfPage":{"@id":"https:\/\/proagrolab.com.ar\/abogada-teme-por-su-vida-por-un-caso-que-lleva-en-reconquista\/"},"wordCount":552,"publisher":{"@id":"https:\/\/proagrolab.com.ar\/#organization"},"image":{"@id":"https:\/\/proagrolab.com.ar\/abogada-teme-por-su-vida-por-un-caso-que-lleva-en-reconquista\/#primaryimage"},"thumbnailUrl":"https:\/\/proagrolab.com.ar\/wp-content\/uploads\/2015\/01\/g_6oqt1skf7__Vacas-2.jpg","articleSection":["News"],"inLanguage":"en-US"},{"@type":"WebPage","@id":"https:\/\/proagrolab.com.ar\/abogada-teme-por-su-vida-por-un-caso-que-lleva-en-reconquista\/","url":"https:\/\/proagrolab.com.ar\/abogada-teme-por-su-vida-por-un-caso-que-lleva-en-reconquista\/","name":"Abogada teme por su vida por un caso que lleva en Reconquista. | Proagro","isPartOf":{"@id":"https:\/\/proagrolab.com.ar\/#website"},"primaryImageOfPage":{"@id":"https:\/\/proagrolab.com.ar\/abogada-teme-por-su-vida-por-un-caso-que-lleva-en-reconquista\/#primaryimage"},"image":{"@id":"https:\/\/proagrolab.com.ar\/abogada-teme-por-su-vida-por-un-caso-que-lleva-en-reconquista\/#primaryimage"},"thumbnailUrl":"https:\/\/proagrolab.com.ar\/wp-content\/uploads\/2015\/01\/g_6oqt1skf7__Vacas-2.jpg","datePublished":"2014-02-13T00:00:01+00:00","breadcrumb":{"@id":"https:\/\/proagrolab.com.ar\/abogada-teme-por-su-vida-por-un-caso-que-lleva-en-reconquista\/#breadcrumb"},"inLanguage":"en-US","potentialAction":[{"@type":"ReadAction","target":["https:\/\/proagrolab.com.ar\/abogada-teme-por-su-vida-por-un-caso-que-lleva-en-reconquista\/"]}]},{"@type":"ImageObject","inLanguage":"en-US","@id":"https:\/\/proagrolab.com.ar\/abogada-teme-por-su-vida-por-un-caso-que-lleva-en-reconquista\/#primaryimage","url":"https:\/\/proagrolab.com.ar\/wp-content\/uploads\/2015\/01\/g_6oqt1skf7__Vacas-2.jpg","contentUrl":"https:\/\/proagrolab.com.ar\/wp-content\/uploads\/2015\/01\/g_6oqt1skf7__Vacas-2.jpg","width":450,"height":208},{"@type":"BreadcrumbList","@id":"https:\/\/proagrolab.com.ar\/abogada-teme-por-su-vida-por-un-caso-que-lleva-en-reconquista\/#breadcrumb","itemListElement":[{"@type":"ListItem","position":1,"name":"Portada","item":"https:\/\/proagrolab.com.ar\/"},{"@type":"ListItem","position":2,"name":"Abogada teme por su vida por un caso que lleva en Reconquista."}]},{"@type":"WebSite","@id":"https:\/\/proagrolab.com.ar\/#website","url":"https:\/\/proagrolab.com.ar\/","name":"Proagro Laboratorio Veterinario","description":"Veterinary laboratory","publisher":{"@id":"https:\/\/proagrolab.com.ar\/#organization"},"potentialAction":[{"@type":"SearchAction","target":{"@type":"EntryPoint","urlTemplate":"https:\/\/proagrolab.com.ar\/?s={search_term_string}"},"query-input":{"@type":"PropertyValueSpecification","valueRequired":true,"valueName":"search_term_string"}}],"inLanguage":"en-US"},{"@type":"Organization","@id":"https:\/\/proagrolab.com.ar\/#organization","name":"Proagro","url":"https:\/\/proagrolab.com.ar\/","logo":{"@type":"ImageObject","inLanguage":"en-US","@id":"https:\/\/proagrolab.com.ar\/#\/schema\/logo\/image\/","url":"https:\/\/proagrolab.com.ar\/wp-content\/uploads\/2020\/04\/logo-retina.png","contentUrl":"https:\/\/proagrolab.com.ar\/wp-content\/uploads\/2020\/04\/logo-retina.png","width":478,"height":120,"caption":"Proagro"},"image":{"@id":"https:\/\/proagrolab.com.ar\/#\/schema\/logo\/image\/"},"sameAs":["http:\/\/www.facebook.com\/proagrolab","https:\/\/www.instagram.com\/proagrolab\/","https:\/\/www.linkedin.com\/company\/laboratorio-proagro-s-a\/"]},{"@type":"Person","@id":"https:\/\/proagrolab.com.ar\/#\/schema\/person\/38003ff90bf80381f71c7d922d207444","name":"proagrolab"}]}},"_links":{"self":[{"href":"https:\/\/proagrolab.com.ar\/en\/wp-json\/wp\/v2\/posts\/5941","targetHints":{"allow":["GET"]}}],"collection":[{"href":"https:\/\/proagrolab.com.ar\/en\/wp-json\/wp\/v2\/posts"}],"about":[{"href":"https:\/\/proagrolab.com.ar\/en\/wp-json\/wp\/v2\/types\/post"}],"author":[{"embeddable":true,"href":"https:\/\/proagrolab.com.ar\/en\/wp-json\/wp\/v2\/users\/2"}],"replies":[{"embeddable":true,"href":"https:\/\/proagrolab.com.ar\/en\/wp-json\/wp\/v2\/comments?post=5941"}],"version-history":[{"count":0,"href":"https:\/\/proagrolab.com.ar\/en\/wp-json\/wp\/v2\/posts\/5941\/revisions"}],"wp:featuredmedia":[{"embeddable":true,"href":"https:\/\/proagrolab.com.ar\/en\/wp-json\/wp\/v2\/media\/2428"}],"wp:attachment":[{"href":"https:\/\/proagrolab.com.ar\/en\/wp-json\/wp\/v2\/media?parent=5941"}],"wp:term":[{"taxonomy":"category","embeddable":true,"href":"https:\/\/proagrolab.com.ar\/en\/wp-json\/wp\/v2\/categories?post=5941"},{"taxonomy":"post_tag","embeddable":true,"href":"https:\/\/proagrolab.com.ar\/en\/wp-json\/wp\/v2\/tags?post=5941"}],"curies":[{"name":"wp","href":"https:\/\/api.w.org\/{rel}","templated":true}]}}