{"id":5935,"date":"2014-02-11T00:00:01","date_gmt":"2014-02-11T00:00:01","guid":{"rendered":"https:\/\/proagrolab.com.ar\/advierten-a-los-supermercados-para-que-bajen-los-precios-de-la-carne\/"},"modified":"2014-02-11T00:00:01","modified_gmt":"2014-02-11T00:00:01","slug":"advierten-a-los-supermercados-para-que-bajen-los-precios-de-la-carne","status":"publish","type":"post","link":"https:\/\/proagrolab.com.ar\/en\/advierten-a-los-supermercados-para-que-bajen-los-precios-de-la-carne\/","title":{"rendered":"Advierten a los supermercados para que bajen los precios de la carne."},"content":{"rendered":"<p class=\"qtranxs-available-languages-message qtranxs-available-languages-message-en\"> <\/p><p>Tras las presiones por la hacienda, el Gobierno les pidi\u00f3 un gesto a las cadenas; &#8220;tienen un margen b\u00e1rbaro; ellos pueden bajar un 20%&#8221;, se\u00f1al\u00f3 Alberto Samid, vicepresidente del Mercado Central.<\/p>\n<p>Por Fernando Bertello.<\/p>\n<p>Los grandes supermercados quedaron bajo presi\u00f3n por los precios de la carne al p\u00fablico, y trascendi\u00f3 que el Gobierno quiere que hagan un gesto para bajarlos.<\/p>\n<p>Ayer, luego de la reuni\u00f3n del jueves pasado en la que el jefe de Gabinete, Jorge Capitanich, y el secretario de Comercio, Augusto Costa, alertaron a frigor\u00edficos y supermercados por las subas, Alberto Samid, vicepresidente del Mercado Central, de buena relaci\u00f3n con los funcionarios, les apunt\u00f3 a las grandes cadenas.<\/p>\n<p>&#8220;Lo importante es que los supermercados bajen los precios. Tienen un margen b\u00e1rbaro; marcan el 200 por ciento. Ellos pueden bajar un 20 por ciento&#8221;, sostuvo Samid en di\u00e1logo con LA NACION.<\/p>\n<p>El pol\u00e9mico empresario precis\u00f3 que &#8220;el problema no est\u00e1 en la hacienda, est\u00e1 en los mostradores. En el mostrador tiene que valer 20 por ciento menos&#8221;, dijo.<\/p>\n<p>Luego de la reuni\u00f3n presidida por Capitanich, trascendi\u00f3 que el Gobierno hab\u00eda pedido una rebaja de los precios que incluyera los de la hacienda.<\/p>\n<p>Pero, seg\u00fan Samid, eso no es lo que buscan las autoridades. &#8220;Cuando Capitanich se refiri\u00f3 al 20 por ciento [de baja] se refiri\u00f3 al precio final, no a la hacienda&#8221;, expres\u00f3 el funcionario y comerciante de la carne.<\/p>\n<p>En la reuni\u00f3n, Samid tuvo un intercambio con representantes de la cadena Coto. Se quej\u00f3 por el precio de la colita de cuadril. &#8220;Ustedes est\u00e1n vendiendo a 110 pesos el kilo&#8221;, les recrimin\u00f3.<\/p>\n<p>Sugestivamente, el viernes pasado los supermercados no participaron de las compras de hacienda en el Mercado de Liniers. Y ayer repitieron la misma actitud. Algunas fuentes lo atribuyeron a la presi\u00f3n oficial, pese a que, de acuerdo con Samid, &#8220;no fueron [a Liniers] porque no quisieron&#8221;.<\/p>\n<p>De todos modos, hay preocupaci\u00f3n en las entidades gremiales del campo por la suerte del Mercado de Liniers. &#8220;La Sociedad Rural Argentina (SRA) alerta sobre las intervenciones al normal funcionamiento del Mercado de Hacienda de Liniers, referencia indiscutida en materia de precios, y sobre la necesidad de contar con una plaza concentradora de hacienda y formador de valores en la mayor transparencia&#8221;, dijo esa entidad, que denunci\u00f3 que los aumentos de precios en rigor se deben a &#8220;pol\u00edticas oficiales erradas&#8221;.<\/p>\n<p>El viernes pasado, Confederaciones Rurales Argentinas (CRA) ya hab\u00eda advertido que desde el Gobierno se suger\u00eda a los compradores de hacienda no pagar m\u00e1s de un determinado precio. Ayer circularon versiones de que el Gobierno hab\u00eda tomado la decisi\u00f3n de intervenir directamente el mercado. Sin embargo, un importante directivo de esa plaza lo neg\u00f3: &#8220;No hay nada de eso, y hoy [por ayer] la operatoria fue normal&#8221;.<\/p>\n<p>Samid tambi\u00e9n rechaz\u00f3 las versiones. &#8220;De ninguna manera el Gobierno va a intervenir [en Liniers]. El esp\u00edritu del Gobierno no es intervenir&#8221;, dijo a LA NACION.<\/p>\n<p><i>Par\u00e1lisis exportadora<\/i><br \/>Mientras tanto, en las \u00faltimas horas se confirm\u00f3 el freno que el Gobierno aplic\u00f3 a las exportaciones de carne.<\/p>\n<p>&#8220;Est\u00e1n totalmente parados los ROE (permisos de exportaci\u00f3n) y no hay exportaciones&#8221;, indic\u00f3 una fuente de la industria.<\/p>\n<p>Sin mayores precisiones, a \u00faltima hora de ayer trascendi\u00f3 que el secretario Costa convoc\u00f3 para hoy a exportadores.<\/p>\n<p>Sobre la actuaci\u00f3n de Costa, que pronostic\u00f3 que esta semana comenzar\u00eda a bajar la carne, fue muy cr\u00edtico el presidente de la C\u00e1mara de la Industria y el Comercio de Carnes (Ciccra), Miguel Schiariti. &#8220;Este chico est\u00e1 copiando o recibiendo indicaciones de [Guillermo] Moreno&#8221;, expres\u00f3. Schiariti pareci\u00f3 referirse a versiones, coincidentes con otras fuentes, de que Moreno estar\u00eda ayudando a Costa en este tema.<\/p>\n<p>En medio de la necesidad del Gobierno de mostrar bajas, desde el sector carnicero, Alberto Williams, vicepresidente de la Asociaci\u00f3n de Propietarios de Carnicer\u00edas de la Capital Federal, dijo que en ese sector no recibieron ning\u00fan pedido por los precios. &#8220;No nos pidieron nada; para que el carnicero baje tienen que bajar los frigor\u00edficos&#8221;, apunt\u00f3 el directivo.<\/p>\n<p>En tanto, Javier Peralta, presidente de la Federaci\u00f3n de Industrias Frigor\u00edficas Regionales (Fifra), dijo que &#8220;es dif\u00edcil que baje el precio si no baja la hacienda&#8221;, y defendi\u00f3 a su sector se\u00f1alando que &#8220;la industria no fija el precio de la carne&#8221;.<\/p>\n<p><i>Obsesi\u00f3n por los precios<\/i><br \/>La hacienda<br \/>Luego de la devaluaci\u00f3n, hubo un movimiento alcista del ganado vacuno, tendencia en la que adem\u00e1s influyeron las constantes lluvias, que dificultaron los traslados del ganado por los caminos rurales<\/p>\n<p>En el mostrador<br \/>Se encareci\u00f3 el valor del kilo de la media res y carniceros y supermercados trasladaron los aumentos<\/p>\n<p>15 \/ 20% Aumentos<br \/>Es el porcentaje de incremento que llegaron a registrar los cortes c\u00e1rnicos<\/p>\n<p>20% Reclamo de baja<br \/>Es lo que, seg\u00fan el Gobierno, deber\u00edan retroceder los precios que en la actualidad est\u00e1n pagando los consumidores. Pese a que el secretario de Comercio, Augusto Costa, reclam\u00f3 bajas, ello a\u00fan no ocurri\u00f3<\/p>\n<p>Fuente: La Naci\u00f3n, 11 de febrero.<br \/><\/p>","protected":false},"excerpt":{"rendered":"<p>Tras las presiones por la hacienda, el Gobierno les pidi\u00f3 un gesto a las cadenas; &#8220;tienen un margen b\u00e1rbaro; ellos pueden bajar un 20%&#8221;, se\u00f1al\u00f3 Alberto Samid, vicepresidente del Mercado Central. Por Fernando Bertello. Los grandes supermercados quedaron bajo presi\u00f3n por los precios de la carne al p\u00fablico, y trascendi\u00f3 que el Gobierno quiere que hagan un gesto para bajarlos. Ayer, luego de la reuni\u00f3n del jueves pasado en la que el jefe de Gabinete, Jorge Capitanich, y el secretario de Comercio, Augusto Costa, alertaron a frigor\u00edficos y supermercados por las subas, Alberto Samid, vicepresidente del Mercado Central, de buena relaci\u00f3n con los funcionarios, les apunt\u00f3 a las grandes cadenas. &#8220;Lo importante es que los supermercados bajen los precios. Tienen un margen b\u00e1rbaro; marcan el 200 por ciento. Ellos pueden bajar un 20 por ciento&#8221;, sostuvo Samid en di\u00e1logo con LA NACION. El pol\u00e9mico empresario precis\u00f3 que &#8220;el problema no est\u00e1 en la hacienda, est\u00e1 en los mostradores. En el mostrador tiene que valer 20 por ciento menos&#8221;, dijo. Luego de la reuni\u00f3n presidida por Capitanich, trascendi\u00f3 que el Gobierno hab\u00eda pedido una rebaja de los precios que incluyera los de la hacienda. Pero, seg\u00fan Samid, eso no es lo [&hellip;]<\/p>\n","protected":false},"author":2,"featured_media":2422,"comment_status":"closed","ping_status":"open","sticky":false,"template":"","format":"standard","meta":{"_acf_changed":false,"footnotes":""},"categories":[56],"tags":[],"class_list":["post-5935","post","type-post","status-publish","format-standard","has-post-thumbnail","hentry","category-infoganadero"],"acf":[],"yoast_head":"<!-- This site is optimized with the Yoast SEO plugin v27.4 - https:\/\/yoast.com\/product\/yoast-seo-wordpress\/ -->\n<title>Advierten a los supermercados para que bajen los precios de la carne. | Proagro<\/title>\n<meta name=\"robots\" content=\"index, follow, max-snippet:-1, max-image-preview:large, max-video-preview:-1\" \/>\n<link rel=\"canonical\" href=\"https:\/\/proagrolab.com.ar\/en\/advierten-a-los-supermercados-para-que-bajen-los-precios-de-la-carne\/\" \/>\n<meta property=\"og:locale\" content=\"en_US\" \/>\n<meta property=\"og:type\" content=\"article\" \/>\n<meta property=\"og:title\" content=\"Advierten a los supermercados para que bajen los precios de la carne. | Proagro\" \/>\n<meta property=\"og:description\" content=\"Tras las presiones por la hacienda, el Gobierno les pidi\u00f3 un gesto a las cadenas; &#8220;tienen un margen b\u00e1rbaro; ellos pueden bajar un 20%&#8221;, se\u00f1al\u00f3 Alberto Samid, vicepresidente del Mercado Central. Por Fernando Bertello. Los grandes supermercados quedaron bajo presi\u00f3n por los precios de la carne al p\u00fablico, y trascendi\u00f3 que el Gobierno quiere que hagan un gesto para bajarlos. Ayer, luego de la reuni\u00f3n del jueves pasado en la que el jefe de Gabinete, Jorge Capitanich, y el secretario de Comercio, Augusto Costa, alertaron a frigor\u00edficos y supermercados por las subas, Alberto Samid, vicepresidente del Mercado Central, de buena relaci\u00f3n con los funcionarios, les apunt\u00f3 a las grandes cadenas. &#8220;Lo importante es que los supermercados bajen los precios. Tienen un margen b\u00e1rbaro; marcan el 200 por ciento. Ellos pueden bajar un 20 por ciento&#8221;, sostuvo Samid en di\u00e1logo con LA NACION. El pol\u00e9mico empresario precis\u00f3 que &#8220;el problema no est\u00e1 en la hacienda, est\u00e1 en los mostradores. En el mostrador tiene que valer 20 por ciento menos&#8221;, dijo. Luego de la reuni\u00f3n presidida por Capitanich, trascendi\u00f3 que el Gobierno hab\u00eda pedido una rebaja de los precios que incluyera los de la hacienda. Pero, seg\u00fan Samid, eso no es lo [&hellip;]\" \/>\n<meta property=\"og:url\" content=\"https:\/\/proagrolab.com.ar\/advierten-a-los-supermercados-para-que-bajen-los-precios-de-la-carne\/\" \/>\n<meta property=\"og:site_name\" content=\"Proagro\" \/>\n<meta property=\"article:publisher\" content=\"http:\/\/www.facebook.com\/proagrolab\" \/>\n<meta property=\"article:published_time\" content=\"2014-02-11T00:00:01+00:00\" \/>\n<meta property=\"og:image\" content=\"https:\/\/proagrolab.com.ar\/wp-content\/uploads\/2015\/01\/g_te0cjtuh3__Frigor\u00edfico-3.jpg\" \/>\n\t<meta property=\"og:image:width\" content=\"1\" \/>\n\t<meta property=\"og:image:height\" content=\"1\" \/>\n\t<meta property=\"og:image:type\" content=\"image\/jpeg\" \/>\n<meta name=\"author\" content=\"proagrolab\" \/>\n<meta name=\"twitter:card\" content=\"summary_large_image\" \/>\n<meta name=\"twitter:label1\" content=\"Written by\" \/>\n\t<meta name=\"twitter:data1\" content=\"proagrolab\" \/>\n\t<meta name=\"twitter:label2\" content=\"Est. reading time\" \/>\n\t<meta name=\"twitter:data2\" content=\"4 minutes\" \/>\n<script type=\"application\/ld+json\" class=\"yoast-schema-graph\">{\"@context\":\"https:\\\/\\\/schema.org\",\"@graph\":[{\"@type\":\"Article\",\"@id\":\"https:\\\/\\\/proagrolab.com.ar\\\/advierten-a-los-supermercados-para-que-bajen-los-precios-de-la-carne\\\/#article\",\"isPartOf\":{\"@id\":\"https:\\\/\\\/proagrolab.com.ar\\\/advierten-a-los-supermercados-para-que-bajen-los-precios-de-la-carne\\\/\"},\"author\":{\"name\":\"proagrolab\",\"@id\":\"https:\\\/\\\/proagrolab.com.ar\\\/#\\\/schema\\\/person\\\/38003ff90bf80381f71c7d922d207444\"},\"headline\":\"Advierten a los supermercados para que bajen los precios de la carne.\",\"datePublished\":\"2014-02-11T00:00:01+00:00\",\"mainEntityOfPage\":{\"@id\":\"https:\\\/\\\/proagrolab.com.ar\\\/advierten-a-los-supermercados-para-que-bajen-los-precios-de-la-carne\\\/\"},\"wordCount\":865,\"publisher\":{\"@id\":\"https:\\\/\\\/proagrolab.com.ar\\\/#organization\"},\"image\":{\"@id\":\"https:\\\/\\\/proagrolab.com.ar\\\/advierten-a-los-supermercados-para-que-bajen-los-precios-de-la-carne\\\/#primaryimage\"},\"thumbnailUrl\":\"https:\\\/\\\/proagrolab.com.ar\\\/wp-content\\\/uploads\\\/2015\\\/01\\\/g_te0cjtuh3__Frigor\u00edfico-3.jpg\",\"articleSection\":[\"News\"],\"inLanguage\":\"en-US\"},{\"@type\":\"WebPage\",\"@id\":\"https:\\\/\\\/proagrolab.com.ar\\\/advierten-a-los-supermercados-para-que-bajen-los-precios-de-la-carne\\\/\",\"url\":\"https:\\\/\\\/proagrolab.com.ar\\\/advierten-a-los-supermercados-para-que-bajen-los-precios-de-la-carne\\\/\",\"name\":\"Advierten a los supermercados para que bajen los precios de la carne. | Proagro\",\"isPartOf\":{\"@id\":\"https:\\\/\\\/proagrolab.com.ar\\\/#website\"},\"primaryImageOfPage\":{\"@id\":\"https:\\\/\\\/proagrolab.com.ar\\\/advierten-a-los-supermercados-para-que-bajen-los-precios-de-la-carne\\\/#primaryimage\"},\"image\":{\"@id\":\"https:\\\/\\\/proagrolab.com.ar\\\/advierten-a-los-supermercados-para-que-bajen-los-precios-de-la-carne\\\/#primaryimage\"},\"thumbnailUrl\":\"https:\\\/\\\/proagrolab.com.ar\\\/wp-content\\\/uploads\\\/2015\\\/01\\\/g_te0cjtuh3__Frigor\u00edfico-3.jpg\",\"datePublished\":\"2014-02-11T00:00:01+00:00\",\"breadcrumb\":{\"@id\":\"https:\\\/\\\/proagrolab.com.ar\\\/advierten-a-los-supermercados-para-que-bajen-los-precios-de-la-carne\\\/#breadcrumb\"},\"inLanguage\":\"en-US\",\"potentialAction\":[{\"@type\":\"ReadAction\",\"target\":[\"https:\\\/\\\/proagrolab.com.ar\\\/advierten-a-los-supermercados-para-que-bajen-los-precios-de-la-carne\\\/\"]}]},{\"@type\":\"ImageObject\",\"inLanguage\":\"en-US\",\"@id\":\"https:\\\/\\\/proagrolab.com.ar\\\/advierten-a-los-supermercados-para-que-bajen-los-precios-de-la-carne\\\/#primaryimage\",\"url\":\"https:\\\/\\\/proagrolab.com.ar\\\/wp-content\\\/uploads\\\/2015\\\/01\\\/g_te0cjtuh3__Frigor\u00edfico-3.jpg\",\"contentUrl\":\"https:\\\/\\\/proagrolab.com.ar\\\/wp-content\\\/uploads\\\/2015\\\/01\\\/g_te0cjtuh3__Frigor\u00edfico-3.jpg\"},{\"@type\":\"BreadcrumbList\",\"@id\":\"https:\\\/\\\/proagrolab.com.ar\\\/advierten-a-los-supermercados-para-que-bajen-los-precios-de-la-carne\\\/#breadcrumb\",\"itemListElement\":[{\"@type\":\"ListItem\",\"position\":1,\"name\":\"Portada\",\"item\":\"https:\\\/\\\/proagrolab.com.ar\\\/\"},{\"@type\":\"ListItem\",\"position\":2,\"name\":\"Advierten a los supermercados para que bajen los precios de la carne.\"}]},{\"@type\":\"WebSite\",\"@id\":\"https:\\\/\\\/proagrolab.com.ar\\\/#website\",\"url\":\"https:\\\/\\\/proagrolab.com.ar\\\/\",\"name\":\"Proagro Laboratorio Veterinario\",\"description\":\"Veterinary laboratory\",\"publisher\":{\"@id\":\"https:\\\/\\\/proagrolab.com.ar\\\/#organization\"},\"potentialAction\":[{\"@type\":\"SearchAction\",\"target\":{\"@type\":\"EntryPoint\",\"urlTemplate\":\"https:\\\/\\\/proagrolab.com.ar\\\/?s={search_term_string}\"},\"query-input\":{\"@type\":\"PropertyValueSpecification\",\"valueRequired\":true,\"valueName\":\"search_term_string\"}}],\"inLanguage\":\"en-US\"},{\"@type\":\"Organization\",\"@id\":\"https:\\\/\\\/proagrolab.com.ar\\\/#organization\",\"name\":\"Proagro\",\"url\":\"https:\\\/\\\/proagrolab.com.ar\\\/\",\"logo\":{\"@type\":\"ImageObject\",\"inLanguage\":\"en-US\",\"@id\":\"https:\\\/\\\/proagrolab.com.ar\\\/#\\\/schema\\\/logo\\\/image\\\/\",\"url\":\"https:\\\/\\\/proagrolab.com.ar\\\/wp-content\\\/uploads\\\/2020\\\/04\\\/logo-retina.png\",\"contentUrl\":\"https:\\\/\\\/proagrolab.com.ar\\\/wp-content\\\/uploads\\\/2020\\\/04\\\/logo-retina.png\",\"width\":478,\"height\":120,\"caption\":\"Proagro\"},\"image\":{\"@id\":\"https:\\\/\\\/proagrolab.com.ar\\\/#\\\/schema\\\/logo\\\/image\\\/\"},\"sameAs\":[\"http:\\\/\\\/www.facebook.com\\\/proagrolab\",\"https:\\\/\\\/www.instagram.com\\\/proagrolab\\\/\",\"https:\\\/\\\/www.linkedin.com\\\/company\\\/laboratorio-proagro-s-a\\\/\"]},{\"@type\":\"Person\",\"@id\":\"https:\\\/\\\/proagrolab.com.ar\\\/#\\\/schema\\\/person\\\/38003ff90bf80381f71c7d922d207444\",\"name\":\"proagrolab\"}]}<\/script>\n<!-- \/ Yoast SEO plugin. -->","yoast_head_json":{"title":"Advierten a los supermercados para que bajen los precios de la carne. | Proagro","robots":{"index":"index","follow":"follow","max-snippet":"max-snippet:-1","max-image-preview":"max-image-preview:large","max-video-preview":"max-video-preview:-1"},"canonical":"https:\/\/proagrolab.com.ar\/en\/advierten-a-los-supermercados-para-que-bajen-los-precios-de-la-carne\/","og_locale":"en_US","og_type":"article","og_title":"Advierten a los supermercados para que bajen los precios de la carne. | Proagro","og_description":"Tras las presiones por la hacienda, el Gobierno les pidi\u00f3 un gesto a las cadenas; &#8220;tienen un margen b\u00e1rbaro; ellos pueden bajar un 20%&#8221;, se\u00f1al\u00f3 Alberto Samid, vicepresidente del Mercado Central. Por Fernando Bertello. Los grandes supermercados quedaron bajo presi\u00f3n por los precios de la carne al p\u00fablico, y trascendi\u00f3 que el Gobierno quiere que hagan un gesto para bajarlos. Ayer, luego de la reuni\u00f3n del jueves pasado en la que el jefe de Gabinete, Jorge Capitanich, y el secretario de Comercio, Augusto Costa, alertaron a frigor\u00edficos y supermercados por las subas, Alberto Samid, vicepresidente del Mercado Central, de buena relaci\u00f3n con los funcionarios, les apunt\u00f3 a las grandes cadenas. &#8220;Lo importante es que los supermercados bajen los precios. Tienen un margen b\u00e1rbaro; marcan el 200 por ciento. Ellos pueden bajar un 20 por ciento&#8221;, sostuvo Samid en di\u00e1logo con LA NACION. El pol\u00e9mico empresario precis\u00f3 que &#8220;el problema no est\u00e1 en la hacienda, est\u00e1 en los mostradores. En el mostrador tiene que valer 20 por ciento menos&#8221;, dijo. Luego de la reuni\u00f3n presidida por Capitanich, trascendi\u00f3 que el Gobierno hab\u00eda pedido una rebaja de los precios que incluyera los de la hacienda. Pero, seg\u00fan Samid, eso no es lo [&hellip;]","og_url":"https:\/\/proagrolab.com.ar\/advierten-a-los-supermercados-para-que-bajen-los-precios-de-la-carne\/","og_site_name":"Proagro","article_publisher":"http:\/\/www.facebook.com\/proagrolab","article_published_time":"2014-02-11T00:00:01+00:00","og_image":[{"url":"https:\/\/proagrolab.com.ar\/wp-content\/uploads\/2015\/01\/g_te0cjtuh3__Frigor\u00edfico-3.jpg","width":1,"height":1,"type":"image\/jpeg"}],"author":"proagrolab","twitter_card":"summary_large_image","twitter_misc":{"Written by":"proagrolab","Est. reading time":"4 minutes"},"schema":{"@context":"https:\/\/schema.org","@graph":[{"@type":"Article","@id":"https:\/\/proagrolab.com.ar\/advierten-a-los-supermercados-para-que-bajen-los-precios-de-la-carne\/#article","isPartOf":{"@id":"https:\/\/proagrolab.com.ar\/advierten-a-los-supermercados-para-que-bajen-los-precios-de-la-carne\/"},"author":{"name":"proagrolab","@id":"https:\/\/proagrolab.com.ar\/#\/schema\/person\/38003ff90bf80381f71c7d922d207444"},"headline":"Advierten a los supermercados para que bajen los precios de la carne.","datePublished":"2014-02-11T00:00:01+00:00","mainEntityOfPage":{"@id":"https:\/\/proagrolab.com.ar\/advierten-a-los-supermercados-para-que-bajen-los-precios-de-la-carne\/"},"wordCount":865,"publisher":{"@id":"https:\/\/proagrolab.com.ar\/#organization"},"image":{"@id":"https:\/\/proagrolab.com.ar\/advierten-a-los-supermercados-para-que-bajen-los-precios-de-la-carne\/#primaryimage"},"thumbnailUrl":"https:\/\/proagrolab.com.ar\/wp-content\/uploads\/2015\/01\/g_te0cjtuh3__Frigor\u00edfico-3.jpg","articleSection":["News"],"inLanguage":"en-US"},{"@type":"WebPage","@id":"https:\/\/proagrolab.com.ar\/advierten-a-los-supermercados-para-que-bajen-los-precios-de-la-carne\/","url":"https:\/\/proagrolab.com.ar\/advierten-a-los-supermercados-para-que-bajen-los-precios-de-la-carne\/","name":"Advierten a los supermercados para que bajen los precios de la carne. | Proagro","isPartOf":{"@id":"https:\/\/proagrolab.com.ar\/#website"},"primaryImageOfPage":{"@id":"https:\/\/proagrolab.com.ar\/advierten-a-los-supermercados-para-que-bajen-los-precios-de-la-carne\/#primaryimage"},"image":{"@id":"https:\/\/proagrolab.com.ar\/advierten-a-los-supermercados-para-que-bajen-los-precios-de-la-carne\/#primaryimage"},"thumbnailUrl":"https:\/\/proagrolab.com.ar\/wp-content\/uploads\/2015\/01\/g_te0cjtuh3__Frigor\u00edfico-3.jpg","datePublished":"2014-02-11T00:00:01+00:00","breadcrumb":{"@id":"https:\/\/proagrolab.com.ar\/advierten-a-los-supermercados-para-que-bajen-los-precios-de-la-carne\/#breadcrumb"},"inLanguage":"en-US","potentialAction":[{"@type":"ReadAction","target":["https:\/\/proagrolab.com.ar\/advierten-a-los-supermercados-para-que-bajen-los-precios-de-la-carne\/"]}]},{"@type":"ImageObject","inLanguage":"en-US","@id":"https:\/\/proagrolab.com.ar\/advierten-a-los-supermercados-para-que-bajen-los-precios-de-la-carne\/#primaryimage","url":"https:\/\/proagrolab.com.ar\/wp-content\/uploads\/2015\/01\/g_te0cjtuh3__Frigor\u00edfico-3.jpg","contentUrl":"https:\/\/proagrolab.com.ar\/wp-content\/uploads\/2015\/01\/g_te0cjtuh3__Frigor\u00edfico-3.jpg"},{"@type":"BreadcrumbList","@id":"https:\/\/proagrolab.com.ar\/advierten-a-los-supermercados-para-que-bajen-los-precios-de-la-carne\/#breadcrumb","itemListElement":[{"@type":"ListItem","position":1,"name":"Portada","item":"https:\/\/proagrolab.com.ar\/"},{"@type":"ListItem","position":2,"name":"Advierten a los supermercados para que bajen los precios de la carne."}]},{"@type":"WebSite","@id":"https:\/\/proagrolab.com.ar\/#website","url":"https:\/\/proagrolab.com.ar\/","name":"Proagro Laboratorio Veterinario","description":"Veterinary laboratory","publisher":{"@id":"https:\/\/proagrolab.com.ar\/#organization"},"potentialAction":[{"@type":"SearchAction","target":{"@type":"EntryPoint","urlTemplate":"https:\/\/proagrolab.com.ar\/?s={search_term_string}"},"query-input":{"@type":"PropertyValueSpecification","valueRequired":true,"valueName":"search_term_string"}}],"inLanguage":"en-US"},{"@type":"Organization","@id":"https:\/\/proagrolab.com.ar\/#organization","name":"Proagro","url":"https:\/\/proagrolab.com.ar\/","logo":{"@type":"ImageObject","inLanguage":"en-US","@id":"https:\/\/proagrolab.com.ar\/#\/schema\/logo\/image\/","url":"https:\/\/proagrolab.com.ar\/wp-content\/uploads\/2020\/04\/logo-retina.png","contentUrl":"https:\/\/proagrolab.com.ar\/wp-content\/uploads\/2020\/04\/logo-retina.png","width":478,"height":120,"caption":"Proagro"},"image":{"@id":"https:\/\/proagrolab.com.ar\/#\/schema\/logo\/image\/"},"sameAs":["http:\/\/www.facebook.com\/proagrolab","https:\/\/www.instagram.com\/proagrolab\/","https:\/\/www.linkedin.com\/company\/laboratorio-proagro-s-a\/"]},{"@type":"Person","@id":"https:\/\/proagrolab.com.ar\/#\/schema\/person\/38003ff90bf80381f71c7d922d207444","name":"proagrolab"}]}},"_links":{"self":[{"href":"https:\/\/proagrolab.com.ar\/en\/wp-json\/wp\/v2\/posts\/5935","targetHints":{"allow":["GET"]}}],"collection":[{"href":"https:\/\/proagrolab.com.ar\/en\/wp-json\/wp\/v2\/posts"}],"about":[{"href":"https:\/\/proagrolab.com.ar\/en\/wp-json\/wp\/v2\/types\/post"}],"author":[{"embeddable":true,"href":"https:\/\/proagrolab.com.ar\/en\/wp-json\/wp\/v2\/users\/2"}],"replies":[{"embeddable":true,"href":"https:\/\/proagrolab.com.ar\/en\/wp-json\/wp\/v2\/comments?post=5935"}],"version-history":[{"count":0,"href":"https:\/\/proagrolab.com.ar\/en\/wp-json\/wp\/v2\/posts\/5935\/revisions"}],"wp:featuredmedia":[{"embeddable":true,"href":"https:\/\/proagrolab.com.ar\/en\/wp-json\/wp\/v2\/media\/2422"}],"wp:attachment":[{"href":"https:\/\/proagrolab.com.ar\/en\/wp-json\/wp\/v2\/media?parent=5935"}],"wp:term":[{"taxonomy":"category","embeddable":true,"href":"https:\/\/proagrolab.com.ar\/en\/wp-json\/wp\/v2\/categories?post=5935"},{"taxonomy":"post_tag","embeddable":true,"href":"https:\/\/proagrolab.com.ar\/en\/wp-json\/wp\/v2\/tags?post=5935"}],"curies":[{"name":"wp","href":"https:\/\/api.w.org\/{rel}","templated":true}]}}