{"id":5933,"date":"2014-02-10T00:00:01","date_gmt":"2014-02-10T00:00:01","guid":{"rendered":"https:\/\/proagrolab.com.ar\/presionan-para-bajar-precios-de-la-hacienda-y-frenan-exportaciones\/"},"modified":"2014-02-10T00:00:01","modified_gmt":"2014-02-10T00:00:01","slug":"presionan-para-bajar-precios-de-la-hacienda-y-frenan-exportaciones","status":"publish","type":"post","link":"https:\/\/proagrolab.com.ar\/en\/presionan-para-bajar-precios-de-la-hacienda-y-frenan-exportaciones\/","title":{"rendered":"Presionan para bajar precios de la hacienda y frenan exportaciones."},"content":{"rendered":"<p class=\"qtranxs-available-languages-message qtranxs-available-languages-message-en\"> <\/p><p>Costa y Capitanich les pidieron a los frigor\u00edficos una reducci\u00f3n de 20% para el lunes.<\/p>\n<p>Por Fernando Bertello.<\/p>\n<p>El Gobierno presion\u00f3 para que la pr\u00f3xima semana la hacienda vacuna baje 20% y habr\u00eda decidido comenzar a frenar los permisos para exportar carne vacuna, con el objetivo de provocar un descenso del producto en el mercado interno, que subi\u00f3 20% en las \u00faltimas semanas.<\/p>\n<p>Anteayer, el jefe de Gabinete, Jorge Capitanich, y el secretario de Comercio Interior, Augusto Costa, se reunieron con representantes de supermercados y frigor\u00edficos. Entre otras firmas, hubo referentes de Coto, Grupo Penta, Grupo Mart\u00ednez y Frigolar. Alberto Samid, flamante vicepresidente del Mercado Central, acompa\u00f1\u00f3 a los funcionarios. Y, seg\u00fan trascendi\u00f3, tuvo un duro intercambio con el representante de Coto, firma a la cual habr\u00eda responsabilizado por el impulso de los precios en el Mercado de Liniers.<\/p>\n<p>Una fuente del Gobierno confirm\u00f3 el encuentro y, escuetamente, detall\u00f3: &#8220;La carne tiene que bajar la semana que viene; se les dio unos d\u00edas m\u00e1s&#8221;.<\/p>\n<p>De la reuni\u00f3n sali\u00f3 un pedido para que los operadores presionen por una reducci\u00f3n del 20% en los precios que se pagan en el Mercado de Liniers. La orden deber\u00eda cumplirse, seg\u00fan trascendi\u00f3, a partir del pr\u00f3ximo lunes en ese mercado.<\/p>\n<p>Por otra parte, hubo una sugerencia para que los supermercados no presionen con compras abundantes en esa plaza. Casualidad o no, ayer en Liniers no actuaron los supermercados.<\/p>\n<p>Mientras tanto, con un ingreso de 9204 animales hubo bajas de unos 20 centavos por kilo en novillitos y hacienda liviana de consumo. En el balance de los negocios de la semana en el Mercado de Liniers, el \u00cdndice Novillo retrocedi\u00f3 un 1,76%, al pasar de 14,284 a 14,032 pesos por kilo, de los que se informa en la p\u00e1gina 23.<\/p>\n<p>Algunos operadores estimaban ayer que los ingresos de la pr\u00f3xima semana podr\u00edan complicarse por las fuertes lluvias, que dificultan los traslados de la hacienda.<\/p>\n<p>Con el aumento en la carne, hace diez d\u00edas Costa reflot\u00f3 &#8220;La escuelita&#8221;, un \u00e1mbito donde Moreno convocaba a empresarios para controlar la carne. En este contexto, circularon rumores de que Costa le habr\u00eda solicitado ayuda a Moreno -que todav\u00eda no viaj\u00f3 a Italia para ser agregado comercial en la embajada en Roma- frente a los aumentos en la carne.<\/p>\n<p>Ante la nueva intervenci\u00f3n del Gobierno, Confederaciones Rurales Argentinas (CRA) critic\u00f3 que se estuviera afectando el normal funcionamiento del Mercado de Liniers. &#8220;Todo entorpecimiento en el mercado traer\u00e1 aparejada p\u00e9rdidas no s\u00f3lo para los productores ganaderos, jaqueados en su rentabilidad, sino para los consumidores que d\u00eda tras d\u00eda pagan en g\u00f3ndola cada vez m\u00e1s caro los distintos cortes de carne vacuna&#8221;, indic\u00f3 CRA en un comunicado.<\/p>\n<p><i>Exportaciones<\/i><br \/>En este contexto, en el sector hay inquietud por un freno a las ventas al exterior que se habr\u00eda aplicado en los \u00faltimos d\u00edas.<\/p>\n<p>&#8220;No hay autorizaci\u00f3n de ROE [Registro de Operaciones de Exportaci\u00f3n] desde hace tres d\u00edas. No hubo comunicaci\u00f3n oficial al respecto&#8221;, cont\u00f3 una fuente vinculada con el negocio exportador.<\/p>\n<p>Miguel Schiariti, presidente de la C\u00e1mara de la Industria y el Comercio de Carnes (Ciccra), denunci\u00f3 que hay &#8220;un cierre virtual de la exportaci\u00f3n&#8221;.<\/p>\n<p>&#8220;Hace unos d\u00edas que no hay ROE y algunos que hab\u00edan otorgado los anularon&#8221;, se\u00f1al\u00f3 Schiariti.<\/p>\n<p>El dirigente explic\u00f3 que cerrar las exportaciones, que hoy apenas representan el 6% de lo que se produce, tiene un impacto m\u00ednimo para bajar la carne.<\/p>\n<p>&#8220;Ac\u00e1 se exportan unos 12 millones de kilogramos por mes [12.000 toneladas] y hay 40 millones de habitantes. Cerrar las exportaciones s\u00f3lo agregar\u00eda unos 250 gramos m\u00e1s al consumo [por persona]&#8221;, afirm\u00f3. Y expuso: &#8220;Esta es la misma pol\u00edtica que aplic\u00f3 Moreno: intentar manejar el mercado de Liniers y cerrar las exportaciones&#8221;.<\/p>\n<p>Schiariti cree que los precios van a bajar cuando se normalice la oferta de hacienda, afectada por las lluvias.<\/p>\n<p>Fuente: La Naci\u00f3n, suple campo, 8 de febrero.<br \/><\/p>","protected":false},"excerpt":{"rendered":"<p>Costa y Capitanich les pidieron a los frigor\u00edficos una reducci\u00f3n de 20% para el lunes. Por Fernando Bertello. El Gobierno presion\u00f3 para que la pr\u00f3xima semana la hacienda vacuna baje 20% y habr\u00eda decidido comenzar a frenar los permisos para exportar carne vacuna, con el objetivo de provocar un descenso del producto en el mercado interno, que subi\u00f3 20% en las \u00faltimas semanas. Anteayer, el jefe de Gabinete, Jorge Capitanich, y el secretario de Comercio Interior, Augusto Costa, se reunieron con representantes de supermercados y frigor\u00edficos. Entre otras firmas, hubo referentes de Coto, Grupo Penta, Grupo Mart\u00ednez y Frigolar. Alberto Samid, flamante vicepresidente del Mercado Central, acompa\u00f1\u00f3 a los funcionarios. Y, seg\u00fan trascendi\u00f3, tuvo un duro intercambio con el representante de Coto, firma a la cual habr\u00eda responsabilizado por el impulso de los precios en el Mercado de Liniers. Una fuente del Gobierno confirm\u00f3 el encuentro y, escuetamente, detall\u00f3: &#8220;La carne tiene que bajar la semana que viene; se les dio unos d\u00edas m\u00e1s&#8221;. De la reuni\u00f3n sali\u00f3 un pedido para que los operadores presionen por una reducci\u00f3n del 20% en los precios que se pagan en el Mercado de Liniers. La orden deber\u00eda cumplirse, seg\u00fan trascendi\u00f3, a partir del [&hellip;]<\/p>\n","protected":false},"author":2,"featured_media":2420,"comment_status":"closed","ping_status":"open","sticky":false,"template":"","format":"standard","meta":{"_acf_changed":false,"footnotes":""},"categories":[56],"tags":[],"class_list":["post-5933","post","type-post","status-publish","format-standard","has-post-thumbnail","hentry","category-infoganadero"],"acf":[],"yoast_head":"<!-- This site is optimized with the Yoast SEO plugin v27.4 - https:\/\/yoast.com\/product\/yoast-seo-wordpress\/ -->\n<title>Presionan para bajar precios de la hacienda y frenan exportaciones. | Proagro<\/title>\n<meta name=\"robots\" content=\"index, follow, max-snippet:-1, max-image-preview:large, max-video-preview:-1\" \/>\n<link rel=\"canonical\" href=\"https:\/\/proagrolab.com.ar\/en\/presionan-para-bajar-precios-de-la-hacienda-y-frenan-exportaciones\/\" \/>\n<meta property=\"og:locale\" content=\"en_US\" \/>\n<meta property=\"og:type\" content=\"article\" \/>\n<meta property=\"og:title\" content=\"Presionan para bajar precios de la hacienda y frenan exportaciones. | Proagro\" \/>\n<meta property=\"og:description\" content=\"Costa y Capitanich les pidieron a los frigor\u00edficos una reducci\u00f3n de 20% para el lunes. Por Fernando Bertello. El Gobierno presion\u00f3 para que la pr\u00f3xima semana la hacienda vacuna baje 20% y habr\u00eda decidido comenzar a frenar los permisos para exportar carne vacuna, con el objetivo de provocar un descenso del producto en el mercado interno, que subi\u00f3 20% en las \u00faltimas semanas. Anteayer, el jefe de Gabinete, Jorge Capitanich, y el secretario de Comercio Interior, Augusto Costa, se reunieron con representantes de supermercados y frigor\u00edficos. Entre otras firmas, hubo referentes de Coto, Grupo Penta, Grupo Mart\u00ednez y Frigolar. Alberto Samid, flamante vicepresidente del Mercado Central, acompa\u00f1\u00f3 a los funcionarios. Y, seg\u00fan trascendi\u00f3, tuvo un duro intercambio con el representante de Coto, firma a la cual habr\u00eda responsabilizado por el impulso de los precios en el Mercado de Liniers. Una fuente del Gobierno confirm\u00f3 el encuentro y, escuetamente, detall\u00f3: &#8220;La carne tiene que bajar la semana que viene; se les dio unos d\u00edas m\u00e1s&#8221;. De la reuni\u00f3n sali\u00f3 un pedido para que los operadores presionen por una reducci\u00f3n del 20% en los precios que se pagan en el Mercado de Liniers. La orden deber\u00eda cumplirse, seg\u00fan trascendi\u00f3, a partir del [&hellip;]\" \/>\n<meta property=\"og:url\" content=\"https:\/\/proagrolab.com.ar\/presionan-para-bajar-precios-de-la-hacienda-y-frenan-exportaciones\/\" \/>\n<meta property=\"og:site_name\" content=\"Proagro\" \/>\n<meta property=\"article:publisher\" content=\"http:\/\/www.facebook.com\/proagrolab\" \/>\n<meta property=\"article:published_time\" content=\"2014-02-10T00:00:01+00:00\" \/>\n<meta property=\"og:image\" content=\"https:\/\/proagrolab.com.ar\/wp-content\/uploads\/2015\/01\/g_llsuks3w4__Frigor\u00edfico-2.jpg\" \/>\n\t<meta property=\"og:image:width\" content=\"1\" \/>\n\t<meta property=\"og:image:height\" content=\"1\" \/>\n\t<meta property=\"og:image:type\" content=\"image\/jpeg\" \/>\n<meta name=\"author\" content=\"proagrolab\" \/>\n<meta name=\"twitter:card\" content=\"summary_large_image\" \/>\n<meta name=\"twitter:label1\" content=\"Written by\" \/>\n\t<meta name=\"twitter:data1\" content=\"proagrolab\" \/>\n\t<meta name=\"twitter:label2\" content=\"Est. reading time\" \/>\n\t<meta name=\"twitter:data2\" content=\"3 minutes\" \/>\n<script type=\"application\/ld+json\" class=\"yoast-schema-graph\">{\"@context\":\"https:\\\/\\\/schema.org\",\"@graph\":[{\"@type\":\"Article\",\"@id\":\"https:\\\/\\\/proagrolab.com.ar\\\/presionan-para-bajar-precios-de-la-hacienda-y-frenan-exportaciones\\\/#article\",\"isPartOf\":{\"@id\":\"https:\\\/\\\/proagrolab.com.ar\\\/presionan-para-bajar-precios-de-la-hacienda-y-frenan-exportaciones\\\/\"},\"author\":{\"name\":\"proagrolab\",\"@id\":\"https:\\\/\\\/proagrolab.com.ar\\\/#\\\/schema\\\/person\\\/38003ff90bf80381f71c7d922d207444\"},\"headline\":\"Presionan para bajar precios de la hacienda y frenan exportaciones.\",\"datePublished\":\"2014-02-10T00:00:01+00:00\",\"mainEntityOfPage\":{\"@id\":\"https:\\\/\\\/proagrolab.com.ar\\\/presionan-para-bajar-precios-de-la-hacienda-y-frenan-exportaciones\\\/\"},\"wordCount\":681,\"publisher\":{\"@id\":\"https:\\\/\\\/proagrolab.com.ar\\\/#organization\"},\"image\":{\"@id\":\"https:\\\/\\\/proagrolab.com.ar\\\/presionan-para-bajar-precios-de-la-hacienda-y-frenan-exportaciones\\\/#primaryimage\"},\"thumbnailUrl\":\"https:\\\/\\\/proagrolab.com.ar\\\/wp-content\\\/uploads\\\/2015\\\/01\\\/g_llsuks3w4__Frigor\u00edfico-2.jpg\",\"articleSection\":[\"News\"],\"inLanguage\":\"en-US\"},{\"@type\":\"WebPage\",\"@id\":\"https:\\\/\\\/proagrolab.com.ar\\\/presionan-para-bajar-precios-de-la-hacienda-y-frenan-exportaciones\\\/\",\"url\":\"https:\\\/\\\/proagrolab.com.ar\\\/presionan-para-bajar-precios-de-la-hacienda-y-frenan-exportaciones\\\/\",\"name\":\"Presionan para bajar precios de la hacienda y frenan exportaciones. | Proagro\",\"isPartOf\":{\"@id\":\"https:\\\/\\\/proagrolab.com.ar\\\/#website\"},\"primaryImageOfPage\":{\"@id\":\"https:\\\/\\\/proagrolab.com.ar\\\/presionan-para-bajar-precios-de-la-hacienda-y-frenan-exportaciones\\\/#primaryimage\"},\"image\":{\"@id\":\"https:\\\/\\\/proagrolab.com.ar\\\/presionan-para-bajar-precios-de-la-hacienda-y-frenan-exportaciones\\\/#primaryimage\"},\"thumbnailUrl\":\"https:\\\/\\\/proagrolab.com.ar\\\/wp-content\\\/uploads\\\/2015\\\/01\\\/g_llsuks3w4__Frigor\u00edfico-2.jpg\",\"datePublished\":\"2014-02-10T00:00:01+00:00\",\"breadcrumb\":{\"@id\":\"https:\\\/\\\/proagrolab.com.ar\\\/presionan-para-bajar-precios-de-la-hacienda-y-frenan-exportaciones\\\/#breadcrumb\"},\"inLanguage\":\"en-US\",\"potentialAction\":[{\"@type\":\"ReadAction\",\"target\":[\"https:\\\/\\\/proagrolab.com.ar\\\/presionan-para-bajar-precios-de-la-hacienda-y-frenan-exportaciones\\\/\"]}]},{\"@type\":\"ImageObject\",\"inLanguage\":\"en-US\",\"@id\":\"https:\\\/\\\/proagrolab.com.ar\\\/presionan-para-bajar-precios-de-la-hacienda-y-frenan-exportaciones\\\/#primaryimage\",\"url\":\"https:\\\/\\\/proagrolab.com.ar\\\/wp-content\\\/uploads\\\/2015\\\/01\\\/g_llsuks3w4__Frigor\u00edfico-2.jpg\",\"contentUrl\":\"https:\\\/\\\/proagrolab.com.ar\\\/wp-content\\\/uploads\\\/2015\\\/01\\\/g_llsuks3w4__Frigor\u00edfico-2.jpg\"},{\"@type\":\"BreadcrumbList\",\"@id\":\"https:\\\/\\\/proagrolab.com.ar\\\/presionan-para-bajar-precios-de-la-hacienda-y-frenan-exportaciones\\\/#breadcrumb\",\"itemListElement\":[{\"@type\":\"ListItem\",\"position\":1,\"name\":\"Portada\",\"item\":\"https:\\\/\\\/proagrolab.com.ar\\\/\"},{\"@type\":\"ListItem\",\"position\":2,\"name\":\"Presionan para bajar precios de la hacienda y frenan exportaciones.\"}]},{\"@type\":\"WebSite\",\"@id\":\"https:\\\/\\\/proagrolab.com.ar\\\/#website\",\"url\":\"https:\\\/\\\/proagrolab.com.ar\\\/\",\"name\":\"Proagro Laboratorio Veterinario\",\"description\":\"Veterinary laboratory\",\"publisher\":{\"@id\":\"https:\\\/\\\/proagrolab.com.ar\\\/#organization\"},\"potentialAction\":[{\"@type\":\"SearchAction\",\"target\":{\"@type\":\"EntryPoint\",\"urlTemplate\":\"https:\\\/\\\/proagrolab.com.ar\\\/?s={search_term_string}\"},\"query-input\":{\"@type\":\"PropertyValueSpecification\",\"valueRequired\":true,\"valueName\":\"search_term_string\"}}],\"inLanguage\":\"en-US\"},{\"@type\":\"Organization\",\"@id\":\"https:\\\/\\\/proagrolab.com.ar\\\/#organization\",\"name\":\"Proagro\",\"url\":\"https:\\\/\\\/proagrolab.com.ar\\\/\",\"logo\":{\"@type\":\"ImageObject\",\"inLanguage\":\"en-US\",\"@id\":\"https:\\\/\\\/proagrolab.com.ar\\\/#\\\/schema\\\/logo\\\/image\\\/\",\"url\":\"https:\\\/\\\/proagrolab.com.ar\\\/wp-content\\\/uploads\\\/2020\\\/04\\\/logo-retina.png\",\"contentUrl\":\"https:\\\/\\\/proagrolab.com.ar\\\/wp-content\\\/uploads\\\/2020\\\/04\\\/logo-retina.png\",\"width\":478,\"height\":120,\"caption\":\"Proagro\"},\"image\":{\"@id\":\"https:\\\/\\\/proagrolab.com.ar\\\/#\\\/schema\\\/logo\\\/image\\\/\"},\"sameAs\":[\"http:\\\/\\\/www.facebook.com\\\/proagrolab\",\"https:\\\/\\\/www.instagram.com\\\/proagrolab\\\/\",\"https:\\\/\\\/www.linkedin.com\\\/company\\\/laboratorio-proagro-s-a\\\/\"]},{\"@type\":\"Person\",\"@id\":\"https:\\\/\\\/proagrolab.com.ar\\\/#\\\/schema\\\/person\\\/38003ff90bf80381f71c7d922d207444\",\"name\":\"proagrolab\"}]}<\/script>\n<!-- \/ Yoast SEO plugin. -->","yoast_head_json":{"title":"Presionan para bajar precios de la hacienda y frenan exportaciones. | Proagro","robots":{"index":"index","follow":"follow","max-snippet":"max-snippet:-1","max-image-preview":"max-image-preview:large","max-video-preview":"max-video-preview:-1"},"canonical":"https:\/\/proagrolab.com.ar\/en\/presionan-para-bajar-precios-de-la-hacienda-y-frenan-exportaciones\/","og_locale":"en_US","og_type":"article","og_title":"Presionan para bajar precios de la hacienda y frenan exportaciones. | Proagro","og_description":"Costa y Capitanich les pidieron a los frigor\u00edficos una reducci\u00f3n de 20% para el lunes. Por Fernando Bertello. El Gobierno presion\u00f3 para que la pr\u00f3xima semana la hacienda vacuna baje 20% y habr\u00eda decidido comenzar a frenar los permisos para exportar carne vacuna, con el objetivo de provocar un descenso del producto en el mercado interno, que subi\u00f3 20% en las \u00faltimas semanas. Anteayer, el jefe de Gabinete, Jorge Capitanich, y el secretario de Comercio Interior, Augusto Costa, se reunieron con representantes de supermercados y frigor\u00edficos. Entre otras firmas, hubo referentes de Coto, Grupo Penta, Grupo Mart\u00ednez y Frigolar. Alberto Samid, flamante vicepresidente del Mercado Central, acompa\u00f1\u00f3 a los funcionarios. Y, seg\u00fan trascendi\u00f3, tuvo un duro intercambio con el representante de Coto, firma a la cual habr\u00eda responsabilizado por el impulso de los precios en el Mercado de Liniers. Una fuente del Gobierno confirm\u00f3 el encuentro y, escuetamente, detall\u00f3: &#8220;La carne tiene que bajar la semana que viene; se les dio unos d\u00edas m\u00e1s&#8221;. De la reuni\u00f3n sali\u00f3 un pedido para que los operadores presionen por una reducci\u00f3n del 20% en los precios que se pagan en el Mercado de Liniers. La orden deber\u00eda cumplirse, seg\u00fan trascendi\u00f3, a partir del [&hellip;]","og_url":"https:\/\/proagrolab.com.ar\/presionan-para-bajar-precios-de-la-hacienda-y-frenan-exportaciones\/","og_site_name":"Proagro","article_publisher":"http:\/\/www.facebook.com\/proagrolab","article_published_time":"2014-02-10T00:00:01+00:00","og_image":[{"url":"https:\/\/proagrolab.com.ar\/wp-content\/uploads\/2015\/01\/g_llsuks3w4__Frigor\u00edfico-2.jpg","width":1,"height":1,"type":"image\/jpeg"}],"author":"proagrolab","twitter_card":"summary_large_image","twitter_misc":{"Written by":"proagrolab","Est. reading time":"3 minutes"},"schema":{"@context":"https:\/\/schema.org","@graph":[{"@type":"Article","@id":"https:\/\/proagrolab.com.ar\/presionan-para-bajar-precios-de-la-hacienda-y-frenan-exportaciones\/#article","isPartOf":{"@id":"https:\/\/proagrolab.com.ar\/presionan-para-bajar-precios-de-la-hacienda-y-frenan-exportaciones\/"},"author":{"name":"proagrolab","@id":"https:\/\/proagrolab.com.ar\/#\/schema\/person\/38003ff90bf80381f71c7d922d207444"},"headline":"Presionan para bajar precios de la hacienda y frenan exportaciones.","datePublished":"2014-02-10T00:00:01+00:00","mainEntityOfPage":{"@id":"https:\/\/proagrolab.com.ar\/presionan-para-bajar-precios-de-la-hacienda-y-frenan-exportaciones\/"},"wordCount":681,"publisher":{"@id":"https:\/\/proagrolab.com.ar\/#organization"},"image":{"@id":"https:\/\/proagrolab.com.ar\/presionan-para-bajar-precios-de-la-hacienda-y-frenan-exportaciones\/#primaryimage"},"thumbnailUrl":"https:\/\/proagrolab.com.ar\/wp-content\/uploads\/2015\/01\/g_llsuks3w4__Frigor\u00edfico-2.jpg","articleSection":["News"],"inLanguage":"en-US"},{"@type":"WebPage","@id":"https:\/\/proagrolab.com.ar\/presionan-para-bajar-precios-de-la-hacienda-y-frenan-exportaciones\/","url":"https:\/\/proagrolab.com.ar\/presionan-para-bajar-precios-de-la-hacienda-y-frenan-exportaciones\/","name":"Presionan para bajar precios de la hacienda y frenan exportaciones. | Proagro","isPartOf":{"@id":"https:\/\/proagrolab.com.ar\/#website"},"primaryImageOfPage":{"@id":"https:\/\/proagrolab.com.ar\/presionan-para-bajar-precios-de-la-hacienda-y-frenan-exportaciones\/#primaryimage"},"image":{"@id":"https:\/\/proagrolab.com.ar\/presionan-para-bajar-precios-de-la-hacienda-y-frenan-exportaciones\/#primaryimage"},"thumbnailUrl":"https:\/\/proagrolab.com.ar\/wp-content\/uploads\/2015\/01\/g_llsuks3w4__Frigor\u00edfico-2.jpg","datePublished":"2014-02-10T00:00:01+00:00","breadcrumb":{"@id":"https:\/\/proagrolab.com.ar\/presionan-para-bajar-precios-de-la-hacienda-y-frenan-exportaciones\/#breadcrumb"},"inLanguage":"en-US","potentialAction":[{"@type":"ReadAction","target":["https:\/\/proagrolab.com.ar\/presionan-para-bajar-precios-de-la-hacienda-y-frenan-exportaciones\/"]}]},{"@type":"ImageObject","inLanguage":"en-US","@id":"https:\/\/proagrolab.com.ar\/presionan-para-bajar-precios-de-la-hacienda-y-frenan-exportaciones\/#primaryimage","url":"https:\/\/proagrolab.com.ar\/wp-content\/uploads\/2015\/01\/g_llsuks3w4__Frigor\u00edfico-2.jpg","contentUrl":"https:\/\/proagrolab.com.ar\/wp-content\/uploads\/2015\/01\/g_llsuks3w4__Frigor\u00edfico-2.jpg"},{"@type":"BreadcrumbList","@id":"https:\/\/proagrolab.com.ar\/presionan-para-bajar-precios-de-la-hacienda-y-frenan-exportaciones\/#breadcrumb","itemListElement":[{"@type":"ListItem","position":1,"name":"Portada","item":"https:\/\/proagrolab.com.ar\/"},{"@type":"ListItem","position":2,"name":"Presionan para bajar precios de la hacienda y frenan exportaciones."}]},{"@type":"WebSite","@id":"https:\/\/proagrolab.com.ar\/#website","url":"https:\/\/proagrolab.com.ar\/","name":"Proagro Laboratorio Veterinario","description":"Veterinary laboratory","publisher":{"@id":"https:\/\/proagrolab.com.ar\/#organization"},"potentialAction":[{"@type":"SearchAction","target":{"@type":"EntryPoint","urlTemplate":"https:\/\/proagrolab.com.ar\/?s={search_term_string}"},"query-input":{"@type":"PropertyValueSpecification","valueRequired":true,"valueName":"search_term_string"}}],"inLanguage":"en-US"},{"@type":"Organization","@id":"https:\/\/proagrolab.com.ar\/#organization","name":"Proagro","url":"https:\/\/proagrolab.com.ar\/","logo":{"@type":"ImageObject","inLanguage":"en-US","@id":"https:\/\/proagrolab.com.ar\/#\/schema\/logo\/image\/","url":"https:\/\/proagrolab.com.ar\/wp-content\/uploads\/2020\/04\/logo-retina.png","contentUrl":"https:\/\/proagrolab.com.ar\/wp-content\/uploads\/2020\/04\/logo-retina.png","width":478,"height":120,"caption":"Proagro"},"image":{"@id":"https:\/\/proagrolab.com.ar\/#\/schema\/logo\/image\/"},"sameAs":["http:\/\/www.facebook.com\/proagrolab","https:\/\/www.instagram.com\/proagrolab\/","https:\/\/www.linkedin.com\/company\/laboratorio-proagro-s-a\/"]},{"@type":"Person","@id":"https:\/\/proagrolab.com.ar\/#\/schema\/person\/38003ff90bf80381f71c7d922d207444","name":"proagrolab"}]}},"_links":{"self":[{"href":"https:\/\/proagrolab.com.ar\/en\/wp-json\/wp\/v2\/posts\/5933","targetHints":{"allow":["GET"]}}],"collection":[{"href":"https:\/\/proagrolab.com.ar\/en\/wp-json\/wp\/v2\/posts"}],"about":[{"href":"https:\/\/proagrolab.com.ar\/en\/wp-json\/wp\/v2\/types\/post"}],"author":[{"embeddable":true,"href":"https:\/\/proagrolab.com.ar\/en\/wp-json\/wp\/v2\/users\/2"}],"replies":[{"embeddable":true,"href":"https:\/\/proagrolab.com.ar\/en\/wp-json\/wp\/v2\/comments?post=5933"}],"version-history":[{"count":0,"href":"https:\/\/proagrolab.com.ar\/en\/wp-json\/wp\/v2\/posts\/5933\/revisions"}],"wp:featuredmedia":[{"embeddable":true,"href":"https:\/\/proagrolab.com.ar\/en\/wp-json\/wp\/v2\/media\/2420"}],"wp:attachment":[{"href":"https:\/\/proagrolab.com.ar\/en\/wp-json\/wp\/v2\/media?parent=5933"}],"wp:term":[{"taxonomy":"category","embeddable":true,"href":"https:\/\/proagrolab.com.ar\/en\/wp-json\/wp\/v2\/categories?post=5933"},{"taxonomy":"post_tag","embeddable":true,"href":"https:\/\/proagrolab.com.ar\/en\/wp-json\/wp\/v2\/tags?post=5933"}],"curies":[{"name":"wp","href":"https:\/\/api.w.org\/{rel}","templated":true}]}}