{"id":5932,"date":"2014-02-07T00:00:01","date_gmt":"2014-02-07T00:00:01","guid":{"rendered":"https:\/\/proagrolab.com.ar\/embarques-uruguayos-de-carne-bovina-disminuyen-169-en-enero\/"},"modified":"2014-02-07T00:00:01","modified_gmt":"2014-02-07T00:00:01","slug":"embarques-uruguayos-de-carne-bovina-disminuyen-169-en-enero","status":"publish","type":"post","link":"https:\/\/proagrolab.com.ar\/en\/embarques-uruguayos-de-carne-bovina-disminuyen-169-en-enero\/","title":{"rendered":"Embarques uruguayos de carne bovina disminuyen 16,9% en enero."},"content":{"rendered":"<p class=\"qtranxs-available-languages-message qtranxs-available-languages-message-en\"> <\/p><p>Las exportaciones uruguayas de carne bovina disminuyeron 16,9% en enero de este a\u00f1o ante el mismo mes de 2013, periodo durante el cual los ingresos bajaron 12,7%, inform\u00f3 el mi\u00e9rcoles el Gobierno.<\/p>\n<p>Las ventas de dicho producto alcanzaron 21.091 toneladas en el primer mes del a\u00f1o y le reportaron al pa\u00eds US$ 87,3 millones.<\/p>\n<p>La faena tambi\u00e9n disminuy\u00f3 en enero, un 7,9% interanual, a 173.067 vacunos. En 2013 se faenaron 1,98 millones de cabezas de ganado.<\/p>\n<p>Los principales clientes de Uruguay fueron China, los pa\u00edses del Tratado de Libre Comercio de Am\u00e9rica del Norte (TLCAN), la Uni\u00f3n Europea, los socios del Mercosur, Israel y Rusia.<\/p>\n<p>Fuente: Carnetec, 6 de febrero.<br \/><\/p>","protected":false},"excerpt":{"rendered":"<p>Las exportaciones uruguayas de carne bovina disminuyeron 16,9% en enero de este a\u00f1o ante el mismo mes de 2013, periodo durante el cual los ingresos bajaron 12,7%, inform\u00f3 el mi\u00e9rcoles el Gobierno. Las ventas de dicho producto alcanzaron 21.091 toneladas en el primer mes del a\u00f1o y le reportaron al pa\u00eds US$ 87,3 millones. La faena tambi\u00e9n disminuy\u00f3 en enero, un 7,9% interanual, a 173.067 vacunos. En 2013 se faenaron 1,98 millones de cabezas de ganado. Los principales clientes de Uruguay fueron China, los pa\u00edses del Tratado de Libre Comercio de Am\u00e9rica del Norte (TLCAN), la Uni\u00f3n Europea, los socios del Mercosur, Israel y Rusia. Fuente: Carnetec, 6 de febrero.<\/p>\n","protected":false},"author":2,"featured_media":2419,"comment_status":"closed","ping_status":"open","sticky":false,"template":"","format":"standard","meta":{"_acf_changed":false,"footnotes":""},"categories":[56],"tags":[],"class_list":["post-5932","post","type-post","status-publish","format-standard","has-post-thumbnail","hentry","category-infoganadero"],"acf":[],"yoast_head":"<!-- This site is optimized with the Yoast SEO plugin v27.4 - https:\/\/yoast.com\/product\/yoast-seo-wordpress\/ -->\n<title>Embarques uruguayos de carne bovina disminuyen 16,9% en enero. | Proagro<\/title>\n<meta name=\"robots\" content=\"index, follow, max-snippet:-1, max-image-preview:large, max-video-preview:-1\" \/>\n<link rel=\"canonical\" href=\"https:\/\/proagrolab.com.ar\/en\/embarques-uruguayos-de-carne-bovina-disminuyen-169-en-enero\/\" \/>\n<meta property=\"og:locale\" content=\"en_US\" \/>\n<meta property=\"og:type\" content=\"article\" \/>\n<meta property=\"og:title\" content=\"Embarques uruguayos de carne bovina disminuyen 16,9% en enero. | Proagro\" \/>\n<meta property=\"og:description\" content=\"Las exportaciones uruguayas de carne bovina disminuyeron 16,9% en enero de este a\u00f1o ante el mismo mes de 2013, periodo durante el cual los ingresos bajaron 12,7%, inform\u00f3 el mi\u00e9rcoles el Gobierno. Las ventas de dicho producto alcanzaron 21.091 toneladas en el primer mes del a\u00f1o y le reportaron al pa\u00eds US$ 87,3 millones. La faena tambi\u00e9n disminuy\u00f3 en enero, un 7,9% interanual, a 173.067 vacunos. En 2013 se faenaron 1,98 millones de cabezas de ganado. Los principales clientes de Uruguay fueron China, los pa\u00edses del Tratado de Libre Comercio de Am\u00e9rica del Norte (TLCAN), la Uni\u00f3n Europea, los socios del Mercosur, Israel y Rusia. Fuente: Carnetec, 6 de febrero.\" \/>\n<meta property=\"og:url\" content=\"https:\/\/proagrolab.com.ar\/embarques-uruguayos-de-carne-bovina-disminuyen-169-en-enero\/\" \/>\n<meta property=\"og:site_name\" content=\"Proagro\" \/>\n<meta property=\"article:publisher\" content=\"http:\/\/www.facebook.com\/proagrolab\" \/>\n<meta property=\"article:published_time\" content=\"2014-02-07T00:00:01+00:00\" \/>\n<meta property=\"og:image\" content=\"https:\/\/proagrolab.com.ar\/wp-content\/uploads\/2015\/01\/g_gdeq36my3__Frigor\u00edfico-2.jpg\" \/>\n\t<meta property=\"og:image:width\" content=\"1\" \/>\n\t<meta property=\"og:image:height\" content=\"1\" \/>\n\t<meta property=\"og:image:type\" content=\"image\/jpeg\" \/>\n<meta name=\"author\" content=\"proagrolab\" \/>\n<meta name=\"twitter:card\" content=\"summary_large_image\" \/>\n<meta name=\"twitter:label1\" content=\"Written by\" \/>\n\t<meta name=\"twitter:data1\" content=\"proagrolab\" \/>\n\t<meta name=\"twitter:label2\" content=\"Est. reading time\" \/>\n\t<meta name=\"twitter:data2\" content=\"1 minute\" \/>\n<script type=\"application\/ld+json\" class=\"yoast-schema-graph\">{\"@context\":\"https:\\\/\\\/schema.org\",\"@graph\":[{\"@type\":\"Article\",\"@id\":\"https:\\\/\\\/proagrolab.com.ar\\\/embarques-uruguayos-de-carne-bovina-disminuyen-169-en-enero\\\/#article\",\"isPartOf\":{\"@id\":\"https:\\\/\\\/proagrolab.com.ar\\\/embarques-uruguayos-de-carne-bovina-disminuyen-169-en-enero\\\/\"},\"author\":{\"name\":\"proagrolab\",\"@id\":\"https:\\\/\\\/proagrolab.com.ar\\\/#\\\/schema\\\/person\\\/38003ff90bf80381f71c7d922d207444\"},\"headline\":\"Embarques uruguayos de carne bovina disminuyen 16,9% en enero.\",\"datePublished\":\"2014-02-07T00:00:01+00:00\",\"mainEntityOfPage\":{\"@id\":\"https:\\\/\\\/proagrolab.com.ar\\\/embarques-uruguayos-de-carne-bovina-disminuyen-169-en-enero\\\/\"},\"wordCount\":116,\"publisher\":{\"@id\":\"https:\\\/\\\/proagrolab.com.ar\\\/#organization\"},\"image\":{\"@id\":\"https:\\\/\\\/proagrolab.com.ar\\\/embarques-uruguayos-de-carne-bovina-disminuyen-169-en-enero\\\/#primaryimage\"},\"thumbnailUrl\":\"https:\\\/\\\/proagrolab.com.ar\\\/wp-content\\\/uploads\\\/2015\\\/01\\\/g_gdeq36my3__Frigor\u00edfico-2.jpg\",\"articleSection\":[\"News\"],\"inLanguage\":\"en-US\"},{\"@type\":\"WebPage\",\"@id\":\"https:\\\/\\\/proagrolab.com.ar\\\/embarques-uruguayos-de-carne-bovina-disminuyen-169-en-enero\\\/\",\"url\":\"https:\\\/\\\/proagrolab.com.ar\\\/embarques-uruguayos-de-carne-bovina-disminuyen-169-en-enero\\\/\",\"name\":\"Embarques uruguayos de carne bovina disminuyen 16,9% en enero. | Proagro\",\"isPartOf\":{\"@id\":\"https:\\\/\\\/proagrolab.com.ar\\\/#website\"},\"primaryImageOfPage\":{\"@id\":\"https:\\\/\\\/proagrolab.com.ar\\\/embarques-uruguayos-de-carne-bovina-disminuyen-169-en-enero\\\/#primaryimage\"},\"image\":{\"@id\":\"https:\\\/\\\/proagrolab.com.ar\\\/embarques-uruguayos-de-carne-bovina-disminuyen-169-en-enero\\\/#primaryimage\"},\"thumbnailUrl\":\"https:\\\/\\\/proagrolab.com.ar\\\/wp-content\\\/uploads\\\/2015\\\/01\\\/g_gdeq36my3__Frigor\u00edfico-2.jpg\",\"datePublished\":\"2014-02-07T00:00:01+00:00\",\"breadcrumb\":{\"@id\":\"https:\\\/\\\/proagrolab.com.ar\\\/embarques-uruguayos-de-carne-bovina-disminuyen-169-en-enero\\\/#breadcrumb\"},\"inLanguage\":\"en-US\",\"potentialAction\":[{\"@type\":\"ReadAction\",\"target\":[\"https:\\\/\\\/proagrolab.com.ar\\\/embarques-uruguayos-de-carne-bovina-disminuyen-169-en-enero\\\/\"]}]},{\"@type\":\"ImageObject\",\"inLanguage\":\"en-US\",\"@id\":\"https:\\\/\\\/proagrolab.com.ar\\\/embarques-uruguayos-de-carne-bovina-disminuyen-169-en-enero\\\/#primaryimage\",\"url\":\"https:\\\/\\\/proagrolab.com.ar\\\/wp-content\\\/uploads\\\/2015\\\/01\\\/g_gdeq36my3__Frigor\u00edfico-2.jpg\",\"contentUrl\":\"https:\\\/\\\/proagrolab.com.ar\\\/wp-content\\\/uploads\\\/2015\\\/01\\\/g_gdeq36my3__Frigor\u00edfico-2.jpg\"},{\"@type\":\"BreadcrumbList\",\"@id\":\"https:\\\/\\\/proagrolab.com.ar\\\/embarques-uruguayos-de-carne-bovina-disminuyen-169-en-enero\\\/#breadcrumb\",\"itemListElement\":[{\"@type\":\"ListItem\",\"position\":1,\"name\":\"Portada\",\"item\":\"https:\\\/\\\/proagrolab.com.ar\\\/\"},{\"@type\":\"ListItem\",\"position\":2,\"name\":\"Embarques uruguayos de carne bovina disminuyen 16,9% en enero.\"}]},{\"@type\":\"WebSite\",\"@id\":\"https:\\\/\\\/proagrolab.com.ar\\\/#website\",\"url\":\"https:\\\/\\\/proagrolab.com.ar\\\/\",\"name\":\"Proagro Laboratorio Veterinario\",\"description\":\"Veterinary laboratory\",\"publisher\":{\"@id\":\"https:\\\/\\\/proagrolab.com.ar\\\/#organization\"},\"potentialAction\":[{\"@type\":\"SearchAction\",\"target\":{\"@type\":\"EntryPoint\",\"urlTemplate\":\"https:\\\/\\\/proagrolab.com.ar\\\/?s={search_term_string}\"},\"query-input\":{\"@type\":\"PropertyValueSpecification\",\"valueRequired\":true,\"valueName\":\"search_term_string\"}}],\"inLanguage\":\"en-US\"},{\"@type\":\"Organization\",\"@id\":\"https:\\\/\\\/proagrolab.com.ar\\\/#organization\",\"name\":\"Proagro\",\"url\":\"https:\\\/\\\/proagrolab.com.ar\\\/\",\"logo\":{\"@type\":\"ImageObject\",\"inLanguage\":\"en-US\",\"@id\":\"https:\\\/\\\/proagrolab.com.ar\\\/#\\\/schema\\\/logo\\\/image\\\/\",\"url\":\"https:\\\/\\\/proagrolab.com.ar\\\/wp-content\\\/uploads\\\/2020\\\/04\\\/logo-retina.png\",\"contentUrl\":\"https:\\\/\\\/proagrolab.com.ar\\\/wp-content\\\/uploads\\\/2020\\\/04\\\/logo-retina.png\",\"width\":478,\"height\":120,\"caption\":\"Proagro\"},\"image\":{\"@id\":\"https:\\\/\\\/proagrolab.com.ar\\\/#\\\/schema\\\/logo\\\/image\\\/\"},\"sameAs\":[\"http:\\\/\\\/www.facebook.com\\\/proagrolab\",\"https:\\\/\\\/www.instagram.com\\\/proagrolab\\\/\",\"https:\\\/\\\/www.linkedin.com\\\/company\\\/laboratorio-proagro-s-a\\\/\"]},{\"@type\":\"Person\",\"@id\":\"https:\\\/\\\/proagrolab.com.ar\\\/#\\\/schema\\\/person\\\/38003ff90bf80381f71c7d922d207444\",\"name\":\"proagrolab\"}]}<\/script>\n<!-- \/ Yoast SEO plugin. -->","yoast_head_json":{"title":"Embarques uruguayos de carne bovina disminuyen 16,9% en enero. | Proagro","robots":{"index":"index","follow":"follow","max-snippet":"max-snippet:-1","max-image-preview":"max-image-preview:large","max-video-preview":"max-video-preview:-1"},"canonical":"https:\/\/proagrolab.com.ar\/en\/embarques-uruguayos-de-carne-bovina-disminuyen-169-en-enero\/","og_locale":"en_US","og_type":"article","og_title":"Embarques uruguayos de carne bovina disminuyen 16,9% en enero. | Proagro","og_description":"Las exportaciones uruguayas de carne bovina disminuyeron 16,9% en enero de este a\u00f1o ante el mismo mes de 2013, periodo durante el cual los ingresos bajaron 12,7%, inform\u00f3 el mi\u00e9rcoles el Gobierno. Las ventas de dicho producto alcanzaron 21.091 toneladas en el primer mes del a\u00f1o y le reportaron al pa\u00eds US$ 87,3 millones. La faena tambi\u00e9n disminuy\u00f3 en enero, un 7,9% interanual, a 173.067 vacunos. En 2013 se faenaron 1,98 millones de cabezas de ganado. Los principales clientes de Uruguay fueron China, los pa\u00edses del Tratado de Libre Comercio de Am\u00e9rica del Norte (TLCAN), la Uni\u00f3n Europea, los socios del Mercosur, Israel y Rusia. Fuente: Carnetec, 6 de febrero.","og_url":"https:\/\/proagrolab.com.ar\/embarques-uruguayos-de-carne-bovina-disminuyen-169-en-enero\/","og_site_name":"Proagro","article_publisher":"http:\/\/www.facebook.com\/proagrolab","article_published_time":"2014-02-07T00:00:01+00:00","og_image":[{"url":"https:\/\/proagrolab.com.ar\/wp-content\/uploads\/2015\/01\/g_gdeq36my3__Frigor\u00edfico-2.jpg","width":1,"height":1,"type":"image\/jpeg"}],"author":"proagrolab","twitter_card":"summary_large_image","twitter_misc":{"Written by":"proagrolab","Est. reading time":"1 minute"},"schema":{"@context":"https:\/\/schema.org","@graph":[{"@type":"Article","@id":"https:\/\/proagrolab.com.ar\/embarques-uruguayos-de-carne-bovina-disminuyen-169-en-enero\/#article","isPartOf":{"@id":"https:\/\/proagrolab.com.ar\/embarques-uruguayos-de-carne-bovina-disminuyen-169-en-enero\/"},"author":{"name":"proagrolab","@id":"https:\/\/proagrolab.com.ar\/#\/schema\/person\/38003ff90bf80381f71c7d922d207444"},"headline":"Embarques uruguayos de carne bovina disminuyen 16,9% en enero.","datePublished":"2014-02-07T00:00:01+00:00","mainEntityOfPage":{"@id":"https:\/\/proagrolab.com.ar\/embarques-uruguayos-de-carne-bovina-disminuyen-169-en-enero\/"},"wordCount":116,"publisher":{"@id":"https:\/\/proagrolab.com.ar\/#organization"},"image":{"@id":"https:\/\/proagrolab.com.ar\/embarques-uruguayos-de-carne-bovina-disminuyen-169-en-enero\/#primaryimage"},"thumbnailUrl":"https:\/\/proagrolab.com.ar\/wp-content\/uploads\/2015\/01\/g_gdeq36my3__Frigor\u00edfico-2.jpg","articleSection":["News"],"inLanguage":"en-US"},{"@type":"WebPage","@id":"https:\/\/proagrolab.com.ar\/embarques-uruguayos-de-carne-bovina-disminuyen-169-en-enero\/","url":"https:\/\/proagrolab.com.ar\/embarques-uruguayos-de-carne-bovina-disminuyen-169-en-enero\/","name":"Embarques uruguayos de carne bovina disminuyen 16,9% en enero. | Proagro","isPartOf":{"@id":"https:\/\/proagrolab.com.ar\/#website"},"primaryImageOfPage":{"@id":"https:\/\/proagrolab.com.ar\/embarques-uruguayos-de-carne-bovina-disminuyen-169-en-enero\/#primaryimage"},"image":{"@id":"https:\/\/proagrolab.com.ar\/embarques-uruguayos-de-carne-bovina-disminuyen-169-en-enero\/#primaryimage"},"thumbnailUrl":"https:\/\/proagrolab.com.ar\/wp-content\/uploads\/2015\/01\/g_gdeq36my3__Frigor\u00edfico-2.jpg","datePublished":"2014-02-07T00:00:01+00:00","breadcrumb":{"@id":"https:\/\/proagrolab.com.ar\/embarques-uruguayos-de-carne-bovina-disminuyen-169-en-enero\/#breadcrumb"},"inLanguage":"en-US","potentialAction":[{"@type":"ReadAction","target":["https:\/\/proagrolab.com.ar\/embarques-uruguayos-de-carne-bovina-disminuyen-169-en-enero\/"]}]},{"@type":"ImageObject","inLanguage":"en-US","@id":"https:\/\/proagrolab.com.ar\/embarques-uruguayos-de-carne-bovina-disminuyen-169-en-enero\/#primaryimage","url":"https:\/\/proagrolab.com.ar\/wp-content\/uploads\/2015\/01\/g_gdeq36my3__Frigor\u00edfico-2.jpg","contentUrl":"https:\/\/proagrolab.com.ar\/wp-content\/uploads\/2015\/01\/g_gdeq36my3__Frigor\u00edfico-2.jpg"},{"@type":"BreadcrumbList","@id":"https:\/\/proagrolab.com.ar\/embarques-uruguayos-de-carne-bovina-disminuyen-169-en-enero\/#breadcrumb","itemListElement":[{"@type":"ListItem","position":1,"name":"Portada","item":"https:\/\/proagrolab.com.ar\/"},{"@type":"ListItem","position":2,"name":"Embarques uruguayos de carne bovina disminuyen 16,9% en enero."}]},{"@type":"WebSite","@id":"https:\/\/proagrolab.com.ar\/#website","url":"https:\/\/proagrolab.com.ar\/","name":"Proagro Laboratorio Veterinario","description":"Veterinary laboratory","publisher":{"@id":"https:\/\/proagrolab.com.ar\/#organization"},"potentialAction":[{"@type":"SearchAction","target":{"@type":"EntryPoint","urlTemplate":"https:\/\/proagrolab.com.ar\/?s={search_term_string}"},"query-input":{"@type":"PropertyValueSpecification","valueRequired":true,"valueName":"search_term_string"}}],"inLanguage":"en-US"},{"@type":"Organization","@id":"https:\/\/proagrolab.com.ar\/#organization","name":"Proagro","url":"https:\/\/proagrolab.com.ar\/","logo":{"@type":"ImageObject","inLanguage":"en-US","@id":"https:\/\/proagrolab.com.ar\/#\/schema\/logo\/image\/","url":"https:\/\/proagrolab.com.ar\/wp-content\/uploads\/2020\/04\/logo-retina.png","contentUrl":"https:\/\/proagrolab.com.ar\/wp-content\/uploads\/2020\/04\/logo-retina.png","width":478,"height":120,"caption":"Proagro"},"image":{"@id":"https:\/\/proagrolab.com.ar\/#\/schema\/logo\/image\/"},"sameAs":["http:\/\/www.facebook.com\/proagrolab","https:\/\/www.instagram.com\/proagrolab\/","https:\/\/www.linkedin.com\/company\/laboratorio-proagro-s-a\/"]},{"@type":"Person","@id":"https:\/\/proagrolab.com.ar\/#\/schema\/person\/38003ff90bf80381f71c7d922d207444","name":"proagrolab"}]}},"_links":{"self":[{"href":"https:\/\/proagrolab.com.ar\/en\/wp-json\/wp\/v2\/posts\/5932","targetHints":{"allow":["GET"]}}],"collection":[{"href":"https:\/\/proagrolab.com.ar\/en\/wp-json\/wp\/v2\/posts"}],"about":[{"href":"https:\/\/proagrolab.com.ar\/en\/wp-json\/wp\/v2\/types\/post"}],"author":[{"embeddable":true,"href":"https:\/\/proagrolab.com.ar\/en\/wp-json\/wp\/v2\/users\/2"}],"replies":[{"embeddable":true,"href":"https:\/\/proagrolab.com.ar\/en\/wp-json\/wp\/v2\/comments?post=5932"}],"version-history":[{"count":0,"href":"https:\/\/proagrolab.com.ar\/en\/wp-json\/wp\/v2\/posts\/5932\/revisions"}],"wp:featuredmedia":[{"embeddable":true,"href":"https:\/\/proagrolab.com.ar\/en\/wp-json\/wp\/v2\/media\/2419"}],"wp:attachment":[{"href":"https:\/\/proagrolab.com.ar\/en\/wp-json\/wp\/v2\/media?parent=5932"}],"wp:term":[{"taxonomy":"category","embeddable":true,"href":"https:\/\/proagrolab.com.ar\/en\/wp-json\/wp\/v2\/categories?post=5932"},{"taxonomy":"post_tag","embeddable":true,"href":"https:\/\/proagrolab.com.ar\/en\/wp-json\/wp\/v2\/tags?post=5932"}],"curies":[{"name":"wp","href":"https:\/\/api.w.org\/{rel}","templated":true}]}}