{"id":5928,"date":"2014-02-07T00:00:01","date_gmt":"2014-02-07T00:00:01","guid":{"rendered":"https:\/\/proagrolab.com.ar\/criticas-de-tamberos-al-ministro-casamiquela\/"},"modified":"2014-02-07T00:00:01","modified_gmt":"2014-02-07T00:00:01","slug":"criticas-de-tamberos-al-ministro-casamiquela","status":"publish","type":"post","link":"https:\/\/proagrolab.com.ar\/en\/criticas-de-tamberos-al-ministro-casamiquela\/","title":{"rendered":"Cr\u00edticas de tamberos al ministro Casamiquela."},"content":{"rendered":"<p class=\"qtranxs-available-languages-message qtranxs-available-languages-message-en\"> <\/p><p>El agrupamiento asegur\u00f3 que en el \u00faltimo encuentro que mantuvo con el ministro de Agricultura, Carlos Casamiquela, \u0093no se dieron soluciones, una vez m\u00e1s, a las acuciantes problemas de los tamberos\u0094 y reiter\u00f3 que \u0093fallan las pol\u00edticas oficiales\u0094.<\/p>\n<p>Estos conceptos fueron expresados a trav\u00e9s de un comunicado, que rubrican las catorce asociaciones tamberas que integran la mencionada Mesa, en el que se se\u00f1ala la \u0093frustraci\u00f3n\u0094 por el encuentro que mantuvo el lunes pasado con el funcionario.<\/p>\n<p>\u0093A\u00f1os de pol\u00edticas sectoriales equivocadas han llevado al extremo la vulnerabilidad del productor, encontr\u00e1ndose hoy indefenso frente al caos generado por la devaluaci\u00f3n y la creciente inflaci\u00f3n\u0094, explicaron los tamberos.<\/p>\n<p>En dicha oportunidad, los productores lecheros pidieron a Agricultura que se permitiera exportar leche cruda con un precio de 3,60 pesos por litro y tambi\u00e9n se reclamaron \u0093cr\u00e9ditos equivalentes a dos meses de producci\u00f3n de leche para sortear el endeudamiento y descapitalizaci\u00f3n del tambero, en momentos en que la financiaci\u00f3n bancaria y comercial ha desaparecido\u0094.<\/p>\n<p>Al respecto, la Mesa indic\u00f3 que la gesti\u00f3n se hizo \u0093sin ning\u00fan resultado\u0094 por parte de las autoridades nacionales y explic\u00f3: \u0093s\u00f3lo se nos comunic\u00f3 una propuesta de crecimiento que resulta inviable si no se cambian las actuales condiciones\u0094.<\/p>\n<p>Desde el sector se admite que la creciente demanda externa tiene como \u0093respuesta\u0094 desde el plano local un \u0093estancamiento de la producci\u00f3n, a diferencia de lo que ocurre entre los pa\u00edses productores de leche que crecen impulsados por se\u00f1ales adecuadas\u0094.<\/p>\n<p>Para los integrantes de la Mesa de Lecher\u00eda, \u0093lo que falla son las pol\u00edticas oficiales que han permitido que los intermediarios entre el mercado y el productor salgan a cazar en el zool\u00f3gico en perjuicio de este \u00faltimo\u0094.<\/p>\n<p>Fuente: La Voz del Interior, 7 de febrero.<br \/><\/p>","protected":false},"excerpt":{"rendered":"<p>El agrupamiento asegur\u00f3 que en el \u00faltimo encuentro que mantuvo con el ministro de Agricultura, Carlos Casamiquela, \u0093no se dieron soluciones, una vez m\u00e1s, a las acuciantes problemas de los tamberos\u0094 y reiter\u00f3 que \u0093fallan las pol\u00edticas oficiales\u0094. Estos conceptos fueron expresados a trav\u00e9s de un comunicado, que rubrican las catorce asociaciones tamberas que integran la mencionada Mesa, en el que se se\u00f1ala la \u0093frustraci\u00f3n\u0094 por el encuentro que mantuvo el lunes pasado con el funcionario. \u0093A\u00f1os de pol\u00edticas sectoriales equivocadas han llevado al extremo la vulnerabilidad del productor, encontr\u00e1ndose hoy indefenso frente al caos generado por la devaluaci\u00f3n y la creciente inflaci\u00f3n\u0094, explicaron los tamberos. En dicha oportunidad, los productores lecheros pidieron a Agricultura que se permitiera exportar leche cruda con un precio de 3,60 pesos por litro y tambi\u00e9n se reclamaron \u0093cr\u00e9ditos equivalentes a dos meses de producci\u00f3n de leche para sortear el endeudamiento y descapitalizaci\u00f3n del tambero, en momentos en que la financiaci\u00f3n bancaria y comercial ha desaparecido\u0094. Al respecto, la Mesa indic\u00f3 que la gesti\u00f3n se hizo \u0093sin ning\u00fan resultado\u0094 por parte de las autoridades nacionales y explic\u00f3: \u0093s\u00f3lo se nos comunic\u00f3 una propuesta de crecimiento que resulta inviable si no se cambian las actuales condiciones\u0094. [&hellip;]<\/p>\n","protected":false},"author":2,"featured_media":2414,"comment_status":"closed","ping_status":"open","sticky":false,"template":"","format":"standard","meta":{"_acf_changed":false,"footnotes":""},"categories":[56],"tags":[],"class_list":["post-5928","post","type-post","status-publish","format-standard","has-post-thumbnail","hentry","category-infoganadero"],"acf":[],"yoast_head":"<!-- This site is optimized with the Yoast SEO plugin v27.4 - https:\/\/yoast.com\/product\/yoast-seo-wordpress\/ -->\n<title>Cr\u00edticas de tamberos al ministro Casamiquela. | Proagro<\/title>\n<meta name=\"robots\" content=\"index, follow, max-snippet:-1, max-image-preview:large, max-video-preview:-1\" \/>\n<link rel=\"canonical\" href=\"https:\/\/proagrolab.com.ar\/en\/criticas-de-tamberos-al-ministro-casamiquela\/\" \/>\n<meta property=\"og:locale\" content=\"en_US\" \/>\n<meta property=\"og:type\" content=\"article\" \/>\n<meta property=\"og:title\" content=\"Cr\u00edticas de tamberos al ministro Casamiquela. | Proagro\" \/>\n<meta property=\"og:description\" content=\"El agrupamiento asegur\u00f3 que en el \u00faltimo encuentro que mantuvo con el ministro de Agricultura, Carlos Casamiquela, \u0093no se dieron soluciones, una vez m\u00e1s, a las acuciantes problemas de los tamberos\u0094 y reiter\u00f3 que \u0093fallan las pol\u00edticas oficiales\u0094. Estos conceptos fueron expresados a trav\u00e9s de un comunicado, que rubrican las catorce asociaciones tamberas que integran la mencionada Mesa, en el que se se\u00f1ala la \u0093frustraci\u00f3n\u0094 por el encuentro que mantuvo el lunes pasado con el funcionario. \u0093A\u00f1os de pol\u00edticas sectoriales equivocadas han llevado al extremo la vulnerabilidad del productor, encontr\u00e1ndose hoy indefenso frente al caos generado por la devaluaci\u00f3n y la creciente inflaci\u00f3n\u0094, explicaron los tamberos. En dicha oportunidad, los productores lecheros pidieron a Agricultura que se permitiera exportar leche cruda con un precio de 3,60 pesos por litro y tambi\u00e9n se reclamaron \u0093cr\u00e9ditos equivalentes a dos meses de producci\u00f3n de leche para sortear el endeudamiento y descapitalizaci\u00f3n del tambero, en momentos en que la financiaci\u00f3n bancaria y comercial ha desaparecido\u0094. Al respecto, la Mesa indic\u00f3 que la gesti\u00f3n se hizo \u0093sin ning\u00fan resultado\u0094 por parte de las autoridades nacionales y explic\u00f3: \u0093s\u00f3lo se nos comunic\u00f3 una propuesta de crecimiento que resulta inviable si no se cambian las actuales condiciones\u0094. [&hellip;]\" \/>\n<meta property=\"og:url\" content=\"https:\/\/proagrolab.com.ar\/criticas-de-tamberos-al-ministro-casamiquela\/\" \/>\n<meta property=\"og:site_name\" content=\"Proagro\" \/>\n<meta property=\"article:publisher\" content=\"http:\/\/www.facebook.com\/proagrolab\" \/>\n<meta property=\"article:published_time\" content=\"2014-02-07T00:00:01+00:00\" \/>\n<meta property=\"og:image\" content=\"https:\/\/proagrolab.com.ar\/wp-content\/uploads\/2015\/01\/g_zpz9lwppl__Comiendo.jpg\" \/>\n\t<meta property=\"og:image:width\" content=\"450\" \/>\n\t<meta property=\"og:image:height\" content=\"208\" \/>\n\t<meta property=\"og:image:type\" content=\"image\/jpeg\" \/>\n<meta name=\"author\" content=\"proagrolab\" \/>\n<meta name=\"twitter:card\" content=\"summary_large_image\" \/>\n<meta name=\"twitter:label1\" content=\"Written by\" \/>\n\t<meta name=\"twitter:data1\" content=\"proagrolab\" \/>\n\t<meta name=\"twitter:label2\" content=\"Est. reading time\" \/>\n\t<meta name=\"twitter:data2\" content=\"2 minutes\" \/>\n<script type=\"application\/ld+json\" class=\"yoast-schema-graph\">{\"@context\":\"https:\\\/\\\/schema.org\",\"@graph\":[{\"@type\":\"Article\",\"@id\":\"https:\\\/\\\/proagrolab.com.ar\\\/criticas-de-tamberos-al-ministro-casamiquela\\\/#article\",\"isPartOf\":{\"@id\":\"https:\\\/\\\/proagrolab.com.ar\\\/criticas-de-tamberos-al-ministro-casamiquela\\\/\"},\"author\":{\"name\":\"proagrolab\",\"@id\":\"https:\\\/\\\/proagrolab.com.ar\\\/#\\\/schema\\\/person\\\/38003ff90bf80381f71c7d922d207444\"},\"headline\":\"Cr\u00edticas de tamberos al ministro Casamiquela.\",\"datePublished\":\"2014-02-07T00:00:01+00:00\",\"mainEntityOfPage\":{\"@id\":\"https:\\\/\\\/proagrolab.com.ar\\\/criticas-de-tamberos-al-ministro-casamiquela\\\/\"},\"wordCount\":315,\"publisher\":{\"@id\":\"https:\\\/\\\/proagrolab.com.ar\\\/#organization\"},\"image\":{\"@id\":\"https:\\\/\\\/proagrolab.com.ar\\\/criticas-de-tamberos-al-ministro-casamiquela\\\/#primaryimage\"},\"thumbnailUrl\":\"https:\\\/\\\/proagrolab.com.ar\\\/wp-content\\\/uploads\\\/2015\\\/01\\\/g_zpz9lwppl__Comiendo.jpg\",\"articleSection\":[\"News\"],\"inLanguage\":\"en-US\"},{\"@type\":\"WebPage\",\"@id\":\"https:\\\/\\\/proagrolab.com.ar\\\/criticas-de-tamberos-al-ministro-casamiquela\\\/\",\"url\":\"https:\\\/\\\/proagrolab.com.ar\\\/criticas-de-tamberos-al-ministro-casamiquela\\\/\",\"name\":\"Cr\u00edticas de tamberos al ministro Casamiquela. | Proagro\",\"isPartOf\":{\"@id\":\"https:\\\/\\\/proagrolab.com.ar\\\/#website\"},\"primaryImageOfPage\":{\"@id\":\"https:\\\/\\\/proagrolab.com.ar\\\/criticas-de-tamberos-al-ministro-casamiquela\\\/#primaryimage\"},\"image\":{\"@id\":\"https:\\\/\\\/proagrolab.com.ar\\\/criticas-de-tamberos-al-ministro-casamiquela\\\/#primaryimage\"},\"thumbnailUrl\":\"https:\\\/\\\/proagrolab.com.ar\\\/wp-content\\\/uploads\\\/2015\\\/01\\\/g_zpz9lwppl__Comiendo.jpg\",\"datePublished\":\"2014-02-07T00:00:01+00:00\",\"breadcrumb\":{\"@id\":\"https:\\\/\\\/proagrolab.com.ar\\\/criticas-de-tamberos-al-ministro-casamiquela\\\/#breadcrumb\"},\"inLanguage\":\"en-US\",\"potentialAction\":[{\"@type\":\"ReadAction\",\"target\":[\"https:\\\/\\\/proagrolab.com.ar\\\/criticas-de-tamberos-al-ministro-casamiquela\\\/\"]}]},{\"@type\":\"ImageObject\",\"inLanguage\":\"en-US\",\"@id\":\"https:\\\/\\\/proagrolab.com.ar\\\/criticas-de-tamberos-al-ministro-casamiquela\\\/#primaryimage\",\"url\":\"https:\\\/\\\/proagrolab.com.ar\\\/wp-content\\\/uploads\\\/2015\\\/01\\\/g_zpz9lwppl__Comiendo.jpg\",\"contentUrl\":\"https:\\\/\\\/proagrolab.com.ar\\\/wp-content\\\/uploads\\\/2015\\\/01\\\/g_zpz9lwppl__Comiendo.jpg\",\"width\":450,\"height\":208},{\"@type\":\"BreadcrumbList\",\"@id\":\"https:\\\/\\\/proagrolab.com.ar\\\/criticas-de-tamberos-al-ministro-casamiquela\\\/#breadcrumb\",\"itemListElement\":[{\"@type\":\"ListItem\",\"position\":1,\"name\":\"Portada\",\"item\":\"https:\\\/\\\/proagrolab.com.ar\\\/\"},{\"@type\":\"ListItem\",\"position\":2,\"name\":\"Cr\u00edticas de tamberos al ministro Casamiquela.\"}]},{\"@type\":\"WebSite\",\"@id\":\"https:\\\/\\\/proagrolab.com.ar\\\/#website\",\"url\":\"https:\\\/\\\/proagrolab.com.ar\\\/\",\"name\":\"Proagro Laboratorio Veterinario\",\"description\":\"Veterinary laboratory\",\"publisher\":{\"@id\":\"https:\\\/\\\/proagrolab.com.ar\\\/#organization\"},\"potentialAction\":[{\"@type\":\"SearchAction\",\"target\":{\"@type\":\"EntryPoint\",\"urlTemplate\":\"https:\\\/\\\/proagrolab.com.ar\\\/?s={search_term_string}\"},\"query-input\":{\"@type\":\"PropertyValueSpecification\",\"valueRequired\":true,\"valueName\":\"search_term_string\"}}],\"inLanguage\":\"en-US\"},{\"@type\":\"Organization\",\"@id\":\"https:\\\/\\\/proagrolab.com.ar\\\/#organization\",\"name\":\"Proagro\",\"url\":\"https:\\\/\\\/proagrolab.com.ar\\\/\",\"logo\":{\"@type\":\"ImageObject\",\"inLanguage\":\"en-US\",\"@id\":\"https:\\\/\\\/proagrolab.com.ar\\\/#\\\/schema\\\/logo\\\/image\\\/\",\"url\":\"https:\\\/\\\/proagrolab.com.ar\\\/wp-content\\\/uploads\\\/2020\\\/04\\\/logo-retina.png\",\"contentUrl\":\"https:\\\/\\\/proagrolab.com.ar\\\/wp-content\\\/uploads\\\/2020\\\/04\\\/logo-retina.png\",\"width\":478,\"height\":120,\"caption\":\"Proagro\"},\"image\":{\"@id\":\"https:\\\/\\\/proagrolab.com.ar\\\/#\\\/schema\\\/logo\\\/image\\\/\"},\"sameAs\":[\"http:\\\/\\\/www.facebook.com\\\/proagrolab\",\"https:\\\/\\\/www.instagram.com\\\/proagrolab\\\/\",\"https:\\\/\\\/www.linkedin.com\\\/company\\\/laboratorio-proagro-s-a\\\/\"]},{\"@type\":\"Person\",\"@id\":\"https:\\\/\\\/proagrolab.com.ar\\\/#\\\/schema\\\/person\\\/38003ff90bf80381f71c7d922d207444\",\"name\":\"proagrolab\"}]}<\/script>\n<!-- \/ Yoast SEO plugin. -->","yoast_head_json":{"title":"Cr\u00edticas de tamberos al ministro Casamiquela. | Proagro","robots":{"index":"index","follow":"follow","max-snippet":"max-snippet:-1","max-image-preview":"max-image-preview:large","max-video-preview":"max-video-preview:-1"},"canonical":"https:\/\/proagrolab.com.ar\/en\/criticas-de-tamberos-al-ministro-casamiquela\/","og_locale":"en_US","og_type":"article","og_title":"Cr\u00edticas de tamberos al ministro Casamiquela. | Proagro","og_description":"El agrupamiento asegur\u00f3 que en el \u00faltimo encuentro que mantuvo con el ministro de Agricultura, Carlos Casamiquela, \u0093no se dieron soluciones, una vez m\u00e1s, a las acuciantes problemas de los tamberos\u0094 y reiter\u00f3 que \u0093fallan las pol\u00edticas oficiales\u0094. Estos conceptos fueron expresados a trav\u00e9s de un comunicado, que rubrican las catorce asociaciones tamberas que integran la mencionada Mesa, en el que se se\u00f1ala la \u0093frustraci\u00f3n\u0094 por el encuentro que mantuvo el lunes pasado con el funcionario. \u0093A\u00f1os de pol\u00edticas sectoriales equivocadas han llevado al extremo la vulnerabilidad del productor, encontr\u00e1ndose hoy indefenso frente al caos generado por la devaluaci\u00f3n y la creciente inflaci\u00f3n\u0094, explicaron los tamberos. En dicha oportunidad, los productores lecheros pidieron a Agricultura que se permitiera exportar leche cruda con un precio de 3,60 pesos por litro y tambi\u00e9n se reclamaron \u0093cr\u00e9ditos equivalentes a dos meses de producci\u00f3n de leche para sortear el endeudamiento y descapitalizaci\u00f3n del tambero, en momentos en que la financiaci\u00f3n bancaria y comercial ha desaparecido\u0094. Al respecto, la Mesa indic\u00f3 que la gesti\u00f3n se hizo \u0093sin ning\u00fan resultado\u0094 por parte de las autoridades nacionales y explic\u00f3: \u0093s\u00f3lo se nos comunic\u00f3 una propuesta de crecimiento que resulta inviable si no se cambian las actuales condiciones\u0094. [&hellip;]","og_url":"https:\/\/proagrolab.com.ar\/criticas-de-tamberos-al-ministro-casamiquela\/","og_site_name":"Proagro","article_publisher":"http:\/\/www.facebook.com\/proagrolab","article_published_time":"2014-02-07T00:00:01+00:00","og_image":[{"width":450,"height":208,"url":"https:\/\/proagrolab.com.ar\/wp-content\/uploads\/2015\/01\/g_zpz9lwppl__Comiendo.jpg","type":"image\/jpeg"}],"author":"proagrolab","twitter_card":"summary_large_image","twitter_misc":{"Written by":"proagrolab","Est. reading time":"2 minutes"},"schema":{"@context":"https:\/\/schema.org","@graph":[{"@type":"Article","@id":"https:\/\/proagrolab.com.ar\/criticas-de-tamberos-al-ministro-casamiquela\/#article","isPartOf":{"@id":"https:\/\/proagrolab.com.ar\/criticas-de-tamberos-al-ministro-casamiquela\/"},"author":{"name":"proagrolab","@id":"https:\/\/proagrolab.com.ar\/#\/schema\/person\/38003ff90bf80381f71c7d922d207444"},"headline":"Cr\u00edticas de tamberos al ministro Casamiquela.","datePublished":"2014-02-07T00:00:01+00:00","mainEntityOfPage":{"@id":"https:\/\/proagrolab.com.ar\/criticas-de-tamberos-al-ministro-casamiquela\/"},"wordCount":315,"publisher":{"@id":"https:\/\/proagrolab.com.ar\/#organization"},"image":{"@id":"https:\/\/proagrolab.com.ar\/criticas-de-tamberos-al-ministro-casamiquela\/#primaryimage"},"thumbnailUrl":"https:\/\/proagrolab.com.ar\/wp-content\/uploads\/2015\/01\/g_zpz9lwppl__Comiendo.jpg","articleSection":["News"],"inLanguage":"en-US"},{"@type":"WebPage","@id":"https:\/\/proagrolab.com.ar\/criticas-de-tamberos-al-ministro-casamiquela\/","url":"https:\/\/proagrolab.com.ar\/criticas-de-tamberos-al-ministro-casamiquela\/","name":"Cr\u00edticas de tamberos al ministro Casamiquela. | Proagro","isPartOf":{"@id":"https:\/\/proagrolab.com.ar\/#website"},"primaryImageOfPage":{"@id":"https:\/\/proagrolab.com.ar\/criticas-de-tamberos-al-ministro-casamiquela\/#primaryimage"},"image":{"@id":"https:\/\/proagrolab.com.ar\/criticas-de-tamberos-al-ministro-casamiquela\/#primaryimage"},"thumbnailUrl":"https:\/\/proagrolab.com.ar\/wp-content\/uploads\/2015\/01\/g_zpz9lwppl__Comiendo.jpg","datePublished":"2014-02-07T00:00:01+00:00","breadcrumb":{"@id":"https:\/\/proagrolab.com.ar\/criticas-de-tamberos-al-ministro-casamiquela\/#breadcrumb"},"inLanguage":"en-US","potentialAction":[{"@type":"ReadAction","target":["https:\/\/proagrolab.com.ar\/criticas-de-tamberos-al-ministro-casamiquela\/"]}]},{"@type":"ImageObject","inLanguage":"en-US","@id":"https:\/\/proagrolab.com.ar\/criticas-de-tamberos-al-ministro-casamiquela\/#primaryimage","url":"https:\/\/proagrolab.com.ar\/wp-content\/uploads\/2015\/01\/g_zpz9lwppl__Comiendo.jpg","contentUrl":"https:\/\/proagrolab.com.ar\/wp-content\/uploads\/2015\/01\/g_zpz9lwppl__Comiendo.jpg","width":450,"height":208},{"@type":"BreadcrumbList","@id":"https:\/\/proagrolab.com.ar\/criticas-de-tamberos-al-ministro-casamiquela\/#breadcrumb","itemListElement":[{"@type":"ListItem","position":1,"name":"Portada","item":"https:\/\/proagrolab.com.ar\/"},{"@type":"ListItem","position":2,"name":"Cr\u00edticas de tamberos al ministro Casamiquela."}]},{"@type":"WebSite","@id":"https:\/\/proagrolab.com.ar\/#website","url":"https:\/\/proagrolab.com.ar\/","name":"Proagro Laboratorio Veterinario","description":"Veterinary laboratory","publisher":{"@id":"https:\/\/proagrolab.com.ar\/#organization"},"potentialAction":[{"@type":"SearchAction","target":{"@type":"EntryPoint","urlTemplate":"https:\/\/proagrolab.com.ar\/?s={search_term_string}"},"query-input":{"@type":"PropertyValueSpecification","valueRequired":true,"valueName":"search_term_string"}}],"inLanguage":"en-US"},{"@type":"Organization","@id":"https:\/\/proagrolab.com.ar\/#organization","name":"Proagro","url":"https:\/\/proagrolab.com.ar\/","logo":{"@type":"ImageObject","inLanguage":"en-US","@id":"https:\/\/proagrolab.com.ar\/#\/schema\/logo\/image\/","url":"https:\/\/proagrolab.com.ar\/wp-content\/uploads\/2020\/04\/logo-retina.png","contentUrl":"https:\/\/proagrolab.com.ar\/wp-content\/uploads\/2020\/04\/logo-retina.png","width":478,"height":120,"caption":"Proagro"},"image":{"@id":"https:\/\/proagrolab.com.ar\/#\/schema\/logo\/image\/"},"sameAs":["http:\/\/www.facebook.com\/proagrolab","https:\/\/www.instagram.com\/proagrolab\/","https:\/\/www.linkedin.com\/company\/laboratorio-proagro-s-a\/"]},{"@type":"Person","@id":"https:\/\/proagrolab.com.ar\/#\/schema\/person\/38003ff90bf80381f71c7d922d207444","name":"proagrolab"}]}},"_links":{"self":[{"href":"https:\/\/proagrolab.com.ar\/en\/wp-json\/wp\/v2\/posts\/5928","targetHints":{"allow":["GET"]}}],"collection":[{"href":"https:\/\/proagrolab.com.ar\/en\/wp-json\/wp\/v2\/posts"}],"about":[{"href":"https:\/\/proagrolab.com.ar\/en\/wp-json\/wp\/v2\/types\/post"}],"author":[{"embeddable":true,"href":"https:\/\/proagrolab.com.ar\/en\/wp-json\/wp\/v2\/users\/2"}],"replies":[{"embeddable":true,"href":"https:\/\/proagrolab.com.ar\/en\/wp-json\/wp\/v2\/comments?post=5928"}],"version-history":[{"count":0,"href":"https:\/\/proagrolab.com.ar\/en\/wp-json\/wp\/v2\/posts\/5928\/revisions"}],"wp:featuredmedia":[{"embeddable":true,"href":"https:\/\/proagrolab.com.ar\/en\/wp-json\/wp\/v2\/media\/2414"}],"wp:attachment":[{"href":"https:\/\/proagrolab.com.ar\/en\/wp-json\/wp\/v2\/media?parent=5928"}],"wp:term":[{"taxonomy":"category","embeddable":true,"href":"https:\/\/proagrolab.com.ar\/en\/wp-json\/wp\/v2\/categories?post=5928"},{"taxonomy":"post_tag","embeddable":true,"href":"https:\/\/proagrolab.com.ar\/en\/wp-json\/wp\/v2\/tags?post=5928"}],"curies":[{"name":"wp","href":"https:\/\/api.w.org\/{rel}","templated":true}]}}