{"id":5924,"date":"2014-02-05T00:00:01","date_gmt":"2014-02-05T00:00:01","guid":{"rendered":"https:\/\/proagrolab.com.ar\/para-federacion-agraria-la-leche-deberia-costar-45-el-litro\/"},"modified":"2014-02-05T00:00:01","modified_gmt":"2014-02-05T00:00:01","slug":"para-federacion-agraria-la-leche-deberia-costar-45-el-litro","status":"publish","type":"post","link":"https:\/\/proagrolab.com.ar\/en\/para-federacion-agraria-la-leche-deberia-costar-45-el-litro\/","title":{"rendered":"Para Federaci\u00f3n Agraria, la leche deber\u00eda costar $ 4,5 el litro."},"content":{"rendered":"<p class=\"qtranxs-available-languages-message qtranxs-available-languages-message-en\"> <\/p><p>El director de Federaci\u00f3n Agraria Argentina, explic\u00f3 cu\u00e1l es el valor para que las explotaciones no sufran p\u00e9rdidas y asegur\u00f3 que \u0093hay un 40% menos de tamberos\u0094. Guillermo Gianassi, el director de Federaci\u00f3n Agraria Argentina (FAA) e integrante de la Mesa Nacional de Lecher\u00eda, se refiri\u00f3 a la situaci\u00f3n cr\u00edtica que atraviesa ese sector productivo.<\/p>\n<p>\u0093Estamos perdiendo plata\u0094 porque al productor se \u0093le est\u00e1 pagando $2,10\u0094, una cifra que no alcanza a saldar \u0093los costos de producci\u00f3n\u0094, afirm\u00f3 y aclar\u00f3 que \u0093aunque los costos var\u00edan, ning\u00fan tambero est\u00e1 gastando por debajo de los $2,60\u0094.<\/p>\n<p>\u0093Es impotencia lo que se siente, porque uno se empieza a endeudar\u0094, expres\u00f3 el Director de FAA, e inform\u00f3: \u0093Argentina ha perdido en los \u00faltimos diez a\u00f1os, ocho mil productores, tenemos un 40% menos de tamberos\u0094 \u0093La Presidenta habla de d\u00e9cada ganada pero se olvida de decir que somos el pa\u00eds que menos ha crecido en toda Latinoam\u00e9rica\u0094, cuestion\u00f3 Gianassi y asegur\u00f3 que \u0093se va a agudizar el problema\u0094 del sector \u0093porque no hay di\u00e1logo\u0094, y sumado a ello \u0093la Argentina carece de pol\u00edticas p\u00fablicas hacia la lecher\u00eda\u0094.<\/p>\n<p>Reconoci\u00f3 asimismo que \u0093el proceso inflacionario que golpea a los productores, tambi\u00e9n lo hace con los consumidores\u0094, y asegur\u00f3 que desde la Mesa intentan recomponer las instancias de di\u00e1logo, pero el Gobierno no conversa con los productores\u0094.<\/p>\n<p>\u0093Solamente hablan con los que aplauden, acompa\u00f1an las pol\u00edticas de ellos, que son desastrosas\u0094, manifest\u00f3. Dijo adem\u00e1s que hay productores que apoyan al Gobierno y explican que los precios internos se deben al mercado internacional, y de tal manera sostuvo: \u0093Si hay visiones tan distintas, es dif\u00edcil encontrar una soluci\u00f3n\u0094.<\/p>\n<p>\u0093Habr\u00e1 que salir a expresarse, habr\u00e1 que salir a reclamar\u0094, consider\u00f3. Respecto de los funcionarios que representan al sector, Gianassi se mostr\u00f3 cr\u00edtico. \u0093Yahuar antes no nos recib\u00eda porque la Presidenta no lo dejaba y adem\u00e1s no conoc\u00eda nada de campo, pero ahora hay un Ministro que conoce algo, y tampoco quiere conversar\u0094, opin\u00f3.<\/p>\n<p>Asegur\u00f3 en ese sentido que el ministro de Agricultura Carlos Casamiquela \u0093asesora mal a la Presidenta porque parece que estamos en el pa\u00eds de la maravillas, cuando en realidad estamos cada vez peor\u0094. \u0093\u00bfC\u00f3mo vamos a resolver el problema de los tamberos si no tenemos institucionalidad, si la Presidenta no est\u00e1 a la altura de las circunstancias?\u0094, pregunt\u00f3 Giannasi y en ese sentido ironiz\u00f3: \u0093Ni un mensaje navide\u00f1o nos dio\u0094.<\/p>\n<p>En esa l\u00ednea dijo que \u0093lo mismo que hizo la Presidenta con su salud, debe hacer con los grav\u00edsimos problemas que tenemos los argentinos\u0094. \u0093Ella no se atendi\u00f3 en una salita de pueblo, sino con lo mejor de lo mejor\u0094, explic\u00f3 el director de FAA.<\/p>\n<p>\u0093La inflaci\u00f3n, la p\u00e9rdida de competitividad, las distorsiones cambiarias, la inseguridad, est\u00e1n puestas en manos de chapuceros, gente que no conoce nada, que no sabe nada\u0094, enfatiz\u00f3. \u0093Es muy triste estar como estamos en un pa\u00eds que lo tiene todo\u0094, expres\u00f3 Gianassi y sostuvo que lo que quieren los trabajadores del sector \u0093no son migajas, sino un precio rentable\u0094. \u0093Tendr\u00edamos que estar cobrando $3 \u00f3 $4,50 el litro de leche\u0094, especific\u00f3.<\/p>\n<p>\u0093\u00bfC\u00f3mo es posible que los pa\u00edses vecinos est\u00e9n desarrollando una enorme potencialidad y la Argentina no?\u0094, pregunt\u00f3 el titular de Federaci\u00f3n Agraria y destac\u00f3 la necesidad urgente de los tamberos de consensuar pol\u00edticas que favorezcan el crecimiento del sector. <\/p>\n<p>Fuente: Punto Biz, 5 de febrero.<br \/><\/p>","protected":false},"excerpt":{"rendered":"<p>El director de Federaci\u00f3n Agraria Argentina, explic\u00f3 cu\u00e1l es el valor para que las explotaciones no sufran p\u00e9rdidas y asegur\u00f3 que \u0093hay un 40% menos de tamberos\u0094. Guillermo Gianassi, el director de Federaci\u00f3n Agraria Argentina (FAA) e integrante de la Mesa Nacional de Lecher\u00eda, se refiri\u00f3 a la situaci\u00f3n cr\u00edtica que atraviesa ese sector productivo. \u0093Estamos perdiendo plata\u0094 porque al productor se \u0093le est\u00e1 pagando $2,10\u0094, una cifra que no alcanza a saldar \u0093los costos de producci\u00f3n\u0094, afirm\u00f3 y aclar\u00f3 que \u0093aunque los costos var\u00edan, ning\u00fan tambero est\u00e1 gastando por debajo de los $2,60\u0094. \u0093Es impotencia lo que se siente, porque uno se empieza a endeudar\u0094, expres\u00f3 el Director de FAA, e inform\u00f3: \u0093Argentina ha perdido en los \u00faltimos diez a\u00f1os, ocho mil productores, tenemos un 40% menos de tamberos\u0094 \u0093La Presidenta habla de d\u00e9cada ganada pero se olvida de decir que somos el pa\u00eds que menos ha crecido en toda Latinoam\u00e9rica\u0094, cuestion\u00f3 Gianassi y asegur\u00f3 que \u0093se va a agudizar el problema\u0094 del sector \u0093porque no hay di\u00e1logo\u0094, y sumado a ello \u0093la Argentina carece de pol\u00edticas p\u00fablicas hacia la lecher\u00eda\u0094. Reconoci\u00f3 asimismo que \u0093el proceso inflacionario que golpea a los productores, tambi\u00e9n lo hace con los consumidores\u0094, y [&hellip;]<\/p>\n","protected":false},"author":2,"featured_media":2410,"comment_status":"closed","ping_status":"open","sticky":false,"template":"","format":"standard","meta":{"_acf_changed":false,"footnotes":""},"categories":[56],"tags":[],"class_list":["post-5924","post","type-post","status-publish","format-standard","has-post-thumbnail","hentry","category-infoganadero"],"acf":[],"yoast_head":"<!-- This site is optimized with the Yoast SEO plugin v27.4 - https:\/\/yoast.com\/product\/yoast-seo-wordpress\/ -->\n<title>Para Federaci\u00f3n Agraria, la leche deber\u00eda costar $ 4,5 el litro. | Proagro<\/title>\n<meta name=\"robots\" content=\"index, follow, max-snippet:-1, max-image-preview:large, max-video-preview:-1\" \/>\n<link rel=\"canonical\" href=\"https:\/\/proagrolab.com.ar\/en\/para-federacion-agraria-la-leche-deberia-costar-45-el-litro\/\" \/>\n<meta property=\"og:locale\" content=\"en_US\" \/>\n<meta property=\"og:type\" content=\"article\" \/>\n<meta property=\"og:title\" content=\"Para Federaci\u00f3n Agraria, la leche deber\u00eda costar $ 4,5 el litro. | Proagro\" \/>\n<meta property=\"og:description\" content=\"El director de Federaci\u00f3n Agraria Argentina, explic\u00f3 cu\u00e1l es el valor para que las explotaciones no sufran p\u00e9rdidas y asegur\u00f3 que \u0093hay un 40% menos de tamberos\u0094. Guillermo Gianassi, el director de Federaci\u00f3n Agraria Argentina (FAA) e integrante de la Mesa Nacional de Lecher\u00eda, se refiri\u00f3 a la situaci\u00f3n cr\u00edtica que atraviesa ese sector productivo. \u0093Estamos perdiendo plata\u0094 porque al productor se \u0093le est\u00e1 pagando $2,10\u0094, una cifra que no alcanza a saldar \u0093los costos de producci\u00f3n\u0094, afirm\u00f3 y aclar\u00f3 que \u0093aunque los costos var\u00edan, ning\u00fan tambero est\u00e1 gastando por debajo de los $2,60\u0094. \u0093Es impotencia lo que se siente, porque uno se empieza a endeudar\u0094, expres\u00f3 el Director de FAA, e inform\u00f3: \u0093Argentina ha perdido en los \u00faltimos diez a\u00f1os, ocho mil productores, tenemos un 40% menos de tamberos\u0094 \u0093La Presidenta habla de d\u00e9cada ganada pero se olvida de decir que somos el pa\u00eds que menos ha crecido en toda Latinoam\u00e9rica\u0094, cuestion\u00f3 Gianassi y asegur\u00f3 que \u0093se va a agudizar el problema\u0094 del sector \u0093porque no hay di\u00e1logo\u0094, y sumado a ello \u0093la Argentina carece de pol\u00edticas p\u00fablicas hacia la lecher\u00eda\u0094. Reconoci\u00f3 asimismo que \u0093el proceso inflacionario que golpea a los productores, tambi\u00e9n lo hace con los consumidores\u0094, y [&hellip;]\" \/>\n<meta property=\"og:url\" content=\"https:\/\/proagrolab.com.ar\/para-federacion-agraria-la-leche-deberia-costar-45-el-litro\/\" \/>\n<meta property=\"og:site_name\" content=\"Proagro\" \/>\n<meta property=\"article:publisher\" content=\"http:\/\/www.facebook.com\/proagrolab\" \/>\n<meta property=\"article:published_time\" content=\"2014-02-05T00:00:01+00:00\" \/>\n<meta property=\"og:image\" content=\"https:\/\/proagrolab.com.ar\/wp-content\/uploads\/2015\/01\/g_djhccwsrs__Industria-Lechera-2.jpg\" \/>\n\t<meta property=\"og:image:width\" content=\"450\" \/>\n\t<meta property=\"og:image:height\" content=\"208\" \/>\n\t<meta property=\"og:image:type\" content=\"image\/jpeg\" \/>\n<meta name=\"author\" content=\"proagrolab\" \/>\n<meta name=\"twitter:card\" content=\"summary_large_image\" \/>\n<meta name=\"twitter:label1\" content=\"Written by\" \/>\n\t<meta name=\"twitter:data1\" content=\"proagrolab\" \/>\n\t<meta name=\"twitter:label2\" content=\"Est. reading time\" \/>\n\t<meta name=\"twitter:data2\" content=\"3 minutes\" \/>\n<script type=\"application\/ld+json\" class=\"yoast-schema-graph\">{\"@context\":\"https:\\\/\\\/schema.org\",\"@graph\":[{\"@type\":\"Article\",\"@id\":\"https:\\\/\\\/proagrolab.com.ar\\\/para-federacion-agraria-la-leche-deberia-costar-45-el-litro\\\/#article\",\"isPartOf\":{\"@id\":\"https:\\\/\\\/proagrolab.com.ar\\\/para-federacion-agraria-la-leche-deberia-costar-45-el-litro\\\/\"},\"author\":{\"name\":\"proagrolab\",\"@id\":\"https:\\\/\\\/proagrolab.com.ar\\\/#\\\/schema\\\/person\\\/38003ff90bf80381f71c7d922d207444\"},\"headline\":\"Para Federaci\u00f3n Agraria, la leche deber\u00eda costar $ 4,5 el litro.\",\"datePublished\":\"2014-02-05T00:00:01+00:00\",\"mainEntityOfPage\":{\"@id\":\"https:\\\/\\\/proagrolab.com.ar\\\/para-federacion-agraria-la-leche-deberia-costar-45-el-litro\\\/\"},\"wordCount\":601,\"publisher\":{\"@id\":\"https:\\\/\\\/proagrolab.com.ar\\\/#organization\"},\"image\":{\"@id\":\"https:\\\/\\\/proagrolab.com.ar\\\/para-federacion-agraria-la-leche-deberia-costar-45-el-litro\\\/#primaryimage\"},\"thumbnailUrl\":\"https:\\\/\\\/proagrolab.com.ar\\\/wp-content\\\/uploads\\\/2015\\\/01\\\/g_djhccwsrs__Industria-Lechera-2.jpg\",\"articleSection\":[\"News\"],\"inLanguage\":\"en-US\"},{\"@type\":\"WebPage\",\"@id\":\"https:\\\/\\\/proagrolab.com.ar\\\/para-federacion-agraria-la-leche-deberia-costar-45-el-litro\\\/\",\"url\":\"https:\\\/\\\/proagrolab.com.ar\\\/para-federacion-agraria-la-leche-deberia-costar-45-el-litro\\\/\",\"name\":\"Para Federaci\u00f3n Agraria, la leche deber\u00eda costar $ 4,5 el litro. | Proagro\",\"isPartOf\":{\"@id\":\"https:\\\/\\\/proagrolab.com.ar\\\/#website\"},\"primaryImageOfPage\":{\"@id\":\"https:\\\/\\\/proagrolab.com.ar\\\/para-federacion-agraria-la-leche-deberia-costar-45-el-litro\\\/#primaryimage\"},\"image\":{\"@id\":\"https:\\\/\\\/proagrolab.com.ar\\\/para-federacion-agraria-la-leche-deberia-costar-45-el-litro\\\/#primaryimage\"},\"thumbnailUrl\":\"https:\\\/\\\/proagrolab.com.ar\\\/wp-content\\\/uploads\\\/2015\\\/01\\\/g_djhccwsrs__Industria-Lechera-2.jpg\",\"datePublished\":\"2014-02-05T00:00:01+00:00\",\"breadcrumb\":{\"@id\":\"https:\\\/\\\/proagrolab.com.ar\\\/para-federacion-agraria-la-leche-deberia-costar-45-el-litro\\\/#breadcrumb\"},\"inLanguage\":\"en-US\",\"potentialAction\":[{\"@type\":\"ReadAction\",\"target\":[\"https:\\\/\\\/proagrolab.com.ar\\\/para-federacion-agraria-la-leche-deberia-costar-45-el-litro\\\/\"]}]},{\"@type\":\"ImageObject\",\"inLanguage\":\"en-US\",\"@id\":\"https:\\\/\\\/proagrolab.com.ar\\\/para-federacion-agraria-la-leche-deberia-costar-45-el-litro\\\/#primaryimage\",\"url\":\"https:\\\/\\\/proagrolab.com.ar\\\/wp-content\\\/uploads\\\/2015\\\/01\\\/g_djhccwsrs__Industria-Lechera-2.jpg\",\"contentUrl\":\"https:\\\/\\\/proagrolab.com.ar\\\/wp-content\\\/uploads\\\/2015\\\/01\\\/g_djhccwsrs__Industria-Lechera-2.jpg\",\"width\":450,\"height\":208},{\"@type\":\"BreadcrumbList\",\"@id\":\"https:\\\/\\\/proagrolab.com.ar\\\/para-federacion-agraria-la-leche-deberia-costar-45-el-litro\\\/#breadcrumb\",\"itemListElement\":[{\"@type\":\"ListItem\",\"position\":1,\"name\":\"Portada\",\"item\":\"https:\\\/\\\/proagrolab.com.ar\\\/\"},{\"@type\":\"ListItem\",\"position\":2,\"name\":\"Para Federaci\u00f3n Agraria, la leche deber\u00eda costar $ 4,5 el litro.\"}]},{\"@type\":\"WebSite\",\"@id\":\"https:\\\/\\\/proagrolab.com.ar\\\/#website\",\"url\":\"https:\\\/\\\/proagrolab.com.ar\\\/\",\"name\":\"Proagro Laboratorio Veterinario\",\"description\":\"Veterinary laboratory\",\"publisher\":{\"@id\":\"https:\\\/\\\/proagrolab.com.ar\\\/#organization\"},\"potentialAction\":[{\"@type\":\"SearchAction\",\"target\":{\"@type\":\"EntryPoint\",\"urlTemplate\":\"https:\\\/\\\/proagrolab.com.ar\\\/?s={search_term_string}\"},\"query-input\":{\"@type\":\"PropertyValueSpecification\",\"valueRequired\":true,\"valueName\":\"search_term_string\"}}],\"inLanguage\":\"en-US\"},{\"@type\":\"Organization\",\"@id\":\"https:\\\/\\\/proagrolab.com.ar\\\/#organization\",\"name\":\"Proagro\",\"url\":\"https:\\\/\\\/proagrolab.com.ar\\\/\",\"logo\":{\"@type\":\"ImageObject\",\"inLanguage\":\"en-US\",\"@id\":\"https:\\\/\\\/proagrolab.com.ar\\\/#\\\/schema\\\/logo\\\/image\\\/\",\"url\":\"https:\\\/\\\/proagrolab.com.ar\\\/wp-content\\\/uploads\\\/2020\\\/04\\\/logo-retina.png\",\"contentUrl\":\"https:\\\/\\\/proagrolab.com.ar\\\/wp-content\\\/uploads\\\/2020\\\/04\\\/logo-retina.png\",\"width\":478,\"height\":120,\"caption\":\"Proagro\"},\"image\":{\"@id\":\"https:\\\/\\\/proagrolab.com.ar\\\/#\\\/schema\\\/logo\\\/image\\\/\"},\"sameAs\":[\"http:\\\/\\\/www.facebook.com\\\/proagrolab\",\"https:\\\/\\\/www.instagram.com\\\/proagrolab\\\/\",\"https:\\\/\\\/www.linkedin.com\\\/company\\\/laboratorio-proagro-s-a\\\/\"]},{\"@type\":\"Person\",\"@id\":\"https:\\\/\\\/proagrolab.com.ar\\\/#\\\/schema\\\/person\\\/38003ff90bf80381f71c7d922d207444\",\"name\":\"proagrolab\"}]}<\/script>\n<!-- \/ Yoast SEO plugin. -->","yoast_head_json":{"title":"Para Federaci\u00f3n Agraria, la leche deber\u00eda costar $ 4,5 el litro. | Proagro","robots":{"index":"index","follow":"follow","max-snippet":"max-snippet:-1","max-image-preview":"max-image-preview:large","max-video-preview":"max-video-preview:-1"},"canonical":"https:\/\/proagrolab.com.ar\/en\/para-federacion-agraria-la-leche-deberia-costar-45-el-litro\/","og_locale":"en_US","og_type":"article","og_title":"Para Federaci\u00f3n Agraria, la leche deber\u00eda costar $ 4,5 el litro. | Proagro","og_description":"El director de Federaci\u00f3n Agraria Argentina, explic\u00f3 cu\u00e1l es el valor para que las explotaciones no sufran p\u00e9rdidas y asegur\u00f3 que \u0093hay un 40% menos de tamberos\u0094. Guillermo Gianassi, el director de Federaci\u00f3n Agraria Argentina (FAA) e integrante de la Mesa Nacional de Lecher\u00eda, se refiri\u00f3 a la situaci\u00f3n cr\u00edtica que atraviesa ese sector productivo. \u0093Estamos perdiendo plata\u0094 porque al productor se \u0093le est\u00e1 pagando $2,10\u0094, una cifra que no alcanza a saldar \u0093los costos de producci\u00f3n\u0094, afirm\u00f3 y aclar\u00f3 que \u0093aunque los costos var\u00edan, ning\u00fan tambero est\u00e1 gastando por debajo de los $2,60\u0094. \u0093Es impotencia lo que se siente, porque uno se empieza a endeudar\u0094, expres\u00f3 el Director de FAA, e inform\u00f3: \u0093Argentina ha perdido en los \u00faltimos diez a\u00f1os, ocho mil productores, tenemos un 40% menos de tamberos\u0094 \u0093La Presidenta habla de d\u00e9cada ganada pero se olvida de decir que somos el pa\u00eds que menos ha crecido en toda Latinoam\u00e9rica\u0094, cuestion\u00f3 Gianassi y asegur\u00f3 que \u0093se va a agudizar el problema\u0094 del sector \u0093porque no hay di\u00e1logo\u0094, y sumado a ello \u0093la Argentina carece de pol\u00edticas p\u00fablicas hacia la lecher\u00eda\u0094. Reconoci\u00f3 asimismo que \u0093el proceso inflacionario que golpea a los productores, tambi\u00e9n lo hace con los consumidores\u0094, y [&hellip;]","og_url":"https:\/\/proagrolab.com.ar\/para-federacion-agraria-la-leche-deberia-costar-45-el-litro\/","og_site_name":"Proagro","article_publisher":"http:\/\/www.facebook.com\/proagrolab","article_published_time":"2014-02-05T00:00:01+00:00","og_image":[{"width":450,"height":208,"url":"https:\/\/proagrolab.com.ar\/wp-content\/uploads\/2015\/01\/g_djhccwsrs__Industria-Lechera-2.jpg","type":"image\/jpeg"}],"author":"proagrolab","twitter_card":"summary_large_image","twitter_misc":{"Written by":"proagrolab","Est. reading time":"3 minutes"},"schema":{"@context":"https:\/\/schema.org","@graph":[{"@type":"Article","@id":"https:\/\/proagrolab.com.ar\/para-federacion-agraria-la-leche-deberia-costar-45-el-litro\/#article","isPartOf":{"@id":"https:\/\/proagrolab.com.ar\/para-federacion-agraria-la-leche-deberia-costar-45-el-litro\/"},"author":{"name":"proagrolab","@id":"https:\/\/proagrolab.com.ar\/#\/schema\/person\/38003ff90bf80381f71c7d922d207444"},"headline":"Para Federaci\u00f3n Agraria, la leche deber\u00eda costar $ 4,5 el litro.","datePublished":"2014-02-05T00:00:01+00:00","mainEntityOfPage":{"@id":"https:\/\/proagrolab.com.ar\/para-federacion-agraria-la-leche-deberia-costar-45-el-litro\/"},"wordCount":601,"publisher":{"@id":"https:\/\/proagrolab.com.ar\/#organization"},"image":{"@id":"https:\/\/proagrolab.com.ar\/para-federacion-agraria-la-leche-deberia-costar-45-el-litro\/#primaryimage"},"thumbnailUrl":"https:\/\/proagrolab.com.ar\/wp-content\/uploads\/2015\/01\/g_djhccwsrs__Industria-Lechera-2.jpg","articleSection":["News"],"inLanguage":"en-US"},{"@type":"WebPage","@id":"https:\/\/proagrolab.com.ar\/para-federacion-agraria-la-leche-deberia-costar-45-el-litro\/","url":"https:\/\/proagrolab.com.ar\/para-federacion-agraria-la-leche-deberia-costar-45-el-litro\/","name":"Para Federaci\u00f3n Agraria, la leche deber\u00eda costar $ 4,5 el litro. | Proagro","isPartOf":{"@id":"https:\/\/proagrolab.com.ar\/#website"},"primaryImageOfPage":{"@id":"https:\/\/proagrolab.com.ar\/para-federacion-agraria-la-leche-deberia-costar-45-el-litro\/#primaryimage"},"image":{"@id":"https:\/\/proagrolab.com.ar\/para-federacion-agraria-la-leche-deberia-costar-45-el-litro\/#primaryimage"},"thumbnailUrl":"https:\/\/proagrolab.com.ar\/wp-content\/uploads\/2015\/01\/g_djhccwsrs__Industria-Lechera-2.jpg","datePublished":"2014-02-05T00:00:01+00:00","breadcrumb":{"@id":"https:\/\/proagrolab.com.ar\/para-federacion-agraria-la-leche-deberia-costar-45-el-litro\/#breadcrumb"},"inLanguage":"en-US","potentialAction":[{"@type":"ReadAction","target":["https:\/\/proagrolab.com.ar\/para-federacion-agraria-la-leche-deberia-costar-45-el-litro\/"]}]},{"@type":"ImageObject","inLanguage":"en-US","@id":"https:\/\/proagrolab.com.ar\/para-federacion-agraria-la-leche-deberia-costar-45-el-litro\/#primaryimage","url":"https:\/\/proagrolab.com.ar\/wp-content\/uploads\/2015\/01\/g_djhccwsrs__Industria-Lechera-2.jpg","contentUrl":"https:\/\/proagrolab.com.ar\/wp-content\/uploads\/2015\/01\/g_djhccwsrs__Industria-Lechera-2.jpg","width":450,"height":208},{"@type":"BreadcrumbList","@id":"https:\/\/proagrolab.com.ar\/para-federacion-agraria-la-leche-deberia-costar-45-el-litro\/#breadcrumb","itemListElement":[{"@type":"ListItem","position":1,"name":"Portada","item":"https:\/\/proagrolab.com.ar\/"},{"@type":"ListItem","position":2,"name":"Para Federaci\u00f3n Agraria, la leche deber\u00eda costar $ 4,5 el litro."}]},{"@type":"WebSite","@id":"https:\/\/proagrolab.com.ar\/#website","url":"https:\/\/proagrolab.com.ar\/","name":"Proagro Laboratorio Veterinario","description":"Veterinary laboratory","publisher":{"@id":"https:\/\/proagrolab.com.ar\/#organization"},"potentialAction":[{"@type":"SearchAction","target":{"@type":"EntryPoint","urlTemplate":"https:\/\/proagrolab.com.ar\/?s={search_term_string}"},"query-input":{"@type":"PropertyValueSpecification","valueRequired":true,"valueName":"search_term_string"}}],"inLanguage":"en-US"},{"@type":"Organization","@id":"https:\/\/proagrolab.com.ar\/#organization","name":"Proagro","url":"https:\/\/proagrolab.com.ar\/","logo":{"@type":"ImageObject","inLanguage":"en-US","@id":"https:\/\/proagrolab.com.ar\/#\/schema\/logo\/image\/","url":"https:\/\/proagrolab.com.ar\/wp-content\/uploads\/2020\/04\/logo-retina.png","contentUrl":"https:\/\/proagrolab.com.ar\/wp-content\/uploads\/2020\/04\/logo-retina.png","width":478,"height":120,"caption":"Proagro"},"image":{"@id":"https:\/\/proagrolab.com.ar\/#\/schema\/logo\/image\/"},"sameAs":["http:\/\/www.facebook.com\/proagrolab","https:\/\/www.instagram.com\/proagrolab\/","https:\/\/www.linkedin.com\/company\/laboratorio-proagro-s-a\/"]},{"@type":"Person","@id":"https:\/\/proagrolab.com.ar\/#\/schema\/person\/38003ff90bf80381f71c7d922d207444","name":"proagrolab"}]}},"_links":{"self":[{"href":"https:\/\/proagrolab.com.ar\/en\/wp-json\/wp\/v2\/posts\/5924","targetHints":{"allow":["GET"]}}],"collection":[{"href":"https:\/\/proagrolab.com.ar\/en\/wp-json\/wp\/v2\/posts"}],"about":[{"href":"https:\/\/proagrolab.com.ar\/en\/wp-json\/wp\/v2\/types\/post"}],"author":[{"embeddable":true,"href":"https:\/\/proagrolab.com.ar\/en\/wp-json\/wp\/v2\/users\/2"}],"replies":[{"embeddable":true,"href":"https:\/\/proagrolab.com.ar\/en\/wp-json\/wp\/v2\/comments?post=5924"}],"version-history":[{"count":0,"href":"https:\/\/proagrolab.com.ar\/en\/wp-json\/wp\/v2\/posts\/5924\/revisions"}],"wp:featuredmedia":[{"embeddable":true,"href":"https:\/\/proagrolab.com.ar\/en\/wp-json\/wp\/v2\/media\/2410"}],"wp:attachment":[{"href":"https:\/\/proagrolab.com.ar\/en\/wp-json\/wp\/v2\/media?parent=5924"}],"wp:term":[{"taxonomy":"category","embeddable":true,"href":"https:\/\/proagrolab.com.ar\/en\/wp-json\/wp\/v2\/categories?post=5924"},{"taxonomy":"post_tag","embeddable":true,"href":"https:\/\/proagrolab.com.ar\/en\/wp-json\/wp\/v2\/tags?post=5924"}],"curies":[{"name":"wp","href":"https:\/\/api.w.org\/{rel}","templated":true}]}}