{"id":5923,"date":"2014-02-04T00:00:01","date_gmt":"2014-02-04T00:00:01","guid":{"rendered":"https:\/\/proagrolab.com.ar\/el-principe-de-japon-interesado-en-la-carne\/"},"modified":"2014-02-04T00:00:01","modified_gmt":"2014-02-04T00:00:01","slug":"el-principe-de-japon-interesado-en-la-carne","status":"publish","type":"post","link":"https:\/\/proagrolab.com.ar\/en\/el-principe-de-japon-interesado-en-la-carne\/","title":{"rendered":"El pr\u00edncipe de Jap\u00f3n, interesado en la carne."},"content":{"rendered":"<p class=\"qtranxs-available-languages-message qtranxs-available-languages-message-en\"> <\/p><p>En un marco protocolar, Akishino recorri\u00f3 una caba\u00f1a de vacunos Angus.<\/p>\n<p>La carne argentina es mucho m\u00e1s que una marca mundial, y su fama llega hasta lugares tan lejanos como la casa imperial de Jap\u00f3n. El pr\u00edncipe Akishino puso como condici\u00f3n de su visita a la Argentina degustarla, y adem\u00e1s poder observar un rodeo de vacas Angus.<\/p>\n<p>Ayer, antes de partir a su pa\u00eds, acompa\u00f1ado por la princesa Kiko, el embajador de Jap\u00f3n en la Argentina, Masashi Mizukami, y una comitiva de 20 personas fueron recibidos en el establecimiento y caba\u00f1a La Pastoriza, en San Miguel del Monte, por los propietarios Roberto, Ricardo y Patricia Orazi y por la comisi\u00f3n directiva de la Asociaci\u00f3n Angus, presidida por Alfredo Gusm\u00e1n.<\/p>\n<p>Jap\u00f3n es un mercado de alto poder adquisitivo para los cortes vacunos de alto valor, que se encuentra vedado a las exportaciones argentinas por la barrera sanitaria de la aftosa. Sin embargo, gracias a la gesti\u00f3n de la diplomacia brasile\u00f1a, Jap\u00f3n reconoce actualmente la regionalizaci\u00f3n e importa carne de cerdo del estado de Santa Catarina, que est\u00e1 libre de aftosa sin vacunaci\u00f3n. Es el mismo estatus sanitario que tiene la Patagonia al sur del r\u00edo Colorado, por lo que se abre una oportunidad a explorar.<\/p>\n<p>El inter\u00e9s del pr\u00edncipe Akishino, tercero en la l\u00ednea sucesoria imperial, por la carne vacuna argentina y por tomar conocimiento de la calidad del ganado es un dato que en este contexto toma relevancia.<\/p>\n<p>Se realiz\u00f3 una gira por el campo para ver distintos rodeos de vacas Angus, coloradas y negras con ternero al pie, los toros de la caba\u00f1a y la pasada de una tropilla de criollos con su yegua madrina.<\/p>\n<p>Compartieron el asado los criadores de la raza Angus y miembros de la comisi\u00f3n directiva, Alfonso Bustillo, Alejandro Salemme, Federico Boglione y Sebasti\u00e1n Rodr\u00edguez Larreta.<\/p>\n<p>Fuente: La Naci\u00f3n, 3 de febrero.<br \/><\/p>","protected":false},"excerpt":{"rendered":"<p>En un marco protocolar, Akishino recorri\u00f3 una caba\u00f1a de vacunos Angus. La carne argentina es mucho m\u00e1s que una marca mundial, y su fama llega hasta lugares tan lejanos como la casa imperial de Jap\u00f3n. El pr\u00edncipe Akishino puso como condici\u00f3n de su visita a la Argentina degustarla, y adem\u00e1s poder observar un rodeo de vacas Angus. Ayer, antes de partir a su pa\u00eds, acompa\u00f1ado por la princesa Kiko, el embajador de Jap\u00f3n en la Argentina, Masashi Mizukami, y una comitiva de 20 personas fueron recibidos en el establecimiento y caba\u00f1a La Pastoriza, en San Miguel del Monte, por los propietarios Roberto, Ricardo y Patricia Orazi y por la comisi\u00f3n directiva de la Asociaci\u00f3n Angus, presidida por Alfredo Gusm\u00e1n. Jap\u00f3n es un mercado de alto poder adquisitivo para los cortes vacunos de alto valor, que se encuentra vedado a las exportaciones argentinas por la barrera sanitaria de la aftosa. Sin embargo, gracias a la gesti\u00f3n de la diplomacia brasile\u00f1a, Jap\u00f3n reconoce actualmente la regionalizaci\u00f3n e importa carne de cerdo del estado de Santa Catarina, que est\u00e1 libre de aftosa sin vacunaci\u00f3n. Es el mismo estatus sanitario que tiene la Patagonia al sur del r\u00edo Colorado, por lo que se abre [&hellip;]<\/p>\n","protected":false},"author":2,"featured_media":2409,"comment_status":"closed","ping_status":"open","sticky":false,"template":"","format":"standard","meta":{"_acf_changed":false,"footnotes":""},"categories":[56],"tags":[],"class_list":["post-5923","post","type-post","status-publish","format-standard","has-post-thumbnail","hentry","category-infoganadero"],"acf":[],"yoast_head":"<!-- This site is optimized with the Yoast SEO plugin v27.4 - https:\/\/yoast.com\/product\/yoast-seo-wordpress\/ -->\n<title>El pr\u00edncipe de Jap\u00f3n, interesado en la carne. | Proagro<\/title>\n<meta name=\"robots\" content=\"index, follow, max-snippet:-1, max-image-preview:large, max-video-preview:-1\" \/>\n<link rel=\"canonical\" href=\"https:\/\/proagrolab.com.ar\/en\/el-principe-de-japon-interesado-en-la-carne\/\" \/>\n<meta property=\"og:locale\" content=\"en_US\" \/>\n<meta property=\"og:type\" content=\"article\" \/>\n<meta property=\"og:title\" content=\"El pr\u00edncipe de Jap\u00f3n, interesado en la carne. | Proagro\" \/>\n<meta property=\"og:description\" content=\"En un marco protocolar, Akishino recorri\u00f3 una caba\u00f1a de vacunos Angus. La carne argentina es mucho m\u00e1s que una marca mundial, y su fama llega hasta lugares tan lejanos como la casa imperial de Jap\u00f3n. El pr\u00edncipe Akishino puso como condici\u00f3n de su visita a la Argentina degustarla, y adem\u00e1s poder observar un rodeo de vacas Angus. Ayer, antes de partir a su pa\u00eds, acompa\u00f1ado por la princesa Kiko, el embajador de Jap\u00f3n en la Argentina, Masashi Mizukami, y una comitiva de 20 personas fueron recibidos en el establecimiento y caba\u00f1a La Pastoriza, en San Miguel del Monte, por los propietarios Roberto, Ricardo y Patricia Orazi y por la comisi\u00f3n directiva de la Asociaci\u00f3n Angus, presidida por Alfredo Gusm\u00e1n. Jap\u00f3n es un mercado de alto poder adquisitivo para los cortes vacunos de alto valor, que se encuentra vedado a las exportaciones argentinas por la barrera sanitaria de la aftosa. Sin embargo, gracias a la gesti\u00f3n de la diplomacia brasile\u00f1a, Jap\u00f3n reconoce actualmente la regionalizaci\u00f3n e importa carne de cerdo del estado de Santa Catarina, que est\u00e1 libre de aftosa sin vacunaci\u00f3n. Es el mismo estatus sanitario que tiene la Patagonia al sur del r\u00edo Colorado, por lo que se abre [&hellip;]\" \/>\n<meta property=\"og:url\" content=\"https:\/\/proagrolab.com.ar\/el-principe-de-japon-interesado-en-la-carne\/\" \/>\n<meta property=\"og:site_name\" content=\"Proagro\" \/>\n<meta property=\"article:publisher\" content=\"http:\/\/www.facebook.com\/proagrolab\" \/>\n<meta property=\"article:published_time\" content=\"2014-02-04T00:00:01+00:00\" \/>\n<meta property=\"og:image\" content=\"https:\/\/proagrolab.com.ar\/wp-content\/uploads\/2015\/01\/g_oz6hwvgo5__Angus-negro-y-colorado.jpg\" \/>\n\t<meta property=\"og:image:width\" content=\"450\" \/>\n\t<meta property=\"og:image:height\" content=\"208\" \/>\n\t<meta property=\"og:image:type\" content=\"image\/jpeg\" \/>\n<meta name=\"author\" content=\"proagrolab\" \/>\n<meta name=\"twitter:card\" content=\"summary_large_image\" \/>\n<meta name=\"twitter:label1\" content=\"Written by\" \/>\n\t<meta name=\"twitter:data1\" content=\"proagrolab\" \/>\n\t<meta name=\"twitter:label2\" content=\"Est. reading time\" \/>\n\t<meta name=\"twitter:data2\" content=\"2 minutes\" \/>\n<script type=\"application\/ld+json\" class=\"yoast-schema-graph\">{\"@context\":\"https:\\\/\\\/schema.org\",\"@graph\":[{\"@type\":\"Article\",\"@id\":\"https:\\\/\\\/proagrolab.com.ar\\\/el-principe-de-japon-interesado-en-la-carne\\\/#article\",\"isPartOf\":{\"@id\":\"https:\\\/\\\/proagrolab.com.ar\\\/el-principe-de-japon-interesado-en-la-carne\\\/\"},\"author\":{\"name\":\"proagrolab\",\"@id\":\"https:\\\/\\\/proagrolab.com.ar\\\/#\\\/schema\\\/person\\\/38003ff90bf80381f71c7d922d207444\"},\"headline\":\"El pr\u00edncipe de Jap\u00f3n, interesado en la carne.\",\"datePublished\":\"2014-02-04T00:00:01+00:00\",\"mainEntityOfPage\":{\"@id\":\"https:\\\/\\\/proagrolab.com.ar\\\/el-principe-de-japon-interesado-en-la-carne\\\/\"},\"wordCount\":343,\"publisher\":{\"@id\":\"https:\\\/\\\/proagrolab.com.ar\\\/#organization\"},\"image\":{\"@id\":\"https:\\\/\\\/proagrolab.com.ar\\\/el-principe-de-japon-interesado-en-la-carne\\\/#primaryimage\"},\"thumbnailUrl\":\"https:\\\/\\\/proagrolab.com.ar\\\/wp-content\\\/uploads\\\/2015\\\/01\\\/g_oz6hwvgo5__Angus-negro-y-colorado.jpg\",\"articleSection\":[\"News\"],\"inLanguage\":\"en-US\"},{\"@type\":\"WebPage\",\"@id\":\"https:\\\/\\\/proagrolab.com.ar\\\/el-principe-de-japon-interesado-en-la-carne\\\/\",\"url\":\"https:\\\/\\\/proagrolab.com.ar\\\/el-principe-de-japon-interesado-en-la-carne\\\/\",\"name\":\"El pr\u00edncipe de Jap\u00f3n, interesado en la carne. | Proagro\",\"isPartOf\":{\"@id\":\"https:\\\/\\\/proagrolab.com.ar\\\/#website\"},\"primaryImageOfPage\":{\"@id\":\"https:\\\/\\\/proagrolab.com.ar\\\/el-principe-de-japon-interesado-en-la-carne\\\/#primaryimage\"},\"image\":{\"@id\":\"https:\\\/\\\/proagrolab.com.ar\\\/el-principe-de-japon-interesado-en-la-carne\\\/#primaryimage\"},\"thumbnailUrl\":\"https:\\\/\\\/proagrolab.com.ar\\\/wp-content\\\/uploads\\\/2015\\\/01\\\/g_oz6hwvgo5__Angus-negro-y-colorado.jpg\",\"datePublished\":\"2014-02-04T00:00:01+00:00\",\"breadcrumb\":{\"@id\":\"https:\\\/\\\/proagrolab.com.ar\\\/el-principe-de-japon-interesado-en-la-carne\\\/#breadcrumb\"},\"inLanguage\":\"en-US\",\"potentialAction\":[{\"@type\":\"ReadAction\",\"target\":[\"https:\\\/\\\/proagrolab.com.ar\\\/el-principe-de-japon-interesado-en-la-carne\\\/\"]}]},{\"@type\":\"ImageObject\",\"inLanguage\":\"en-US\",\"@id\":\"https:\\\/\\\/proagrolab.com.ar\\\/el-principe-de-japon-interesado-en-la-carne\\\/#primaryimage\",\"url\":\"https:\\\/\\\/proagrolab.com.ar\\\/wp-content\\\/uploads\\\/2015\\\/01\\\/g_oz6hwvgo5__Angus-negro-y-colorado.jpg\",\"contentUrl\":\"https:\\\/\\\/proagrolab.com.ar\\\/wp-content\\\/uploads\\\/2015\\\/01\\\/g_oz6hwvgo5__Angus-negro-y-colorado.jpg\",\"width\":450,\"height\":208},{\"@type\":\"BreadcrumbList\",\"@id\":\"https:\\\/\\\/proagrolab.com.ar\\\/el-principe-de-japon-interesado-en-la-carne\\\/#breadcrumb\",\"itemListElement\":[{\"@type\":\"ListItem\",\"position\":1,\"name\":\"Portada\",\"item\":\"https:\\\/\\\/proagrolab.com.ar\\\/\"},{\"@type\":\"ListItem\",\"position\":2,\"name\":\"El pr\u00edncipe de Jap\u00f3n, interesado en la carne.\"}]},{\"@type\":\"WebSite\",\"@id\":\"https:\\\/\\\/proagrolab.com.ar\\\/#website\",\"url\":\"https:\\\/\\\/proagrolab.com.ar\\\/\",\"name\":\"Proagro Laboratorio Veterinario\",\"description\":\"Veterinary laboratory\",\"publisher\":{\"@id\":\"https:\\\/\\\/proagrolab.com.ar\\\/#organization\"},\"potentialAction\":[{\"@type\":\"SearchAction\",\"target\":{\"@type\":\"EntryPoint\",\"urlTemplate\":\"https:\\\/\\\/proagrolab.com.ar\\\/?s={search_term_string}\"},\"query-input\":{\"@type\":\"PropertyValueSpecification\",\"valueRequired\":true,\"valueName\":\"search_term_string\"}}],\"inLanguage\":\"en-US\"},{\"@type\":\"Organization\",\"@id\":\"https:\\\/\\\/proagrolab.com.ar\\\/#organization\",\"name\":\"Proagro\",\"url\":\"https:\\\/\\\/proagrolab.com.ar\\\/\",\"logo\":{\"@type\":\"ImageObject\",\"inLanguage\":\"en-US\",\"@id\":\"https:\\\/\\\/proagrolab.com.ar\\\/#\\\/schema\\\/logo\\\/image\\\/\",\"url\":\"https:\\\/\\\/proagrolab.com.ar\\\/wp-content\\\/uploads\\\/2020\\\/04\\\/logo-retina.png\",\"contentUrl\":\"https:\\\/\\\/proagrolab.com.ar\\\/wp-content\\\/uploads\\\/2020\\\/04\\\/logo-retina.png\",\"width\":478,\"height\":120,\"caption\":\"Proagro\"},\"image\":{\"@id\":\"https:\\\/\\\/proagrolab.com.ar\\\/#\\\/schema\\\/logo\\\/image\\\/\"},\"sameAs\":[\"http:\\\/\\\/www.facebook.com\\\/proagrolab\",\"https:\\\/\\\/www.instagram.com\\\/proagrolab\\\/\",\"https:\\\/\\\/www.linkedin.com\\\/company\\\/laboratorio-proagro-s-a\\\/\"]},{\"@type\":\"Person\",\"@id\":\"https:\\\/\\\/proagrolab.com.ar\\\/#\\\/schema\\\/person\\\/38003ff90bf80381f71c7d922d207444\",\"name\":\"proagrolab\"}]}<\/script>\n<!-- \/ Yoast SEO plugin. -->","yoast_head_json":{"title":"El pr\u00edncipe de Jap\u00f3n, interesado en la carne. | Proagro","robots":{"index":"index","follow":"follow","max-snippet":"max-snippet:-1","max-image-preview":"max-image-preview:large","max-video-preview":"max-video-preview:-1"},"canonical":"https:\/\/proagrolab.com.ar\/en\/el-principe-de-japon-interesado-en-la-carne\/","og_locale":"en_US","og_type":"article","og_title":"El pr\u00edncipe de Jap\u00f3n, interesado en la carne. | Proagro","og_description":"En un marco protocolar, Akishino recorri\u00f3 una caba\u00f1a de vacunos Angus. La carne argentina es mucho m\u00e1s que una marca mundial, y su fama llega hasta lugares tan lejanos como la casa imperial de Jap\u00f3n. El pr\u00edncipe Akishino puso como condici\u00f3n de su visita a la Argentina degustarla, y adem\u00e1s poder observar un rodeo de vacas Angus. Ayer, antes de partir a su pa\u00eds, acompa\u00f1ado por la princesa Kiko, el embajador de Jap\u00f3n en la Argentina, Masashi Mizukami, y una comitiva de 20 personas fueron recibidos en el establecimiento y caba\u00f1a La Pastoriza, en San Miguel del Monte, por los propietarios Roberto, Ricardo y Patricia Orazi y por la comisi\u00f3n directiva de la Asociaci\u00f3n Angus, presidida por Alfredo Gusm\u00e1n. Jap\u00f3n es un mercado de alto poder adquisitivo para los cortes vacunos de alto valor, que se encuentra vedado a las exportaciones argentinas por la barrera sanitaria de la aftosa. Sin embargo, gracias a la gesti\u00f3n de la diplomacia brasile\u00f1a, Jap\u00f3n reconoce actualmente la regionalizaci\u00f3n e importa carne de cerdo del estado de Santa Catarina, que est\u00e1 libre de aftosa sin vacunaci\u00f3n. Es el mismo estatus sanitario que tiene la Patagonia al sur del r\u00edo Colorado, por lo que se abre [&hellip;]","og_url":"https:\/\/proagrolab.com.ar\/el-principe-de-japon-interesado-en-la-carne\/","og_site_name":"Proagro","article_publisher":"http:\/\/www.facebook.com\/proagrolab","article_published_time":"2014-02-04T00:00:01+00:00","og_image":[{"width":450,"height":208,"url":"https:\/\/proagrolab.com.ar\/wp-content\/uploads\/2015\/01\/g_oz6hwvgo5__Angus-negro-y-colorado.jpg","type":"image\/jpeg"}],"author":"proagrolab","twitter_card":"summary_large_image","twitter_misc":{"Written by":"proagrolab","Est. reading time":"2 minutes"},"schema":{"@context":"https:\/\/schema.org","@graph":[{"@type":"Article","@id":"https:\/\/proagrolab.com.ar\/el-principe-de-japon-interesado-en-la-carne\/#article","isPartOf":{"@id":"https:\/\/proagrolab.com.ar\/el-principe-de-japon-interesado-en-la-carne\/"},"author":{"name":"proagrolab","@id":"https:\/\/proagrolab.com.ar\/#\/schema\/person\/38003ff90bf80381f71c7d922d207444"},"headline":"El pr\u00edncipe de Jap\u00f3n, interesado en la carne.","datePublished":"2014-02-04T00:00:01+00:00","mainEntityOfPage":{"@id":"https:\/\/proagrolab.com.ar\/el-principe-de-japon-interesado-en-la-carne\/"},"wordCount":343,"publisher":{"@id":"https:\/\/proagrolab.com.ar\/#organization"},"image":{"@id":"https:\/\/proagrolab.com.ar\/el-principe-de-japon-interesado-en-la-carne\/#primaryimage"},"thumbnailUrl":"https:\/\/proagrolab.com.ar\/wp-content\/uploads\/2015\/01\/g_oz6hwvgo5__Angus-negro-y-colorado.jpg","articleSection":["News"],"inLanguage":"en-US"},{"@type":"WebPage","@id":"https:\/\/proagrolab.com.ar\/el-principe-de-japon-interesado-en-la-carne\/","url":"https:\/\/proagrolab.com.ar\/el-principe-de-japon-interesado-en-la-carne\/","name":"El pr\u00edncipe de Jap\u00f3n, interesado en la carne. | Proagro","isPartOf":{"@id":"https:\/\/proagrolab.com.ar\/#website"},"primaryImageOfPage":{"@id":"https:\/\/proagrolab.com.ar\/el-principe-de-japon-interesado-en-la-carne\/#primaryimage"},"image":{"@id":"https:\/\/proagrolab.com.ar\/el-principe-de-japon-interesado-en-la-carne\/#primaryimage"},"thumbnailUrl":"https:\/\/proagrolab.com.ar\/wp-content\/uploads\/2015\/01\/g_oz6hwvgo5__Angus-negro-y-colorado.jpg","datePublished":"2014-02-04T00:00:01+00:00","breadcrumb":{"@id":"https:\/\/proagrolab.com.ar\/el-principe-de-japon-interesado-en-la-carne\/#breadcrumb"},"inLanguage":"en-US","potentialAction":[{"@type":"ReadAction","target":["https:\/\/proagrolab.com.ar\/el-principe-de-japon-interesado-en-la-carne\/"]}]},{"@type":"ImageObject","inLanguage":"en-US","@id":"https:\/\/proagrolab.com.ar\/el-principe-de-japon-interesado-en-la-carne\/#primaryimage","url":"https:\/\/proagrolab.com.ar\/wp-content\/uploads\/2015\/01\/g_oz6hwvgo5__Angus-negro-y-colorado.jpg","contentUrl":"https:\/\/proagrolab.com.ar\/wp-content\/uploads\/2015\/01\/g_oz6hwvgo5__Angus-negro-y-colorado.jpg","width":450,"height":208},{"@type":"BreadcrumbList","@id":"https:\/\/proagrolab.com.ar\/el-principe-de-japon-interesado-en-la-carne\/#breadcrumb","itemListElement":[{"@type":"ListItem","position":1,"name":"Portada","item":"https:\/\/proagrolab.com.ar\/"},{"@type":"ListItem","position":2,"name":"El pr\u00edncipe de Jap\u00f3n, interesado en la carne."}]},{"@type":"WebSite","@id":"https:\/\/proagrolab.com.ar\/#website","url":"https:\/\/proagrolab.com.ar\/","name":"Proagro Laboratorio Veterinario","description":"Veterinary laboratory","publisher":{"@id":"https:\/\/proagrolab.com.ar\/#organization"},"potentialAction":[{"@type":"SearchAction","target":{"@type":"EntryPoint","urlTemplate":"https:\/\/proagrolab.com.ar\/?s={search_term_string}"},"query-input":{"@type":"PropertyValueSpecification","valueRequired":true,"valueName":"search_term_string"}}],"inLanguage":"en-US"},{"@type":"Organization","@id":"https:\/\/proagrolab.com.ar\/#organization","name":"Proagro","url":"https:\/\/proagrolab.com.ar\/","logo":{"@type":"ImageObject","inLanguage":"en-US","@id":"https:\/\/proagrolab.com.ar\/#\/schema\/logo\/image\/","url":"https:\/\/proagrolab.com.ar\/wp-content\/uploads\/2020\/04\/logo-retina.png","contentUrl":"https:\/\/proagrolab.com.ar\/wp-content\/uploads\/2020\/04\/logo-retina.png","width":478,"height":120,"caption":"Proagro"},"image":{"@id":"https:\/\/proagrolab.com.ar\/#\/schema\/logo\/image\/"},"sameAs":["http:\/\/www.facebook.com\/proagrolab","https:\/\/www.instagram.com\/proagrolab\/","https:\/\/www.linkedin.com\/company\/laboratorio-proagro-s-a\/"]},{"@type":"Person","@id":"https:\/\/proagrolab.com.ar\/#\/schema\/person\/38003ff90bf80381f71c7d922d207444","name":"proagrolab"}]}},"_links":{"self":[{"href":"https:\/\/proagrolab.com.ar\/en\/wp-json\/wp\/v2\/posts\/5923","targetHints":{"allow":["GET"]}}],"collection":[{"href":"https:\/\/proagrolab.com.ar\/en\/wp-json\/wp\/v2\/posts"}],"about":[{"href":"https:\/\/proagrolab.com.ar\/en\/wp-json\/wp\/v2\/types\/post"}],"author":[{"embeddable":true,"href":"https:\/\/proagrolab.com.ar\/en\/wp-json\/wp\/v2\/users\/2"}],"replies":[{"embeddable":true,"href":"https:\/\/proagrolab.com.ar\/en\/wp-json\/wp\/v2\/comments?post=5923"}],"version-history":[{"count":0,"href":"https:\/\/proagrolab.com.ar\/en\/wp-json\/wp\/v2\/posts\/5923\/revisions"}],"wp:featuredmedia":[{"embeddable":true,"href":"https:\/\/proagrolab.com.ar\/en\/wp-json\/wp\/v2\/media\/2409"}],"wp:attachment":[{"href":"https:\/\/proagrolab.com.ar\/en\/wp-json\/wp\/v2\/media?parent=5923"}],"wp:term":[{"taxonomy":"category","embeddable":true,"href":"https:\/\/proagrolab.com.ar\/en\/wp-json\/wp\/v2\/categories?post=5923"},{"taxonomy":"post_tag","embeddable":true,"href":"https:\/\/proagrolab.com.ar\/en\/wp-json\/wp\/v2\/tags?post=5923"}],"curies":[{"name":"wp","href":"https:\/\/api.w.org\/{rel}","templated":true}]}}