{"id":5922,"date":"2014-02-04T00:00:01","date_gmt":"2014-02-04T00:00:01","guid":{"rendered":"https:\/\/proagrolab.com.ar\/la-carne-vuelve-a-subir-3-pese-a-la-orden-del-gobierno-para-que-bajen-los-precios\/"},"modified":"2014-02-04T00:00:01","modified_gmt":"2014-02-04T00:00:01","slug":"la-carne-vuelve-a-subir-3-pese-a-la-orden-del-gobierno-para-que-bajen-los-precios","status":"publish","type":"post","link":"https:\/\/proagrolab.com.ar\/en\/la-carne-vuelve-a-subir-3-pese-a-la-orden-del-gobierno-para-que-bajen-los-precios\/","title":{"rendered":"La carne vuelve a subir 3%, pese a la orden del Gobierno para que bajen los precios."},"content":{"rendered":"<p class=\"qtranxs-available-languages-message qtranxs-available-languages-message-en\"> <\/p><p>Carniceros denunciaron que la mercader\u00eda llegar\u00e1 hoy a sus comercios con un incremento de 2 pesos el kilo y que lo trasladar\u00e1n a los consumidores.<\/p>\n<p>Por Fernando Bertello.<\/p>\n<p>Lejos de retroceder a los precios de la segunda semana de enero, como reclam\u00f3 el viernes pasado ante frigor\u00edficos y carniceros el secretario de Comercio, Augusto Costa, la carne volver\u00e1 aumentar. Para hoy, seg\u00fan anticip\u00f3 a LA NACION Alberto Williams, vicepresidente de la Asociaci\u00f3n de Propietarios de Carnicer\u00edas de la Capital Federal, matarifes y frigor\u00edficos entregar\u00e1n a los comercios la media res con una suba de 2 pesos por kilo y este incremento se trasladar\u00e1 al p\u00fablico. En t\u00e9rminos porcentuales, la mercader\u00eda que reciben los carniceros subir\u00e1 casi 4,5% y al consumidor la carne se encarecer\u00e1 en al menos 3 por ciento.<\/p>\n<p>&#8220;Ma\u00f1ana [por hoy] habr\u00e1 dos pesos de aumento al carnicero, y el carnicero va a subir [el precio], porque dos pesos es mucho&#8221;, se\u00f1al\u00f3 Williams. El viernes 24 de enero, el kilo de la media res estaba, seg\u00fan Williams, en $ 28,50; el viernes pasado subi\u00f3 a $ 33,50, y ahora, lejos de bajar, como pidi\u00f3 el Gobierno, se ir\u00eda a 35 pesos.<\/p>\n<p>El dirigente dijo que, tras este incremento, un producto popular como el asado, que se pagaba entre 60 y 61 pesos el kilo, subir\u00e1 a 62\/63 pesos, mientras que el kilo de milanesas, que rondaba entre 66 y 68 pesos, podr\u00eda trepar a 70 pesos.<\/p>\n<p>Estos incrementos se suman a los ya registrados en las \u00faltimas dos semanas: en ese per\u00edodo los precios al p\u00fablico aumentaron m\u00e1s de un 15 por ciento.<\/p>\n<p>Por su parte, el valor de la hacienda se increment\u00f3 un 20%. S\u00f3lo la semana pasada, el \u00edndice Novillo del Mercado de Hacienda de Liniers subi\u00f3 14,5 por ciento.<\/p>\n<p>Ayer, con una entrada de apenas 2001 animales, los precios en ese mercado se mantuvieron en valores similares a los de la semana pasada, como se informa en la p\u00e1gina 14.<\/p>\n<p>En este contexto, para Miguel Schiariti, presidente de la C\u00e1mara de la Industria y el Comercio de Carnes de la Rep\u00fablica Argentina (Ciccra), si ayer no hubo cambios en los precios de la hacienda no deber\u00edan darse los nuevos incrementos que denuncian los carniceros para la mercader\u00eda que reciben.<\/p>\n<p>&#8220;Si hoy [por ayer] estuvo tranquilo Liniers, no deber\u00eda ser as\u00ed [el aumento previsto]&#8221;, afirm\u00f3 Schiariti. El dirigente cree que el p\u00fablico no va a aprobar nuevos aumentos y que los precios retroceder\u00e1n cuando se estabilice una oferta de hacienda que hoy est\u00e1 afectada por las constantes lluvias.<\/p>\n<p>&#8220;El p\u00fablico no va a convalidar una milanesa a 70 pesos el kilo. No hay posibilidades de que se mantenga en el tiempo. El precio se va a retrotraer cuando se normalice la oferta; las lluvias est\u00e1n complicando&#8221;, apunt\u00f3 Schiariti.<\/p>\n<p><i>Por las carnicer\u00edas<\/i><br \/>Tras la amenaza que hizo el viernes \u00faltimo Costa de tomar medidas -en las \u00faltimas horas circularon rumores de aumento de las retenciones a la exportaci\u00f3n- si la carne no bajaba, ayer el jefe de Gabinete, Jorge Capitanich, insisti\u00f3 sobre los precios: &#8220;Se deber\u00edan retrotraer a los montos de la semana pasada&#8221;, se\u00f1al\u00f3.<\/p>\n<p>De todos modos, en varias carniceras confirmaron que los aumentos contin\u00faan. En Todo Ternera, una carnicer\u00eda de la zona norte, confirmaron que la semana pasada hubo aumentos de hasta el 20% en todos los cortes. Y adelantaron que para pasado ma\u00f1ana su proveedor ya les avis\u00f3 que habr\u00e1 otro aumento de la media res.<\/p>\n<p>En La Lonja, en Vicente L\u00f3pez, tambi\u00e9n ratificaron los incrementos. &#8220;La semana pasada hubo dos aumentos, pero s\u00f3lo trasladamos uno al p\u00fablico. En cada corte la suba promedio fue de entre 2 y 3 pesos. Si esta semana vuelve a aumentar, vamos a tener que cobr\u00e1rselo al p\u00fablico, porque, si no, nos quedamos muy apretados con los costos&#8221;, explicaron.<\/p>\n<p>&#8220;Hoy [por ayer] hubo aumentos nuevos y la semana pasada todos los cortes subieron 5 pesos&#8221;, coment\u00f3, por su parte, un repositor de Total Carnes, a pocos metros del puente Saavedra. &#8220;Hab\u00eda muchos productos estancados y por eso hubo aumentos de precios de hasta el 20%&#8221;, agreg\u00f3.<\/p>\n<p><i>La carne le gan\u00f3 al novillo<\/i><br \/>Comparaciones<br \/>Seg\u00fan el consultor en temas ganaderos V\u00edctor Tonelli, en los \u00faltimos 25 meses, considerando el aumento de la semana pasada, el novillo aument\u00f3 68%. En tanto, la carne al p\u00fablico lo hizo en el mismo tiempo un poco m\u00e1s: trep\u00f3 76 por ciento<\/p>\n<p>Advertencia de Costa<br \/>Ante las nuevas subas, el secretario de Comercio, Augusto Costa, amenaz\u00f3 el viernes pasado con intervenir el mercado de carne y duplicar las retenciones<\/p>\n<p>Todo igual<br \/>Pese a las advertencias oficiales, la carne hoy registrar\u00e1 nuevas subas<\/p>\n<p>Fuente: La Naci\u00f3n, 4 de febrero.<br \/><\/p>","protected":false},"excerpt":{"rendered":"<p>Carniceros denunciaron que la mercader\u00eda llegar\u00e1 hoy a sus comercios con un incremento de 2 pesos el kilo y que lo trasladar\u00e1n a los consumidores. Por Fernando Bertello. Lejos de retroceder a los precios de la segunda semana de enero, como reclam\u00f3 el viernes pasado ante frigor\u00edficos y carniceros el secretario de Comercio, Augusto Costa, la carne volver\u00e1 aumentar. Para hoy, seg\u00fan anticip\u00f3 a LA NACION Alberto Williams, vicepresidente de la Asociaci\u00f3n de Propietarios de Carnicer\u00edas de la Capital Federal, matarifes y frigor\u00edficos entregar\u00e1n a los comercios la media res con una suba de 2 pesos por kilo y este incremento se trasladar\u00e1 al p\u00fablico. En t\u00e9rminos porcentuales, la mercader\u00eda que reciben los carniceros subir\u00e1 casi 4,5% y al consumidor la carne se encarecer\u00e1 en al menos 3 por ciento. &#8220;Ma\u00f1ana [por hoy] habr\u00e1 dos pesos de aumento al carnicero, y el carnicero va a subir [el precio], porque dos pesos es mucho&#8221;, se\u00f1al\u00f3 Williams. El viernes 24 de enero, el kilo de la media res estaba, seg\u00fan Williams, en $ 28,50; el viernes pasado subi\u00f3 a $ 33,50, y ahora, lejos de bajar, como pidi\u00f3 el Gobierno, se ir\u00eda a 35 pesos. El dirigente dijo que, tras este incremento, [&hellip;]<\/p>\n","protected":false},"author":2,"featured_media":2408,"comment_status":"closed","ping_status":"open","sticky":false,"template":"","format":"standard","meta":{"_acf_changed":false,"footnotes":""},"categories":[56],"tags":[],"class_list":["post-5922","post","type-post","status-publish","format-standard","has-post-thumbnail","hentry","category-infoganadero"],"acf":[],"yoast_head":"<!-- This site is optimized with the Yoast SEO plugin v27.4 - https:\/\/yoast.com\/product\/yoast-seo-wordpress\/ -->\n<title>La carne vuelve a subir 3%, pese a la orden del Gobierno para que bajen los precios. | Proagro<\/title>\n<meta name=\"robots\" content=\"index, follow, max-snippet:-1, max-image-preview:large, max-video-preview:-1\" \/>\n<link rel=\"canonical\" href=\"https:\/\/proagrolab.com.ar\/en\/la-carne-vuelve-a-subir-3-pese-a-la-orden-del-gobierno-para-que-bajen-los-precios\/\" \/>\n<meta property=\"og:locale\" content=\"en_US\" \/>\n<meta property=\"og:type\" content=\"article\" \/>\n<meta property=\"og:title\" content=\"La carne vuelve a subir 3%, pese a la orden del Gobierno para que bajen los precios. | Proagro\" \/>\n<meta property=\"og:description\" content=\"Carniceros denunciaron que la mercader\u00eda llegar\u00e1 hoy a sus comercios con un incremento de 2 pesos el kilo y que lo trasladar\u00e1n a los consumidores. Por Fernando Bertello. Lejos de retroceder a los precios de la segunda semana de enero, como reclam\u00f3 el viernes pasado ante frigor\u00edficos y carniceros el secretario de Comercio, Augusto Costa, la carne volver\u00e1 aumentar. Para hoy, seg\u00fan anticip\u00f3 a LA NACION Alberto Williams, vicepresidente de la Asociaci\u00f3n de Propietarios de Carnicer\u00edas de la Capital Federal, matarifes y frigor\u00edficos entregar\u00e1n a los comercios la media res con una suba de 2 pesos por kilo y este incremento se trasladar\u00e1 al p\u00fablico. En t\u00e9rminos porcentuales, la mercader\u00eda que reciben los carniceros subir\u00e1 casi 4,5% y al consumidor la carne se encarecer\u00e1 en al menos 3 por ciento. &#8220;Ma\u00f1ana [por hoy] habr\u00e1 dos pesos de aumento al carnicero, y el carnicero va a subir [el precio], porque dos pesos es mucho&#8221;, se\u00f1al\u00f3 Williams. El viernes 24 de enero, el kilo de la media res estaba, seg\u00fan Williams, en $ 28,50; el viernes pasado subi\u00f3 a $ 33,50, y ahora, lejos de bajar, como pidi\u00f3 el Gobierno, se ir\u00eda a 35 pesos. El dirigente dijo que, tras este incremento, [&hellip;]\" \/>\n<meta property=\"og:url\" content=\"https:\/\/proagrolab.com.ar\/la-carne-vuelve-a-subir-3-pese-a-la-orden-del-gobierno-para-que-bajen-los-precios\/\" \/>\n<meta property=\"og:site_name\" content=\"Proagro\" \/>\n<meta property=\"article:publisher\" content=\"http:\/\/www.facebook.com\/proagrolab\" \/>\n<meta property=\"article:published_time\" content=\"2014-02-04T00:00:01+00:00\" \/>\n<meta property=\"og:image\" content=\"https:\/\/proagrolab.com.ar\/wp-content\/uploads\/2015\/01\/g_2blpiwl7g__Consumo.jpg\" \/>\n\t<meta property=\"og:image:width\" content=\"450\" \/>\n\t<meta property=\"og:image:height\" content=\"208\" \/>\n\t<meta property=\"og:image:type\" content=\"image\/jpeg\" \/>\n<meta name=\"author\" content=\"proagrolab\" \/>\n<meta name=\"twitter:card\" content=\"summary_large_image\" \/>\n<meta name=\"twitter:label1\" content=\"Written by\" \/>\n\t<meta name=\"twitter:data1\" content=\"proagrolab\" \/>\n\t<meta name=\"twitter:label2\" content=\"Est. reading time\" \/>\n\t<meta name=\"twitter:data2\" content=\"4 minutes\" \/>\n<script type=\"application\/ld+json\" class=\"yoast-schema-graph\">{\"@context\":\"https:\\\/\\\/schema.org\",\"@graph\":[{\"@type\":\"Article\",\"@id\":\"https:\\\/\\\/proagrolab.com.ar\\\/la-carne-vuelve-a-subir-3-pese-a-la-orden-del-gobierno-para-que-bajen-los-precios\\\/#article\",\"isPartOf\":{\"@id\":\"https:\\\/\\\/proagrolab.com.ar\\\/la-carne-vuelve-a-subir-3-pese-a-la-orden-del-gobierno-para-que-bajen-los-precios\\\/\"},\"author\":{\"name\":\"proagrolab\",\"@id\":\"https:\\\/\\\/proagrolab.com.ar\\\/#\\\/schema\\\/person\\\/38003ff90bf80381f71c7d922d207444\"},\"headline\":\"La carne vuelve a subir 3%, pese a la orden del Gobierno para que bajen los precios.\",\"datePublished\":\"2014-02-04T00:00:01+00:00\",\"mainEntityOfPage\":{\"@id\":\"https:\\\/\\\/proagrolab.com.ar\\\/la-carne-vuelve-a-subir-3-pese-a-la-orden-del-gobierno-para-que-bajen-los-precios\\\/\"},\"wordCount\":805,\"publisher\":{\"@id\":\"https:\\\/\\\/proagrolab.com.ar\\\/#organization\"},\"image\":{\"@id\":\"https:\\\/\\\/proagrolab.com.ar\\\/la-carne-vuelve-a-subir-3-pese-a-la-orden-del-gobierno-para-que-bajen-los-precios\\\/#primaryimage\"},\"thumbnailUrl\":\"https:\\\/\\\/proagrolab.com.ar\\\/wp-content\\\/uploads\\\/2015\\\/01\\\/g_2blpiwl7g__Consumo.jpg\",\"articleSection\":[\"News\"],\"inLanguage\":\"en-US\"},{\"@type\":\"WebPage\",\"@id\":\"https:\\\/\\\/proagrolab.com.ar\\\/la-carne-vuelve-a-subir-3-pese-a-la-orden-del-gobierno-para-que-bajen-los-precios\\\/\",\"url\":\"https:\\\/\\\/proagrolab.com.ar\\\/la-carne-vuelve-a-subir-3-pese-a-la-orden-del-gobierno-para-que-bajen-los-precios\\\/\",\"name\":\"La carne vuelve a subir 3%, pese a la orden del Gobierno para que bajen los precios. | Proagro\",\"isPartOf\":{\"@id\":\"https:\\\/\\\/proagrolab.com.ar\\\/#website\"},\"primaryImageOfPage\":{\"@id\":\"https:\\\/\\\/proagrolab.com.ar\\\/la-carne-vuelve-a-subir-3-pese-a-la-orden-del-gobierno-para-que-bajen-los-precios\\\/#primaryimage\"},\"image\":{\"@id\":\"https:\\\/\\\/proagrolab.com.ar\\\/la-carne-vuelve-a-subir-3-pese-a-la-orden-del-gobierno-para-que-bajen-los-precios\\\/#primaryimage\"},\"thumbnailUrl\":\"https:\\\/\\\/proagrolab.com.ar\\\/wp-content\\\/uploads\\\/2015\\\/01\\\/g_2blpiwl7g__Consumo.jpg\",\"datePublished\":\"2014-02-04T00:00:01+00:00\",\"breadcrumb\":{\"@id\":\"https:\\\/\\\/proagrolab.com.ar\\\/la-carne-vuelve-a-subir-3-pese-a-la-orden-del-gobierno-para-que-bajen-los-precios\\\/#breadcrumb\"},\"inLanguage\":\"en-US\",\"potentialAction\":[{\"@type\":\"ReadAction\",\"target\":[\"https:\\\/\\\/proagrolab.com.ar\\\/la-carne-vuelve-a-subir-3-pese-a-la-orden-del-gobierno-para-que-bajen-los-precios\\\/\"]}]},{\"@type\":\"ImageObject\",\"inLanguage\":\"en-US\",\"@id\":\"https:\\\/\\\/proagrolab.com.ar\\\/la-carne-vuelve-a-subir-3-pese-a-la-orden-del-gobierno-para-que-bajen-los-precios\\\/#primaryimage\",\"url\":\"https:\\\/\\\/proagrolab.com.ar\\\/wp-content\\\/uploads\\\/2015\\\/01\\\/g_2blpiwl7g__Consumo.jpg\",\"contentUrl\":\"https:\\\/\\\/proagrolab.com.ar\\\/wp-content\\\/uploads\\\/2015\\\/01\\\/g_2blpiwl7g__Consumo.jpg\",\"width\":450,\"height\":208},{\"@type\":\"BreadcrumbList\",\"@id\":\"https:\\\/\\\/proagrolab.com.ar\\\/la-carne-vuelve-a-subir-3-pese-a-la-orden-del-gobierno-para-que-bajen-los-precios\\\/#breadcrumb\",\"itemListElement\":[{\"@type\":\"ListItem\",\"position\":1,\"name\":\"Portada\",\"item\":\"https:\\\/\\\/proagrolab.com.ar\\\/\"},{\"@type\":\"ListItem\",\"position\":2,\"name\":\"La carne vuelve a subir 3%, pese a la orden del Gobierno para que bajen los precios.\"}]},{\"@type\":\"WebSite\",\"@id\":\"https:\\\/\\\/proagrolab.com.ar\\\/#website\",\"url\":\"https:\\\/\\\/proagrolab.com.ar\\\/\",\"name\":\"Proagro Laboratorio Veterinario\",\"description\":\"Veterinary laboratory\",\"publisher\":{\"@id\":\"https:\\\/\\\/proagrolab.com.ar\\\/#organization\"},\"potentialAction\":[{\"@type\":\"SearchAction\",\"target\":{\"@type\":\"EntryPoint\",\"urlTemplate\":\"https:\\\/\\\/proagrolab.com.ar\\\/?s={search_term_string}\"},\"query-input\":{\"@type\":\"PropertyValueSpecification\",\"valueRequired\":true,\"valueName\":\"search_term_string\"}}],\"inLanguage\":\"en-US\"},{\"@type\":\"Organization\",\"@id\":\"https:\\\/\\\/proagrolab.com.ar\\\/#organization\",\"name\":\"Proagro\",\"url\":\"https:\\\/\\\/proagrolab.com.ar\\\/\",\"logo\":{\"@type\":\"ImageObject\",\"inLanguage\":\"en-US\",\"@id\":\"https:\\\/\\\/proagrolab.com.ar\\\/#\\\/schema\\\/logo\\\/image\\\/\",\"url\":\"https:\\\/\\\/proagrolab.com.ar\\\/wp-content\\\/uploads\\\/2020\\\/04\\\/logo-retina.png\",\"contentUrl\":\"https:\\\/\\\/proagrolab.com.ar\\\/wp-content\\\/uploads\\\/2020\\\/04\\\/logo-retina.png\",\"width\":478,\"height\":120,\"caption\":\"Proagro\"},\"image\":{\"@id\":\"https:\\\/\\\/proagrolab.com.ar\\\/#\\\/schema\\\/logo\\\/image\\\/\"},\"sameAs\":[\"http:\\\/\\\/www.facebook.com\\\/proagrolab\",\"https:\\\/\\\/www.instagram.com\\\/proagrolab\\\/\",\"https:\\\/\\\/www.linkedin.com\\\/company\\\/laboratorio-proagro-s-a\\\/\"]},{\"@type\":\"Person\",\"@id\":\"https:\\\/\\\/proagrolab.com.ar\\\/#\\\/schema\\\/person\\\/38003ff90bf80381f71c7d922d207444\",\"name\":\"proagrolab\"}]}<\/script>\n<!-- \/ Yoast SEO plugin. -->","yoast_head_json":{"title":"La carne vuelve a subir 3%, pese a la orden del Gobierno para que bajen los precios. | Proagro","robots":{"index":"index","follow":"follow","max-snippet":"max-snippet:-1","max-image-preview":"max-image-preview:large","max-video-preview":"max-video-preview:-1"},"canonical":"https:\/\/proagrolab.com.ar\/en\/la-carne-vuelve-a-subir-3-pese-a-la-orden-del-gobierno-para-que-bajen-los-precios\/","og_locale":"en_US","og_type":"article","og_title":"La carne vuelve a subir 3%, pese a la orden del Gobierno para que bajen los precios. | Proagro","og_description":"Carniceros denunciaron que la mercader\u00eda llegar\u00e1 hoy a sus comercios con un incremento de 2 pesos el kilo y que lo trasladar\u00e1n a los consumidores. Por Fernando Bertello. Lejos de retroceder a los precios de la segunda semana de enero, como reclam\u00f3 el viernes pasado ante frigor\u00edficos y carniceros el secretario de Comercio, Augusto Costa, la carne volver\u00e1 aumentar. Para hoy, seg\u00fan anticip\u00f3 a LA NACION Alberto Williams, vicepresidente de la Asociaci\u00f3n de Propietarios de Carnicer\u00edas de la Capital Federal, matarifes y frigor\u00edficos entregar\u00e1n a los comercios la media res con una suba de 2 pesos por kilo y este incremento se trasladar\u00e1 al p\u00fablico. En t\u00e9rminos porcentuales, la mercader\u00eda que reciben los carniceros subir\u00e1 casi 4,5% y al consumidor la carne se encarecer\u00e1 en al menos 3 por ciento. &#8220;Ma\u00f1ana [por hoy] habr\u00e1 dos pesos de aumento al carnicero, y el carnicero va a subir [el precio], porque dos pesos es mucho&#8221;, se\u00f1al\u00f3 Williams. El viernes 24 de enero, el kilo de la media res estaba, seg\u00fan Williams, en $ 28,50; el viernes pasado subi\u00f3 a $ 33,50, y ahora, lejos de bajar, como pidi\u00f3 el Gobierno, se ir\u00eda a 35 pesos. El dirigente dijo que, tras este incremento, [&hellip;]","og_url":"https:\/\/proagrolab.com.ar\/la-carne-vuelve-a-subir-3-pese-a-la-orden-del-gobierno-para-que-bajen-los-precios\/","og_site_name":"Proagro","article_publisher":"http:\/\/www.facebook.com\/proagrolab","article_published_time":"2014-02-04T00:00:01+00:00","og_image":[{"width":450,"height":208,"url":"https:\/\/proagrolab.com.ar\/wp-content\/uploads\/2015\/01\/g_2blpiwl7g__Consumo.jpg","type":"image\/jpeg"}],"author":"proagrolab","twitter_card":"summary_large_image","twitter_misc":{"Written by":"proagrolab","Est. reading time":"4 minutes"},"schema":{"@context":"https:\/\/schema.org","@graph":[{"@type":"Article","@id":"https:\/\/proagrolab.com.ar\/la-carne-vuelve-a-subir-3-pese-a-la-orden-del-gobierno-para-que-bajen-los-precios\/#article","isPartOf":{"@id":"https:\/\/proagrolab.com.ar\/la-carne-vuelve-a-subir-3-pese-a-la-orden-del-gobierno-para-que-bajen-los-precios\/"},"author":{"name":"proagrolab","@id":"https:\/\/proagrolab.com.ar\/#\/schema\/person\/38003ff90bf80381f71c7d922d207444"},"headline":"La carne vuelve a subir 3%, pese a la orden del Gobierno para que bajen los precios.","datePublished":"2014-02-04T00:00:01+00:00","mainEntityOfPage":{"@id":"https:\/\/proagrolab.com.ar\/la-carne-vuelve-a-subir-3-pese-a-la-orden-del-gobierno-para-que-bajen-los-precios\/"},"wordCount":805,"publisher":{"@id":"https:\/\/proagrolab.com.ar\/#organization"},"image":{"@id":"https:\/\/proagrolab.com.ar\/la-carne-vuelve-a-subir-3-pese-a-la-orden-del-gobierno-para-que-bajen-los-precios\/#primaryimage"},"thumbnailUrl":"https:\/\/proagrolab.com.ar\/wp-content\/uploads\/2015\/01\/g_2blpiwl7g__Consumo.jpg","articleSection":["News"],"inLanguage":"en-US"},{"@type":"WebPage","@id":"https:\/\/proagrolab.com.ar\/la-carne-vuelve-a-subir-3-pese-a-la-orden-del-gobierno-para-que-bajen-los-precios\/","url":"https:\/\/proagrolab.com.ar\/la-carne-vuelve-a-subir-3-pese-a-la-orden-del-gobierno-para-que-bajen-los-precios\/","name":"La carne vuelve a subir 3%, pese a la orden del Gobierno para que bajen los precios. | Proagro","isPartOf":{"@id":"https:\/\/proagrolab.com.ar\/#website"},"primaryImageOfPage":{"@id":"https:\/\/proagrolab.com.ar\/la-carne-vuelve-a-subir-3-pese-a-la-orden-del-gobierno-para-que-bajen-los-precios\/#primaryimage"},"image":{"@id":"https:\/\/proagrolab.com.ar\/la-carne-vuelve-a-subir-3-pese-a-la-orden-del-gobierno-para-que-bajen-los-precios\/#primaryimage"},"thumbnailUrl":"https:\/\/proagrolab.com.ar\/wp-content\/uploads\/2015\/01\/g_2blpiwl7g__Consumo.jpg","datePublished":"2014-02-04T00:00:01+00:00","breadcrumb":{"@id":"https:\/\/proagrolab.com.ar\/la-carne-vuelve-a-subir-3-pese-a-la-orden-del-gobierno-para-que-bajen-los-precios\/#breadcrumb"},"inLanguage":"en-US","potentialAction":[{"@type":"ReadAction","target":["https:\/\/proagrolab.com.ar\/la-carne-vuelve-a-subir-3-pese-a-la-orden-del-gobierno-para-que-bajen-los-precios\/"]}]},{"@type":"ImageObject","inLanguage":"en-US","@id":"https:\/\/proagrolab.com.ar\/la-carne-vuelve-a-subir-3-pese-a-la-orden-del-gobierno-para-que-bajen-los-precios\/#primaryimage","url":"https:\/\/proagrolab.com.ar\/wp-content\/uploads\/2015\/01\/g_2blpiwl7g__Consumo.jpg","contentUrl":"https:\/\/proagrolab.com.ar\/wp-content\/uploads\/2015\/01\/g_2blpiwl7g__Consumo.jpg","width":450,"height":208},{"@type":"BreadcrumbList","@id":"https:\/\/proagrolab.com.ar\/la-carne-vuelve-a-subir-3-pese-a-la-orden-del-gobierno-para-que-bajen-los-precios\/#breadcrumb","itemListElement":[{"@type":"ListItem","position":1,"name":"Portada","item":"https:\/\/proagrolab.com.ar\/"},{"@type":"ListItem","position":2,"name":"La carne vuelve a subir 3%, pese a la orden del Gobierno para que bajen los precios."}]},{"@type":"WebSite","@id":"https:\/\/proagrolab.com.ar\/#website","url":"https:\/\/proagrolab.com.ar\/","name":"Proagro Laboratorio Veterinario","description":"Veterinary laboratory","publisher":{"@id":"https:\/\/proagrolab.com.ar\/#organization"},"potentialAction":[{"@type":"SearchAction","target":{"@type":"EntryPoint","urlTemplate":"https:\/\/proagrolab.com.ar\/?s={search_term_string}"},"query-input":{"@type":"PropertyValueSpecification","valueRequired":true,"valueName":"search_term_string"}}],"inLanguage":"en-US"},{"@type":"Organization","@id":"https:\/\/proagrolab.com.ar\/#organization","name":"Proagro","url":"https:\/\/proagrolab.com.ar\/","logo":{"@type":"ImageObject","inLanguage":"en-US","@id":"https:\/\/proagrolab.com.ar\/#\/schema\/logo\/image\/","url":"https:\/\/proagrolab.com.ar\/wp-content\/uploads\/2020\/04\/logo-retina.png","contentUrl":"https:\/\/proagrolab.com.ar\/wp-content\/uploads\/2020\/04\/logo-retina.png","width":478,"height":120,"caption":"Proagro"},"image":{"@id":"https:\/\/proagrolab.com.ar\/#\/schema\/logo\/image\/"},"sameAs":["http:\/\/www.facebook.com\/proagrolab","https:\/\/www.instagram.com\/proagrolab\/","https:\/\/www.linkedin.com\/company\/laboratorio-proagro-s-a\/"]},{"@type":"Person","@id":"https:\/\/proagrolab.com.ar\/#\/schema\/person\/38003ff90bf80381f71c7d922d207444","name":"proagrolab"}]}},"_links":{"self":[{"href":"https:\/\/proagrolab.com.ar\/en\/wp-json\/wp\/v2\/posts\/5922","targetHints":{"allow":["GET"]}}],"collection":[{"href":"https:\/\/proagrolab.com.ar\/en\/wp-json\/wp\/v2\/posts"}],"about":[{"href":"https:\/\/proagrolab.com.ar\/en\/wp-json\/wp\/v2\/types\/post"}],"author":[{"embeddable":true,"href":"https:\/\/proagrolab.com.ar\/en\/wp-json\/wp\/v2\/users\/2"}],"replies":[{"embeddable":true,"href":"https:\/\/proagrolab.com.ar\/en\/wp-json\/wp\/v2\/comments?post=5922"}],"version-history":[{"count":0,"href":"https:\/\/proagrolab.com.ar\/en\/wp-json\/wp\/v2\/posts\/5922\/revisions"}],"wp:featuredmedia":[{"embeddable":true,"href":"https:\/\/proagrolab.com.ar\/en\/wp-json\/wp\/v2\/media\/2408"}],"wp:attachment":[{"href":"https:\/\/proagrolab.com.ar\/en\/wp-json\/wp\/v2\/media?parent=5922"}],"wp:term":[{"taxonomy":"category","embeddable":true,"href":"https:\/\/proagrolab.com.ar\/en\/wp-json\/wp\/v2\/categories?post=5922"},{"taxonomy":"post_tag","embeddable":true,"href":"https:\/\/proagrolab.com.ar\/en\/wp-json\/wp\/v2\/tags?post=5922"}],"curies":[{"name":"wp","href":"https:\/\/api.w.org\/{rel}","templated":true}]}}