{"id":5917,"date":"2014-01-31T00:00:01","date_gmt":"2014-01-31T00:00:01","guid":{"rendered":"https:\/\/proagrolab.com.ar\/el-calor-y-la-sequia-afecta-a-los-tambos-bonaerenses\/"},"modified":"2014-01-31T00:00:01","modified_gmt":"2014-01-31T00:00:01","slug":"el-calor-y-la-sequia-afecta-a-los-tambos-bonaerenses","status":"publish","type":"post","link":"https:\/\/proagrolab.com.ar\/en\/el-calor-y-la-sequia-afecta-a-los-tambos-bonaerenses\/","title":{"rendered":"El calor y la sequ\u00eda afecta a los tambos bonaerenses."},"content":{"rendered":"<p class=\"qtranxs-available-languages-message qtranxs-available-languages-message-en\"> <\/p><p>Luego de la ola de calor que se vivi\u00f3 en diciembre pasado y que se repiti\u00f3 en enero de 2014, los tamberos se mostraron preocupados porque la producci\u00f3n lechera disminuy\u00f3 -en los casos m\u00e1s severos- hasta en un 15%, sin que a\u00fan se haya retornado a los niveles previos a la ola de calor, seg\u00fan informa el diario El D\u00eda de La Plata.<\/p>\n<p>Teodoro Mulder, propietario de un tambo en la zona de Brandsen (donde funcionan 55 establecimientos lecheros) y representante de la Asociaci\u00f3n de Criadores de Holando-Argentino (ACHA), coment\u00f3 que durante esas agobiantes jornadas, en su establecimiento lechero registr\u00f3 p\u00e9rdidas promedio de hasta 4 litros de leche por vaca cada d\u00eda.<\/p>\n<p>El fen\u00f3meno, dijo, se repite todos los a\u00f1os, pero esta vez fue m\u00e1s acuciante, ya que \u0093durante dos semanas la temperatura ni siquiera descend\u00eda a la noche\u0094. <\/p>\n<p>Y agreg\u00f3: \u0093Yo digo que cada a\u00f1o ocurre con un poco m\u00e1s de calor\u0094. Detr\u00e1s de la disminuci\u00f3n de los niveles de producci\u00f3n aparece lo que se conoce como \u0093estr\u00e9s cal\u00f3rico\u0094.<\/p>\n<p>Debido a las altas temperaturas, las vacas se estresan \u0093porque sus cargas cal\u00f3ricas son mayores que su capacidad para disiparlas\u0094, lo que se traduce en una merma en la cantidad de litros de leche que producen por d\u00eda.<\/p>\n<p>Pero esa no es la \u00fanica consecuencia de estos per\u00edodos en que las condiciones clim\u00e1ticas se apartan de la zona de confort del rodeo lechero.<\/p>\n<p>Desde el Instituto Nacional de Tecnolog\u00eda Agropecuaria (INTA) aseguran que los perjuicios econ\u00f3micos tambi\u00e9n se originan en la p\u00e9rdida de peso de los animales, en la ca\u00edda de los \u00edndices reproductivos, en el mayor riesgo de enfermedades y en el deterioro de los porcentajes de grasa y prote\u00edna en la leche.<\/p>\n<p>Este \u00faltimo aspecto afecta sensiblemente la rentabilidad del sector. \u0093Es lo que marca el precio de la leche\u0094, explica Mulder, ya que \u0093la mayor\u00eda de las industrias pagan por la calidad y su porcentaje de prote\u00ednas y grasas. Cuando hace mucho calor, como la vaca come menos, bajan las prote\u00ednas y las grasas. Y a su vez el precio cae\u0094.<\/p>\n<p>Otro factor que aparece con el calor es el denominado \u0093problema de pre\u00f1ez\u0094. \u0093Cuando hace mucho calor, a la vaca le cuesta mucho m\u00e1s quedar pre\u00f1ada\u0094, agrega el productor. <br \/>Horacio Salaverri, titular de Confederaci\u00f3n de Asociaciones Rurales de Buenos Aires y La Pampa (CARBAP), se\u00f1al\u00f3 que este a\u00f1o \u0093los casos m\u00e1s agudos se dieron en C\u00f3rdoba (una familia sufri\u00f3 la p\u00e9rdida de 105 vacas), pero en la provincia de Buenos Aires, produjo un nivel de estr\u00e9s en el animal de tambo que provoc\u00f3 p\u00e9rdida de capacidad productiva en litros de leche\u0094. \u0093Los animales siempre sufren el calor -explica Mulder-. Una vaca que est\u00e1 produciendo leche es como una m\u00e1quina: cuando la temperatura pasa de los 32 o 33 grados, empieza a sentirse molesta. Busca sombra y toma much\u00edsima agua, m\u00e1s de 150 litros por d\u00eda\u0094.<\/p>\n<p>\u0093Durante esos d\u00edas las vacas bajaron su producci\u00f3n hasta 4 litros, en promedio, cada una, por d\u00eda\u0094, sostuvo Mulder. Esa cantidad, estim\u00f3, representa entre el 10 y el 15% de la producci\u00f3n diaria de cada animal. \u0093Hoy, en nuestra zona una vaca produce, en promedio, en verano, entre 20 y 22 litros de leche y en primavera unos 28 litros\u0094, agreg\u00f3 Mulder.<\/p>\n<p>El productor resalt\u00f3 que otra consecuencia es que las vacas \u0093bajaron unos cu\u00e1ntos kilos de peso, porque directamente no quer\u00edan comer, s\u00f3lo estar a la sombra. Sino le llev\u00e1s mucho alimento a ese sector, directamente no comen\u0094.<\/p>\n<p>A su vez, sobre la manera en que las altas temperaturas afectan la alimentaci\u00f3n vacuna, Salaverri explic\u00f3 que el verano es \u0093\u00e9poca de pasto\u0094, en la que, por lo general no se recurre a la suplementaci\u00f3n alimentaria. \u0093Pero cuando el productor ve que la seca aprieta y que el pasto natural no est\u00e1 en condiciones, tiene que recurrir a suplementar, lo que genera un aumento en los costos de producci\u00f3n\u0094.<\/p>\n<p>Si bien los d\u00edas de calor m\u00e1s sofocante ya parecen haber quedado atr\u00e1s, sus secuelas son todav\u00eda palpables. \u0093Cuando el animal baja su producci\u00f3n, despu\u00e9s le cuesta mucho volver a sus anteriores niveles. La vaca puede bajar la productividad en 5 d\u00edas y despu\u00e9s le toma 25 d\u00edas volver\u0094 a sus niveles previos. <br \/>\u0093Es un alerta para que el a\u00f1o que viene tengamos m\u00e1s precauciones\u0094, dijo Mulder, aunque advirti\u00f3 que el sector est\u00e1 en la cuerda floja, debido a que la participaci\u00f3n de los productores en el precio final de la leche en la g\u00f3ndola \u0093es baja\u0094. \u0093Por el precio que recibimos de la leche no se puede hacer mucha inversi\u00f3n\u0094, lament\u00f3.<\/p>\n<p>Fuente: Agrositio, 28 de enero.<br \/><\/p>","protected":false},"excerpt":{"rendered":"<p>Luego de la ola de calor que se vivi\u00f3 en diciembre pasado y que se repiti\u00f3 en enero de 2014, los tamberos se mostraron preocupados porque la producci\u00f3n lechera disminuy\u00f3 -en los casos m\u00e1s severos- hasta en un 15%, sin que a\u00fan se haya retornado a los niveles previos a la ola de calor, seg\u00fan informa el diario El D\u00eda de La Plata. Teodoro Mulder, propietario de un tambo en la zona de Brandsen (donde funcionan 55 establecimientos lecheros) y representante de la Asociaci\u00f3n de Criadores de Holando-Argentino (ACHA), coment\u00f3 que durante esas agobiantes jornadas, en su establecimiento lechero registr\u00f3 p\u00e9rdidas promedio de hasta 4 litros de leche por vaca cada d\u00eda. El fen\u00f3meno, dijo, se repite todos los a\u00f1os, pero esta vez fue m\u00e1s acuciante, ya que \u0093durante dos semanas la temperatura ni siquiera descend\u00eda a la noche\u0094. Y agreg\u00f3: \u0093Yo digo que cada a\u00f1o ocurre con un poco m\u00e1s de calor\u0094. Detr\u00e1s de la disminuci\u00f3n de los niveles de producci\u00f3n aparece lo que se conoce como \u0093estr\u00e9s cal\u00f3rico\u0094. Debido a las altas temperaturas, las vacas se estresan \u0093porque sus cargas cal\u00f3ricas son mayores que su capacidad para disiparlas\u0094, lo que se traduce en una merma en la cantidad [&hellip;]<\/p>\n","protected":false},"author":2,"featured_media":2403,"comment_status":"closed","ping_status":"open","sticky":false,"template":"","format":"standard","meta":{"_acf_changed":false,"footnotes":""},"categories":[56],"tags":[],"class_list":["post-5917","post","type-post","status-publish","format-standard","has-post-thumbnail","hentry","category-infoganadero"],"acf":[],"yoast_head":"<!-- This site is optimized with the Yoast SEO plugin v27.4 - https:\/\/yoast.com\/product\/yoast-seo-wordpress\/ -->\n<title>El calor y la sequ\u00eda afecta a los tambos bonaerenses. | Proagro<\/title>\n<meta name=\"robots\" content=\"index, follow, max-snippet:-1, max-image-preview:large, max-video-preview:-1\" \/>\n<link rel=\"canonical\" href=\"https:\/\/proagrolab.com.ar\/en\/el-calor-y-la-sequia-afecta-a-los-tambos-bonaerenses\/\" \/>\n<meta property=\"og:locale\" content=\"en_US\" \/>\n<meta property=\"og:type\" content=\"article\" \/>\n<meta property=\"og:title\" content=\"El calor y la sequ\u00eda afecta a los tambos bonaerenses. | Proagro\" \/>\n<meta property=\"og:description\" content=\"Luego de la ola de calor que se vivi\u00f3 en diciembre pasado y que se repiti\u00f3 en enero de 2014, los tamberos se mostraron preocupados porque la producci\u00f3n lechera disminuy\u00f3 -en los casos m\u00e1s severos- hasta en un 15%, sin que a\u00fan se haya retornado a los niveles previos a la ola de calor, seg\u00fan informa el diario El D\u00eda de La Plata. Teodoro Mulder, propietario de un tambo en la zona de Brandsen (donde funcionan 55 establecimientos lecheros) y representante de la Asociaci\u00f3n de Criadores de Holando-Argentino (ACHA), coment\u00f3 que durante esas agobiantes jornadas, en su establecimiento lechero registr\u00f3 p\u00e9rdidas promedio de hasta 4 litros de leche por vaca cada d\u00eda. El fen\u00f3meno, dijo, se repite todos los a\u00f1os, pero esta vez fue m\u00e1s acuciante, ya que \u0093durante dos semanas la temperatura ni siquiera descend\u00eda a la noche\u0094. Y agreg\u00f3: \u0093Yo digo que cada a\u00f1o ocurre con un poco m\u00e1s de calor\u0094. Detr\u00e1s de la disminuci\u00f3n de los niveles de producci\u00f3n aparece lo que se conoce como \u0093estr\u00e9s cal\u00f3rico\u0094. Debido a las altas temperaturas, las vacas se estresan \u0093porque sus cargas cal\u00f3ricas son mayores que su capacidad para disiparlas\u0094, lo que se traduce en una merma en la cantidad [&hellip;]\" \/>\n<meta property=\"og:url\" content=\"https:\/\/proagrolab.com.ar\/el-calor-y-la-sequia-afecta-a-los-tambos-bonaerenses\/\" \/>\n<meta property=\"og:site_name\" content=\"Proagro\" \/>\n<meta property=\"article:publisher\" content=\"http:\/\/www.facebook.com\/proagrolab\" \/>\n<meta property=\"article:published_time\" content=\"2014-01-31T00:00:01+00:00\" \/>\n<meta property=\"og:image\" content=\"https:\/\/proagrolab.com.ar\/wp-content\/uploads\/2015\/01\/g_g56rimkka__Lecheras-33.jpg\" \/>\n\t<meta property=\"og:image:width\" content=\"450\" \/>\n\t<meta property=\"og:image:height\" content=\"208\" \/>\n\t<meta property=\"og:image:type\" content=\"image\/jpeg\" \/>\n<meta name=\"author\" content=\"proagrolab\" \/>\n<meta name=\"twitter:card\" content=\"summary_large_image\" \/>\n<meta name=\"twitter:label1\" content=\"Written by\" \/>\n\t<meta name=\"twitter:data1\" content=\"proagrolab\" \/>\n\t<meta name=\"twitter:label2\" content=\"Est. reading time\" \/>\n\t<meta name=\"twitter:data2\" content=\"4 minutes\" \/>\n<script type=\"application\/ld+json\" class=\"yoast-schema-graph\">{\"@context\":\"https:\\\/\\\/schema.org\",\"@graph\":[{\"@type\":\"Article\",\"@id\":\"https:\\\/\\\/proagrolab.com.ar\\\/el-calor-y-la-sequia-afecta-a-los-tambos-bonaerenses\\\/#article\",\"isPartOf\":{\"@id\":\"https:\\\/\\\/proagrolab.com.ar\\\/el-calor-y-la-sequia-afecta-a-los-tambos-bonaerenses\\\/\"},\"author\":{\"name\":\"proagrolab\",\"@id\":\"https:\\\/\\\/proagrolab.com.ar\\\/#\\\/schema\\\/person\\\/38003ff90bf80381f71c7d922d207444\"},\"headline\":\"El calor y la sequ\u00eda afecta a los tambos bonaerenses.\",\"datePublished\":\"2014-01-31T00:00:01+00:00\",\"mainEntityOfPage\":{\"@id\":\"https:\\\/\\\/proagrolab.com.ar\\\/el-calor-y-la-sequia-afecta-a-los-tambos-bonaerenses\\\/\"},\"wordCount\":831,\"publisher\":{\"@id\":\"https:\\\/\\\/proagrolab.com.ar\\\/#organization\"},\"image\":{\"@id\":\"https:\\\/\\\/proagrolab.com.ar\\\/el-calor-y-la-sequia-afecta-a-los-tambos-bonaerenses\\\/#primaryimage\"},\"thumbnailUrl\":\"https:\\\/\\\/proagrolab.com.ar\\\/wp-content\\\/uploads\\\/2015\\\/01\\\/g_g56rimkka__Lecheras-33.jpg\",\"articleSection\":[\"News\"],\"inLanguage\":\"en-US\"},{\"@type\":\"WebPage\",\"@id\":\"https:\\\/\\\/proagrolab.com.ar\\\/el-calor-y-la-sequia-afecta-a-los-tambos-bonaerenses\\\/\",\"url\":\"https:\\\/\\\/proagrolab.com.ar\\\/el-calor-y-la-sequia-afecta-a-los-tambos-bonaerenses\\\/\",\"name\":\"El calor y la sequ\u00eda afecta a los tambos bonaerenses. | Proagro\",\"isPartOf\":{\"@id\":\"https:\\\/\\\/proagrolab.com.ar\\\/#website\"},\"primaryImageOfPage\":{\"@id\":\"https:\\\/\\\/proagrolab.com.ar\\\/el-calor-y-la-sequia-afecta-a-los-tambos-bonaerenses\\\/#primaryimage\"},\"image\":{\"@id\":\"https:\\\/\\\/proagrolab.com.ar\\\/el-calor-y-la-sequia-afecta-a-los-tambos-bonaerenses\\\/#primaryimage\"},\"thumbnailUrl\":\"https:\\\/\\\/proagrolab.com.ar\\\/wp-content\\\/uploads\\\/2015\\\/01\\\/g_g56rimkka__Lecheras-33.jpg\",\"datePublished\":\"2014-01-31T00:00:01+00:00\",\"breadcrumb\":{\"@id\":\"https:\\\/\\\/proagrolab.com.ar\\\/el-calor-y-la-sequia-afecta-a-los-tambos-bonaerenses\\\/#breadcrumb\"},\"inLanguage\":\"en-US\",\"potentialAction\":[{\"@type\":\"ReadAction\",\"target\":[\"https:\\\/\\\/proagrolab.com.ar\\\/el-calor-y-la-sequia-afecta-a-los-tambos-bonaerenses\\\/\"]}]},{\"@type\":\"ImageObject\",\"inLanguage\":\"en-US\",\"@id\":\"https:\\\/\\\/proagrolab.com.ar\\\/el-calor-y-la-sequia-afecta-a-los-tambos-bonaerenses\\\/#primaryimage\",\"url\":\"https:\\\/\\\/proagrolab.com.ar\\\/wp-content\\\/uploads\\\/2015\\\/01\\\/g_g56rimkka__Lecheras-33.jpg\",\"contentUrl\":\"https:\\\/\\\/proagrolab.com.ar\\\/wp-content\\\/uploads\\\/2015\\\/01\\\/g_g56rimkka__Lecheras-33.jpg\",\"width\":450,\"height\":208},{\"@type\":\"BreadcrumbList\",\"@id\":\"https:\\\/\\\/proagrolab.com.ar\\\/el-calor-y-la-sequia-afecta-a-los-tambos-bonaerenses\\\/#breadcrumb\",\"itemListElement\":[{\"@type\":\"ListItem\",\"position\":1,\"name\":\"Portada\",\"item\":\"https:\\\/\\\/proagrolab.com.ar\\\/\"},{\"@type\":\"ListItem\",\"position\":2,\"name\":\"El calor y la sequ\u00eda afecta a los tambos bonaerenses.\"}]},{\"@type\":\"WebSite\",\"@id\":\"https:\\\/\\\/proagrolab.com.ar\\\/#website\",\"url\":\"https:\\\/\\\/proagrolab.com.ar\\\/\",\"name\":\"Proagro Laboratorio Veterinario\",\"description\":\"Veterinary laboratory\",\"publisher\":{\"@id\":\"https:\\\/\\\/proagrolab.com.ar\\\/#organization\"},\"potentialAction\":[{\"@type\":\"SearchAction\",\"target\":{\"@type\":\"EntryPoint\",\"urlTemplate\":\"https:\\\/\\\/proagrolab.com.ar\\\/?s={search_term_string}\"},\"query-input\":{\"@type\":\"PropertyValueSpecification\",\"valueRequired\":true,\"valueName\":\"search_term_string\"}}],\"inLanguage\":\"en-US\"},{\"@type\":\"Organization\",\"@id\":\"https:\\\/\\\/proagrolab.com.ar\\\/#organization\",\"name\":\"Proagro\",\"url\":\"https:\\\/\\\/proagrolab.com.ar\\\/\",\"logo\":{\"@type\":\"ImageObject\",\"inLanguage\":\"en-US\",\"@id\":\"https:\\\/\\\/proagrolab.com.ar\\\/#\\\/schema\\\/logo\\\/image\\\/\",\"url\":\"https:\\\/\\\/proagrolab.com.ar\\\/wp-content\\\/uploads\\\/2020\\\/04\\\/logo-retina.png\",\"contentUrl\":\"https:\\\/\\\/proagrolab.com.ar\\\/wp-content\\\/uploads\\\/2020\\\/04\\\/logo-retina.png\",\"width\":478,\"height\":120,\"caption\":\"Proagro\"},\"image\":{\"@id\":\"https:\\\/\\\/proagrolab.com.ar\\\/#\\\/schema\\\/logo\\\/image\\\/\"},\"sameAs\":[\"http:\\\/\\\/www.facebook.com\\\/proagrolab\",\"https:\\\/\\\/www.instagram.com\\\/proagrolab\\\/\",\"https:\\\/\\\/www.linkedin.com\\\/company\\\/laboratorio-proagro-s-a\\\/\"]},{\"@type\":\"Person\",\"@id\":\"https:\\\/\\\/proagrolab.com.ar\\\/#\\\/schema\\\/person\\\/38003ff90bf80381f71c7d922d207444\",\"name\":\"proagrolab\"}]}<\/script>\n<!-- \/ Yoast SEO plugin. -->","yoast_head_json":{"title":"El calor y la sequ\u00eda afecta a los tambos bonaerenses. | Proagro","robots":{"index":"index","follow":"follow","max-snippet":"max-snippet:-1","max-image-preview":"max-image-preview:large","max-video-preview":"max-video-preview:-1"},"canonical":"https:\/\/proagrolab.com.ar\/en\/el-calor-y-la-sequia-afecta-a-los-tambos-bonaerenses\/","og_locale":"en_US","og_type":"article","og_title":"El calor y la sequ\u00eda afecta a los tambos bonaerenses. | Proagro","og_description":"Luego de la ola de calor que se vivi\u00f3 en diciembre pasado y que se repiti\u00f3 en enero de 2014, los tamberos se mostraron preocupados porque la producci\u00f3n lechera disminuy\u00f3 -en los casos m\u00e1s severos- hasta en un 15%, sin que a\u00fan se haya retornado a los niveles previos a la ola de calor, seg\u00fan informa el diario El D\u00eda de La Plata. Teodoro Mulder, propietario de un tambo en la zona de Brandsen (donde funcionan 55 establecimientos lecheros) y representante de la Asociaci\u00f3n de Criadores de Holando-Argentino (ACHA), coment\u00f3 que durante esas agobiantes jornadas, en su establecimiento lechero registr\u00f3 p\u00e9rdidas promedio de hasta 4 litros de leche por vaca cada d\u00eda. El fen\u00f3meno, dijo, se repite todos los a\u00f1os, pero esta vez fue m\u00e1s acuciante, ya que \u0093durante dos semanas la temperatura ni siquiera descend\u00eda a la noche\u0094. Y agreg\u00f3: \u0093Yo digo que cada a\u00f1o ocurre con un poco m\u00e1s de calor\u0094. Detr\u00e1s de la disminuci\u00f3n de los niveles de producci\u00f3n aparece lo que se conoce como \u0093estr\u00e9s cal\u00f3rico\u0094. Debido a las altas temperaturas, las vacas se estresan \u0093porque sus cargas cal\u00f3ricas son mayores que su capacidad para disiparlas\u0094, lo que se traduce en una merma en la cantidad [&hellip;]","og_url":"https:\/\/proagrolab.com.ar\/el-calor-y-la-sequia-afecta-a-los-tambos-bonaerenses\/","og_site_name":"Proagro","article_publisher":"http:\/\/www.facebook.com\/proagrolab","article_published_time":"2014-01-31T00:00:01+00:00","og_image":[{"width":450,"height":208,"url":"https:\/\/proagrolab.com.ar\/wp-content\/uploads\/2015\/01\/g_g56rimkka__Lecheras-33.jpg","type":"image\/jpeg"}],"author":"proagrolab","twitter_card":"summary_large_image","twitter_misc":{"Written by":"proagrolab","Est. reading time":"4 minutes"},"schema":{"@context":"https:\/\/schema.org","@graph":[{"@type":"Article","@id":"https:\/\/proagrolab.com.ar\/el-calor-y-la-sequia-afecta-a-los-tambos-bonaerenses\/#article","isPartOf":{"@id":"https:\/\/proagrolab.com.ar\/el-calor-y-la-sequia-afecta-a-los-tambos-bonaerenses\/"},"author":{"name":"proagrolab","@id":"https:\/\/proagrolab.com.ar\/#\/schema\/person\/38003ff90bf80381f71c7d922d207444"},"headline":"El calor y la sequ\u00eda afecta a los tambos bonaerenses.","datePublished":"2014-01-31T00:00:01+00:00","mainEntityOfPage":{"@id":"https:\/\/proagrolab.com.ar\/el-calor-y-la-sequia-afecta-a-los-tambos-bonaerenses\/"},"wordCount":831,"publisher":{"@id":"https:\/\/proagrolab.com.ar\/#organization"},"image":{"@id":"https:\/\/proagrolab.com.ar\/el-calor-y-la-sequia-afecta-a-los-tambos-bonaerenses\/#primaryimage"},"thumbnailUrl":"https:\/\/proagrolab.com.ar\/wp-content\/uploads\/2015\/01\/g_g56rimkka__Lecheras-33.jpg","articleSection":["News"],"inLanguage":"en-US"},{"@type":"WebPage","@id":"https:\/\/proagrolab.com.ar\/el-calor-y-la-sequia-afecta-a-los-tambos-bonaerenses\/","url":"https:\/\/proagrolab.com.ar\/el-calor-y-la-sequia-afecta-a-los-tambos-bonaerenses\/","name":"El calor y la sequ\u00eda afecta a los tambos bonaerenses. | Proagro","isPartOf":{"@id":"https:\/\/proagrolab.com.ar\/#website"},"primaryImageOfPage":{"@id":"https:\/\/proagrolab.com.ar\/el-calor-y-la-sequia-afecta-a-los-tambos-bonaerenses\/#primaryimage"},"image":{"@id":"https:\/\/proagrolab.com.ar\/el-calor-y-la-sequia-afecta-a-los-tambos-bonaerenses\/#primaryimage"},"thumbnailUrl":"https:\/\/proagrolab.com.ar\/wp-content\/uploads\/2015\/01\/g_g56rimkka__Lecheras-33.jpg","datePublished":"2014-01-31T00:00:01+00:00","breadcrumb":{"@id":"https:\/\/proagrolab.com.ar\/el-calor-y-la-sequia-afecta-a-los-tambos-bonaerenses\/#breadcrumb"},"inLanguage":"en-US","potentialAction":[{"@type":"ReadAction","target":["https:\/\/proagrolab.com.ar\/el-calor-y-la-sequia-afecta-a-los-tambos-bonaerenses\/"]}]},{"@type":"ImageObject","inLanguage":"en-US","@id":"https:\/\/proagrolab.com.ar\/el-calor-y-la-sequia-afecta-a-los-tambos-bonaerenses\/#primaryimage","url":"https:\/\/proagrolab.com.ar\/wp-content\/uploads\/2015\/01\/g_g56rimkka__Lecheras-33.jpg","contentUrl":"https:\/\/proagrolab.com.ar\/wp-content\/uploads\/2015\/01\/g_g56rimkka__Lecheras-33.jpg","width":450,"height":208},{"@type":"BreadcrumbList","@id":"https:\/\/proagrolab.com.ar\/el-calor-y-la-sequia-afecta-a-los-tambos-bonaerenses\/#breadcrumb","itemListElement":[{"@type":"ListItem","position":1,"name":"Portada","item":"https:\/\/proagrolab.com.ar\/"},{"@type":"ListItem","position":2,"name":"El calor y la sequ\u00eda afecta a los tambos bonaerenses."}]},{"@type":"WebSite","@id":"https:\/\/proagrolab.com.ar\/#website","url":"https:\/\/proagrolab.com.ar\/","name":"Proagro Laboratorio Veterinario","description":"Veterinary laboratory","publisher":{"@id":"https:\/\/proagrolab.com.ar\/#organization"},"potentialAction":[{"@type":"SearchAction","target":{"@type":"EntryPoint","urlTemplate":"https:\/\/proagrolab.com.ar\/?s={search_term_string}"},"query-input":{"@type":"PropertyValueSpecification","valueRequired":true,"valueName":"search_term_string"}}],"inLanguage":"en-US"},{"@type":"Organization","@id":"https:\/\/proagrolab.com.ar\/#organization","name":"Proagro","url":"https:\/\/proagrolab.com.ar\/","logo":{"@type":"ImageObject","inLanguage":"en-US","@id":"https:\/\/proagrolab.com.ar\/#\/schema\/logo\/image\/","url":"https:\/\/proagrolab.com.ar\/wp-content\/uploads\/2020\/04\/logo-retina.png","contentUrl":"https:\/\/proagrolab.com.ar\/wp-content\/uploads\/2020\/04\/logo-retina.png","width":478,"height":120,"caption":"Proagro"},"image":{"@id":"https:\/\/proagrolab.com.ar\/#\/schema\/logo\/image\/"},"sameAs":["http:\/\/www.facebook.com\/proagrolab","https:\/\/www.instagram.com\/proagrolab\/","https:\/\/www.linkedin.com\/company\/laboratorio-proagro-s-a\/"]},{"@type":"Person","@id":"https:\/\/proagrolab.com.ar\/#\/schema\/person\/38003ff90bf80381f71c7d922d207444","name":"proagrolab"}]}},"_links":{"self":[{"href":"https:\/\/proagrolab.com.ar\/en\/wp-json\/wp\/v2\/posts\/5917","targetHints":{"allow":["GET"]}}],"collection":[{"href":"https:\/\/proagrolab.com.ar\/en\/wp-json\/wp\/v2\/posts"}],"about":[{"href":"https:\/\/proagrolab.com.ar\/en\/wp-json\/wp\/v2\/types\/post"}],"author":[{"embeddable":true,"href":"https:\/\/proagrolab.com.ar\/en\/wp-json\/wp\/v2\/users\/2"}],"replies":[{"embeddable":true,"href":"https:\/\/proagrolab.com.ar\/en\/wp-json\/wp\/v2\/comments?post=5917"}],"version-history":[{"count":0,"href":"https:\/\/proagrolab.com.ar\/en\/wp-json\/wp\/v2\/posts\/5917\/revisions"}],"wp:featuredmedia":[{"embeddable":true,"href":"https:\/\/proagrolab.com.ar\/en\/wp-json\/wp\/v2\/media\/2403"}],"wp:attachment":[{"href":"https:\/\/proagrolab.com.ar\/en\/wp-json\/wp\/v2\/media?parent=5917"}],"wp:term":[{"taxonomy":"category","embeddable":true,"href":"https:\/\/proagrolab.com.ar\/en\/wp-json\/wp\/v2\/categories?post=5917"},{"taxonomy":"post_tag","embeddable":true,"href":"https:\/\/proagrolab.com.ar\/en\/wp-json\/wp\/v2\/tags?post=5917"}],"curies":[{"name":"wp","href":"https:\/\/api.w.org\/{rel}","templated":true}]}}