{"id":5916,"date":"2014-01-31T00:00:01","date_gmt":"2014-01-31T00:00:01","guid":{"rendered":"https:\/\/proagrolab.com.ar\/el-gobierno-prometio-a-tamberos-que-no-volveran-las-retenciones-a-los-lacteos\/"},"modified":"2014-01-31T00:00:01","modified_gmt":"2014-01-31T00:00:01","slug":"el-gobierno-prometio-a-tamberos-que-no-volveran-las-retenciones-a-los-lacteos","status":"publish","type":"post","link":"https:\/\/proagrolab.com.ar\/en\/el-gobierno-prometio-a-tamberos-que-no-volveran-las-retenciones-a-los-lacteos\/","title":{"rendered":"El Gobierno prometi\u00f3 a tamberos que no volver\u00e1n las retenciones a los l\u00e1cteos."},"content":{"rendered":"<p class=\"qtranxs-available-languages-message qtranxs-available-languages-message-en\"> <\/p><p>El pr\u00f3ximo lunes habr\u00e1 una nueva reuni\u00f3n con toda la cadena, incluyendo a empresas. Habr\u00e1 representantes de los ministerios de Agricultura e Industria, y de Comercio Interior.<\/p>\n<p>Representantes de la Mesa Nacional de Productores Lecheros asistieron ayer a la convocatoria que les hab\u00eda cursado el Ministerio de Agricultura y se llevaron una promesa.<\/p>\n<p>En un contexto en el que la devaluaci\u00f3n despert\u00f3 el temor del campo sobre un posible aumento de las retenciones, el subsecretario de Lecher\u00eda, Arturo Videla, tranquiliz\u00f3 a los productores al referirse a los derechos de exportaci\u00f3n que fueron eliminados para los productos l\u00e1cteos en 2009. Videla dijo que no retornar\u00e1 el impuesto al sector.<\/p>\n<p>La reuni\u00f3n fue presidida por el viceministro de la cartera nacional, Gabriel Delgado, que asumi\u00f3 tras el cambio de conducci\u00f3n del Ministerio, ahora a cargo de Carlos Casamiquela. Fue el primer encuentro de Delgado con el sector tambero, seg\u00fan comunic\u00f3 El Cronista.<\/p>\n<p>Los productores plantearon en el encuentro su preocupaci\u00f3n en torno a la rentabilidad del negocio, cuando siguen reclamando una suba del precio que cobran por el producto que entregan a las industrias, hoy en torno a los $ 2,40 por litro de leche.<\/p>\n<p>En paralelo, en medio de los acuerdos con diferentes rubros de empresarios para contener los precios tras la devaluaci\u00f3n que permiti\u00f3 el Gobierno hace una semana, la cadena l\u00e1ctea tambi\u00e9n tendr\u00e1 su ronda.<\/p>\n<p>Ser\u00e1 el pr\u00f3ximo lunes, cuando se ver\u00e1n las caras representantes del Ministerio de Agricultura, de Industria y de la Secretar\u00eda de Comercio Interior con los tamberos y las industrias l\u00e1cteas. Las empresas participaron esta semana del encuentro que presidi\u00f3 el ministro de Econom\u00eda, Axel Kicillof, y del que particip\u00f3 el secretario de Comercio Interior, Augusto Costa, para contener la inflaci\u00f3n de las subas de precios tras la devaluaci\u00f3n.<\/p>\n<p>Desde el sector productivo indicaron a El Cronista que la convocatoria del lunes sigue la l\u00ednea de trabajo que paut\u00f3 el jefe de Gabinete, Jorge Capitanich, con la misma intenci\u00f3n con la que se reuni\u00f3, a mediados de enero, la cadena de ganados y carnes con funcionarios nacionales.<\/p>\n<p>Esta l\u00ednea es la de trabajar con cada cadena de valor para incrementar la producci\u00f3n. Para la cadena l\u00e1ctea, el objetivo es ampliar la producci\u00f3n nacional de leche a 14.500 litros anuales, desde los 11.000 actuales.<\/p>\n<p>Pero cuando se celebr\u00f3 la anterior reuni\u00f3n, la cadena de la carne, el d\u00f3lar orillaba los 6,40 pesos. Ahora con un d\u00f3lar de convergencia, como lo llama el Gobierno, instalado, al menos hasta el momento, en $ 8, es probable que el planteo de la devaluaci\u00f3n y las subas de precios se cuele en la reuni\u00f3n.<\/p>\n<p>El acuerdo de precios cuidados incluye 23 productos l\u00e1cteos. Se trata de seis presentaciones de leche fluida, entera y descremada, dos leches en polvo, dos mantecas, cuatro quesos duros, rallados y untables, dos cremas, seis postrecitos y un yogur con cereales.<\/p>\n<p>Fuente: Agrositio, 31 de enero.<br \/><\/p>","protected":false},"excerpt":{"rendered":"<p>El pr\u00f3ximo lunes habr\u00e1 una nueva reuni\u00f3n con toda la cadena, incluyendo a empresas. Habr\u00e1 representantes de los ministerios de Agricultura e Industria, y de Comercio Interior. Representantes de la Mesa Nacional de Productores Lecheros asistieron ayer a la convocatoria que les hab\u00eda cursado el Ministerio de Agricultura y se llevaron una promesa. En un contexto en el que la devaluaci\u00f3n despert\u00f3 el temor del campo sobre un posible aumento de las retenciones, el subsecretario de Lecher\u00eda, Arturo Videla, tranquiliz\u00f3 a los productores al referirse a los derechos de exportaci\u00f3n que fueron eliminados para los productos l\u00e1cteos en 2009. Videla dijo que no retornar\u00e1 el impuesto al sector. La reuni\u00f3n fue presidida por el viceministro de la cartera nacional, Gabriel Delgado, que asumi\u00f3 tras el cambio de conducci\u00f3n del Ministerio, ahora a cargo de Carlos Casamiquela. Fue el primer encuentro de Delgado con el sector tambero, seg\u00fan comunic\u00f3 El Cronista. Los productores plantearon en el encuentro su preocupaci\u00f3n en torno a la rentabilidad del negocio, cuando siguen reclamando una suba del precio que cobran por el producto que entregan a las industrias, hoy en torno a los $ 2,40 por litro de leche. En paralelo, en medio de los acuerdos [&hellip;]<\/p>\n","protected":false},"author":2,"featured_media":2402,"comment_status":"closed","ping_status":"open","sticky":false,"template":"","format":"standard","meta":{"_acf_changed":false,"footnotes":""},"categories":[56],"tags":[],"class_list":["post-5916","post","type-post","status-publish","format-standard","has-post-thumbnail","hentry","category-infoganadero"],"acf":[],"yoast_head":"<!-- This site is optimized with the Yoast SEO plugin v27.4 - https:\/\/yoast.com\/product\/yoast-seo-wordpress\/ -->\n<title>El Gobierno prometi\u00f3 a tamberos que no volver\u00e1n las retenciones a los l\u00e1cteos. | Proagro<\/title>\n<meta name=\"robots\" content=\"index, follow, max-snippet:-1, max-image-preview:large, max-video-preview:-1\" \/>\n<link rel=\"canonical\" href=\"https:\/\/proagrolab.com.ar\/en\/el-gobierno-prometio-a-tamberos-que-no-volveran-las-retenciones-a-los-lacteos\/\" \/>\n<meta property=\"og:locale\" content=\"en_US\" \/>\n<meta property=\"og:type\" content=\"article\" \/>\n<meta property=\"og:title\" content=\"El Gobierno prometi\u00f3 a tamberos que no volver\u00e1n las retenciones a los l\u00e1cteos. | Proagro\" \/>\n<meta property=\"og:description\" content=\"El pr\u00f3ximo lunes habr\u00e1 una nueva reuni\u00f3n con toda la cadena, incluyendo a empresas. Habr\u00e1 representantes de los ministerios de Agricultura e Industria, y de Comercio Interior. Representantes de la Mesa Nacional de Productores Lecheros asistieron ayer a la convocatoria que les hab\u00eda cursado el Ministerio de Agricultura y se llevaron una promesa. En un contexto en el que la devaluaci\u00f3n despert\u00f3 el temor del campo sobre un posible aumento de las retenciones, el subsecretario de Lecher\u00eda, Arturo Videla, tranquiliz\u00f3 a los productores al referirse a los derechos de exportaci\u00f3n que fueron eliminados para los productos l\u00e1cteos en 2009. Videla dijo que no retornar\u00e1 el impuesto al sector. La reuni\u00f3n fue presidida por el viceministro de la cartera nacional, Gabriel Delgado, que asumi\u00f3 tras el cambio de conducci\u00f3n del Ministerio, ahora a cargo de Carlos Casamiquela. Fue el primer encuentro de Delgado con el sector tambero, seg\u00fan comunic\u00f3 El Cronista. Los productores plantearon en el encuentro su preocupaci\u00f3n en torno a la rentabilidad del negocio, cuando siguen reclamando una suba del precio que cobran por el producto que entregan a las industrias, hoy en torno a los $ 2,40 por litro de leche. En paralelo, en medio de los acuerdos [&hellip;]\" \/>\n<meta property=\"og:url\" content=\"https:\/\/proagrolab.com.ar\/el-gobierno-prometio-a-tamberos-que-no-volveran-las-retenciones-a-los-lacteos\/\" \/>\n<meta property=\"og:site_name\" content=\"Proagro\" \/>\n<meta property=\"article:publisher\" content=\"http:\/\/www.facebook.com\/proagrolab\" \/>\n<meta property=\"article:published_time\" content=\"2014-01-31T00:00:01+00:00\" \/>\n<meta property=\"og:image\" content=\"https:\/\/proagrolab.com.ar\/wp-content\/uploads\/2015\/01\/g_wxrgio642__Lecheras-18.jpg\" \/>\n\t<meta property=\"og:image:width\" content=\"450\" \/>\n\t<meta property=\"og:image:height\" content=\"208\" \/>\n\t<meta property=\"og:image:type\" content=\"image\/jpeg\" \/>\n<meta name=\"author\" content=\"proagrolab\" \/>\n<meta name=\"twitter:card\" content=\"summary_large_image\" \/>\n<meta name=\"twitter:label1\" content=\"Written by\" \/>\n\t<meta name=\"twitter:data1\" content=\"proagrolab\" \/>\n\t<meta name=\"twitter:label2\" content=\"Est. reading time\" \/>\n\t<meta name=\"twitter:data2\" content=\"3 minutes\" \/>\n<script type=\"application\/ld+json\" class=\"yoast-schema-graph\">{\"@context\":\"https:\\\/\\\/schema.org\",\"@graph\":[{\"@type\":\"Article\",\"@id\":\"https:\\\/\\\/proagrolab.com.ar\\\/el-gobierno-prometio-a-tamberos-que-no-volveran-las-retenciones-a-los-lacteos\\\/#article\",\"isPartOf\":{\"@id\":\"https:\\\/\\\/proagrolab.com.ar\\\/el-gobierno-prometio-a-tamberos-que-no-volveran-las-retenciones-a-los-lacteos\\\/\"},\"author\":{\"name\":\"proagrolab\",\"@id\":\"https:\\\/\\\/proagrolab.com.ar\\\/#\\\/schema\\\/person\\\/38003ff90bf80381f71c7d922d207444\"},\"headline\":\"El Gobierno prometi\u00f3 a tamberos que no volver\u00e1n las retenciones a los l\u00e1cteos.\",\"datePublished\":\"2014-01-31T00:00:01+00:00\",\"mainEntityOfPage\":{\"@id\":\"https:\\\/\\\/proagrolab.com.ar\\\/el-gobierno-prometio-a-tamberos-que-no-volveran-las-retenciones-a-los-lacteos\\\/\"},\"wordCount\":518,\"publisher\":{\"@id\":\"https:\\\/\\\/proagrolab.com.ar\\\/#organization\"},\"image\":{\"@id\":\"https:\\\/\\\/proagrolab.com.ar\\\/el-gobierno-prometio-a-tamberos-que-no-volveran-las-retenciones-a-los-lacteos\\\/#primaryimage\"},\"thumbnailUrl\":\"https:\\\/\\\/proagrolab.com.ar\\\/wp-content\\\/uploads\\\/2015\\\/01\\\/g_wxrgio642__Lecheras-18.jpg\",\"articleSection\":[\"News\"],\"inLanguage\":\"en-US\"},{\"@type\":\"WebPage\",\"@id\":\"https:\\\/\\\/proagrolab.com.ar\\\/el-gobierno-prometio-a-tamberos-que-no-volveran-las-retenciones-a-los-lacteos\\\/\",\"url\":\"https:\\\/\\\/proagrolab.com.ar\\\/el-gobierno-prometio-a-tamberos-que-no-volveran-las-retenciones-a-los-lacteos\\\/\",\"name\":\"El Gobierno prometi\u00f3 a tamberos que no volver\u00e1n las retenciones a los l\u00e1cteos. | Proagro\",\"isPartOf\":{\"@id\":\"https:\\\/\\\/proagrolab.com.ar\\\/#website\"},\"primaryImageOfPage\":{\"@id\":\"https:\\\/\\\/proagrolab.com.ar\\\/el-gobierno-prometio-a-tamberos-que-no-volveran-las-retenciones-a-los-lacteos\\\/#primaryimage\"},\"image\":{\"@id\":\"https:\\\/\\\/proagrolab.com.ar\\\/el-gobierno-prometio-a-tamberos-que-no-volveran-las-retenciones-a-los-lacteos\\\/#primaryimage\"},\"thumbnailUrl\":\"https:\\\/\\\/proagrolab.com.ar\\\/wp-content\\\/uploads\\\/2015\\\/01\\\/g_wxrgio642__Lecheras-18.jpg\",\"datePublished\":\"2014-01-31T00:00:01+00:00\",\"breadcrumb\":{\"@id\":\"https:\\\/\\\/proagrolab.com.ar\\\/el-gobierno-prometio-a-tamberos-que-no-volveran-las-retenciones-a-los-lacteos\\\/#breadcrumb\"},\"inLanguage\":\"en-US\",\"potentialAction\":[{\"@type\":\"ReadAction\",\"target\":[\"https:\\\/\\\/proagrolab.com.ar\\\/el-gobierno-prometio-a-tamberos-que-no-volveran-las-retenciones-a-los-lacteos\\\/\"]}]},{\"@type\":\"ImageObject\",\"inLanguage\":\"en-US\",\"@id\":\"https:\\\/\\\/proagrolab.com.ar\\\/el-gobierno-prometio-a-tamberos-que-no-volveran-las-retenciones-a-los-lacteos\\\/#primaryimage\",\"url\":\"https:\\\/\\\/proagrolab.com.ar\\\/wp-content\\\/uploads\\\/2015\\\/01\\\/g_wxrgio642__Lecheras-18.jpg\",\"contentUrl\":\"https:\\\/\\\/proagrolab.com.ar\\\/wp-content\\\/uploads\\\/2015\\\/01\\\/g_wxrgio642__Lecheras-18.jpg\",\"width\":450,\"height\":208},{\"@type\":\"BreadcrumbList\",\"@id\":\"https:\\\/\\\/proagrolab.com.ar\\\/el-gobierno-prometio-a-tamberos-que-no-volveran-las-retenciones-a-los-lacteos\\\/#breadcrumb\",\"itemListElement\":[{\"@type\":\"ListItem\",\"position\":1,\"name\":\"Portada\",\"item\":\"https:\\\/\\\/proagrolab.com.ar\\\/\"},{\"@type\":\"ListItem\",\"position\":2,\"name\":\"El Gobierno prometi\u00f3 a tamberos que no volver\u00e1n las retenciones a los l\u00e1cteos.\"}]},{\"@type\":\"WebSite\",\"@id\":\"https:\\\/\\\/proagrolab.com.ar\\\/#website\",\"url\":\"https:\\\/\\\/proagrolab.com.ar\\\/\",\"name\":\"Proagro Laboratorio Veterinario\",\"description\":\"Veterinary laboratory\",\"publisher\":{\"@id\":\"https:\\\/\\\/proagrolab.com.ar\\\/#organization\"},\"potentialAction\":[{\"@type\":\"SearchAction\",\"target\":{\"@type\":\"EntryPoint\",\"urlTemplate\":\"https:\\\/\\\/proagrolab.com.ar\\\/?s={search_term_string}\"},\"query-input\":{\"@type\":\"PropertyValueSpecification\",\"valueRequired\":true,\"valueName\":\"search_term_string\"}}],\"inLanguage\":\"en-US\"},{\"@type\":\"Organization\",\"@id\":\"https:\\\/\\\/proagrolab.com.ar\\\/#organization\",\"name\":\"Proagro\",\"url\":\"https:\\\/\\\/proagrolab.com.ar\\\/\",\"logo\":{\"@type\":\"ImageObject\",\"inLanguage\":\"en-US\",\"@id\":\"https:\\\/\\\/proagrolab.com.ar\\\/#\\\/schema\\\/logo\\\/image\\\/\",\"url\":\"https:\\\/\\\/proagrolab.com.ar\\\/wp-content\\\/uploads\\\/2020\\\/04\\\/logo-retina.png\",\"contentUrl\":\"https:\\\/\\\/proagrolab.com.ar\\\/wp-content\\\/uploads\\\/2020\\\/04\\\/logo-retina.png\",\"width\":478,\"height\":120,\"caption\":\"Proagro\"},\"image\":{\"@id\":\"https:\\\/\\\/proagrolab.com.ar\\\/#\\\/schema\\\/logo\\\/image\\\/\"},\"sameAs\":[\"http:\\\/\\\/www.facebook.com\\\/proagrolab\",\"https:\\\/\\\/www.instagram.com\\\/proagrolab\\\/\",\"https:\\\/\\\/www.linkedin.com\\\/company\\\/laboratorio-proagro-s-a\\\/\"]},{\"@type\":\"Person\",\"@id\":\"https:\\\/\\\/proagrolab.com.ar\\\/#\\\/schema\\\/person\\\/38003ff90bf80381f71c7d922d207444\",\"name\":\"proagrolab\"}]}<\/script>\n<!-- \/ Yoast SEO plugin. -->","yoast_head_json":{"title":"El Gobierno prometi\u00f3 a tamberos que no volver\u00e1n las retenciones a los l\u00e1cteos. | Proagro","robots":{"index":"index","follow":"follow","max-snippet":"max-snippet:-1","max-image-preview":"max-image-preview:large","max-video-preview":"max-video-preview:-1"},"canonical":"https:\/\/proagrolab.com.ar\/en\/el-gobierno-prometio-a-tamberos-que-no-volveran-las-retenciones-a-los-lacteos\/","og_locale":"en_US","og_type":"article","og_title":"El Gobierno prometi\u00f3 a tamberos que no volver\u00e1n las retenciones a los l\u00e1cteos. | Proagro","og_description":"El pr\u00f3ximo lunes habr\u00e1 una nueva reuni\u00f3n con toda la cadena, incluyendo a empresas. Habr\u00e1 representantes de los ministerios de Agricultura e Industria, y de Comercio Interior. Representantes de la Mesa Nacional de Productores Lecheros asistieron ayer a la convocatoria que les hab\u00eda cursado el Ministerio de Agricultura y se llevaron una promesa. En un contexto en el que la devaluaci\u00f3n despert\u00f3 el temor del campo sobre un posible aumento de las retenciones, el subsecretario de Lecher\u00eda, Arturo Videla, tranquiliz\u00f3 a los productores al referirse a los derechos de exportaci\u00f3n que fueron eliminados para los productos l\u00e1cteos en 2009. Videla dijo que no retornar\u00e1 el impuesto al sector. La reuni\u00f3n fue presidida por el viceministro de la cartera nacional, Gabriel Delgado, que asumi\u00f3 tras el cambio de conducci\u00f3n del Ministerio, ahora a cargo de Carlos Casamiquela. Fue el primer encuentro de Delgado con el sector tambero, seg\u00fan comunic\u00f3 El Cronista. Los productores plantearon en el encuentro su preocupaci\u00f3n en torno a la rentabilidad del negocio, cuando siguen reclamando una suba del precio que cobran por el producto que entregan a las industrias, hoy en torno a los $ 2,40 por litro de leche. En paralelo, en medio de los acuerdos [&hellip;]","og_url":"https:\/\/proagrolab.com.ar\/el-gobierno-prometio-a-tamberos-que-no-volveran-las-retenciones-a-los-lacteos\/","og_site_name":"Proagro","article_publisher":"http:\/\/www.facebook.com\/proagrolab","article_published_time":"2014-01-31T00:00:01+00:00","og_image":[{"width":450,"height":208,"url":"https:\/\/proagrolab.com.ar\/wp-content\/uploads\/2015\/01\/g_wxrgio642__Lecheras-18.jpg","type":"image\/jpeg"}],"author":"proagrolab","twitter_card":"summary_large_image","twitter_misc":{"Written by":"proagrolab","Est. reading time":"3 minutes"},"schema":{"@context":"https:\/\/schema.org","@graph":[{"@type":"Article","@id":"https:\/\/proagrolab.com.ar\/el-gobierno-prometio-a-tamberos-que-no-volveran-las-retenciones-a-los-lacteos\/#article","isPartOf":{"@id":"https:\/\/proagrolab.com.ar\/el-gobierno-prometio-a-tamberos-que-no-volveran-las-retenciones-a-los-lacteos\/"},"author":{"name":"proagrolab","@id":"https:\/\/proagrolab.com.ar\/#\/schema\/person\/38003ff90bf80381f71c7d922d207444"},"headline":"El Gobierno prometi\u00f3 a tamberos que no volver\u00e1n las retenciones a los l\u00e1cteos.","datePublished":"2014-01-31T00:00:01+00:00","mainEntityOfPage":{"@id":"https:\/\/proagrolab.com.ar\/el-gobierno-prometio-a-tamberos-que-no-volveran-las-retenciones-a-los-lacteos\/"},"wordCount":518,"publisher":{"@id":"https:\/\/proagrolab.com.ar\/#organization"},"image":{"@id":"https:\/\/proagrolab.com.ar\/el-gobierno-prometio-a-tamberos-que-no-volveran-las-retenciones-a-los-lacteos\/#primaryimage"},"thumbnailUrl":"https:\/\/proagrolab.com.ar\/wp-content\/uploads\/2015\/01\/g_wxrgio642__Lecheras-18.jpg","articleSection":["News"],"inLanguage":"en-US"},{"@type":"WebPage","@id":"https:\/\/proagrolab.com.ar\/el-gobierno-prometio-a-tamberos-que-no-volveran-las-retenciones-a-los-lacteos\/","url":"https:\/\/proagrolab.com.ar\/el-gobierno-prometio-a-tamberos-que-no-volveran-las-retenciones-a-los-lacteos\/","name":"El Gobierno prometi\u00f3 a tamberos que no volver\u00e1n las retenciones a los l\u00e1cteos. | Proagro","isPartOf":{"@id":"https:\/\/proagrolab.com.ar\/#website"},"primaryImageOfPage":{"@id":"https:\/\/proagrolab.com.ar\/el-gobierno-prometio-a-tamberos-que-no-volveran-las-retenciones-a-los-lacteos\/#primaryimage"},"image":{"@id":"https:\/\/proagrolab.com.ar\/el-gobierno-prometio-a-tamberos-que-no-volveran-las-retenciones-a-los-lacteos\/#primaryimage"},"thumbnailUrl":"https:\/\/proagrolab.com.ar\/wp-content\/uploads\/2015\/01\/g_wxrgio642__Lecheras-18.jpg","datePublished":"2014-01-31T00:00:01+00:00","breadcrumb":{"@id":"https:\/\/proagrolab.com.ar\/el-gobierno-prometio-a-tamberos-que-no-volveran-las-retenciones-a-los-lacteos\/#breadcrumb"},"inLanguage":"en-US","potentialAction":[{"@type":"ReadAction","target":["https:\/\/proagrolab.com.ar\/el-gobierno-prometio-a-tamberos-que-no-volveran-las-retenciones-a-los-lacteos\/"]}]},{"@type":"ImageObject","inLanguage":"en-US","@id":"https:\/\/proagrolab.com.ar\/el-gobierno-prometio-a-tamberos-que-no-volveran-las-retenciones-a-los-lacteos\/#primaryimage","url":"https:\/\/proagrolab.com.ar\/wp-content\/uploads\/2015\/01\/g_wxrgio642__Lecheras-18.jpg","contentUrl":"https:\/\/proagrolab.com.ar\/wp-content\/uploads\/2015\/01\/g_wxrgio642__Lecheras-18.jpg","width":450,"height":208},{"@type":"BreadcrumbList","@id":"https:\/\/proagrolab.com.ar\/el-gobierno-prometio-a-tamberos-que-no-volveran-las-retenciones-a-los-lacteos\/#breadcrumb","itemListElement":[{"@type":"ListItem","position":1,"name":"Portada","item":"https:\/\/proagrolab.com.ar\/"},{"@type":"ListItem","position":2,"name":"El Gobierno prometi\u00f3 a tamberos que no volver\u00e1n las retenciones a los l\u00e1cteos."}]},{"@type":"WebSite","@id":"https:\/\/proagrolab.com.ar\/#website","url":"https:\/\/proagrolab.com.ar\/","name":"Proagro Laboratorio Veterinario","description":"Veterinary laboratory","publisher":{"@id":"https:\/\/proagrolab.com.ar\/#organization"},"potentialAction":[{"@type":"SearchAction","target":{"@type":"EntryPoint","urlTemplate":"https:\/\/proagrolab.com.ar\/?s={search_term_string}"},"query-input":{"@type":"PropertyValueSpecification","valueRequired":true,"valueName":"search_term_string"}}],"inLanguage":"en-US"},{"@type":"Organization","@id":"https:\/\/proagrolab.com.ar\/#organization","name":"Proagro","url":"https:\/\/proagrolab.com.ar\/","logo":{"@type":"ImageObject","inLanguage":"en-US","@id":"https:\/\/proagrolab.com.ar\/#\/schema\/logo\/image\/","url":"https:\/\/proagrolab.com.ar\/wp-content\/uploads\/2020\/04\/logo-retina.png","contentUrl":"https:\/\/proagrolab.com.ar\/wp-content\/uploads\/2020\/04\/logo-retina.png","width":478,"height":120,"caption":"Proagro"},"image":{"@id":"https:\/\/proagrolab.com.ar\/#\/schema\/logo\/image\/"},"sameAs":["http:\/\/www.facebook.com\/proagrolab","https:\/\/www.instagram.com\/proagrolab\/","https:\/\/www.linkedin.com\/company\/laboratorio-proagro-s-a\/"]},{"@type":"Person","@id":"https:\/\/proagrolab.com.ar\/#\/schema\/person\/38003ff90bf80381f71c7d922d207444","name":"proagrolab"}]}},"_links":{"self":[{"href":"https:\/\/proagrolab.com.ar\/en\/wp-json\/wp\/v2\/posts\/5916","targetHints":{"allow":["GET"]}}],"collection":[{"href":"https:\/\/proagrolab.com.ar\/en\/wp-json\/wp\/v2\/posts"}],"about":[{"href":"https:\/\/proagrolab.com.ar\/en\/wp-json\/wp\/v2\/types\/post"}],"author":[{"embeddable":true,"href":"https:\/\/proagrolab.com.ar\/en\/wp-json\/wp\/v2\/users\/2"}],"replies":[{"embeddable":true,"href":"https:\/\/proagrolab.com.ar\/en\/wp-json\/wp\/v2\/comments?post=5916"}],"version-history":[{"count":0,"href":"https:\/\/proagrolab.com.ar\/en\/wp-json\/wp\/v2\/posts\/5916\/revisions"}],"wp:featuredmedia":[{"embeddable":true,"href":"https:\/\/proagrolab.com.ar\/en\/wp-json\/wp\/v2\/media\/2402"}],"wp:attachment":[{"href":"https:\/\/proagrolab.com.ar\/en\/wp-json\/wp\/v2\/media?parent=5916"}],"wp:term":[{"taxonomy":"category","embeddable":true,"href":"https:\/\/proagrolab.com.ar\/en\/wp-json\/wp\/v2\/categories?post=5916"},{"taxonomy":"post_tag","embeddable":true,"href":"https:\/\/proagrolab.com.ar\/en\/wp-json\/wp\/v2\/tags?post=5916"}],"curies":[{"name":"wp","href":"https:\/\/api.w.org\/{rel}","templated":true}]}}