{"id":5910,"date":"2014-01-30T00:00:01","date_gmt":"2014-01-30T00:00:01","guid":{"rendered":"https:\/\/proagrolab.com.ar\/uruguay-buscara-valorizar-aun-mas-la-carne-bovina-exportada-senala-inac\/"},"modified":"2014-01-30T00:00:01","modified_gmt":"2014-01-30T00:00:01","slug":"uruguay-buscara-valorizar-aun-mas-la-carne-bovina-exportada-senala-inac","status":"publish","type":"post","link":"https:\/\/proagrolab.com.ar\/en\/uruguay-buscara-valorizar-aun-mas-la-carne-bovina-exportada-senala-inac\/","title":{"rendered":"Uruguay buscar\u00e1 valorizar a\u00fan m\u00e1s la carne bovina exportada, se\u00f1ala INAC."},"content":{"rendered":"<p class=\"qtranxs-available-languages-message qtranxs-available-languages-message-en\"> <\/p><p>&#8220;El gran desaf\u00edo de Uruguay es buscar mercados que le puedan disputar un mejor precio a la Uni\u00f3n Europea en los cortes de alta calidad&#8221;. Esas fueron las palabras exactas el presidente del Instituto Nacional de Carnes (INAC), Luis Alfredo Fratti.<\/p>\n<p>Hace cuatro o cinco a\u00f1os, record\u00f3, Uruguay coloca la tonelada de carne bovina a valores por encima de los de Australia y muy cerca de los que recoge EE.UU.<\/p>\n<p>&#8220;Alcanzar ese lugar no fue f\u00e1cil, pero es mucho m\u00e1s dif\u00edcil mantenerse en ese podio de los pa\u00edses que venden m\u00e1s caro. Para eso hay que buscar mayores alternativas y no alcanza con abrir nuevos mercados, que es algo ya incorporado y no se puede parar&#8221;, dijo Fratti.<\/p>\n<p>Por esa raz\u00f3n, el INAC impulsa una nueva ofensiva de las carnes uruguayas en Rusia, donde la mayor\u00eda de los cortes que exportan los frigor\u00edficos uruguayos tienen por destino la industria.<\/p>\n<p>&#8220;Hay espacio para cortes de alto valor&#8221;, sostuvo Fratti y, as\u00ed, se prepara una nueva degustaci\u00f3n de carnes en el marco de la Feria Prodexpo Mosc\u00fa, que se realizar\u00e1 del 10 al 14 de febrero.<\/p>\n<p>Mientras tanto, a nivel del INAC se estudia una estrategia para tener un mayor acercamiento al p\u00fablico de mayor poder adquisitivo que es el consumidor de esos cortes de mayor valor con los que se pretende marcar presencia en Rusia, m\u00e1s all\u00e1 de los precios de venta.<\/p>\n<p>Fuente: Carnetec, 30 de enero.<br \/><\/p>","protected":false},"excerpt":{"rendered":"<p>&#8220;El gran desaf\u00edo de Uruguay es buscar mercados que le puedan disputar un mejor precio a la Uni\u00f3n Europea en los cortes de alta calidad&#8221;. Esas fueron las palabras exactas el presidente del Instituto Nacional de Carnes (INAC), Luis Alfredo Fratti. Hace cuatro o cinco a\u00f1os, record\u00f3, Uruguay coloca la tonelada de carne bovina a valores por encima de los de Australia y muy cerca de los que recoge EE.UU. &#8220;Alcanzar ese lugar no fue f\u00e1cil, pero es mucho m\u00e1s dif\u00edcil mantenerse en ese podio de los pa\u00edses que venden m\u00e1s caro. Para eso hay que buscar mayores alternativas y no alcanza con abrir nuevos mercados, que es algo ya incorporado y no se puede parar&#8221;, dijo Fratti. Por esa raz\u00f3n, el INAC impulsa una nueva ofensiva de las carnes uruguayas en Rusia, donde la mayor\u00eda de los cortes que exportan los frigor\u00edficos uruguayos tienen por destino la industria. &#8220;Hay espacio para cortes de alto valor&#8221;, sostuvo Fratti y, as\u00ed, se prepara una nueva degustaci\u00f3n de carnes en el marco de la Feria Prodexpo Mosc\u00fa, que se realizar\u00e1 del 10 al 14 de febrero. Mientras tanto, a nivel del INAC se estudia una estrategia para tener un mayor acercamiento al [&hellip;]<\/p>\n","protected":false},"author":2,"featured_media":2396,"comment_status":"closed","ping_status":"open","sticky":false,"template":"","format":"standard","meta":{"_acf_changed":false,"footnotes":""},"categories":[56],"tags":[],"class_list":["post-5910","post","type-post","status-publish","format-standard","has-post-thumbnail","hentry","category-infoganadero"],"acf":[],"yoast_head":"<!-- This site is optimized with the Yoast SEO plugin v27.4 - https:\/\/yoast.com\/product\/yoast-seo-wordpress\/ -->\n<title>Uruguay buscar\u00e1 valorizar a\u00fan m\u00e1s la carne bovina exportada, se\u00f1ala INAC. | Proagro<\/title>\n<meta name=\"robots\" content=\"index, follow, max-snippet:-1, max-image-preview:large, max-video-preview:-1\" \/>\n<link rel=\"canonical\" href=\"https:\/\/proagrolab.com.ar\/en\/uruguay-buscara-valorizar-aun-mas-la-carne-bovina-exportada-senala-inac\/\" \/>\n<meta property=\"og:locale\" content=\"en_US\" \/>\n<meta property=\"og:type\" content=\"article\" \/>\n<meta property=\"og:title\" content=\"Uruguay buscar\u00e1 valorizar a\u00fan m\u00e1s la carne bovina exportada, se\u00f1ala INAC. | Proagro\" \/>\n<meta property=\"og:description\" content=\"&#8220;El gran desaf\u00edo de Uruguay es buscar mercados que le puedan disputar un mejor precio a la Uni\u00f3n Europea en los cortes de alta calidad&#8221;. Esas fueron las palabras exactas el presidente del Instituto Nacional de Carnes (INAC), Luis Alfredo Fratti. Hace cuatro o cinco a\u00f1os, record\u00f3, Uruguay coloca la tonelada de carne bovina a valores por encima de los de Australia y muy cerca de los que recoge EE.UU. &#8220;Alcanzar ese lugar no fue f\u00e1cil, pero es mucho m\u00e1s dif\u00edcil mantenerse en ese podio de los pa\u00edses que venden m\u00e1s caro. Para eso hay que buscar mayores alternativas y no alcanza con abrir nuevos mercados, que es algo ya incorporado y no se puede parar&#8221;, dijo Fratti. Por esa raz\u00f3n, el INAC impulsa una nueva ofensiva de las carnes uruguayas en Rusia, donde la mayor\u00eda de los cortes que exportan los frigor\u00edficos uruguayos tienen por destino la industria. &#8220;Hay espacio para cortes de alto valor&#8221;, sostuvo Fratti y, as\u00ed, se prepara una nueva degustaci\u00f3n de carnes en el marco de la Feria Prodexpo Mosc\u00fa, que se realizar\u00e1 del 10 al 14 de febrero. Mientras tanto, a nivel del INAC se estudia una estrategia para tener un mayor acercamiento al [&hellip;]\" \/>\n<meta property=\"og:url\" content=\"https:\/\/proagrolab.com.ar\/uruguay-buscara-valorizar-aun-mas-la-carne-bovina-exportada-senala-inac\/\" \/>\n<meta property=\"og:site_name\" content=\"Proagro\" \/>\n<meta property=\"article:publisher\" content=\"http:\/\/www.facebook.com\/proagrolab\" \/>\n<meta property=\"article:published_time\" content=\"2014-01-30T00:00:01+00:00\" \/>\n<meta property=\"og:image\" content=\"https:\/\/proagrolab.com.ar\/wp-content\/uploads\/2015\/01\/g_ubl86frk1__Frigor\u00edfico-4.jpg\" \/>\n\t<meta property=\"og:image:width\" content=\"1\" \/>\n\t<meta property=\"og:image:height\" content=\"1\" \/>\n\t<meta property=\"og:image:type\" content=\"image\/jpeg\" \/>\n<meta name=\"author\" content=\"proagrolab\" \/>\n<meta name=\"twitter:card\" content=\"summary_large_image\" \/>\n<meta name=\"twitter:label1\" content=\"Written by\" \/>\n\t<meta name=\"twitter:data1\" content=\"proagrolab\" \/>\n\t<meta name=\"twitter:label2\" content=\"Est. reading time\" \/>\n\t<meta name=\"twitter:data2\" content=\"1 minute\" \/>\n<script type=\"application\/ld+json\" class=\"yoast-schema-graph\">{\"@context\":\"https:\\\/\\\/schema.org\",\"@graph\":[{\"@type\":\"Article\",\"@id\":\"https:\\\/\\\/proagrolab.com.ar\\\/uruguay-buscara-valorizar-aun-mas-la-carne-bovina-exportada-senala-inac\\\/#article\",\"isPartOf\":{\"@id\":\"https:\\\/\\\/proagrolab.com.ar\\\/uruguay-buscara-valorizar-aun-mas-la-carne-bovina-exportada-senala-inac\\\/\"},\"author\":{\"name\":\"proagrolab\",\"@id\":\"https:\\\/\\\/proagrolab.com.ar\\\/#\\\/schema\\\/person\\\/38003ff90bf80381f71c7d922d207444\"},\"headline\":\"Uruguay buscar\u00e1 valorizar a\u00fan m\u00e1s la carne bovina exportada, se\u00f1ala INAC.\",\"datePublished\":\"2014-01-30T00:00:01+00:00\",\"mainEntityOfPage\":{\"@id\":\"https:\\\/\\\/proagrolab.com.ar\\\/uruguay-buscara-valorizar-aun-mas-la-carne-bovina-exportada-senala-inac\\\/\"},\"wordCount\":262,\"publisher\":{\"@id\":\"https:\\\/\\\/proagrolab.com.ar\\\/#organization\"},\"image\":{\"@id\":\"https:\\\/\\\/proagrolab.com.ar\\\/uruguay-buscara-valorizar-aun-mas-la-carne-bovina-exportada-senala-inac\\\/#primaryimage\"},\"thumbnailUrl\":\"https:\\\/\\\/proagrolab.com.ar\\\/wp-content\\\/uploads\\\/2015\\\/01\\\/g_ubl86frk1__Frigor\u00edfico-4.jpg\",\"articleSection\":[\"News\"],\"inLanguage\":\"en-US\"},{\"@type\":\"WebPage\",\"@id\":\"https:\\\/\\\/proagrolab.com.ar\\\/uruguay-buscara-valorizar-aun-mas-la-carne-bovina-exportada-senala-inac\\\/\",\"url\":\"https:\\\/\\\/proagrolab.com.ar\\\/uruguay-buscara-valorizar-aun-mas-la-carne-bovina-exportada-senala-inac\\\/\",\"name\":\"Uruguay buscar\u00e1 valorizar a\u00fan m\u00e1s la carne bovina exportada, se\u00f1ala INAC. | Proagro\",\"isPartOf\":{\"@id\":\"https:\\\/\\\/proagrolab.com.ar\\\/#website\"},\"primaryImageOfPage\":{\"@id\":\"https:\\\/\\\/proagrolab.com.ar\\\/uruguay-buscara-valorizar-aun-mas-la-carne-bovina-exportada-senala-inac\\\/#primaryimage\"},\"image\":{\"@id\":\"https:\\\/\\\/proagrolab.com.ar\\\/uruguay-buscara-valorizar-aun-mas-la-carne-bovina-exportada-senala-inac\\\/#primaryimage\"},\"thumbnailUrl\":\"https:\\\/\\\/proagrolab.com.ar\\\/wp-content\\\/uploads\\\/2015\\\/01\\\/g_ubl86frk1__Frigor\u00edfico-4.jpg\",\"datePublished\":\"2014-01-30T00:00:01+00:00\",\"breadcrumb\":{\"@id\":\"https:\\\/\\\/proagrolab.com.ar\\\/uruguay-buscara-valorizar-aun-mas-la-carne-bovina-exportada-senala-inac\\\/#breadcrumb\"},\"inLanguage\":\"en-US\",\"potentialAction\":[{\"@type\":\"ReadAction\",\"target\":[\"https:\\\/\\\/proagrolab.com.ar\\\/uruguay-buscara-valorizar-aun-mas-la-carne-bovina-exportada-senala-inac\\\/\"]}]},{\"@type\":\"ImageObject\",\"inLanguage\":\"en-US\",\"@id\":\"https:\\\/\\\/proagrolab.com.ar\\\/uruguay-buscara-valorizar-aun-mas-la-carne-bovina-exportada-senala-inac\\\/#primaryimage\",\"url\":\"https:\\\/\\\/proagrolab.com.ar\\\/wp-content\\\/uploads\\\/2015\\\/01\\\/g_ubl86frk1__Frigor\u00edfico-4.jpg\",\"contentUrl\":\"https:\\\/\\\/proagrolab.com.ar\\\/wp-content\\\/uploads\\\/2015\\\/01\\\/g_ubl86frk1__Frigor\u00edfico-4.jpg\"},{\"@type\":\"BreadcrumbList\",\"@id\":\"https:\\\/\\\/proagrolab.com.ar\\\/uruguay-buscara-valorizar-aun-mas-la-carne-bovina-exportada-senala-inac\\\/#breadcrumb\",\"itemListElement\":[{\"@type\":\"ListItem\",\"position\":1,\"name\":\"Portada\",\"item\":\"https:\\\/\\\/proagrolab.com.ar\\\/\"},{\"@type\":\"ListItem\",\"position\":2,\"name\":\"Uruguay buscar\u00e1 valorizar a\u00fan m\u00e1s la carne bovina exportada, se\u00f1ala INAC.\"}]},{\"@type\":\"WebSite\",\"@id\":\"https:\\\/\\\/proagrolab.com.ar\\\/#website\",\"url\":\"https:\\\/\\\/proagrolab.com.ar\\\/\",\"name\":\"Proagro Laboratorio Veterinario\",\"description\":\"Veterinary laboratory\",\"publisher\":{\"@id\":\"https:\\\/\\\/proagrolab.com.ar\\\/#organization\"},\"potentialAction\":[{\"@type\":\"SearchAction\",\"target\":{\"@type\":\"EntryPoint\",\"urlTemplate\":\"https:\\\/\\\/proagrolab.com.ar\\\/?s={search_term_string}\"},\"query-input\":{\"@type\":\"PropertyValueSpecification\",\"valueRequired\":true,\"valueName\":\"search_term_string\"}}],\"inLanguage\":\"en-US\"},{\"@type\":\"Organization\",\"@id\":\"https:\\\/\\\/proagrolab.com.ar\\\/#organization\",\"name\":\"Proagro\",\"url\":\"https:\\\/\\\/proagrolab.com.ar\\\/\",\"logo\":{\"@type\":\"ImageObject\",\"inLanguage\":\"en-US\",\"@id\":\"https:\\\/\\\/proagrolab.com.ar\\\/#\\\/schema\\\/logo\\\/image\\\/\",\"url\":\"https:\\\/\\\/proagrolab.com.ar\\\/wp-content\\\/uploads\\\/2020\\\/04\\\/logo-retina.png\",\"contentUrl\":\"https:\\\/\\\/proagrolab.com.ar\\\/wp-content\\\/uploads\\\/2020\\\/04\\\/logo-retina.png\",\"width\":478,\"height\":120,\"caption\":\"Proagro\"},\"image\":{\"@id\":\"https:\\\/\\\/proagrolab.com.ar\\\/#\\\/schema\\\/logo\\\/image\\\/\"},\"sameAs\":[\"http:\\\/\\\/www.facebook.com\\\/proagrolab\",\"https:\\\/\\\/www.instagram.com\\\/proagrolab\\\/\",\"https:\\\/\\\/www.linkedin.com\\\/company\\\/laboratorio-proagro-s-a\\\/\"]},{\"@type\":\"Person\",\"@id\":\"https:\\\/\\\/proagrolab.com.ar\\\/#\\\/schema\\\/person\\\/38003ff90bf80381f71c7d922d207444\",\"name\":\"proagrolab\"}]}<\/script>\n<!-- \/ Yoast SEO plugin. -->","yoast_head_json":{"title":"Uruguay buscar\u00e1 valorizar a\u00fan m\u00e1s la carne bovina exportada, se\u00f1ala INAC. | Proagro","robots":{"index":"index","follow":"follow","max-snippet":"max-snippet:-1","max-image-preview":"max-image-preview:large","max-video-preview":"max-video-preview:-1"},"canonical":"https:\/\/proagrolab.com.ar\/en\/uruguay-buscara-valorizar-aun-mas-la-carne-bovina-exportada-senala-inac\/","og_locale":"en_US","og_type":"article","og_title":"Uruguay buscar\u00e1 valorizar a\u00fan m\u00e1s la carne bovina exportada, se\u00f1ala INAC. | Proagro","og_description":"&#8220;El gran desaf\u00edo de Uruguay es buscar mercados que le puedan disputar un mejor precio a la Uni\u00f3n Europea en los cortes de alta calidad&#8221;. Esas fueron las palabras exactas el presidente del Instituto Nacional de Carnes (INAC), Luis Alfredo Fratti. Hace cuatro o cinco a\u00f1os, record\u00f3, Uruguay coloca la tonelada de carne bovina a valores por encima de los de Australia y muy cerca de los que recoge EE.UU. &#8220;Alcanzar ese lugar no fue f\u00e1cil, pero es mucho m\u00e1s dif\u00edcil mantenerse en ese podio de los pa\u00edses que venden m\u00e1s caro. Para eso hay que buscar mayores alternativas y no alcanza con abrir nuevos mercados, que es algo ya incorporado y no se puede parar&#8221;, dijo Fratti. Por esa raz\u00f3n, el INAC impulsa una nueva ofensiva de las carnes uruguayas en Rusia, donde la mayor\u00eda de los cortes que exportan los frigor\u00edficos uruguayos tienen por destino la industria. &#8220;Hay espacio para cortes de alto valor&#8221;, sostuvo Fratti y, as\u00ed, se prepara una nueva degustaci\u00f3n de carnes en el marco de la Feria Prodexpo Mosc\u00fa, que se realizar\u00e1 del 10 al 14 de febrero. Mientras tanto, a nivel del INAC se estudia una estrategia para tener un mayor acercamiento al [&hellip;]","og_url":"https:\/\/proagrolab.com.ar\/uruguay-buscara-valorizar-aun-mas-la-carne-bovina-exportada-senala-inac\/","og_site_name":"Proagro","article_publisher":"http:\/\/www.facebook.com\/proagrolab","article_published_time":"2014-01-30T00:00:01+00:00","og_image":[{"url":"https:\/\/proagrolab.com.ar\/wp-content\/uploads\/2015\/01\/g_ubl86frk1__Frigor\u00edfico-4.jpg","width":1,"height":1,"type":"image\/jpeg"}],"author":"proagrolab","twitter_card":"summary_large_image","twitter_misc":{"Written by":"proagrolab","Est. reading time":"1 minute"},"schema":{"@context":"https:\/\/schema.org","@graph":[{"@type":"Article","@id":"https:\/\/proagrolab.com.ar\/uruguay-buscara-valorizar-aun-mas-la-carne-bovina-exportada-senala-inac\/#article","isPartOf":{"@id":"https:\/\/proagrolab.com.ar\/uruguay-buscara-valorizar-aun-mas-la-carne-bovina-exportada-senala-inac\/"},"author":{"name":"proagrolab","@id":"https:\/\/proagrolab.com.ar\/#\/schema\/person\/38003ff90bf80381f71c7d922d207444"},"headline":"Uruguay buscar\u00e1 valorizar a\u00fan m\u00e1s la carne bovina exportada, se\u00f1ala INAC.","datePublished":"2014-01-30T00:00:01+00:00","mainEntityOfPage":{"@id":"https:\/\/proagrolab.com.ar\/uruguay-buscara-valorizar-aun-mas-la-carne-bovina-exportada-senala-inac\/"},"wordCount":262,"publisher":{"@id":"https:\/\/proagrolab.com.ar\/#organization"},"image":{"@id":"https:\/\/proagrolab.com.ar\/uruguay-buscara-valorizar-aun-mas-la-carne-bovina-exportada-senala-inac\/#primaryimage"},"thumbnailUrl":"https:\/\/proagrolab.com.ar\/wp-content\/uploads\/2015\/01\/g_ubl86frk1__Frigor\u00edfico-4.jpg","articleSection":["News"],"inLanguage":"en-US"},{"@type":"WebPage","@id":"https:\/\/proagrolab.com.ar\/uruguay-buscara-valorizar-aun-mas-la-carne-bovina-exportada-senala-inac\/","url":"https:\/\/proagrolab.com.ar\/uruguay-buscara-valorizar-aun-mas-la-carne-bovina-exportada-senala-inac\/","name":"Uruguay buscar\u00e1 valorizar a\u00fan m\u00e1s la carne bovina exportada, se\u00f1ala INAC. | Proagro","isPartOf":{"@id":"https:\/\/proagrolab.com.ar\/#website"},"primaryImageOfPage":{"@id":"https:\/\/proagrolab.com.ar\/uruguay-buscara-valorizar-aun-mas-la-carne-bovina-exportada-senala-inac\/#primaryimage"},"image":{"@id":"https:\/\/proagrolab.com.ar\/uruguay-buscara-valorizar-aun-mas-la-carne-bovina-exportada-senala-inac\/#primaryimage"},"thumbnailUrl":"https:\/\/proagrolab.com.ar\/wp-content\/uploads\/2015\/01\/g_ubl86frk1__Frigor\u00edfico-4.jpg","datePublished":"2014-01-30T00:00:01+00:00","breadcrumb":{"@id":"https:\/\/proagrolab.com.ar\/uruguay-buscara-valorizar-aun-mas-la-carne-bovina-exportada-senala-inac\/#breadcrumb"},"inLanguage":"en-US","potentialAction":[{"@type":"ReadAction","target":["https:\/\/proagrolab.com.ar\/uruguay-buscara-valorizar-aun-mas-la-carne-bovina-exportada-senala-inac\/"]}]},{"@type":"ImageObject","inLanguage":"en-US","@id":"https:\/\/proagrolab.com.ar\/uruguay-buscara-valorizar-aun-mas-la-carne-bovina-exportada-senala-inac\/#primaryimage","url":"https:\/\/proagrolab.com.ar\/wp-content\/uploads\/2015\/01\/g_ubl86frk1__Frigor\u00edfico-4.jpg","contentUrl":"https:\/\/proagrolab.com.ar\/wp-content\/uploads\/2015\/01\/g_ubl86frk1__Frigor\u00edfico-4.jpg"},{"@type":"BreadcrumbList","@id":"https:\/\/proagrolab.com.ar\/uruguay-buscara-valorizar-aun-mas-la-carne-bovina-exportada-senala-inac\/#breadcrumb","itemListElement":[{"@type":"ListItem","position":1,"name":"Portada","item":"https:\/\/proagrolab.com.ar\/"},{"@type":"ListItem","position":2,"name":"Uruguay buscar\u00e1 valorizar a\u00fan m\u00e1s la carne bovina exportada, se\u00f1ala INAC."}]},{"@type":"WebSite","@id":"https:\/\/proagrolab.com.ar\/#website","url":"https:\/\/proagrolab.com.ar\/","name":"Proagro Laboratorio Veterinario","description":"Veterinary laboratory","publisher":{"@id":"https:\/\/proagrolab.com.ar\/#organization"},"potentialAction":[{"@type":"SearchAction","target":{"@type":"EntryPoint","urlTemplate":"https:\/\/proagrolab.com.ar\/?s={search_term_string}"},"query-input":{"@type":"PropertyValueSpecification","valueRequired":true,"valueName":"search_term_string"}}],"inLanguage":"en-US"},{"@type":"Organization","@id":"https:\/\/proagrolab.com.ar\/#organization","name":"Proagro","url":"https:\/\/proagrolab.com.ar\/","logo":{"@type":"ImageObject","inLanguage":"en-US","@id":"https:\/\/proagrolab.com.ar\/#\/schema\/logo\/image\/","url":"https:\/\/proagrolab.com.ar\/wp-content\/uploads\/2020\/04\/logo-retina.png","contentUrl":"https:\/\/proagrolab.com.ar\/wp-content\/uploads\/2020\/04\/logo-retina.png","width":478,"height":120,"caption":"Proagro"},"image":{"@id":"https:\/\/proagrolab.com.ar\/#\/schema\/logo\/image\/"},"sameAs":["http:\/\/www.facebook.com\/proagrolab","https:\/\/www.instagram.com\/proagrolab\/","https:\/\/www.linkedin.com\/company\/laboratorio-proagro-s-a\/"]},{"@type":"Person","@id":"https:\/\/proagrolab.com.ar\/#\/schema\/person\/38003ff90bf80381f71c7d922d207444","name":"proagrolab"}]}},"_links":{"self":[{"href":"https:\/\/proagrolab.com.ar\/en\/wp-json\/wp\/v2\/posts\/5910","targetHints":{"allow":["GET"]}}],"collection":[{"href":"https:\/\/proagrolab.com.ar\/en\/wp-json\/wp\/v2\/posts"}],"about":[{"href":"https:\/\/proagrolab.com.ar\/en\/wp-json\/wp\/v2\/types\/post"}],"author":[{"embeddable":true,"href":"https:\/\/proagrolab.com.ar\/en\/wp-json\/wp\/v2\/users\/2"}],"replies":[{"embeddable":true,"href":"https:\/\/proagrolab.com.ar\/en\/wp-json\/wp\/v2\/comments?post=5910"}],"version-history":[{"count":0,"href":"https:\/\/proagrolab.com.ar\/en\/wp-json\/wp\/v2\/posts\/5910\/revisions"}],"wp:featuredmedia":[{"embeddable":true,"href":"https:\/\/proagrolab.com.ar\/en\/wp-json\/wp\/v2\/media\/2396"}],"wp:attachment":[{"href":"https:\/\/proagrolab.com.ar\/en\/wp-json\/wp\/v2\/media?parent=5910"}],"wp:term":[{"taxonomy":"category","embeddable":true,"href":"https:\/\/proagrolab.com.ar\/en\/wp-json\/wp\/v2\/categories?post=5910"},{"taxonomy":"post_tag","embeddable":true,"href":"https:\/\/proagrolab.com.ar\/en\/wp-json\/wp\/v2\/tags?post=5910"}],"curies":[{"name":"wp","href":"https:\/\/api.w.org\/{rel}","templated":true}]}}