{"id":5905,"date":"2014-01-24T00:00:01","date_gmt":"2014-01-24T00:00:01","guid":{"rendered":"https:\/\/proagrolab.com.ar\/union-europea-verificara-carne-bovina-de-paraguay-en-abril-de-este-ano\/"},"modified":"2014-01-24T00:00:01","modified_gmt":"2014-01-24T00:00:01","slug":"union-europea-verificara-carne-bovina-de-paraguay-en-abril-de-este-ano","status":"publish","type":"post","link":"https:\/\/proagrolab.com.ar\/en\/union-europea-verificara-carne-bovina-de-paraguay-en-abril-de-este-ano\/","title":{"rendered":"Uni\u00f3n Europea verificar\u00e1 carne bovina de Paraguay en abril de este a\u00f1o."},"content":{"rendered":"<p class=\"qtranxs-available-languages-message qtranxs-available-languages-message-en\"> <\/p><p>La Uni\u00f3n Europea enviar\u00e1 inspectores para verificar el hato ganadero paraguayo en el mes de abril, inform\u00f3 el titular de la Asociaci\u00f3n Rural del Paraguay (ARP), Germ\u00e1n Ruiz en el lanzamiento de la campa\u00f1a de vacunaci\u00f3n ganadera, realizada en el departamento Cordillera, donde asistieron el ministro de Agricultura, Jorge Gattini, y el titular del Senacsa, Hugo Idoyaga.<\/p>\n<p>Los inspectores de la UE llegar\u00e1n tras haberse nuevamente abierto el mercado de la uni\u00f3n a la carne paraguaya, despu\u00e9s de un per\u00edodo prolongado de suspensi\u00f3n por el \u00faltimo brote de fiebre aftosa que afecto a una zona productiva del pa\u00eds guaran\u00ed. <br \/>Los t\u00e9cnicos prev\u00e9n revisar toda la documentaci\u00f3n oficial, as\u00ed como las certificaciones y los predios ganaderos que remiten ganado de exportaci\u00f3n.<br \/>Ellos tambi\u00e9n visitar\u00e1n las plantas frigor\u00edficas exportadoras habilitadas, as\u00ed como sus dep\u00f3sitos frigor\u00edficos y plantas de fr\u00edo.<\/p>\n<p>Estos inspectores desarrollar\u00e1n una agenda de trabajo durante su estad\u00eda. Esto podr\u00eda incluir visitas a los frigor\u00edficos que mayor cantidad de carne han remitido hacia a ese mercado y que conforman los antiguos listados de empresas exportadoras hacia Europa.<\/p>\n<p>Es rutina de las inspecciones de los representantes de la UE revisar el sistema de identificaci\u00f3n y registros de los animales. Los mencionados documentos generalmente garantizan la trazabilidad obligatoria de todos los bovinos criados y nacidos en Paraguay.<\/p>\n<p>Fuente: Carnetec, 23 de enero.<br \/><\/p>","protected":false},"excerpt":{"rendered":"<p>La Uni\u00f3n Europea enviar\u00e1 inspectores para verificar el hato ganadero paraguayo en el mes de abril, inform\u00f3 el titular de la Asociaci\u00f3n Rural del Paraguay (ARP), Germ\u00e1n Ruiz en el lanzamiento de la campa\u00f1a de vacunaci\u00f3n ganadera, realizada en el departamento Cordillera, donde asistieron el ministro de Agricultura, Jorge Gattini, y el titular del Senacsa, Hugo Idoyaga. Los inspectores de la UE llegar\u00e1n tras haberse nuevamente abierto el mercado de la uni\u00f3n a la carne paraguaya, despu\u00e9s de un per\u00edodo prolongado de suspensi\u00f3n por el \u00faltimo brote de fiebre aftosa que afecto a una zona productiva del pa\u00eds guaran\u00ed. Los t\u00e9cnicos prev\u00e9n revisar toda la documentaci\u00f3n oficial, as\u00ed como las certificaciones y los predios ganaderos que remiten ganado de exportaci\u00f3n.Ellos tambi\u00e9n visitar\u00e1n las plantas frigor\u00edficas exportadoras habilitadas, as\u00ed como sus dep\u00f3sitos frigor\u00edficos y plantas de fr\u00edo. Estos inspectores desarrollar\u00e1n una agenda de trabajo durante su estad\u00eda. Esto podr\u00eda incluir visitas a los frigor\u00edficos que mayor cantidad de carne han remitido hacia a ese mercado y que conforman los antiguos listados de empresas exportadoras hacia Europa. Es rutina de las inspecciones de los representantes de la UE revisar el sistema de identificaci\u00f3n y registros de los animales. Los mencionados documentos generalmente [&hellip;]<\/p>\n","protected":false},"author":2,"featured_media":2391,"comment_status":"closed","ping_status":"open","sticky":false,"template":"","format":"standard","meta":{"_acf_changed":false,"footnotes":""},"categories":[56],"tags":[],"class_list":["post-5905","post","type-post","status-publish","format-standard","has-post-thumbnail","hentry","category-infoganadero"],"acf":[],"yoast_head":"<!-- This site is optimized with the Yoast SEO plugin v27.4 - https:\/\/yoast.com\/product\/yoast-seo-wordpress\/ -->\n<title>Uni\u00f3n Europea verificar\u00e1 carne bovina de Paraguay en abril de este a\u00f1o. | Proagro<\/title>\n<meta name=\"robots\" content=\"index, follow, max-snippet:-1, max-image-preview:large, max-video-preview:-1\" \/>\n<link rel=\"canonical\" href=\"https:\/\/proagrolab.com.ar\/en\/union-europea-verificara-carne-bovina-de-paraguay-en-abril-de-este-ano\/\" \/>\n<meta property=\"og:locale\" content=\"en_US\" \/>\n<meta property=\"og:type\" content=\"article\" \/>\n<meta property=\"og:title\" content=\"Uni\u00f3n Europea verificar\u00e1 carne bovina de Paraguay en abril de este a\u00f1o. | Proagro\" \/>\n<meta property=\"og:description\" content=\"La Uni\u00f3n Europea enviar\u00e1 inspectores para verificar el hato ganadero paraguayo en el mes de abril, inform\u00f3 el titular de la Asociaci\u00f3n Rural del Paraguay (ARP), Germ\u00e1n Ruiz en el lanzamiento de la campa\u00f1a de vacunaci\u00f3n ganadera, realizada en el departamento Cordillera, donde asistieron el ministro de Agricultura, Jorge Gattini, y el titular del Senacsa, Hugo Idoyaga. Los inspectores de la UE llegar\u00e1n tras haberse nuevamente abierto el mercado de la uni\u00f3n a la carne paraguaya, despu\u00e9s de un per\u00edodo prolongado de suspensi\u00f3n por el \u00faltimo brote de fiebre aftosa que afecto a una zona productiva del pa\u00eds guaran\u00ed. Los t\u00e9cnicos prev\u00e9n revisar toda la documentaci\u00f3n oficial, as\u00ed como las certificaciones y los predios ganaderos que remiten ganado de exportaci\u00f3n.Ellos tambi\u00e9n visitar\u00e1n las plantas frigor\u00edficas exportadoras habilitadas, as\u00ed como sus dep\u00f3sitos frigor\u00edficos y plantas de fr\u00edo. Estos inspectores desarrollar\u00e1n una agenda de trabajo durante su estad\u00eda. Esto podr\u00eda incluir visitas a los frigor\u00edficos que mayor cantidad de carne han remitido hacia a ese mercado y que conforman los antiguos listados de empresas exportadoras hacia Europa. Es rutina de las inspecciones de los representantes de la UE revisar el sistema de identificaci\u00f3n y registros de los animales. Los mencionados documentos generalmente [&hellip;]\" \/>\n<meta property=\"og:url\" content=\"https:\/\/proagrolab.com.ar\/union-europea-verificara-carne-bovina-de-paraguay-en-abril-de-este-ano\/\" \/>\n<meta property=\"og:site_name\" content=\"Proagro\" \/>\n<meta property=\"article:publisher\" content=\"http:\/\/www.facebook.com\/proagrolab\" \/>\n<meta property=\"article:published_time\" content=\"2014-01-24T00:00:01+00:00\" \/>\n<meta property=\"og:image\" content=\"https:\/\/proagrolab.com.ar\/wp-content\/uploads\/2015\/01\/g_bjtnk165j__Vacas-18.jpg\" \/>\n\t<meta property=\"og:image:width\" content=\"450\" \/>\n\t<meta property=\"og:image:height\" content=\"208\" \/>\n\t<meta property=\"og:image:type\" content=\"image\/jpeg\" \/>\n<meta name=\"author\" content=\"proagrolab\" \/>\n<meta name=\"twitter:card\" content=\"summary_large_image\" \/>\n<meta name=\"twitter:label1\" content=\"Written by\" \/>\n\t<meta name=\"twitter:data1\" content=\"proagrolab\" \/>\n\t<meta name=\"twitter:label2\" content=\"Est. reading time\" \/>\n\t<meta name=\"twitter:data2\" content=\"1 minute\" \/>\n<script type=\"application\/ld+json\" class=\"yoast-schema-graph\">{\"@context\":\"https:\\\/\\\/schema.org\",\"@graph\":[{\"@type\":\"Article\",\"@id\":\"https:\\\/\\\/proagrolab.com.ar\\\/union-europea-verificara-carne-bovina-de-paraguay-en-abril-de-este-ano\\\/#article\",\"isPartOf\":{\"@id\":\"https:\\\/\\\/proagrolab.com.ar\\\/union-europea-verificara-carne-bovina-de-paraguay-en-abril-de-este-ano\\\/\"},\"author\":{\"name\":\"proagrolab\",\"@id\":\"https:\\\/\\\/proagrolab.com.ar\\\/#\\\/schema\\\/person\\\/38003ff90bf80381f71c7d922d207444\"},\"headline\":\"Uni\u00f3n Europea verificar\u00e1 carne bovina de Paraguay en abril de este a\u00f1o.\",\"datePublished\":\"2014-01-24T00:00:01+00:00\",\"mainEntityOfPage\":{\"@id\":\"https:\\\/\\\/proagrolab.com.ar\\\/union-europea-verificara-carne-bovina-de-paraguay-en-abril-de-este-ano\\\/\"},\"wordCount\":258,\"publisher\":{\"@id\":\"https:\\\/\\\/proagrolab.com.ar\\\/#organization\"},\"image\":{\"@id\":\"https:\\\/\\\/proagrolab.com.ar\\\/union-europea-verificara-carne-bovina-de-paraguay-en-abril-de-este-ano\\\/#primaryimage\"},\"thumbnailUrl\":\"https:\\\/\\\/proagrolab.com.ar\\\/wp-content\\\/uploads\\\/2015\\\/01\\\/g_bjtnk165j__Vacas-18.jpg\",\"articleSection\":[\"News\"],\"inLanguage\":\"en-US\"},{\"@type\":\"WebPage\",\"@id\":\"https:\\\/\\\/proagrolab.com.ar\\\/union-europea-verificara-carne-bovina-de-paraguay-en-abril-de-este-ano\\\/\",\"url\":\"https:\\\/\\\/proagrolab.com.ar\\\/union-europea-verificara-carne-bovina-de-paraguay-en-abril-de-este-ano\\\/\",\"name\":\"Uni\u00f3n Europea verificar\u00e1 carne bovina de Paraguay en abril de este a\u00f1o. | Proagro\",\"isPartOf\":{\"@id\":\"https:\\\/\\\/proagrolab.com.ar\\\/#website\"},\"primaryImageOfPage\":{\"@id\":\"https:\\\/\\\/proagrolab.com.ar\\\/union-europea-verificara-carne-bovina-de-paraguay-en-abril-de-este-ano\\\/#primaryimage\"},\"image\":{\"@id\":\"https:\\\/\\\/proagrolab.com.ar\\\/union-europea-verificara-carne-bovina-de-paraguay-en-abril-de-este-ano\\\/#primaryimage\"},\"thumbnailUrl\":\"https:\\\/\\\/proagrolab.com.ar\\\/wp-content\\\/uploads\\\/2015\\\/01\\\/g_bjtnk165j__Vacas-18.jpg\",\"datePublished\":\"2014-01-24T00:00:01+00:00\",\"breadcrumb\":{\"@id\":\"https:\\\/\\\/proagrolab.com.ar\\\/union-europea-verificara-carne-bovina-de-paraguay-en-abril-de-este-ano\\\/#breadcrumb\"},\"inLanguage\":\"en-US\",\"potentialAction\":[{\"@type\":\"ReadAction\",\"target\":[\"https:\\\/\\\/proagrolab.com.ar\\\/union-europea-verificara-carne-bovina-de-paraguay-en-abril-de-este-ano\\\/\"]}]},{\"@type\":\"ImageObject\",\"inLanguage\":\"en-US\",\"@id\":\"https:\\\/\\\/proagrolab.com.ar\\\/union-europea-verificara-carne-bovina-de-paraguay-en-abril-de-este-ano\\\/#primaryimage\",\"url\":\"https:\\\/\\\/proagrolab.com.ar\\\/wp-content\\\/uploads\\\/2015\\\/01\\\/g_bjtnk165j__Vacas-18.jpg\",\"contentUrl\":\"https:\\\/\\\/proagrolab.com.ar\\\/wp-content\\\/uploads\\\/2015\\\/01\\\/g_bjtnk165j__Vacas-18.jpg\",\"width\":450,\"height\":208},{\"@type\":\"BreadcrumbList\",\"@id\":\"https:\\\/\\\/proagrolab.com.ar\\\/union-europea-verificara-carne-bovina-de-paraguay-en-abril-de-este-ano\\\/#breadcrumb\",\"itemListElement\":[{\"@type\":\"ListItem\",\"position\":1,\"name\":\"Portada\",\"item\":\"https:\\\/\\\/proagrolab.com.ar\\\/\"},{\"@type\":\"ListItem\",\"position\":2,\"name\":\"Uni\u00f3n Europea verificar\u00e1 carne bovina de Paraguay en abril de este a\u00f1o.\"}]},{\"@type\":\"WebSite\",\"@id\":\"https:\\\/\\\/proagrolab.com.ar\\\/#website\",\"url\":\"https:\\\/\\\/proagrolab.com.ar\\\/\",\"name\":\"Proagro Laboratorio Veterinario\",\"description\":\"Veterinary laboratory\",\"publisher\":{\"@id\":\"https:\\\/\\\/proagrolab.com.ar\\\/#organization\"},\"potentialAction\":[{\"@type\":\"SearchAction\",\"target\":{\"@type\":\"EntryPoint\",\"urlTemplate\":\"https:\\\/\\\/proagrolab.com.ar\\\/?s={search_term_string}\"},\"query-input\":{\"@type\":\"PropertyValueSpecification\",\"valueRequired\":true,\"valueName\":\"search_term_string\"}}],\"inLanguage\":\"en-US\"},{\"@type\":\"Organization\",\"@id\":\"https:\\\/\\\/proagrolab.com.ar\\\/#organization\",\"name\":\"Proagro\",\"url\":\"https:\\\/\\\/proagrolab.com.ar\\\/\",\"logo\":{\"@type\":\"ImageObject\",\"inLanguage\":\"en-US\",\"@id\":\"https:\\\/\\\/proagrolab.com.ar\\\/#\\\/schema\\\/logo\\\/image\\\/\",\"url\":\"https:\\\/\\\/proagrolab.com.ar\\\/wp-content\\\/uploads\\\/2020\\\/04\\\/logo-retina.png\",\"contentUrl\":\"https:\\\/\\\/proagrolab.com.ar\\\/wp-content\\\/uploads\\\/2020\\\/04\\\/logo-retina.png\",\"width\":478,\"height\":120,\"caption\":\"Proagro\"},\"image\":{\"@id\":\"https:\\\/\\\/proagrolab.com.ar\\\/#\\\/schema\\\/logo\\\/image\\\/\"},\"sameAs\":[\"http:\\\/\\\/www.facebook.com\\\/proagrolab\",\"https:\\\/\\\/www.instagram.com\\\/proagrolab\\\/\",\"https:\\\/\\\/www.linkedin.com\\\/company\\\/laboratorio-proagro-s-a\\\/\"]},{\"@type\":\"Person\",\"@id\":\"https:\\\/\\\/proagrolab.com.ar\\\/#\\\/schema\\\/person\\\/38003ff90bf80381f71c7d922d207444\",\"name\":\"proagrolab\"}]}<\/script>\n<!-- \/ Yoast SEO plugin. -->","yoast_head_json":{"title":"Uni\u00f3n Europea verificar\u00e1 carne bovina de Paraguay en abril de este a\u00f1o. | Proagro","robots":{"index":"index","follow":"follow","max-snippet":"max-snippet:-1","max-image-preview":"max-image-preview:large","max-video-preview":"max-video-preview:-1"},"canonical":"https:\/\/proagrolab.com.ar\/en\/union-europea-verificara-carne-bovina-de-paraguay-en-abril-de-este-ano\/","og_locale":"en_US","og_type":"article","og_title":"Uni\u00f3n Europea verificar\u00e1 carne bovina de Paraguay en abril de este a\u00f1o. | Proagro","og_description":"La Uni\u00f3n Europea enviar\u00e1 inspectores para verificar el hato ganadero paraguayo en el mes de abril, inform\u00f3 el titular de la Asociaci\u00f3n Rural del Paraguay (ARP), Germ\u00e1n Ruiz en el lanzamiento de la campa\u00f1a de vacunaci\u00f3n ganadera, realizada en el departamento Cordillera, donde asistieron el ministro de Agricultura, Jorge Gattini, y el titular del Senacsa, Hugo Idoyaga. Los inspectores de la UE llegar\u00e1n tras haberse nuevamente abierto el mercado de la uni\u00f3n a la carne paraguaya, despu\u00e9s de un per\u00edodo prolongado de suspensi\u00f3n por el \u00faltimo brote de fiebre aftosa que afecto a una zona productiva del pa\u00eds guaran\u00ed. Los t\u00e9cnicos prev\u00e9n revisar toda la documentaci\u00f3n oficial, as\u00ed como las certificaciones y los predios ganaderos que remiten ganado de exportaci\u00f3n.Ellos tambi\u00e9n visitar\u00e1n las plantas frigor\u00edficas exportadoras habilitadas, as\u00ed como sus dep\u00f3sitos frigor\u00edficos y plantas de fr\u00edo. Estos inspectores desarrollar\u00e1n una agenda de trabajo durante su estad\u00eda. Esto podr\u00eda incluir visitas a los frigor\u00edficos que mayor cantidad de carne han remitido hacia a ese mercado y que conforman los antiguos listados de empresas exportadoras hacia Europa. Es rutina de las inspecciones de los representantes de la UE revisar el sistema de identificaci\u00f3n y registros de los animales. Los mencionados documentos generalmente [&hellip;]","og_url":"https:\/\/proagrolab.com.ar\/union-europea-verificara-carne-bovina-de-paraguay-en-abril-de-este-ano\/","og_site_name":"Proagro","article_publisher":"http:\/\/www.facebook.com\/proagrolab","article_published_time":"2014-01-24T00:00:01+00:00","og_image":[{"width":450,"height":208,"url":"https:\/\/proagrolab.com.ar\/wp-content\/uploads\/2015\/01\/g_bjtnk165j__Vacas-18.jpg","type":"image\/jpeg"}],"author":"proagrolab","twitter_card":"summary_large_image","twitter_misc":{"Written by":"proagrolab","Est. reading time":"1 minute"},"schema":{"@context":"https:\/\/schema.org","@graph":[{"@type":"Article","@id":"https:\/\/proagrolab.com.ar\/union-europea-verificara-carne-bovina-de-paraguay-en-abril-de-este-ano\/#article","isPartOf":{"@id":"https:\/\/proagrolab.com.ar\/union-europea-verificara-carne-bovina-de-paraguay-en-abril-de-este-ano\/"},"author":{"name":"proagrolab","@id":"https:\/\/proagrolab.com.ar\/#\/schema\/person\/38003ff90bf80381f71c7d922d207444"},"headline":"Uni\u00f3n Europea verificar\u00e1 carne bovina de Paraguay en abril de este a\u00f1o.","datePublished":"2014-01-24T00:00:01+00:00","mainEntityOfPage":{"@id":"https:\/\/proagrolab.com.ar\/union-europea-verificara-carne-bovina-de-paraguay-en-abril-de-este-ano\/"},"wordCount":258,"publisher":{"@id":"https:\/\/proagrolab.com.ar\/#organization"},"image":{"@id":"https:\/\/proagrolab.com.ar\/union-europea-verificara-carne-bovina-de-paraguay-en-abril-de-este-ano\/#primaryimage"},"thumbnailUrl":"https:\/\/proagrolab.com.ar\/wp-content\/uploads\/2015\/01\/g_bjtnk165j__Vacas-18.jpg","articleSection":["News"],"inLanguage":"en-US"},{"@type":"WebPage","@id":"https:\/\/proagrolab.com.ar\/union-europea-verificara-carne-bovina-de-paraguay-en-abril-de-este-ano\/","url":"https:\/\/proagrolab.com.ar\/union-europea-verificara-carne-bovina-de-paraguay-en-abril-de-este-ano\/","name":"Uni\u00f3n Europea verificar\u00e1 carne bovina de Paraguay en abril de este a\u00f1o. | Proagro","isPartOf":{"@id":"https:\/\/proagrolab.com.ar\/#website"},"primaryImageOfPage":{"@id":"https:\/\/proagrolab.com.ar\/union-europea-verificara-carne-bovina-de-paraguay-en-abril-de-este-ano\/#primaryimage"},"image":{"@id":"https:\/\/proagrolab.com.ar\/union-europea-verificara-carne-bovina-de-paraguay-en-abril-de-este-ano\/#primaryimage"},"thumbnailUrl":"https:\/\/proagrolab.com.ar\/wp-content\/uploads\/2015\/01\/g_bjtnk165j__Vacas-18.jpg","datePublished":"2014-01-24T00:00:01+00:00","breadcrumb":{"@id":"https:\/\/proagrolab.com.ar\/union-europea-verificara-carne-bovina-de-paraguay-en-abril-de-este-ano\/#breadcrumb"},"inLanguage":"en-US","potentialAction":[{"@type":"ReadAction","target":["https:\/\/proagrolab.com.ar\/union-europea-verificara-carne-bovina-de-paraguay-en-abril-de-este-ano\/"]}]},{"@type":"ImageObject","inLanguage":"en-US","@id":"https:\/\/proagrolab.com.ar\/union-europea-verificara-carne-bovina-de-paraguay-en-abril-de-este-ano\/#primaryimage","url":"https:\/\/proagrolab.com.ar\/wp-content\/uploads\/2015\/01\/g_bjtnk165j__Vacas-18.jpg","contentUrl":"https:\/\/proagrolab.com.ar\/wp-content\/uploads\/2015\/01\/g_bjtnk165j__Vacas-18.jpg","width":450,"height":208},{"@type":"BreadcrumbList","@id":"https:\/\/proagrolab.com.ar\/union-europea-verificara-carne-bovina-de-paraguay-en-abril-de-este-ano\/#breadcrumb","itemListElement":[{"@type":"ListItem","position":1,"name":"Portada","item":"https:\/\/proagrolab.com.ar\/"},{"@type":"ListItem","position":2,"name":"Uni\u00f3n Europea verificar\u00e1 carne bovina de Paraguay en abril de este a\u00f1o."}]},{"@type":"WebSite","@id":"https:\/\/proagrolab.com.ar\/#website","url":"https:\/\/proagrolab.com.ar\/","name":"Proagro Laboratorio Veterinario","description":"Veterinary laboratory","publisher":{"@id":"https:\/\/proagrolab.com.ar\/#organization"},"potentialAction":[{"@type":"SearchAction","target":{"@type":"EntryPoint","urlTemplate":"https:\/\/proagrolab.com.ar\/?s={search_term_string}"},"query-input":{"@type":"PropertyValueSpecification","valueRequired":true,"valueName":"search_term_string"}}],"inLanguage":"en-US"},{"@type":"Organization","@id":"https:\/\/proagrolab.com.ar\/#organization","name":"Proagro","url":"https:\/\/proagrolab.com.ar\/","logo":{"@type":"ImageObject","inLanguage":"en-US","@id":"https:\/\/proagrolab.com.ar\/#\/schema\/logo\/image\/","url":"https:\/\/proagrolab.com.ar\/wp-content\/uploads\/2020\/04\/logo-retina.png","contentUrl":"https:\/\/proagrolab.com.ar\/wp-content\/uploads\/2020\/04\/logo-retina.png","width":478,"height":120,"caption":"Proagro"},"image":{"@id":"https:\/\/proagrolab.com.ar\/#\/schema\/logo\/image\/"},"sameAs":["http:\/\/www.facebook.com\/proagrolab","https:\/\/www.instagram.com\/proagrolab\/","https:\/\/www.linkedin.com\/company\/laboratorio-proagro-s-a\/"]},{"@type":"Person","@id":"https:\/\/proagrolab.com.ar\/#\/schema\/person\/38003ff90bf80381f71c7d922d207444","name":"proagrolab"}]}},"_links":{"self":[{"href":"https:\/\/proagrolab.com.ar\/en\/wp-json\/wp\/v2\/posts\/5905","targetHints":{"allow":["GET"]}}],"collection":[{"href":"https:\/\/proagrolab.com.ar\/en\/wp-json\/wp\/v2\/posts"}],"about":[{"href":"https:\/\/proagrolab.com.ar\/en\/wp-json\/wp\/v2\/types\/post"}],"author":[{"embeddable":true,"href":"https:\/\/proagrolab.com.ar\/en\/wp-json\/wp\/v2\/users\/2"}],"replies":[{"embeddable":true,"href":"https:\/\/proagrolab.com.ar\/en\/wp-json\/wp\/v2\/comments?post=5905"}],"version-history":[{"count":0,"href":"https:\/\/proagrolab.com.ar\/en\/wp-json\/wp\/v2\/posts\/5905\/revisions"}],"wp:featuredmedia":[{"embeddable":true,"href":"https:\/\/proagrolab.com.ar\/en\/wp-json\/wp\/v2\/media\/2391"}],"wp:attachment":[{"href":"https:\/\/proagrolab.com.ar\/en\/wp-json\/wp\/v2\/media?parent=5905"}],"wp:term":[{"taxonomy":"category","embeddable":true,"href":"https:\/\/proagrolab.com.ar\/en\/wp-json\/wp\/v2\/categories?post=5905"},{"taxonomy":"post_tag","embeddable":true,"href":"https:\/\/proagrolab.com.ar\/en\/wp-json\/wp\/v2\/tags?post=5905"}],"curies":[{"name":"wp","href":"https:\/\/api.w.org\/{rel}","templated":true}]}}