{"id":5899,"date":"2014-01-21T00:00:01","date_gmt":"2014-01-21T00:00:01","guid":{"rendered":"https:\/\/proagrolab.com.ar\/volveran-a-aumentar-las-exportaciones-del-mercosur-en-2014\/"},"modified":"2014-01-21T00:00:01","modified_gmt":"2014-01-21T00:00:01","slug":"volveran-a-aumentar-las-exportaciones-del-mercosur-en-2014","status":"publish","type":"post","link":"https:\/\/proagrolab.com.ar\/en\/volveran-a-aumentar-las-exportaciones-del-mercosur-en-2014\/","title":{"rendered":"Volver\u00e1n a aumentar las exportaciones del Mercosur en 2014."},"content":{"rendered":"<p class=\"qtranxs-available-languages-message qtranxs-available-languages-message-en\"> <\/p><p>Una producci\u00f3n sostenida, la mejora de la competitividad debido a la devaluaci\u00f3n de las monedas locales, las ca\u00eddas en las colocaciones de algunos pa\u00edses competidores y los buenos niveles de demanda internacional har\u00e1n crecer nuevamente las exportaciones de carne vacuna del Mercosur, regi\u00f3n que se consolidar\u00e1 como la principal proveedora del producto al mundo.<\/p>\n<p>Luego de haber embarcado unos 1,77 millones de toneladas en 2013, la expectativa es que este a\u00f1o se aproxime a 1,9 millones, con un aumento de entre 100 mil y 150 mil toneladas. Ser\u00e1 el mayor volumen exportado por la regi\u00f3n desde los picos hist\u00f3ricos de 2006-07.<\/p>\n<p>Fuente: Valor Carne, 20 de enero.<br \/><\/p>","protected":false},"excerpt":{"rendered":"<p>Una producci\u00f3n sostenida, la mejora de la competitividad debido a la devaluaci\u00f3n de las monedas locales, las ca\u00eddas en las colocaciones de algunos pa\u00edses competidores y los buenos niveles de demanda internacional har\u00e1n crecer nuevamente las exportaciones de carne vacuna del Mercosur, regi\u00f3n que se consolidar\u00e1 como la principal proveedora del producto al mundo. Luego de haber embarcado unos 1,77 millones de toneladas en 2013, la expectativa es que este a\u00f1o se aproxime a 1,9 millones, con un aumento de entre 100 mil y 150 mil toneladas. Ser\u00e1 el mayor volumen exportado por la regi\u00f3n desde los picos hist\u00f3ricos de 2006-07. Fuente: Valor Carne, 20 de enero.<\/p>\n","protected":false},"author":2,"featured_media":2385,"comment_status":"closed","ping_status":"open","sticky":false,"template":"","format":"standard","meta":{"_acf_changed":false,"footnotes":""},"categories":[56],"tags":[],"class_list":["post-5899","post","type-post","status-publish","format-standard","has-post-thumbnail","hentry","category-infoganadero"],"acf":[],"yoast_head":"<!-- This site is optimized with the Yoast SEO plugin v27.4 - https:\/\/yoast.com\/product\/yoast-seo-wordpress\/ -->\n<title>Volver\u00e1n a aumentar las exportaciones del Mercosur en 2014. | Proagro<\/title>\n<meta name=\"robots\" content=\"index, follow, max-snippet:-1, max-image-preview:large, max-video-preview:-1\" \/>\n<link rel=\"canonical\" href=\"https:\/\/proagrolab.com.ar\/en\/volveran-a-aumentar-las-exportaciones-del-mercosur-en-2014\/\" \/>\n<meta property=\"og:locale\" content=\"en_US\" \/>\n<meta property=\"og:type\" content=\"article\" \/>\n<meta property=\"og:title\" content=\"Volver\u00e1n a aumentar las exportaciones del Mercosur en 2014. | Proagro\" \/>\n<meta property=\"og:description\" content=\"Una producci\u00f3n sostenida, la mejora de la competitividad debido a la devaluaci\u00f3n de las monedas locales, las ca\u00eddas en las colocaciones de algunos pa\u00edses competidores y los buenos niveles de demanda internacional har\u00e1n crecer nuevamente las exportaciones de carne vacuna del Mercosur, regi\u00f3n que se consolidar\u00e1 como la principal proveedora del producto al mundo. Luego de haber embarcado unos 1,77 millones de toneladas en 2013, la expectativa es que este a\u00f1o se aproxime a 1,9 millones, con un aumento de entre 100 mil y 150 mil toneladas. Ser\u00e1 el mayor volumen exportado por la regi\u00f3n desde los picos hist\u00f3ricos de 2006-07. Fuente: Valor Carne, 20 de enero.\" \/>\n<meta property=\"og:url\" content=\"https:\/\/proagrolab.com.ar\/volveran-a-aumentar-las-exportaciones-del-mercosur-en-2014\/\" \/>\n<meta property=\"og:site_name\" content=\"Proagro\" \/>\n<meta property=\"article:publisher\" content=\"http:\/\/www.facebook.com\/proagrolab\" \/>\n<meta property=\"article:published_time\" content=\"2014-01-21T00:00:01+00:00\" \/>\n<meta property=\"og:image\" content=\"https:\/\/proagrolab.com.ar\/wp-content\/uploads\/2015\/01\/g_wmg3dhv9d__Frigor\u00edfico-4.jpg\" \/>\n\t<meta property=\"og:image:width\" content=\"1\" \/>\n\t<meta property=\"og:image:height\" content=\"1\" \/>\n\t<meta property=\"og:image:type\" content=\"image\/jpeg\" \/>\n<meta name=\"author\" content=\"proagrolab\" \/>\n<meta name=\"twitter:card\" content=\"summary_large_image\" \/>\n<meta name=\"twitter:label1\" content=\"Written by\" \/>\n\t<meta name=\"twitter:data1\" content=\"proagrolab\" \/>\n\t<meta name=\"twitter:label2\" content=\"Est. reading time\" \/>\n\t<meta name=\"twitter:data2\" content=\"1 minute\" \/>\n<script type=\"application\/ld+json\" class=\"yoast-schema-graph\">{\"@context\":\"https:\\\/\\\/schema.org\",\"@graph\":[{\"@type\":\"Article\",\"@id\":\"https:\\\/\\\/proagrolab.com.ar\\\/volveran-a-aumentar-las-exportaciones-del-mercosur-en-2014\\\/#article\",\"isPartOf\":{\"@id\":\"https:\\\/\\\/proagrolab.com.ar\\\/volveran-a-aumentar-las-exportaciones-del-mercosur-en-2014\\\/\"},\"author\":{\"name\":\"proagrolab\",\"@id\":\"https:\\\/\\\/proagrolab.com.ar\\\/#\\\/schema\\\/person\\\/38003ff90bf80381f71c7d922d207444\"},\"headline\":\"Volver\u00e1n a aumentar las exportaciones del Mercosur en 2014.\",\"datePublished\":\"2014-01-21T00:00:01+00:00\",\"mainEntityOfPage\":{\"@id\":\"https:\\\/\\\/proagrolab.com.ar\\\/volveran-a-aumentar-las-exportaciones-del-mercosur-en-2014\\\/\"},\"wordCount\":119,\"publisher\":{\"@id\":\"https:\\\/\\\/proagrolab.com.ar\\\/#organization\"},\"image\":{\"@id\":\"https:\\\/\\\/proagrolab.com.ar\\\/volveran-a-aumentar-las-exportaciones-del-mercosur-en-2014\\\/#primaryimage\"},\"thumbnailUrl\":\"https:\\\/\\\/proagrolab.com.ar\\\/wp-content\\\/uploads\\\/2015\\\/01\\\/g_wmg3dhv9d__Frigor\u00edfico-4.jpg\",\"articleSection\":[\"News\"],\"inLanguage\":\"en-US\"},{\"@type\":\"WebPage\",\"@id\":\"https:\\\/\\\/proagrolab.com.ar\\\/volveran-a-aumentar-las-exportaciones-del-mercosur-en-2014\\\/\",\"url\":\"https:\\\/\\\/proagrolab.com.ar\\\/volveran-a-aumentar-las-exportaciones-del-mercosur-en-2014\\\/\",\"name\":\"Volver\u00e1n a aumentar las exportaciones del Mercosur en 2014. | Proagro\",\"isPartOf\":{\"@id\":\"https:\\\/\\\/proagrolab.com.ar\\\/#website\"},\"primaryImageOfPage\":{\"@id\":\"https:\\\/\\\/proagrolab.com.ar\\\/volveran-a-aumentar-las-exportaciones-del-mercosur-en-2014\\\/#primaryimage\"},\"image\":{\"@id\":\"https:\\\/\\\/proagrolab.com.ar\\\/volveran-a-aumentar-las-exportaciones-del-mercosur-en-2014\\\/#primaryimage\"},\"thumbnailUrl\":\"https:\\\/\\\/proagrolab.com.ar\\\/wp-content\\\/uploads\\\/2015\\\/01\\\/g_wmg3dhv9d__Frigor\u00edfico-4.jpg\",\"datePublished\":\"2014-01-21T00:00:01+00:00\",\"breadcrumb\":{\"@id\":\"https:\\\/\\\/proagrolab.com.ar\\\/volveran-a-aumentar-las-exportaciones-del-mercosur-en-2014\\\/#breadcrumb\"},\"inLanguage\":\"en-US\",\"potentialAction\":[{\"@type\":\"ReadAction\",\"target\":[\"https:\\\/\\\/proagrolab.com.ar\\\/volveran-a-aumentar-las-exportaciones-del-mercosur-en-2014\\\/\"]}]},{\"@type\":\"ImageObject\",\"inLanguage\":\"en-US\",\"@id\":\"https:\\\/\\\/proagrolab.com.ar\\\/volveran-a-aumentar-las-exportaciones-del-mercosur-en-2014\\\/#primaryimage\",\"url\":\"https:\\\/\\\/proagrolab.com.ar\\\/wp-content\\\/uploads\\\/2015\\\/01\\\/g_wmg3dhv9d__Frigor\u00edfico-4.jpg\",\"contentUrl\":\"https:\\\/\\\/proagrolab.com.ar\\\/wp-content\\\/uploads\\\/2015\\\/01\\\/g_wmg3dhv9d__Frigor\u00edfico-4.jpg\"},{\"@type\":\"BreadcrumbList\",\"@id\":\"https:\\\/\\\/proagrolab.com.ar\\\/volveran-a-aumentar-las-exportaciones-del-mercosur-en-2014\\\/#breadcrumb\",\"itemListElement\":[{\"@type\":\"ListItem\",\"position\":1,\"name\":\"Portada\",\"item\":\"https:\\\/\\\/proagrolab.com.ar\\\/\"},{\"@type\":\"ListItem\",\"position\":2,\"name\":\"Volver\u00e1n a aumentar las exportaciones del Mercosur en 2014.\"}]},{\"@type\":\"WebSite\",\"@id\":\"https:\\\/\\\/proagrolab.com.ar\\\/#website\",\"url\":\"https:\\\/\\\/proagrolab.com.ar\\\/\",\"name\":\"Proagro Laboratorio Veterinario\",\"description\":\"Veterinary laboratory\",\"publisher\":{\"@id\":\"https:\\\/\\\/proagrolab.com.ar\\\/#organization\"},\"potentialAction\":[{\"@type\":\"SearchAction\",\"target\":{\"@type\":\"EntryPoint\",\"urlTemplate\":\"https:\\\/\\\/proagrolab.com.ar\\\/?s={search_term_string}\"},\"query-input\":{\"@type\":\"PropertyValueSpecification\",\"valueRequired\":true,\"valueName\":\"search_term_string\"}}],\"inLanguage\":\"en-US\"},{\"@type\":\"Organization\",\"@id\":\"https:\\\/\\\/proagrolab.com.ar\\\/#organization\",\"name\":\"Proagro\",\"url\":\"https:\\\/\\\/proagrolab.com.ar\\\/\",\"logo\":{\"@type\":\"ImageObject\",\"inLanguage\":\"en-US\",\"@id\":\"https:\\\/\\\/proagrolab.com.ar\\\/#\\\/schema\\\/logo\\\/image\\\/\",\"url\":\"https:\\\/\\\/proagrolab.com.ar\\\/wp-content\\\/uploads\\\/2020\\\/04\\\/logo-retina.png\",\"contentUrl\":\"https:\\\/\\\/proagrolab.com.ar\\\/wp-content\\\/uploads\\\/2020\\\/04\\\/logo-retina.png\",\"width\":478,\"height\":120,\"caption\":\"Proagro\"},\"image\":{\"@id\":\"https:\\\/\\\/proagrolab.com.ar\\\/#\\\/schema\\\/logo\\\/image\\\/\"},\"sameAs\":[\"http:\\\/\\\/www.facebook.com\\\/proagrolab\",\"https:\\\/\\\/www.instagram.com\\\/proagrolab\\\/\",\"https:\\\/\\\/www.linkedin.com\\\/company\\\/laboratorio-proagro-s-a\\\/\"]},{\"@type\":\"Person\",\"@id\":\"https:\\\/\\\/proagrolab.com.ar\\\/#\\\/schema\\\/person\\\/38003ff90bf80381f71c7d922d207444\",\"name\":\"proagrolab\"}]}<\/script>\n<!-- \/ Yoast SEO plugin. -->","yoast_head_json":{"title":"Volver\u00e1n a aumentar las exportaciones del Mercosur en 2014. | Proagro","robots":{"index":"index","follow":"follow","max-snippet":"max-snippet:-1","max-image-preview":"max-image-preview:large","max-video-preview":"max-video-preview:-1"},"canonical":"https:\/\/proagrolab.com.ar\/en\/volveran-a-aumentar-las-exportaciones-del-mercosur-en-2014\/","og_locale":"en_US","og_type":"article","og_title":"Volver\u00e1n a aumentar las exportaciones del Mercosur en 2014. | Proagro","og_description":"Una producci\u00f3n sostenida, la mejora de la competitividad debido a la devaluaci\u00f3n de las monedas locales, las ca\u00eddas en las colocaciones de algunos pa\u00edses competidores y los buenos niveles de demanda internacional har\u00e1n crecer nuevamente las exportaciones de carne vacuna del Mercosur, regi\u00f3n que se consolidar\u00e1 como la principal proveedora del producto al mundo. Luego de haber embarcado unos 1,77 millones de toneladas en 2013, la expectativa es que este a\u00f1o se aproxime a 1,9 millones, con un aumento de entre 100 mil y 150 mil toneladas. Ser\u00e1 el mayor volumen exportado por la regi\u00f3n desde los picos hist\u00f3ricos de 2006-07. Fuente: Valor Carne, 20 de enero.","og_url":"https:\/\/proagrolab.com.ar\/volveran-a-aumentar-las-exportaciones-del-mercosur-en-2014\/","og_site_name":"Proagro","article_publisher":"http:\/\/www.facebook.com\/proagrolab","article_published_time":"2014-01-21T00:00:01+00:00","og_image":[{"url":"https:\/\/proagrolab.com.ar\/wp-content\/uploads\/2015\/01\/g_wmg3dhv9d__Frigor\u00edfico-4.jpg","width":1,"height":1,"type":"image\/jpeg"}],"author":"proagrolab","twitter_card":"summary_large_image","twitter_misc":{"Written by":"proagrolab","Est. reading time":"1 minute"},"schema":{"@context":"https:\/\/schema.org","@graph":[{"@type":"Article","@id":"https:\/\/proagrolab.com.ar\/volveran-a-aumentar-las-exportaciones-del-mercosur-en-2014\/#article","isPartOf":{"@id":"https:\/\/proagrolab.com.ar\/volveran-a-aumentar-las-exportaciones-del-mercosur-en-2014\/"},"author":{"name":"proagrolab","@id":"https:\/\/proagrolab.com.ar\/#\/schema\/person\/38003ff90bf80381f71c7d922d207444"},"headline":"Volver\u00e1n a aumentar las exportaciones del Mercosur en 2014.","datePublished":"2014-01-21T00:00:01+00:00","mainEntityOfPage":{"@id":"https:\/\/proagrolab.com.ar\/volveran-a-aumentar-las-exportaciones-del-mercosur-en-2014\/"},"wordCount":119,"publisher":{"@id":"https:\/\/proagrolab.com.ar\/#organization"},"image":{"@id":"https:\/\/proagrolab.com.ar\/volveran-a-aumentar-las-exportaciones-del-mercosur-en-2014\/#primaryimage"},"thumbnailUrl":"https:\/\/proagrolab.com.ar\/wp-content\/uploads\/2015\/01\/g_wmg3dhv9d__Frigor\u00edfico-4.jpg","articleSection":["News"],"inLanguage":"en-US"},{"@type":"WebPage","@id":"https:\/\/proagrolab.com.ar\/volveran-a-aumentar-las-exportaciones-del-mercosur-en-2014\/","url":"https:\/\/proagrolab.com.ar\/volveran-a-aumentar-las-exportaciones-del-mercosur-en-2014\/","name":"Volver\u00e1n a aumentar las exportaciones del Mercosur en 2014. | Proagro","isPartOf":{"@id":"https:\/\/proagrolab.com.ar\/#website"},"primaryImageOfPage":{"@id":"https:\/\/proagrolab.com.ar\/volveran-a-aumentar-las-exportaciones-del-mercosur-en-2014\/#primaryimage"},"image":{"@id":"https:\/\/proagrolab.com.ar\/volveran-a-aumentar-las-exportaciones-del-mercosur-en-2014\/#primaryimage"},"thumbnailUrl":"https:\/\/proagrolab.com.ar\/wp-content\/uploads\/2015\/01\/g_wmg3dhv9d__Frigor\u00edfico-4.jpg","datePublished":"2014-01-21T00:00:01+00:00","breadcrumb":{"@id":"https:\/\/proagrolab.com.ar\/volveran-a-aumentar-las-exportaciones-del-mercosur-en-2014\/#breadcrumb"},"inLanguage":"en-US","potentialAction":[{"@type":"ReadAction","target":["https:\/\/proagrolab.com.ar\/volveran-a-aumentar-las-exportaciones-del-mercosur-en-2014\/"]}]},{"@type":"ImageObject","inLanguage":"en-US","@id":"https:\/\/proagrolab.com.ar\/volveran-a-aumentar-las-exportaciones-del-mercosur-en-2014\/#primaryimage","url":"https:\/\/proagrolab.com.ar\/wp-content\/uploads\/2015\/01\/g_wmg3dhv9d__Frigor\u00edfico-4.jpg","contentUrl":"https:\/\/proagrolab.com.ar\/wp-content\/uploads\/2015\/01\/g_wmg3dhv9d__Frigor\u00edfico-4.jpg"},{"@type":"BreadcrumbList","@id":"https:\/\/proagrolab.com.ar\/volveran-a-aumentar-las-exportaciones-del-mercosur-en-2014\/#breadcrumb","itemListElement":[{"@type":"ListItem","position":1,"name":"Portada","item":"https:\/\/proagrolab.com.ar\/"},{"@type":"ListItem","position":2,"name":"Volver\u00e1n a aumentar las exportaciones del Mercosur en 2014."}]},{"@type":"WebSite","@id":"https:\/\/proagrolab.com.ar\/#website","url":"https:\/\/proagrolab.com.ar\/","name":"Proagro Laboratorio Veterinario","description":"Veterinary laboratory","publisher":{"@id":"https:\/\/proagrolab.com.ar\/#organization"},"potentialAction":[{"@type":"SearchAction","target":{"@type":"EntryPoint","urlTemplate":"https:\/\/proagrolab.com.ar\/?s={search_term_string}"},"query-input":{"@type":"PropertyValueSpecification","valueRequired":true,"valueName":"search_term_string"}}],"inLanguage":"en-US"},{"@type":"Organization","@id":"https:\/\/proagrolab.com.ar\/#organization","name":"Proagro","url":"https:\/\/proagrolab.com.ar\/","logo":{"@type":"ImageObject","inLanguage":"en-US","@id":"https:\/\/proagrolab.com.ar\/#\/schema\/logo\/image\/","url":"https:\/\/proagrolab.com.ar\/wp-content\/uploads\/2020\/04\/logo-retina.png","contentUrl":"https:\/\/proagrolab.com.ar\/wp-content\/uploads\/2020\/04\/logo-retina.png","width":478,"height":120,"caption":"Proagro"},"image":{"@id":"https:\/\/proagrolab.com.ar\/#\/schema\/logo\/image\/"},"sameAs":["http:\/\/www.facebook.com\/proagrolab","https:\/\/www.instagram.com\/proagrolab\/","https:\/\/www.linkedin.com\/company\/laboratorio-proagro-s-a\/"]},{"@type":"Person","@id":"https:\/\/proagrolab.com.ar\/#\/schema\/person\/38003ff90bf80381f71c7d922d207444","name":"proagrolab"}]}},"_links":{"self":[{"href":"https:\/\/proagrolab.com.ar\/en\/wp-json\/wp\/v2\/posts\/5899","targetHints":{"allow":["GET"]}}],"collection":[{"href":"https:\/\/proagrolab.com.ar\/en\/wp-json\/wp\/v2\/posts"}],"about":[{"href":"https:\/\/proagrolab.com.ar\/en\/wp-json\/wp\/v2\/types\/post"}],"author":[{"embeddable":true,"href":"https:\/\/proagrolab.com.ar\/en\/wp-json\/wp\/v2\/users\/2"}],"replies":[{"embeddable":true,"href":"https:\/\/proagrolab.com.ar\/en\/wp-json\/wp\/v2\/comments?post=5899"}],"version-history":[{"count":0,"href":"https:\/\/proagrolab.com.ar\/en\/wp-json\/wp\/v2\/posts\/5899\/revisions"}],"wp:featuredmedia":[{"embeddable":true,"href":"https:\/\/proagrolab.com.ar\/en\/wp-json\/wp\/v2\/media\/2385"}],"wp:attachment":[{"href":"https:\/\/proagrolab.com.ar\/en\/wp-json\/wp\/v2\/media?parent=5899"}],"wp:term":[{"taxonomy":"category","embeddable":true,"href":"https:\/\/proagrolab.com.ar\/en\/wp-json\/wp\/v2\/categories?post=5899"},{"taxonomy":"post_tag","embeddable":true,"href":"https:\/\/proagrolab.com.ar\/en\/wp-json\/wp\/v2\/tags?post=5899"}],"curies":[{"name":"wp","href":"https:\/\/api.w.org\/{rel}","templated":true}]}}