{"id":5897,"date":"2014-01-20T00:00:01","date_gmt":"2014-01-20T00:00:01","guid":{"rendered":"https:\/\/proagrolab.com.ar\/en-el-tambo-ducha-fria-y-mas-sombra\/"},"modified":"2014-01-20T00:00:01","modified_gmt":"2014-01-20T00:00:01","slug":"en-el-tambo-ducha-fria-y-mas-sombra","status":"publish","type":"post","link":"https:\/\/proagrolab.com.ar\/en\/en-el-tambo-ducha-fria-y-mas-sombra\/","title":{"rendered":"En el tambo, ducha fr\u00eda y m\u00e1s sombra."},"content":{"rendered":"<p class=\"qtranxs-available-languages-message qtranxs-available-languages-message-en\"> <\/p><p>El calor puede bajar la producci\u00f3n de leche. S\u00f3lo el 20% de los tambos cuenta con la infraestructura necesaria para mitigarlo, seg\u00fan el INTA.<\/p>\n<p>La agobiante ola de calor que termin\u00f3 en los primeros d\u00edas de enero fue la m\u00e1s importante de los \u00faltimos 100 a\u00f1os, seg\u00fan el Servicio Meteorol\u00f3gico Nacional, y la m\u00e1s severa que enfrent\u00f3 la cuenca lechera de Santa Fe y C\u00f3rdoba, en donde los vacas pasaron 22 d\u00edas bajo condiciones de estr\u00e9s t\u00e9rmico.<\/p>\n<p>Un grupo de t\u00e9cnicos del INTA Rafaela analiz\u00f3 los indicadores de este primer tramo del verano y concluy\u00f3 que el \u00edndice de temperatura y humedad (ITH), en promedio, fue de 76,9 puntos durante los 22 d\u00edas de calor extremo. Estuvo casi cinco puntos arriba del valor l\u00edmite que establece estr\u00e9s t\u00e9rmico en los animales (72 ITH) y con el agravante de que se registraron picos muy elevados de 87,9 ITH en la cuenca lechera central, en los \u00faltimos d\u00edas de 2013.<\/p>\n<p>El problema es que la mayor\u00eda de los tambos todav\u00eda no est\u00e1n lo suficientemente preparados para enfrentar el calor. Por eso se pierden unos 300 millones de pesos cada verano por la dr\u00e1stica ca\u00edda en el ritmo del orde\u00f1e, seg\u00fan estimaciones del INTA.<\/p>\n<p>En el trabajo del INTA Rafaela, que elaboraron los t\u00e9cnicos Miguel Taverna, Laura Gastaldi, Jorge Ghiano y Emilio Walter, se advierte que en este contexto el rodeo lechero, sobre todo las vacas en lactancia, presenta un alto riesgo de sufrir estr\u00e9s t\u00e9rmico y se reconoce que la falta de infraestructura para mitigar las altas temperaturas complica el manejo.<\/p>\n<p>El estudio indica que menos del 20% de los tambos disponen de sombra natural suficiente para todas las categor\u00edas de animales y que no llega al 30% la cantidad de establecimientos que cuentan con sombra artificial en potreros o corrales de encierre.<\/p>\n<p>Adem\u00e1s, m\u00e1s de la mitad de los tambos no tiene sombra en el corral de espera de la sala de orde\u00f1e y menos del 10% disponen de sombra y sistema de ventilaci\u00f3n\/aspersi\u00f3n (para duchar a los animales), a pasar de que es una instalaci\u00f3n recomendada para reducir el estr\u00e9s cal\u00f3rico.<\/p>\n<p>Por la falta de esta infraestructura, durante la ola de calor el rodeo estuvo en condiciones de estr\u00e9s t\u00e9rmico desde las 7.30 y hasta las 00.30. L\u00f3gicamente, la franja horaria m\u00e1s cr\u00edtica fue la comprendida entre las 12.50 y las 18.20.<\/p>\n<p>Para evaluar hasta qu\u00e9 punto est\u00e1n afectados los animales, hay algunos indicadores que los tamberos pueden tomar en cuenta.<\/p>\n<p>Las vacas agobiadas por el calor aumentan su ritmo respiratorio: el normal es de entre 35 a 50 movimientos por minuto y cuando est\u00e1n estresadas superan los 80 movimientos. Adem\u00e1s, respiran con la boca abierta (jadeo) y la lengua les cuelga de la boca. Tambi\u00e9n es frecuente que la salivaci\u00f3n sea excesiva y que pierdan saliva por la boca.<\/p>\n<p>Otra cuestiones que delatan una situaci\u00f3n de estr\u00e9s t\u00e9rmico son la disminuci\u00f3n de la rumia, el descenso de la actividad corporal y el menor consumo de alimentos.<\/p>\n<p>En cuento a la infraestructura (ver \u0093Ventilador&#8230;\u0094 ), los productores deben preguntarse si cuentan con la suficiente sombra para sus animales (ya sea natural o artificial). En los potreros y lugares de encierre deber\u00eda ser de 3,5 metros cuadrados por animal. El consumo de agua tambi\u00e9n debe planificarse con cuidado. Una vaca adulta necesita 120 litros de agua por d\u00eda en verano y un buen acceso a las aguadas.<\/p>\n<p>En cuanto a la nutrici\u00f3n, hay que adaptar la raci\u00f3n disminuyendo los alimentos fibrosos e incrementando los concentrados en energ\u00eda (dieta fr\u00eda). Y se deben evitar desplazamientos excesivos del rodeo bajo el rayo del sol.<\/p>\n<p><i>Ventilador, antes del orde\u00f1e<\/i><br \/>Para mitigar las consecuencias del estr\u00e9s por calor en el tambo, los t\u00e9cnicos del INTA Rafaela dicen que es imprescindible invertir en sombras para corrales de espera, de encierre y potreros. Como medida adicional, es una buena idea llevar las vacas al corral de espera de la instalaci\u00f3n de orde\u00f1e entre las 11 y 12. All\u00ed, es necesario contar con un sistema de ventilaci\u00f3n y aspersi\u00f3n. \u0093Si esto no es posible hay que mojar las vacas encerradas en el corral de espera durante 20\/30 minutos utilizando la manguera de lavado de pisos\u0094, recomiendan. Luego, hay que llevarlas a un lugar con alimento, sombra y agua.<\/p>\n<p>Los t\u00e9cnicos insisten en que es fundamental realizar las inversiones necesarias para garantizar a los animales el acceso a agua fresca, de calidad y en cantidad Estudios realizados por el INTA, demuestran que las inversiones y pautas de manejo aconsejadas tienen un corto per\u00edodo de repago.<\/p>\n<p>Los montos de dinero a comprometer para limitar los problemas de estr\u00e9s cal\u00f3rico son reducidos en comparaci\u00f3n con los montos de facturaci\u00f3n de un tambo, independientemente de su tama\u00f1o.<\/p>\n<p>Fuente: Clar\u00edn, suple rural, 18 de enero.<br \/><\/p>","protected":false},"excerpt":{"rendered":"<p>El calor puede bajar la producci\u00f3n de leche. S\u00f3lo el 20% de los tambos cuenta con la infraestructura necesaria para mitigarlo, seg\u00fan el INTA. La agobiante ola de calor que termin\u00f3 en los primeros d\u00edas de enero fue la m\u00e1s importante de los \u00faltimos 100 a\u00f1os, seg\u00fan el Servicio Meteorol\u00f3gico Nacional, y la m\u00e1s severa que enfrent\u00f3 la cuenca lechera de Santa Fe y C\u00f3rdoba, en donde los vacas pasaron 22 d\u00edas bajo condiciones de estr\u00e9s t\u00e9rmico. Un grupo de t\u00e9cnicos del INTA Rafaela analiz\u00f3 los indicadores de este primer tramo del verano y concluy\u00f3 que el \u00edndice de temperatura y humedad (ITH), en promedio, fue de 76,9 puntos durante los 22 d\u00edas de calor extremo. Estuvo casi cinco puntos arriba del valor l\u00edmite que establece estr\u00e9s t\u00e9rmico en los animales (72 ITH) y con el agravante de que se registraron picos muy elevados de 87,9 ITH en la cuenca lechera central, en los \u00faltimos d\u00edas de 2013. El problema es que la mayor\u00eda de los tambos todav\u00eda no est\u00e1n lo suficientemente preparados para enfrentar el calor. Por eso se pierden unos 300 millones de pesos cada verano por la dr\u00e1stica ca\u00edda en el ritmo del orde\u00f1e, seg\u00fan estimaciones del [&hellip;]<\/p>\n","protected":false},"author":2,"featured_media":2383,"comment_status":"closed","ping_status":"open","sticky":false,"template":"","format":"standard","meta":{"_acf_changed":false,"footnotes":""},"categories":[56],"tags":[],"class_list":["post-5897","post","type-post","status-publish","format-standard","has-post-thumbnail","hentry","category-infoganadero"],"acf":[],"yoast_head":"<!-- This site is optimized with the Yoast SEO plugin v27.4 - https:\/\/yoast.com\/product\/yoast-seo-wordpress\/ -->\n<title>En el tambo, ducha fr\u00eda y m\u00e1s sombra. | Proagro<\/title>\n<meta name=\"robots\" content=\"index, follow, max-snippet:-1, max-image-preview:large, max-video-preview:-1\" \/>\n<link rel=\"canonical\" href=\"https:\/\/proagrolab.com.ar\/en\/en-el-tambo-ducha-fria-y-mas-sombra\/\" \/>\n<meta property=\"og:locale\" content=\"en_US\" \/>\n<meta property=\"og:type\" content=\"article\" \/>\n<meta property=\"og:title\" content=\"En el tambo, ducha fr\u00eda y m\u00e1s sombra. | Proagro\" \/>\n<meta property=\"og:description\" content=\"El calor puede bajar la producci\u00f3n de leche. S\u00f3lo el 20% de los tambos cuenta con la infraestructura necesaria para mitigarlo, seg\u00fan el INTA. La agobiante ola de calor que termin\u00f3 en los primeros d\u00edas de enero fue la m\u00e1s importante de los \u00faltimos 100 a\u00f1os, seg\u00fan el Servicio Meteorol\u00f3gico Nacional, y la m\u00e1s severa que enfrent\u00f3 la cuenca lechera de Santa Fe y C\u00f3rdoba, en donde los vacas pasaron 22 d\u00edas bajo condiciones de estr\u00e9s t\u00e9rmico. Un grupo de t\u00e9cnicos del INTA Rafaela analiz\u00f3 los indicadores de este primer tramo del verano y concluy\u00f3 que el \u00edndice de temperatura y humedad (ITH), en promedio, fue de 76,9 puntos durante los 22 d\u00edas de calor extremo. Estuvo casi cinco puntos arriba del valor l\u00edmite que establece estr\u00e9s t\u00e9rmico en los animales (72 ITH) y con el agravante de que se registraron picos muy elevados de 87,9 ITH en la cuenca lechera central, en los \u00faltimos d\u00edas de 2013. El problema es que la mayor\u00eda de los tambos todav\u00eda no est\u00e1n lo suficientemente preparados para enfrentar el calor. Por eso se pierden unos 300 millones de pesos cada verano por la dr\u00e1stica ca\u00edda en el ritmo del orde\u00f1e, seg\u00fan estimaciones del [&hellip;]\" \/>\n<meta property=\"og:url\" content=\"https:\/\/proagrolab.com.ar\/en-el-tambo-ducha-fria-y-mas-sombra\/\" \/>\n<meta property=\"og:site_name\" content=\"Proagro\" \/>\n<meta property=\"article:publisher\" content=\"http:\/\/www.facebook.com\/proagrolab\" \/>\n<meta property=\"article:published_time\" content=\"2014-01-20T00:00:01+00:00\" \/>\n<meta property=\"og:image\" content=\"https:\/\/proagrolab.com.ar\/wp-content\/uploads\/2015\/01\/g_dw0epfnee__Lecheras-34.jpg\" \/>\n\t<meta property=\"og:image:width\" content=\"450\" \/>\n\t<meta property=\"og:image:height\" content=\"208\" \/>\n\t<meta property=\"og:image:type\" content=\"image\/jpeg\" \/>\n<meta name=\"author\" content=\"proagrolab\" \/>\n<meta name=\"twitter:card\" content=\"summary_large_image\" \/>\n<meta name=\"twitter:label1\" content=\"Written by\" \/>\n\t<meta name=\"twitter:data1\" content=\"proagrolab\" \/>\n\t<meta name=\"twitter:label2\" content=\"Est. reading time\" \/>\n\t<meta name=\"twitter:data2\" content=\"4 minutes\" \/>\n<script type=\"application\/ld+json\" class=\"yoast-schema-graph\">{\"@context\":\"https:\\\/\\\/schema.org\",\"@graph\":[{\"@type\":\"Article\",\"@id\":\"https:\\\/\\\/proagrolab.com.ar\\\/en-el-tambo-ducha-fria-y-mas-sombra\\\/#article\",\"isPartOf\":{\"@id\":\"https:\\\/\\\/proagrolab.com.ar\\\/en-el-tambo-ducha-fria-y-mas-sombra\\\/\"},\"author\":{\"name\":\"proagrolab\",\"@id\":\"https:\\\/\\\/proagrolab.com.ar\\\/#\\\/schema\\\/person\\\/38003ff90bf80381f71c7d922d207444\"},\"headline\":\"En el tambo, ducha fr\u00eda y m\u00e1s sombra.\",\"datePublished\":\"2014-01-20T00:00:01+00:00\",\"mainEntityOfPage\":{\"@id\":\"https:\\\/\\\/proagrolab.com.ar\\\/en-el-tambo-ducha-fria-y-mas-sombra\\\/\"},\"wordCount\":851,\"publisher\":{\"@id\":\"https:\\\/\\\/proagrolab.com.ar\\\/#organization\"},\"image\":{\"@id\":\"https:\\\/\\\/proagrolab.com.ar\\\/en-el-tambo-ducha-fria-y-mas-sombra\\\/#primaryimage\"},\"thumbnailUrl\":\"https:\\\/\\\/proagrolab.com.ar\\\/wp-content\\\/uploads\\\/2015\\\/01\\\/g_dw0epfnee__Lecheras-34.jpg\",\"articleSection\":[\"News\"],\"inLanguage\":\"en-US\"},{\"@type\":\"WebPage\",\"@id\":\"https:\\\/\\\/proagrolab.com.ar\\\/en-el-tambo-ducha-fria-y-mas-sombra\\\/\",\"url\":\"https:\\\/\\\/proagrolab.com.ar\\\/en-el-tambo-ducha-fria-y-mas-sombra\\\/\",\"name\":\"En el tambo, ducha fr\u00eda y m\u00e1s sombra. | Proagro\",\"isPartOf\":{\"@id\":\"https:\\\/\\\/proagrolab.com.ar\\\/#website\"},\"primaryImageOfPage\":{\"@id\":\"https:\\\/\\\/proagrolab.com.ar\\\/en-el-tambo-ducha-fria-y-mas-sombra\\\/#primaryimage\"},\"image\":{\"@id\":\"https:\\\/\\\/proagrolab.com.ar\\\/en-el-tambo-ducha-fria-y-mas-sombra\\\/#primaryimage\"},\"thumbnailUrl\":\"https:\\\/\\\/proagrolab.com.ar\\\/wp-content\\\/uploads\\\/2015\\\/01\\\/g_dw0epfnee__Lecheras-34.jpg\",\"datePublished\":\"2014-01-20T00:00:01+00:00\",\"breadcrumb\":{\"@id\":\"https:\\\/\\\/proagrolab.com.ar\\\/en-el-tambo-ducha-fria-y-mas-sombra\\\/#breadcrumb\"},\"inLanguage\":\"en-US\",\"potentialAction\":[{\"@type\":\"ReadAction\",\"target\":[\"https:\\\/\\\/proagrolab.com.ar\\\/en-el-tambo-ducha-fria-y-mas-sombra\\\/\"]}]},{\"@type\":\"ImageObject\",\"inLanguage\":\"en-US\",\"@id\":\"https:\\\/\\\/proagrolab.com.ar\\\/en-el-tambo-ducha-fria-y-mas-sombra\\\/#primaryimage\",\"url\":\"https:\\\/\\\/proagrolab.com.ar\\\/wp-content\\\/uploads\\\/2015\\\/01\\\/g_dw0epfnee__Lecheras-34.jpg\",\"contentUrl\":\"https:\\\/\\\/proagrolab.com.ar\\\/wp-content\\\/uploads\\\/2015\\\/01\\\/g_dw0epfnee__Lecheras-34.jpg\",\"width\":450,\"height\":208},{\"@type\":\"BreadcrumbList\",\"@id\":\"https:\\\/\\\/proagrolab.com.ar\\\/en-el-tambo-ducha-fria-y-mas-sombra\\\/#breadcrumb\",\"itemListElement\":[{\"@type\":\"ListItem\",\"position\":1,\"name\":\"Portada\",\"item\":\"https:\\\/\\\/proagrolab.com.ar\\\/\"},{\"@type\":\"ListItem\",\"position\":2,\"name\":\"En el tambo, ducha fr\u00eda y m\u00e1s sombra.\"}]},{\"@type\":\"WebSite\",\"@id\":\"https:\\\/\\\/proagrolab.com.ar\\\/#website\",\"url\":\"https:\\\/\\\/proagrolab.com.ar\\\/\",\"name\":\"Proagro Laboratorio Veterinario\",\"description\":\"Veterinary laboratory\",\"publisher\":{\"@id\":\"https:\\\/\\\/proagrolab.com.ar\\\/#organization\"},\"potentialAction\":[{\"@type\":\"SearchAction\",\"target\":{\"@type\":\"EntryPoint\",\"urlTemplate\":\"https:\\\/\\\/proagrolab.com.ar\\\/?s={search_term_string}\"},\"query-input\":{\"@type\":\"PropertyValueSpecification\",\"valueRequired\":true,\"valueName\":\"search_term_string\"}}],\"inLanguage\":\"en-US\"},{\"@type\":\"Organization\",\"@id\":\"https:\\\/\\\/proagrolab.com.ar\\\/#organization\",\"name\":\"Proagro\",\"url\":\"https:\\\/\\\/proagrolab.com.ar\\\/\",\"logo\":{\"@type\":\"ImageObject\",\"inLanguage\":\"en-US\",\"@id\":\"https:\\\/\\\/proagrolab.com.ar\\\/#\\\/schema\\\/logo\\\/image\\\/\",\"url\":\"https:\\\/\\\/proagrolab.com.ar\\\/wp-content\\\/uploads\\\/2020\\\/04\\\/logo-retina.png\",\"contentUrl\":\"https:\\\/\\\/proagrolab.com.ar\\\/wp-content\\\/uploads\\\/2020\\\/04\\\/logo-retina.png\",\"width\":478,\"height\":120,\"caption\":\"Proagro\"},\"image\":{\"@id\":\"https:\\\/\\\/proagrolab.com.ar\\\/#\\\/schema\\\/logo\\\/image\\\/\"},\"sameAs\":[\"http:\\\/\\\/www.facebook.com\\\/proagrolab\",\"https:\\\/\\\/www.instagram.com\\\/proagrolab\\\/\",\"https:\\\/\\\/www.linkedin.com\\\/company\\\/laboratorio-proagro-s-a\\\/\"]},{\"@type\":\"Person\",\"@id\":\"https:\\\/\\\/proagrolab.com.ar\\\/#\\\/schema\\\/person\\\/38003ff90bf80381f71c7d922d207444\",\"name\":\"proagrolab\"}]}<\/script>\n<!-- \/ Yoast SEO plugin. -->","yoast_head_json":{"title":"En el tambo, ducha fr\u00eda y m\u00e1s sombra. | Proagro","robots":{"index":"index","follow":"follow","max-snippet":"max-snippet:-1","max-image-preview":"max-image-preview:large","max-video-preview":"max-video-preview:-1"},"canonical":"https:\/\/proagrolab.com.ar\/en\/en-el-tambo-ducha-fria-y-mas-sombra\/","og_locale":"en_US","og_type":"article","og_title":"En el tambo, ducha fr\u00eda y m\u00e1s sombra. | Proagro","og_description":"El calor puede bajar la producci\u00f3n de leche. S\u00f3lo el 20% de los tambos cuenta con la infraestructura necesaria para mitigarlo, seg\u00fan el INTA. La agobiante ola de calor que termin\u00f3 en los primeros d\u00edas de enero fue la m\u00e1s importante de los \u00faltimos 100 a\u00f1os, seg\u00fan el Servicio Meteorol\u00f3gico Nacional, y la m\u00e1s severa que enfrent\u00f3 la cuenca lechera de Santa Fe y C\u00f3rdoba, en donde los vacas pasaron 22 d\u00edas bajo condiciones de estr\u00e9s t\u00e9rmico. Un grupo de t\u00e9cnicos del INTA Rafaela analiz\u00f3 los indicadores de este primer tramo del verano y concluy\u00f3 que el \u00edndice de temperatura y humedad (ITH), en promedio, fue de 76,9 puntos durante los 22 d\u00edas de calor extremo. Estuvo casi cinco puntos arriba del valor l\u00edmite que establece estr\u00e9s t\u00e9rmico en los animales (72 ITH) y con el agravante de que se registraron picos muy elevados de 87,9 ITH en la cuenca lechera central, en los \u00faltimos d\u00edas de 2013. El problema es que la mayor\u00eda de los tambos todav\u00eda no est\u00e1n lo suficientemente preparados para enfrentar el calor. Por eso se pierden unos 300 millones de pesos cada verano por la dr\u00e1stica ca\u00edda en el ritmo del orde\u00f1e, seg\u00fan estimaciones del [&hellip;]","og_url":"https:\/\/proagrolab.com.ar\/en-el-tambo-ducha-fria-y-mas-sombra\/","og_site_name":"Proagro","article_publisher":"http:\/\/www.facebook.com\/proagrolab","article_published_time":"2014-01-20T00:00:01+00:00","og_image":[{"width":450,"height":208,"url":"https:\/\/proagrolab.com.ar\/wp-content\/uploads\/2015\/01\/g_dw0epfnee__Lecheras-34.jpg","type":"image\/jpeg"}],"author":"proagrolab","twitter_card":"summary_large_image","twitter_misc":{"Written by":"proagrolab","Est. reading time":"4 minutes"},"schema":{"@context":"https:\/\/schema.org","@graph":[{"@type":"Article","@id":"https:\/\/proagrolab.com.ar\/en-el-tambo-ducha-fria-y-mas-sombra\/#article","isPartOf":{"@id":"https:\/\/proagrolab.com.ar\/en-el-tambo-ducha-fria-y-mas-sombra\/"},"author":{"name":"proagrolab","@id":"https:\/\/proagrolab.com.ar\/#\/schema\/person\/38003ff90bf80381f71c7d922d207444"},"headline":"En el tambo, ducha fr\u00eda y m\u00e1s sombra.","datePublished":"2014-01-20T00:00:01+00:00","mainEntityOfPage":{"@id":"https:\/\/proagrolab.com.ar\/en-el-tambo-ducha-fria-y-mas-sombra\/"},"wordCount":851,"publisher":{"@id":"https:\/\/proagrolab.com.ar\/#organization"},"image":{"@id":"https:\/\/proagrolab.com.ar\/en-el-tambo-ducha-fria-y-mas-sombra\/#primaryimage"},"thumbnailUrl":"https:\/\/proagrolab.com.ar\/wp-content\/uploads\/2015\/01\/g_dw0epfnee__Lecheras-34.jpg","articleSection":["News"],"inLanguage":"en-US"},{"@type":"WebPage","@id":"https:\/\/proagrolab.com.ar\/en-el-tambo-ducha-fria-y-mas-sombra\/","url":"https:\/\/proagrolab.com.ar\/en-el-tambo-ducha-fria-y-mas-sombra\/","name":"En el tambo, ducha fr\u00eda y m\u00e1s sombra. | Proagro","isPartOf":{"@id":"https:\/\/proagrolab.com.ar\/#website"},"primaryImageOfPage":{"@id":"https:\/\/proagrolab.com.ar\/en-el-tambo-ducha-fria-y-mas-sombra\/#primaryimage"},"image":{"@id":"https:\/\/proagrolab.com.ar\/en-el-tambo-ducha-fria-y-mas-sombra\/#primaryimage"},"thumbnailUrl":"https:\/\/proagrolab.com.ar\/wp-content\/uploads\/2015\/01\/g_dw0epfnee__Lecheras-34.jpg","datePublished":"2014-01-20T00:00:01+00:00","breadcrumb":{"@id":"https:\/\/proagrolab.com.ar\/en-el-tambo-ducha-fria-y-mas-sombra\/#breadcrumb"},"inLanguage":"en-US","potentialAction":[{"@type":"ReadAction","target":["https:\/\/proagrolab.com.ar\/en-el-tambo-ducha-fria-y-mas-sombra\/"]}]},{"@type":"ImageObject","inLanguage":"en-US","@id":"https:\/\/proagrolab.com.ar\/en-el-tambo-ducha-fria-y-mas-sombra\/#primaryimage","url":"https:\/\/proagrolab.com.ar\/wp-content\/uploads\/2015\/01\/g_dw0epfnee__Lecheras-34.jpg","contentUrl":"https:\/\/proagrolab.com.ar\/wp-content\/uploads\/2015\/01\/g_dw0epfnee__Lecheras-34.jpg","width":450,"height":208},{"@type":"BreadcrumbList","@id":"https:\/\/proagrolab.com.ar\/en-el-tambo-ducha-fria-y-mas-sombra\/#breadcrumb","itemListElement":[{"@type":"ListItem","position":1,"name":"Portada","item":"https:\/\/proagrolab.com.ar\/"},{"@type":"ListItem","position":2,"name":"En el tambo, ducha fr\u00eda y m\u00e1s sombra."}]},{"@type":"WebSite","@id":"https:\/\/proagrolab.com.ar\/#website","url":"https:\/\/proagrolab.com.ar\/","name":"Proagro Laboratorio Veterinario","description":"Veterinary laboratory","publisher":{"@id":"https:\/\/proagrolab.com.ar\/#organization"},"potentialAction":[{"@type":"SearchAction","target":{"@type":"EntryPoint","urlTemplate":"https:\/\/proagrolab.com.ar\/?s={search_term_string}"},"query-input":{"@type":"PropertyValueSpecification","valueRequired":true,"valueName":"search_term_string"}}],"inLanguage":"en-US"},{"@type":"Organization","@id":"https:\/\/proagrolab.com.ar\/#organization","name":"Proagro","url":"https:\/\/proagrolab.com.ar\/","logo":{"@type":"ImageObject","inLanguage":"en-US","@id":"https:\/\/proagrolab.com.ar\/#\/schema\/logo\/image\/","url":"https:\/\/proagrolab.com.ar\/wp-content\/uploads\/2020\/04\/logo-retina.png","contentUrl":"https:\/\/proagrolab.com.ar\/wp-content\/uploads\/2020\/04\/logo-retina.png","width":478,"height":120,"caption":"Proagro"},"image":{"@id":"https:\/\/proagrolab.com.ar\/#\/schema\/logo\/image\/"},"sameAs":["http:\/\/www.facebook.com\/proagrolab","https:\/\/www.instagram.com\/proagrolab\/","https:\/\/www.linkedin.com\/company\/laboratorio-proagro-s-a\/"]},{"@type":"Person","@id":"https:\/\/proagrolab.com.ar\/#\/schema\/person\/38003ff90bf80381f71c7d922d207444","name":"proagrolab"}]}},"_links":{"self":[{"href":"https:\/\/proagrolab.com.ar\/en\/wp-json\/wp\/v2\/posts\/5897","targetHints":{"allow":["GET"]}}],"collection":[{"href":"https:\/\/proagrolab.com.ar\/en\/wp-json\/wp\/v2\/posts"}],"about":[{"href":"https:\/\/proagrolab.com.ar\/en\/wp-json\/wp\/v2\/types\/post"}],"author":[{"embeddable":true,"href":"https:\/\/proagrolab.com.ar\/en\/wp-json\/wp\/v2\/users\/2"}],"replies":[{"embeddable":true,"href":"https:\/\/proagrolab.com.ar\/en\/wp-json\/wp\/v2\/comments?post=5897"}],"version-history":[{"count":0,"href":"https:\/\/proagrolab.com.ar\/en\/wp-json\/wp\/v2\/posts\/5897\/revisions"}],"wp:featuredmedia":[{"embeddable":true,"href":"https:\/\/proagrolab.com.ar\/en\/wp-json\/wp\/v2\/media\/2383"}],"wp:attachment":[{"href":"https:\/\/proagrolab.com.ar\/en\/wp-json\/wp\/v2\/media?parent=5897"}],"wp:term":[{"taxonomy":"category","embeddable":true,"href":"https:\/\/proagrolab.com.ar\/en\/wp-json\/wp\/v2\/categories?post=5897"},{"taxonomy":"post_tag","embeddable":true,"href":"https:\/\/proagrolab.com.ar\/en\/wp-json\/wp\/v2\/tags?post=5897"}],"curies":[{"name":"wp","href":"https:\/\/api.w.org\/{rel}","templated":true}]}}